{"id":51071,"date":"2017-04-07T15:54:19","date_gmt":"2017-04-07T18:54:19","guid":{"rendered":"http:\/\/www.fraterinternacional.org\/?p=51071\/"},"modified":"2017-04-07T15:56:38","modified_gmt":"2017-04-07T18:56:38","slug":"nucleo-luz-sagrado-cielo-belo-horizonte-realiza-reunion-trimestral","status":"publish","type":"post","link":"https:\/\/www.fraterinternacional.org\/es\/nucleo-luz-sagrado-cielo-belo-horizonte-realiza-reunion-trimestral\/","title":{"rendered":"N\u00facleo-Luz Sagrado Cielo en Belo Horizonte realiza reuni\u00f3n trimestral"},"content":{"rendered":"<p class=\"p1\" style=\"text-align: justify;\"><a href=\"http:\/\/www.fraterinternacional.org\/wp-content\/uploads\/2017\/04\/servico_nucleo_sagrado_ceu_encontro_abril_1.jpg\"><img decoding=\"async\" class=\"alignleft size-medium wp-image-50859\" src=\"http:\/\/www.fraterinternacional.org\/wp-content\/uploads\/2017\/04\/servico_nucleo_sagrado_ceu_encontro_abril_1-300x169.jpg\" alt=\"\" width=\"300\" height=\"169\" srcset=\"https:\/\/www.fraterinternacional.org\/wp-content\/uploads\/2017\/04\/servico_nucleo_sagrado_ceu_encontro_abril_1-200x112.jpg 200w, https:\/\/www.fraterinternacional.org\/wp-content\/uploads\/2017\/04\/servico_nucleo_sagrado_ceu_encontro_abril_1-300x169.jpg 300w, https:\/\/www.fraterinternacional.org\/wp-content\/uploads\/2017\/04\/servico_nucleo_sagrado_ceu_encontro_abril_1-400x225.jpg 400w, https:\/\/www.fraterinternacional.org\/wp-content\/uploads\/2017\/04\/servico_nucleo_sagrado_ceu_encontro_abril_1-600x337.jpg 600w, https:\/\/www.fraterinternacional.org\/wp-content\/uploads\/2017\/04\/servico_nucleo_sagrado_ceu_encontro_abril_1.jpg 690w\" sizes=\"(max-width: 300px) 100vw, 300px\" \/><\/a><\/p>\n<p class=\"p2\" style=\"text-align: justify;\">El s\u00e1bado, 1.\u00ba de abril, tuvo lugar la<span class=\"Apple-converted-space\">\u00a0 <\/span>reuni\u00f3n trimestral del <a href=\"http:\/\/www.fraterinternacional.org\/es\/nucleos-luz\/\">N\u00facleo-Luz<\/a> de Figueira en Belo Horizonte \u2013 Sagrado Cielo. El encuentro, que tuvo como tema \u201cVida Abnegada, Un salto Rumbo al Infinito\u201d, represent\u00f3 la apertura de un nuevo ciclo de expansi\u00f3n de las tareas internas del N\u00facleo, teniendo como eje la Consagraci\u00f3n al Servicio. El evento cont\u00f3 con la participaci\u00f3n de 112 colaboradores del N\u00facleo, Coral y Monasterio.<\/p>\n<p class=\"p2\" style=\"text-align: justify;\">La reuni\u00f3n se abri\u00f3 con La presentaci\u00f3n del coral y la escucha de mensajes de <a href=\"http:\/\/www.trigueirinho.org.br\/es\/\">Triguerinho<\/a> y Madre Mar\u00eda Shimani de Montserrat, grabadas especialmente para el encuentro. En seguida, se hizo una r\u00e1pida retrospectiva del ciclo pasado y la actualizaci\u00f3n sobre los proyectos en curso, como el apoyo y la difusi\u00f3n del <a href=\"http:\/\/www.fraterinternacional.org\/es\/centros-marianos\/\">Centro Mariano<\/a> de Figueira, la consagraci\u00f3n de colaboradores que integrar\u00e1n la 4.\u00aa Rama de la <a href=\"http:\/\/www.fraterinternacional.org\/es\/orden-gracia-misericordia\/\">Orden Gracia Misericordia<\/a>, el inicio de trabajo de los guardianes y las pr\u00f3ximas actividades.<\/p>\n<p class=\"p1\" style=\"text-align: justify;\"><a href=\"http:\/\/www.fraterinternacional.org\/wp-content\/uploads\/2017\/04\/servico_nucleo_sagrado_ceu_encontro_abril_2.jpg\"><img decoding=\"async\" class=\"alignright wp-image-50862 size-medium\" src=\"http:\/\/www.fraterinternacional.org\/wp-content\/uploads\/2017\/04\/servico_nucleo_sagrado_ceu_encontro_abril_2-300x169.jpg\" alt=\"\" width=\"300\" height=\"169\" srcset=\"https:\/\/www.fraterinternacional.org\/wp-content\/uploads\/2017\/04\/servico_nucleo_sagrado_ceu_encontro_abril_2-200x112.jpg 200w, https:\/\/www.fraterinternacional.org\/wp-content\/uploads\/2017\/04\/servico_nucleo_sagrado_ceu_encontro_abril_2-300x169.jpg 300w, https:\/\/www.fraterinternacional.org\/wp-content\/uploads\/2017\/04\/servico_nucleo_sagrado_ceu_encontro_abril_2-400x225.jpg 400w, https:\/\/www.fraterinternacional.org\/wp-content\/uploads\/2017\/04\/servico_nucleo_sagrado_ceu_encontro_abril_2-600x337.jpg 600w, https:\/\/www.fraterinternacional.org\/wp-content\/uploads\/2017\/04\/servico_nucleo_sagrado_ceu_encontro_abril_2.jpg 690w\" sizes=\"(max-width: 300px) 100vw, 300px\" \/><\/a><\/p>\n<p class=\"p1\" style=\"text-align: justify;\">Las transformaciones por las cuales el N\u00facleo-Luz pas\u00f3 en estos \u00faltimos a\u00f1os fueron acompa\u00f1adas por antiguos colaboradores. Es el caso de Gianni, que comenz\u00f3 a participar de las actividades del N\u00facleo-Luz ya en la d\u00e9cada de los ochenta: \u201cCuando estoy aqu\u00ed me siento entera, \u00edntegra, como si todos mis cuerpos estuvieran unidos. Es como si estuviese reencontrando mi alma, aqu\u00ed y en Figueira, y aqu\u00ed para m\u00ed es el Cielo\u201d.<\/p>\n<p class=\"p1\" style=\"text-align: justify;\">Lourdes Pazzini tambi\u00e9n frecuenta el N\u00facleo-Luz hace 30 a\u00f1os, y coment\u00f3 sobre lo que siente al estar en el N\u00facleo: \u201c\u00a1tengo que entrar aqu\u00ed de rodillas en agradecimiento a la vida y al trabajo! Afirm\u00f3.<\/p>\n<p class=\"p1\" style=\"text-align: justify;\"><a href=\"http:\/\/www.fraterinternacional.org\/wp-content\/uploads\/2017\/04\/servico_nucleo_sagrado_ceu_encontro_abril_2.jpg\"><img decoding=\"async\" class=\"alignleft size-medium wp-image-50862\" src=\"http:\/\/www.fraterinternacional.org\/wp-content\/uploads\/2017\/04\/servico_nucleo_sagrado_ceu_encontro_abril_2-300x169.jpg\" alt=\"\" width=\"300\" height=\"169\" srcset=\"https:\/\/www.fraterinternacional.org\/wp-content\/uploads\/2017\/04\/servico_nucleo_sagrado_ceu_encontro_abril_2-200x112.jpg 200w, https:\/\/www.fraterinternacional.org\/wp-content\/uploads\/2017\/04\/servico_nucleo_sagrado_ceu_encontro_abril_2-300x169.jpg 300w, https:\/\/www.fraterinternacional.org\/wp-content\/uploads\/2017\/04\/servico_nucleo_sagrado_ceu_encontro_abril_2-400x225.jpg 400w, https:\/\/www.fraterinternacional.org\/wp-content\/uploads\/2017\/04\/servico_nucleo_sagrado_ceu_encontro_abril_2-600x337.jpg 600w, https:\/\/www.fraterinternacional.org\/wp-content\/uploads\/2017\/04\/servico_nucleo_sagrado_ceu_encontro_abril_2.jpg 690w\" sizes=\"(max-width: 300px) 100vw, 300px\" \/><\/a><\/p>\n<p class=\"p1\" style=\"text-align: justify;\">Al final de la reuni\u00f3n se hizo la Comuni\u00f3n Ecum\u00e9nica, seguida de una Procesi\u00f3n en las \u00e1reas internas del N\u00facleo con la participaci\u00f3n de todos, llevando al frente a la imagen de Nuestra Se\u00f1ora del Rosario. Un folleto con la Oraci\u00f3n al Sagrado Cielo y una medallita de Nuestra Se\u00f1ora de las Gracias que fueron ofrecidos a todos los presentes como s\u00edmbolo de renovaci\u00f3n de los votos de Servicio.<\/p>\n<p class=\"p1\" style=\"text-align: justify;\">\u201cEs tan profundo que no tengo ni palabras: Es como si estuviese en otro espacio, porque desde el principio todo se hizo con mucho amor\u201d, dijo Ercilia Vasconcelos, colaboradora del N\u00facleo-Luz<\/p>\n","protected":false},"excerpt":{"rendered":"<p>El s\u00e1bado, 1.\u00ba de abril, tuvo lugar la\u00a0 reuni\u00f3n trimestral del N\u00facleo-Luz de Figueira en Belo Horizonte \u2013 Sagrado Cielo. [&hellip;]<\/p>\n","protected":false},"author":11,"featured_media":50859,"comment_status":"closed","ping_status":"closed","sticky":false,"template":"","format":"standard","meta":{"footnotes":""},"categories":[173],"tags":[98],"class_list":["post-51071","post","type-post","status-publish","format-standard","has-post-thumbnail","hentry","category-noticia","tag-nucleos-luz-es"],"yoast_head":"<!-- This site is optimized with the Yoast SEO Premium plugin v21.0 (Yoast SEO v21.0) - https:\/\/yoast.com\/wordpress\/plugins\/seo\/ -->\n<title>N\u00facleo-Luz Sagrado Cielo en Belo Horizonte realiza reuni\u00f3n trimestral<\/title>\n<meta name=\"description\" content=\"Evento present\u00f3 la apertura de un nuevo ciclo de expansi\u00f3n de las tareas, teniendo como eje la Consagraci\u00f3n al Servicio.\" \/>\n<meta name=\"robots\" content=\"index, follow, max-snippet:-1, max-image-preview:large, max-video-preview:-1\" \/>\n<link rel=\"canonical\" href=\"https:\/\/www.fraterinternacional.org\/es\/nucleo-luz-sagrado-cielo-belo-horizonte-realiza-reunion-trimestral\/\" \/>\n<meta property=\"og:locale\" content=\"es_ES\" \/>\n<meta property=\"og:type\" content=\"article\" \/>\n<meta property=\"og:title\" content=\"N\u00facleo-Luz Sagrado Cielo en Belo Horizonte realiza reuni\u00f3n trimestral\" \/>\n<meta property=\"og:description\" content=\"Evento present\u00f3 la apertura de un nuevo ciclo de expansi\u00f3n de las tareas, teniendo como eje la Consagraci\u00f3n al Servicio.\" \/>\n<meta property=\"og:url\" content=\"https:\/\/www.fraterinternacional.org\/es\/nucleo-luz-sagrado-cielo-belo-horizonte-realiza-reunion-trimestral\/\" \/>\n<meta property=\"og:site_name\" content=\"Fraternidade - Federa\u00e7\u00e3o Humanit\u00e1ria Internacional\" \/>\n<meta property=\"article:publisher\" content=\"https:\/\/www.facebook.com\/fraternidadehumanitaria\" \/>\n<meta property=\"article:published_time\" content=\"2017-04-07T18:54:19+00:00\" \/>\n<meta property=\"article:modified_time\" content=\"2017-04-07T18:56:38+00:00\" \/>\n<meta property=\"og:image\" content=\"http:\/\/www.fraterinternacional.org\/wp-content\/uploads\/2017\/04\/servico_nucleo_sagrado_ceu_encontro_abril_1.jpg\" \/>\n<meta name=\"author\" content=\"Nelson Frater\" \/>\n<meta name=\"twitter:card\" content=\"summary_large_image\" \/>\n<meta name=\"twitter:title\" content=\"N\u00facleo-Luz Sagrado Cielo en Belo Horizonte realiza reuni\u00f3n trimestral\" \/>\n<meta name=\"twitter:creator\" content=\"@fraternidadeFHI\" \/>\n<meta name=\"twitter:site\" content=\"@fraternidadeFHI\" \/>\n<meta name=\"twitter:label1\" content=\"Escrito por\" \/>\n\t<meta name=\"twitter:data1\" content=\"Nelson Frater\" \/>\n\t<meta name=\"twitter:label2\" content=\"Tiempo de lectura\" \/>\n\t<meta name=\"twitter:data2\" content=\"2 minutos\" \/>\n<script type=\"application\/ld+json\" class=\"yoast-schema-graph\">{\"@context\":\"https:\/\/schema.org\",\"@graph\":[{\"@type\":\"WebPage\",\"@id\":\"https:\/\/www.fraterinternacional.org\/es\/nucleo-luz-sagrado-cielo-belo-horizonte-realiza-reunion-trimestral\/\",\"url\":\"https:\/\/www.fraterinternacional.org\/es\/nucleo-luz-sagrado-cielo-belo-horizonte-realiza-reunion-trimestral\/\",\"name\":\"N\u00facleo-Luz Sagrado Cielo en Belo Horizonte realiza reuni\u00f3n trimestral\",\"isPartOf\":{\"@id\":\"https:\/\/www.fraterinternacional.org\/es\/#website\"},\"datePublished\":\"2017-04-07T18:54:19+00:00\",\"dateModified\":\"2017-04-07T18:56:38+00:00\",\"author\":{\"@id\":\"https:\/\/www.fraterinternacional.org\/es\/#\/schema\/person\/facd24ae5f7e6b4ee1aeec7ad1b960ae\"},\"description\":\"Evento present\u00f3 la apertura de un nuevo ciclo de expansi\u00f3n de las tareas, teniendo como eje la Consagraci\u00f3n al Servicio.\",\"breadcrumb\":{\"@id\":\"https:\/\/www.fraterinternacional.org\/es\/nucleo-luz-sagrado-cielo-belo-horizonte-realiza-reunion-trimestral\/#breadcrumb\"},\"inLanguage\":\"es\",\"potentialAction\":[{\"@type\":\"ReadAction\",\"target\":[\"https:\/\/www.fraterinternacional.org\/es\/nucleo-luz-sagrado-cielo-belo-horizonte-realiza-reunion-trimestral\/\"]}]},{\"@type\":\"BreadcrumbList\",\"@id\":\"https:\/\/www.fraterinternacional.org\/es\/nucleo-luz-sagrado-cielo-belo-horizonte-realiza-reunion-trimestral\/#breadcrumb\",\"itemListElement\":[{\"@type\":\"ListItem\",\"position\":1,\"name\":\"In\u00edcio\",\"item\":\"https:\/\/www.fraterinternacional.org\/es\/\"},{\"@type\":\"ListItem\",\"position\":2,\"name\":\"N\u00facleo-Luz Sagrado Cielo en Belo Horizonte realiza reuni\u00f3n trimestral\"}]},{\"@type\":\"WebSite\",\"@id\":\"https:\/\/www.fraterinternacional.org\/es\/#website\",\"url\":\"https:\/\/www.fraterinternacional.org\/es\/\",\"name\":\"Fraternidade - Federa\u00e7\u00e3o Humanit\u00e1ria Internacional\",\"description\":\"Fraternidade - Federa\u00e7\u00e3o Humanit\u00e1ria Internacional\",\"potentialAction\":[{\"@type\":\"SearchAction\",\"target\":{\"@type\":\"EntryPoint\",\"urlTemplate\":\"https:\/\/www.fraterinternacional.org\/es\/?s={search_term_string}\"},\"query-input\":\"required name=search_term_string\"}],\"inLanguage\":\"es\"},{\"@type\":\"Person\",\"@id\":\"https:\/\/www.fraterinternacional.org\/es\/#\/schema\/person\/facd24ae5f7e6b4ee1aeec7ad1b960ae\",\"name\":\"Nelson Frater\"}]}<\/script>\n<!-- \/ Yoast SEO Premium plugin. -->","yoast_head_json":{"title":"N\u00facleo-Luz Sagrado Cielo en Belo Horizonte realiza reuni\u00f3n trimestral","description":"Evento present\u00f3 la apertura de un nuevo ciclo de expansi\u00f3n de las tareas, teniendo como eje la Consagraci\u00f3n al Servicio.","robots":{"index":"index","follow":"follow","max-snippet":"max-snippet:-1","max-image-preview":"max-image-preview:large","max-video-preview":"max-video-preview:-1"},"canonical":"https:\/\/www.fraterinternacional.org\/es\/nucleo-luz-sagrado-cielo-belo-horizonte-realiza-reunion-trimestral\/","og_locale":"es_ES","og_type":"article","og_title":"N\u00facleo-Luz Sagrado Cielo en Belo Horizonte realiza reuni\u00f3n trimestral","og_description":"Evento present\u00f3 la apertura de un nuevo ciclo de expansi\u00f3n de las tareas, teniendo como eje la Consagraci\u00f3n al Servicio.","og_url":"https:\/\/www.fraterinternacional.org\/es\/nucleo-luz-sagrado-cielo-belo-horizonte-realiza-reunion-trimestral\/","og_site_name":"Fraternidade - Federa\u00e7\u00e3o Humanit\u00e1ria Internacional","article_publisher":"https:\/\/www.facebook.com\/fraternidadehumanitaria","article_published_time":"2017-04-07T18:54:19+00:00","article_modified_time":"2017-04-07T18:56:38+00:00","og_image":[{"url":"http:\/\/www.fraterinternacional.org\/wp-content\/uploads\/2017\/04\/servico_nucleo_sagrado_ceu_encontro_abril_1.jpg"}],"author":"Nelson Frater","twitter_card":"summary_large_image","twitter_title":"N\u00facleo-Luz Sagrado Cielo en Belo Horizonte realiza reuni\u00f3n trimestral","twitter_creator":"@fraternidadeFHI","twitter_site":"@fraternidadeFHI","twitter_misc":{"Escrito por":"Nelson Frater","Tiempo de lectura":"2 minutos"},"schema":{"@context":"https:\/\/schema.org","@graph":[{"@type":"WebPage","@id":"https:\/\/www.fraterinternacional.org\/es\/nucleo-luz-sagrado-cielo-belo-horizonte-realiza-reunion-trimestral\/","url":"https:\/\/www.fraterinternacional.org\/es\/nucleo-luz-sagrado-cielo-belo-horizonte-realiza-reunion-trimestral\/","name":"N\u00facleo-Luz Sagrado Cielo en Belo Horizonte realiza reuni\u00f3n trimestral","isPartOf":{"@id":"https:\/\/www.fraterinternacional.org\/es\/#website"},"datePublished":"2017-04-07T18:54:19+00:00","dateModified":"2017-04-07T18:56:38+00:00","author":{"@id":"https:\/\/www.fraterinternacional.org\/es\/#\/schema\/person\/facd24ae5f7e6b4ee1aeec7ad1b960ae"},"description":"Evento present\u00f3 la apertura de un nuevo ciclo de expansi\u00f3n de las tareas, teniendo como eje la Consagraci\u00f3n al Servicio.","breadcrumb":{"@id":"https:\/\/www.fraterinternacional.org\/es\/nucleo-luz-sagrado-cielo-belo-horizonte-realiza-reunion-trimestral\/#breadcrumb"},"inLanguage":"es","potentialAction":[{"@type":"ReadAction","target":["https:\/\/www.fraterinternacional.org\/es\/nucleo-luz-sagrado-cielo-belo-horizonte-realiza-reunion-trimestral\/"]}]},{"@type":"BreadcrumbList","@id":"https:\/\/www.fraterinternacional.org\/es\/nucleo-luz-sagrado-cielo-belo-horizonte-realiza-reunion-trimestral\/#breadcrumb","itemListElement":[{"@type":"ListItem","position":1,"name":"In\u00edcio","item":"https:\/\/www.fraterinternacional.org\/es\/"},{"@type":"ListItem","position":2,"name":"N\u00facleo-Luz Sagrado Cielo en Belo Horizonte realiza reuni\u00f3n trimestral"}]},{"@type":"WebSite","@id":"https:\/\/www.fraterinternacional.org\/es\/#website","url":"https:\/\/www.fraterinternacional.org\/es\/","name":"Fraternidade - Federa\u00e7\u00e3o Humanit\u00e1ria Internacional","description":"Fraternidade - Federa\u00e7\u00e3o Humanit\u00e1ria Internacional","potentialAction":[{"@type":"SearchAction","target":{"@type":"EntryPoint","urlTemplate":"https:\/\/www.fraterinternacional.org\/es\/?s={search_term_string}"},"query-input":"required name=search_term_string"}],"inLanguage":"es"},{"@type":"Person","@id":"https:\/\/www.fraterinternacional.org\/es\/#\/schema\/person\/facd24ae5f7e6b4ee1aeec7ad1b960ae","name":"Nelson Frater"}]}},"_links":{"self":[{"href":"https:\/\/www.fraterinternacional.org\/es\/wp-json\/wp\/v2\/posts\/51071"}],"collection":[{"href":"https:\/\/www.fraterinternacional.org\/es\/wp-json\/wp\/v2\/posts"}],"about":[{"href":"https:\/\/www.fraterinternacional.org\/es\/wp-json\/wp\/v2\/types\/post"}],"author":[{"embeddable":true,"href":"https:\/\/www.fraterinternacional.org\/es\/wp-json\/wp\/v2\/users\/11"}],"replies":[{"embeddable":true,"href":"https:\/\/www.fraterinternacional.org\/es\/wp-json\/wp\/v2\/comments?post=51071"}],"version-history":[{"count":0,"href":"https:\/\/www.fraterinternacional.org\/es\/wp-json\/wp\/v2\/posts\/51071\/revisions"}],"wp:featuredmedia":[{"embeddable":true,"href":"https:\/\/www.fraterinternacional.org\/es\/wp-json\/wp\/v2\/media\/50859"}],"wp:attachment":[{"href":"https:\/\/www.fraterinternacional.org\/es\/wp-json\/wp\/v2\/media?parent=51071"}],"wp:term":[{"taxonomy":"category","embeddable":true,"href":"https:\/\/www.fraterinternacional.org\/es\/wp-json\/wp\/v2\/categories?post=51071"},{"taxonomy":"post_tag","embeddable":true,"href":"https:\/\/www.fraterinternacional.org\/es\/wp-json\/wp\/v2\/tags?post=51071"}],"curies":[{"name":"wp","href":"https:\/\/api.w.org\/{rel}","templated":true}]}}