{"id":50927,"date":"2017-04-04T21:49:32","date_gmt":"2017-04-05T00:49:32","guid":{"rendered":"http:\/\/www.fraterinternacional.org\/?p=50927\/"},"modified":"2017-04-04T21:49:57","modified_gmt":"2017-04-05T00:49:57","slug":"realizado-1-er-encuentro-coordinadores-grupos-red-luz-san-pablo","status":"publish","type":"post","link":"https:\/\/www.fraterinternacional.org\/es\/realizado-1-er-encuentro-coordinadores-grupos-red-luz-san-pablo\/","title":{"rendered":"Realizado 1.er Encuentro de los Coordinadores de los Grupos Red-Luz de San Pablo"},"content":{"rendered":"<p class=\"p1\" style=\"text-align: justify;\"><a href=\"http:\/\/www.fraterinternacional.org\/wp-content\/uploads\/2017\/04\/servico_encontro_rede_luz_sp_1.jpg\"><img decoding=\"async\" class=\"alignleft size-medium wp-image-50812\" src=\"http:\/\/www.fraterinternacional.org\/wp-content\/uploads\/2017\/04\/servico_encontro_rede_luz_sp_1-300x169.jpg\" alt=\"\" width=\"300\" height=\"169\" srcset=\"https:\/\/www.fraterinternacional.org\/wp-content\/uploads\/2017\/04\/servico_encontro_rede_luz_sp_1-200x112.jpg 200w, https:\/\/www.fraterinternacional.org\/wp-content\/uploads\/2017\/04\/servico_encontro_rede_luz_sp_1-300x169.jpg 300w, https:\/\/www.fraterinternacional.org\/wp-content\/uploads\/2017\/04\/servico_encontro_rede_luz_sp_1-400x225.jpg 400w, https:\/\/www.fraterinternacional.org\/wp-content\/uploads\/2017\/04\/servico_encontro_rede_luz_sp_1-600x337.jpg 600w, https:\/\/www.fraterinternacional.org\/wp-content\/uploads\/2017\/04\/servico_encontro_rede_luz_sp_1.jpg 690w\" sizes=\"(max-width: 300px) 100vw, 300px\" \/><\/a><\/p>\n<p class=\"p1\" style=\"text-align: justify;\">El s\u00e1bado, 1.\u00b0 de abril, por la ma\u00f1ana, 15 coordinadores de los grupos de la <a href=\"http:\/\/www.fraterinternacional.org\/es\/red-luz\/\">Red-Luz<\/a> de San Pablo estuvieron en el <a href=\"http:\/\/www.fraterinternacional.org\/es\/nucleos-luz\/\">N\u00facleo-Luz<\/a> de Figueira en SP \u2013Sagrada Casa de Mar\u00eda Paulista para un encuentro de actualizaci\u00f3n donde se trataron algunos aspectos pr\u00e1cticos de la tarea de oraci\u00f3n, servicio e instrucci\u00f3n.<\/p>\n<p class=\"p1\" style=\"text-align: justify;\">Estuvieron presentes los coordinadores de los grupos de la Red-Luz de las ciudades de Atibaia, Guaruj\u00e1, Jacare\u00ed, Jundia\u00ed, S\u00e3o Bernardo do Campo, S\u00e3o Jos\u00e9 dos Campos, San Pablo y Sorocaba, adem\u00e1s de la presencia del Monasterio de la Divina Trinidad. Este fue el primero de una serie de encuentros que continuar\u00e1n a lo largo de 2017.<\/p>\n<p class=\"p3\" style=\"text-align: justify;\"><a href=\"http:\/\/www.fraterinternacional.org\/wp-content\/uploads\/2017\/04\/servico_encontro_rede_luz_sp_3.jpg\"><img decoding=\"async\" class=\"alignright wp-image-50819\" src=\"http:\/\/www.fraterinternacional.org\/wp-content\/uploads\/2017\/04\/servico_encontro_rede_luz_sp_3-300x284.jpg\" alt=\"\" width=\"256\" height=\"243\" srcset=\"https:\/\/www.fraterinternacional.org\/wp-content\/uploads\/2017\/04\/servico_encontro_rede_luz_sp_3-200x189.jpg 200w, https:\/\/www.fraterinternacional.org\/wp-content\/uploads\/2017\/04\/servico_encontro_rede_luz_sp_3-300x284.jpg 300w, https:\/\/www.fraterinternacional.org\/wp-content\/uploads\/2017\/04\/servico_encontro_rede_luz_sp_3.jpg 400w\" sizes=\"(max-width: 256px) 100vw, 256px\" \/><\/a><\/p>\n<p class=\"p1\" style=\"text-align: justify;\">\u201cEs fundamental que estos encuentros sucedan de tiempo en tiempo. Siempre es una oportunidad de reconfirmar nuestra ofrenda como servidores y aprendices. Hemos recibido innumerables impulsos espirituales y en grupo, y siempre tenemos posibilidades de intercambiar experiencias y de pensar c\u00f3mo hacer viables esos impulsos en nuestra realidad m\u00e1s pr\u00e1ctica\u201d, dijo Rosineide Freitas, coordinadora de los grupos Red-Luz del estado de San Pablo.<\/p>\n<p class=\"p1\" style=\"text-align: justify;\">Durante el encuentro se remarc\u00f3 la importancia de la adhesi\u00f3n del grupo a la vida pr\u00e1ctica del N\u00facleo-Luz, en especial, el apoyo a los sectores de plant\u00edos, mantenimiento, jardines, canil y de toda la casa. Todo el grupo presente en el encuentro adhiri\u00f3, por unanimidad, a las diversas necesidades del N\u00facleo, as\u00ed como a los cuidados y ocupaciones necesarios para que esta Isla de Salvaci\u00f3n (v\u00e9ase lema Islas de Salvaci\u00f3n del L\u00e9xico Esot\u00e9rico) contin\u00fae vertiendo Amor y Paz para San Pablo. Como profundizaci\u00f3n de esa adhesi\u00f3n, cada uno de los coordinadores de grupos llev\u00f3 para su ciudad uno de los 11 Principios de la Red-Luz Planetaria. Qued\u00f3 establecido el compromiso grupal de reflexi\u00f3n, estudio y profundizaci\u00f3n de esos sagrados principios transmitidos por Mar\u00eda en el Mensaje del 24\/12\/2012.*<\/p>\n<p class=\"p3\" style=\"text-align: justify;\"><a href=\"http:\/\/www.fraterinternacional.org\/wp-content\/uploads\/2017\/04\/servico_encontro_rede_luz_sp_2.jpg\"><img decoding=\"async\" class=\"alignleft size-medium wp-image-50816\" src=\"http:\/\/www.fraterinternacional.org\/wp-content\/uploads\/2017\/04\/servico_encontro_rede_luz_sp_2-300x169.jpg\" alt=\"\" width=\"300\" height=\"169\" srcset=\"https:\/\/www.fraterinternacional.org\/wp-content\/uploads\/2017\/04\/servico_encontro_rede_luz_sp_2-200x112.jpg 200w, https:\/\/www.fraterinternacional.org\/wp-content\/uploads\/2017\/04\/servico_encontro_rede_luz_sp_2-300x169.jpg 300w, https:\/\/www.fraterinternacional.org\/wp-content\/uploads\/2017\/04\/servico_encontro_rede_luz_sp_2-400x225.jpg 400w, https:\/\/www.fraterinternacional.org\/wp-content\/uploads\/2017\/04\/servico_encontro_rede_luz_sp_2-600x337.jpg 600w, https:\/\/www.fraterinternacional.org\/wp-content\/uploads\/2017\/04\/servico_encontro_rede_luz_sp_2.jpg 690w\" sizes=\"(max-width: 300px) 100vw, 300px\" \/><\/a><\/p>\n<p class=\"p1\" style=\"text-align: justify;\">Adem\u00e1s de ese estudio, cada coordinador de grupo asumi\u00f3 tambi\u00e9n el compromiso de hacer una vivencia grupal en el N\u00facleo-Luz, cuya fecha y programaci\u00f3n se informar\u00e1 m\u00e1s adelante.<\/p>\n<p class=\"p1\" style=\"text-align: justify;\">\u201cFue un encuentro simple y pr\u00e1ctico donde fue posible establecer metas y planes de apoyo para un nuevo ciclo en el N\u00facleo-Luz de San Pablo, adem\u00e1s de aumentar nuestra comprensi\u00f3n sobre el papel de cada uno de esos grupo Red-Luz dentro del N\u00facleo-Luz, dijo Rosineide.<\/p>\n<p class=\"p3\" style=\"text-align: center;\">\u27e2<\/p>\n<p class=\"p1\" style=\"text-align: justify;\"><em>* \u201c[\u2026] Queridos hijos, que la Red-Luz Universal, hoy bendecida y consagrada a la obra corredentora de Mi Inmaculado Coraz\u00f3n, pueda irradiar los siguientes y bienaventurados principios para las almas y todo el planeta:<\/em><\/p>\n<p class=\"p1\" style=\"text-align: justify;\"><em>1. Ser la estrella que ilumina y gu\u00eda el porvenir de los corazones.<\/em><\/p>\n<p class=\"p1\" style=\"text-align: justify;\"><em>2. Difundir el Amor Inmaculado de Mar\u00eda, como vertiente de misericordia para las almas.<\/em><\/p>\n<p class=\"p1\" style=\"text-align: justify;\"><em>3. Abrir las puertas del Cielo a trav\u00e9s de la devoci\u00f3n<span class=\"Apple-converted-space\">\u00a0 <\/span>de los fieles y<span class=\"Apple-converted-space\">\u00a0 <\/span>peregrinos de Mar\u00eda.<\/em><\/p>\n<p class=\"p1\" style=\"text-align: justify;\"><em>4. Aliviar el dolor humano para que la cura del Esp\u00edritu Cr\u00edstico se manifieste en cada ser.<\/em><\/p>\n<p class=\"p1\" style=\"text-align: justify;\"><em>5. Reconocer Jesucristo en cada alma de este mundo.<\/em><\/p>\n<p class=\"p1\" style=\"text-align: justify;\"><em>6. Propagar paz en el mundo por medio de las obras de cura, de oraci\u00f3n y de instrucci\u00f3n.<\/em><\/p>\n<p class=\"p1\" style=\"text-align: justify;\"><em>7- Servir incansablemente, por amor a los que deben alcanzar la Luz de Dios.<\/em><\/p>\n<p class=\"p1\" style=\"text-align: justify;\"><em>8. Compartir la fraternidad ecum\u00e9nica y cr\u00edstica a trav\u00e9s de la uni\u00f3n con todos los grupos de oraci\u00f3n.<\/em><\/p>\n<p class=\"p1\" style=\"text-align: justify;\"><em>9. Llevar la vida de cada consciencia a la ley de Instrucci\u00f3n del Inmaculado Coraz\u00f3n de Mar\u00eda y del Sagrado Coraz\u00f3n de Jes\u00fas.<\/em><\/p>\n<p class=\"p1\" style=\"text-align: justify;\"><em>10. Prometer a Dios y a Su Creaci\u00f3n Universal trabajar por la Paz y por el Bien para los m\u00e1s necesitados.<\/em><\/p>\n<p class=\"p1\" style=\"text-align: justify;\"><em>11. Construir, a trav\u00e9s del coraz\u00f3n y a trav\u00e9s de la instrucci\u00f3n, el anuncio de la venida redentora de Cristo Rey\u201d.<\/em><\/p>\n<p class=\"p3\" style=\"text-align: center;\"><em>\u27e2<\/em><\/p>\n","protected":false},"excerpt":{"rendered":"<p>El s\u00e1bado, 1.\u00b0 de abril, por la ma\u00f1ana, 15 coordinadores de los grupos de la Red-Luz de San Pablo estuvieron [&hellip;]<\/p>\n","protected":false},"author":11,"featured_media":50814,"comment_status":"closed","ping_status":"closed","sticky":false,"template":"","format":"standard","meta":{"footnotes":""},"categories":[173,120],"tags":[98],"class_list":["post-50927","post","type-post","status-publish","format-standard","has-post-thumbnail","hentry","category-noticia","category-red-luz-es","tag-nucleos-luz-es"],"yoast_head":"<!-- This site is optimized with the Yoast SEO Premium plugin v21.0 (Yoast SEO v21.0) - https:\/\/yoast.com\/wordpress\/plugins\/seo\/ -->\n<title>Realizado 1.er Encuentro de los Coordinadores de los Grupos Red-Luz de San Pablo<\/title>\n<meta name=\"description\" content=\"Evento realizado en el N\u00facleo-Luz en San Pablo promovi\u00f3 la actualizaci\u00f3n de aspectos pr\u00e1cticos de la tarea de oraci\u00f3n, servicio e instrucci\u00f3n de los grupos.\" \/>\n<meta name=\"robots\" content=\"index, follow, max-snippet:-1, max-image-preview:large, max-video-preview:-1\" \/>\n<link rel=\"canonical\" href=\"https:\/\/www.fraterinternacional.org\/es\/realizado-1-er-encuentro-coordinadores-grupos-red-luz-san-pablo\/\" \/>\n<meta property=\"og:locale\" content=\"es_ES\" \/>\n<meta property=\"og:type\" content=\"article\" \/>\n<meta property=\"og:title\" content=\"Realizado 1.er Encuentro de los Coordinadores de los Grupos Red-Luz de San Pablo\" \/>\n<meta property=\"og:description\" content=\"Evento realizado en el N\u00facleo-Luz en San Pablo promovi\u00f3 la actualizaci\u00f3n de aspectos pr\u00e1cticos de la tarea de oraci\u00f3n, servicio e instrucci\u00f3n de los grupos.\" \/>\n<meta property=\"og:url\" content=\"https:\/\/www.fraterinternacional.org\/es\/realizado-1-er-encuentro-coordinadores-grupos-red-luz-san-pablo\/\" \/>\n<meta property=\"og:site_name\" content=\"Fraternidade - Federa\u00e7\u00e3o Humanit\u00e1ria Internacional\" \/>\n<meta property=\"article:publisher\" content=\"https:\/\/www.facebook.com\/fraternidadehumanitaria\" \/>\n<meta property=\"article:published_time\" content=\"2017-04-05T00:49:32+00:00\" \/>\n<meta property=\"article:modified_time\" content=\"2017-04-05T00:49:57+00:00\" \/>\n<meta property=\"og:image\" content=\"http:\/\/www.fraterinternacional.org\/wp-content\/uploads\/2017\/04\/servico_encontro_rede_luz_sp_1.jpg\" \/>\n<meta name=\"author\" content=\"Nelson Frater\" \/>\n<meta name=\"twitter:card\" content=\"summary_large_image\" \/>\n<meta name=\"twitter:title\" content=\"Realizado 1.er Encuentro de los Coordinadores de los Grupos Red-Luz de San Pablo\" \/>\n<meta name=\"twitter:creator\" content=\"@fraternidadeFHI\" \/>\n<meta name=\"twitter:site\" content=\"@fraternidadeFHI\" \/>\n<meta name=\"twitter:label1\" content=\"Escrito por\" \/>\n\t<meta name=\"twitter:data1\" content=\"Nelson Frater\" \/>\n\t<meta name=\"twitter:label2\" content=\"Tiempo de lectura\" \/>\n\t<meta name=\"twitter:data2\" content=\"3 minutos\" \/>\n<script type=\"application\/ld+json\" class=\"yoast-schema-graph\">{\"@context\":\"https:\/\/schema.org\",\"@graph\":[{\"@type\":\"WebPage\",\"@id\":\"https:\/\/www.fraterinternacional.org\/es\/realizado-1-er-encuentro-coordinadores-grupos-red-luz-san-pablo\/\",\"url\":\"https:\/\/www.fraterinternacional.org\/es\/realizado-1-er-encuentro-coordinadores-grupos-red-luz-san-pablo\/\",\"name\":\"Realizado 1.er Encuentro de los Coordinadores de los Grupos Red-Luz de San Pablo\",\"isPartOf\":{\"@id\":\"https:\/\/www.fraterinternacional.org\/es\/#website\"},\"datePublished\":\"2017-04-05T00:49:32+00:00\",\"dateModified\":\"2017-04-05T00:49:57+00:00\",\"author\":{\"@id\":\"https:\/\/www.fraterinternacional.org\/es\/#\/schema\/person\/facd24ae5f7e6b4ee1aeec7ad1b960ae\"},\"description\":\"Evento realizado en el N\u00facleo-Luz en San Pablo promovi\u00f3 la actualizaci\u00f3n de aspectos pr\u00e1cticos de la tarea de oraci\u00f3n, servicio e instrucci\u00f3n de los grupos.\",\"breadcrumb\":{\"@id\":\"https:\/\/www.fraterinternacional.org\/es\/realizado-1-er-encuentro-coordinadores-grupos-red-luz-san-pablo\/#breadcrumb\"},\"inLanguage\":\"es\",\"potentialAction\":[{\"@type\":\"ReadAction\",\"target\":[\"https:\/\/www.fraterinternacional.org\/es\/realizado-1-er-encuentro-coordinadores-grupos-red-luz-san-pablo\/\"]}]},{\"@type\":\"BreadcrumbList\",\"@id\":\"https:\/\/www.fraterinternacional.org\/es\/realizado-1-er-encuentro-coordinadores-grupos-red-luz-san-pablo\/#breadcrumb\",\"itemListElement\":[{\"@type\":\"ListItem\",\"position\":1,\"name\":\"In\u00edcio\",\"item\":\"https:\/\/www.fraterinternacional.org\/es\/\"},{\"@type\":\"ListItem\",\"position\":2,\"name\":\"Realizado 1.er Encuentro de los Coordinadores de los Grupos Red-Luz de San Pablo\"}]},{\"@type\":\"WebSite\",\"@id\":\"https:\/\/www.fraterinternacional.org\/es\/#website\",\"url\":\"https:\/\/www.fraterinternacional.org\/es\/\",\"name\":\"Fraternidade - Federa\u00e7\u00e3o Humanit\u00e1ria Internacional\",\"description\":\"Fraternidade - Federa\u00e7\u00e3o Humanit\u00e1ria Internacional\",\"potentialAction\":[{\"@type\":\"SearchAction\",\"target\":{\"@type\":\"EntryPoint\",\"urlTemplate\":\"https:\/\/www.fraterinternacional.org\/es\/?s={search_term_string}\"},\"query-input\":\"required name=search_term_string\"}],\"inLanguage\":\"es\"},{\"@type\":\"Person\",\"@id\":\"https:\/\/www.fraterinternacional.org\/es\/#\/schema\/person\/facd24ae5f7e6b4ee1aeec7ad1b960ae\",\"name\":\"Nelson Frater\"}]}<\/script>\n<!-- \/ Yoast SEO Premium plugin. -->","yoast_head_json":{"title":"Realizado 1.er Encuentro de los Coordinadores de los Grupos Red-Luz de San Pablo","description":"Evento realizado en el N\u00facleo-Luz en San Pablo promovi\u00f3 la actualizaci\u00f3n de aspectos pr\u00e1cticos de la tarea de oraci\u00f3n, servicio e instrucci\u00f3n de los grupos.","robots":{"index":"index","follow":"follow","max-snippet":"max-snippet:-1","max-image-preview":"max-image-preview:large","max-video-preview":"max-video-preview:-1"},"canonical":"https:\/\/www.fraterinternacional.org\/es\/realizado-1-er-encuentro-coordinadores-grupos-red-luz-san-pablo\/","og_locale":"es_ES","og_type":"article","og_title":"Realizado 1.er Encuentro de los Coordinadores de los Grupos Red-Luz de San Pablo","og_description":"Evento realizado en el N\u00facleo-Luz en San Pablo promovi\u00f3 la actualizaci\u00f3n de aspectos pr\u00e1cticos de la tarea de oraci\u00f3n, servicio e instrucci\u00f3n de los grupos.","og_url":"https:\/\/www.fraterinternacional.org\/es\/realizado-1-er-encuentro-coordinadores-grupos-red-luz-san-pablo\/","og_site_name":"Fraternidade - Federa\u00e7\u00e3o Humanit\u00e1ria Internacional","article_publisher":"https:\/\/www.facebook.com\/fraternidadehumanitaria","article_published_time":"2017-04-05T00:49:32+00:00","article_modified_time":"2017-04-05T00:49:57+00:00","og_image":[{"url":"http:\/\/www.fraterinternacional.org\/wp-content\/uploads\/2017\/04\/servico_encontro_rede_luz_sp_1.jpg"}],"author":"Nelson Frater","twitter_card":"summary_large_image","twitter_title":"Realizado 1.er Encuentro de los Coordinadores de los Grupos Red-Luz de San Pablo","twitter_creator":"@fraternidadeFHI","twitter_site":"@fraternidadeFHI","twitter_misc":{"Escrito por":"Nelson Frater","Tiempo de lectura":"3 minutos"},"schema":{"@context":"https:\/\/schema.org","@graph":[{"@type":"WebPage","@id":"https:\/\/www.fraterinternacional.org\/es\/realizado-1-er-encuentro-coordinadores-grupos-red-luz-san-pablo\/","url":"https:\/\/www.fraterinternacional.org\/es\/realizado-1-er-encuentro-coordinadores-grupos-red-luz-san-pablo\/","name":"Realizado 1.er Encuentro de los Coordinadores de los Grupos Red-Luz de San Pablo","isPartOf":{"@id":"https:\/\/www.fraterinternacional.org\/es\/#website"},"datePublished":"2017-04-05T00:49:32+00:00","dateModified":"2017-04-05T00:49:57+00:00","author":{"@id":"https:\/\/www.fraterinternacional.org\/es\/#\/schema\/person\/facd24ae5f7e6b4ee1aeec7ad1b960ae"},"description":"Evento realizado en el N\u00facleo-Luz en San Pablo promovi\u00f3 la actualizaci\u00f3n de aspectos pr\u00e1cticos de la tarea de oraci\u00f3n, servicio e instrucci\u00f3n de los grupos.","breadcrumb":{"@id":"https:\/\/www.fraterinternacional.org\/es\/realizado-1-er-encuentro-coordinadores-grupos-red-luz-san-pablo\/#breadcrumb"},"inLanguage":"es","potentialAction":[{"@type":"ReadAction","target":["https:\/\/www.fraterinternacional.org\/es\/realizado-1-er-encuentro-coordinadores-grupos-red-luz-san-pablo\/"]}]},{"@type":"BreadcrumbList","@id":"https:\/\/www.fraterinternacional.org\/es\/realizado-1-er-encuentro-coordinadores-grupos-red-luz-san-pablo\/#breadcrumb","itemListElement":[{"@type":"ListItem","position":1,"name":"In\u00edcio","item":"https:\/\/www.fraterinternacional.org\/es\/"},{"@type":"ListItem","position":2,"name":"Realizado 1.er Encuentro de los Coordinadores de los Grupos Red-Luz de San Pablo"}]},{"@type":"WebSite","@id":"https:\/\/www.fraterinternacional.org\/es\/#website","url":"https:\/\/www.fraterinternacional.org\/es\/","name":"Fraternidade - Federa\u00e7\u00e3o Humanit\u00e1ria Internacional","description":"Fraternidade - Federa\u00e7\u00e3o Humanit\u00e1ria Internacional","potentialAction":[{"@type":"SearchAction","target":{"@type":"EntryPoint","urlTemplate":"https:\/\/www.fraterinternacional.org\/es\/?s={search_term_string}"},"query-input":"required name=search_term_string"}],"inLanguage":"es"},{"@type":"Person","@id":"https:\/\/www.fraterinternacional.org\/es\/#\/schema\/person\/facd24ae5f7e6b4ee1aeec7ad1b960ae","name":"Nelson Frater"}]}},"_links":{"self":[{"href":"https:\/\/www.fraterinternacional.org\/es\/wp-json\/wp\/v2\/posts\/50927"}],"collection":[{"href":"https:\/\/www.fraterinternacional.org\/es\/wp-json\/wp\/v2\/posts"}],"about":[{"href":"https:\/\/www.fraterinternacional.org\/es\/wp-json\/wp\/v2\/types\/post"}],"author":[{"embeddable":true,"href":"https:\/\/www.fraterinternacional.org\/es\/wp-json\/wp\/v2\/users\/11"}],"replies":[{"embeddable":true,"href":"https:\/\/www.fraterinternacional.org\/es\/wp-json\/wp\/v2\/comments?post=50927"}],"version-history":[{"count":0,"href":"https:\/\/www.fraterinternacional.org\/es\/wp-json\/wp\/v2\/posts\/50927\/revisions"}],"wp:featuredmedia":[{"embeddable":true,"href":"https:\/\/www.fraterinternacional.org\/es\/wp-json\/wp\/v2\/media\/50814"}],"wp:attachment":[{"href":"https:\/\/www.fraterinternacional.org\/es\/wp-json\/wp\/v2\/media?parent=50927"}],"wp:term":[{"taxonomy":"category","embeddable":true,"href":"https:\/\/www.fraterinternacional.org\/es\/wp-json\/wp\/v2\/categories?post=50927"},{"taxonomy":"post_tag","embeddable":true,"href":"https:\/\/www.fraterinternacional.org\/es\/wp-json\/wp\/v2\/tags?post=50927"}],"curies":[{"name":"wp","href":"https:\/\/api.w.org\/{rel}","templated":true}]}}