{"id":50554,"date":"2017-04-03T11:19:03","date_gmt":"2017-04-03T14:19:03","guid":{"rendered":"http:\/\/www.fraterinternacional.org\/?p=50554\/"},"modified":"2017-04-09T10:34:21","modified_gmt":"2017-04-09T13:34:21","slug":"vegetarianismo-segunda-parte","status":"publish","type":"post","link":"https:\/\/www.fraterinternacional.org\/es\/vegetarianismo-segunda-parte\/","title":{"rendered":"Vegetarianismo &#8211; Segunda Parte"},"content":{"rendered":"<div style=\"width: 720px;\" class=\"wp-video\"><!--[if lt IE 9]><script>document.createElement('video');<\/script><![endif]-->\n<video class=\"wp-video-shortcode\" id=\"video-50554-1\" width=\"720\" height=\"100\" preload=\"metadata\" controls=\"controls\"><source type=\"video\/mp4\" src=\"http:\/\/www.fraterinternacional.org\/wp-content\/uploads\/2017\/03\/imp_cur_17_04_02_vegetarianismo_2_es.mp4?_=1\" \/><a href=\"http:\/\/www.fraterinternacional.org\/wp-content\/uploads\/2017\/03\/imp_cur_17_04_02_vegetarianismo_2_es.mp4\">http:\/\/www.fraterinternacional.org\/wp-content\/uploads\/2017\/03\/imp_cur_17_04_02_vegetarianismo_2_es.mp4<\/a><\/video><\/div>\n<p>&nbsp;<\/p>\n<p style=\"text-align: right;\"><em><a href=\"http:\/\/www.fraterinternacional.org\/wp-content\/uploads\/2017\/03\/crianca_pintinho.jpg\"><img decoding=\"async\" class=\"alignleft wp-image-50544 size-medium\" src=\"http:\/\/www.fraterinternacional.org\/wp-content\/uploads\/2017\/03\/crianca_pintinho-300x169.jpg\" alt=\"\" width=\"300\" height=\"169\" srcset=\"https:\/\/www.fraterinternacional.org\/wp-content\/uploads\/2017\/03\/crianca_pintinho-200x112.jpg 200w, https:\/\/www.fraterinternacional.org\/wp-content\/uploads\/2017\/03\/crianca_pintinho-300x169.jpg 300w, https:\/\/www.fraterinternacional.org\/wp-content\/uploads\/2017\/03\/crianca_pintinho-400x225.jpg 400w, https:\/\/www.fraterinternacional.org\/wp-content\/uploads\/2017\/03\/crianca_pintinho-600x337.jpg 600w, https:\/\/www.fraterinternacional.org\/wp-content\/uploads\/2017\/03\/crianca_pintinho.jpg 690w\" sizes=\"(max-width: 300px) 100vw, 300px\" \/><\/a><\/em><em>\u201cLa mayor de todas las reformas alimentarias es la conversi\u00f3n de una dieta carn\u00edvora hacia una dieta vegetariana. Este tambi\u00e9n es el primer paso en el camino espiritual, la primera se\u00f1al de que la rectitud, la justicia, la compasi\u00f3n y la pureza se est\u00e1n instalando como algo necesario para una vida humana y humanitaria, en contraste con la vida animal\u201d. <\/em>(Paul Brunton: O Corpo \u2013 Cap. 3: Dieta: item 5 &#8211;\u00a05-3,5).<\/p>\n<p style=\"text-align: justify;\">El \u201c<em>L\u00e9xico Esot\u00e9rico de la Obra de Trigueirinho\u201d, <\/em>define as\u00ed el <strong>Vegetarianismo<\/strong><em>:<\/em><\/p>\n<p style=\"text-align: justify;\"><em style=\"text-align: justify;\"><em>Sistema alimenticio basado en vegetales y exento de carnes. Hay vegetarianos que consumen algunos productos derivados de animales, como huevos y l\u00e1cteos.<\/em><\/em><\/p>\n<p style=\"text-align: justify;\"><em style=\"text-align: justify;\"><em>Los beneficios del vegetarianismo son amplios y eran conocidos desde tiempos remotos. Ese sistema era utilizado, por ejemplo, entre los esenios, como medio de purificaci\u00f3n y como est\u00edmulo para el perfeccionamiento de las facultades del alma y del cuerpo.<\/em><\/em><\/p>\n<p style=\"text-align: justify;\"><em>Unido a la abstenci\u00f3n del alcohol, del cigarrillo y de las drogas, el vegetarianismo aporta un alivio al cuerpo y refuerza en la consciencia a capacidad de superar obst\u00e1culos derivados de tendencias equivocadas absorbidas en el transcurso de las encarnaciones. Incluso, sin que se depure el car\u00e1cter y se anhele el servicio altruista, esta pr\u00e1ctica se vuelve simple dieta, que tanto puede ser saludable cuanto redundar en carencias.<\/em><\/p>\n<p style=\"text-align: justify;\"><em><a href=\"http:\/\/www.fraterinternacional.org\/wp-content\/uploads\/2017\/03\/arroz_agua.jpg\"><img decoding=\"async\" class=\"alignright wp-image-50538 size-medium\" src=\"http:\/\/www.fraterinternacional.org\/wp-content\/uploads\/2017\/03\/arroz_agua-300x169.jpg\" alt=\"\" width=\"300\" height=\"169\" srcset=\"https:\/\/www.fraterinternacional.org\/wp-content\/uploads\/2017\/03\/arroz_agua-200x112.jpg 200w, https:\/\/www.fraterinternacional.org\/wp-content\/uploads\/2017\/03\/arroz_agua-300x169.jpg 300w, https:\/\/www.fraterinternacional.org\/wp-content\/uploads\/2017\/03\/arroz_agua-400x225.jpg 400w, https:\/\/www.fraterinternacional.org\/wp-content\/uploads\/2017\/03\/arroz_agua-600x337.jpg 600w, https:\/\/www.fraterinternacional.org\/wp-content\/uploads\/2017\/03\/arroz_agua.jpg 690w\" sizes=\"(max-width: 300px) 100vw, 300px\" \/><\/a>La alimentaci\u00f3n vegetariana posibilita claridad mental, despeja el cerebro y remueve de los cuerpos sutiles la violencia y las pasiones. Hay casos donde facilita el desarrollo de la clarividencia. Principalmente cuando el individuo se propone controlar sus fuerzas emotivas e instintivas, lo indicado es abstenerse de carnes. Por el magnetismo, el alimento animal introduce en el organismo humano cierta clase de inclinaciones que deben ser superadas y no reforzadas.<br \/>\n<\/em><\/p>\n<p style=\"text-align: justify;\"><em>Las recomendaciones para dejar de ingerir carne tienen en cuenta no solo la ampliaci\u00f3n de la consciencia humana sino la evoluci\u00f3n de toda la vida planetaria. Del punto de vista \u00e9tico espiritual la alimentaci\u00f3n vegetariana colabora en el reequilibrio del karma humano, sobrecargado por la matanza constante de animales. De modo general, el tipo de alimentaci\u00f3n de una persona depende del nivel en que su consciencia est\u00e9 polarizada y de su karma. Sin embargo, cuando ella asume colaborar en la evoluci\u00f3n su alimentaci\u00f3n estar\u00e1 determinada, sobre todo, por el nivel para el que su consciencia debe trasladarse. En el futuro, despu\u00e9s de la purificaci\u00f3n planetaria ser\u00e1 inconcebible que el ser humano ingiera cad\u00e1veres de animales, pr\u00e1ctica tan com\u00fan ahora.<\/em><\/p>\n<p style=\"text-align: justify;\">En el estudio anterior \u2013<em>Vegetarianismo Parte I <\/em>\u2013 comprobamos la necesidad urgente de que el ser humano trascienda ese h\u00e1bito alimenticio ancestral y generalizado, y que ya no es justificable cient\u00edficamente tener que ingerir carne para subsistir. Muchas de las consecuencias desastrosas para la vida humana y planetaria ya se ven por todas partes: la expansi\u00f3n del c\u00e1ncer y de otras enfermedades degenerativas; las guerras, la violencia y la crueldad; el cuadro acelerado de miseria f\u00edsica, moral es espiritual, esparcido por toda la civilizaci\u00f3n; las cat\u00e1strofes y tragedias ambientales sin proporciones, etc.<\/p>\n<p style=\"text-align: justify;\">La ciencia espiritual afirma que la propia evoluci\u00f3n humana fue afectada por ese h\u00e1bito desactualizado, permaneciendo\u00a0 mucho m\u00e1s all\u00e1 de lo que estaba previsto para ella. La vibraci\u00f3n animal m\u00e1s densa, retr\u00f3grada para el ser humano (la evoluci\u00f3n animal se encuentra en un estadio por debajo de la\u00a0 evoluci\u00f3n humana), se torna su substancia nerviosa m\u00e1s densa y reduce su capacidad para reconocer, comprender y vivir las Leyes Superiores. Eso repercuti\u00f3 tambi\u00e9n negativamente en la falta de desarrollo de potenciales latentes en su cerebro y en su sistema nervioso. Y as\u00ed, esta civilizaci\u00f3n se dej\u00f3 aprisionar intensamente al plano f\u00edsico-denso, volvi\u00e9ndose materialista, consumista y m\u00e1s inclinada para atender a sus sentidos f\u00edsicos, deseos y necesidades materiales, entorpeciendo su consciencia, apart\u00e1ndola de la realidad sutil y espiritual.<\/p>\n<p style=\"text-align: justify;\">La dieta vegetariana libera el cuerpo y la consciencia de esa vibraci\u00f3n densa, lo nutre de vibraciones m\u00e1s sutiles, colaborando as\u00ed en la evoluci\u00f3n superior del ser humano, como veremos en los pr\u00f3ximos estudios. Trigueirinho tambi\u00e9n amplia y profundiza esos temas en el Audio indicado abajo:<\/p>\n<p style=\"text-align: justify;\"><em>\u201cAlimentos de calidad inferior, e incluso nocivos, fueron ingeridos durante tanto tiempo que la mayor\u00eda de las\u00a0 personas se volvi\u00f3\u00a0 adicta a ellos y, a trav\u00e9s de su consumo habitual lleg\u00f3 hasta desearlos. Es verdad que muchos de esos alimentos formaron parte de una dieta civilizada por generaciones, pero la\u00a0 duraci\u00f3n de un error no se vuelve menor, y ni justifica su continuidad\u201d. <\/em>(Paul Brunton: O Corpo \u2013 Cap. 3: Dieta: item 3).<em><br \/>\n<\/em><\/p>\n<h3 style=\"text-align: justify;\"><strong>El tema del <em>Vegetarianismo<\/em> continuar\u00e1.<\/strong><\/h3>\n<p><strong>Texto: <\/strong>Fray Ameino<br \/>\n<strong>Audio<\/strong>: Conversas com Trigueirinho (Charla con Trigueirinho) n<sup>o<\/sup> 432 (0\u201905 \u2013 5\u201925)<br \/>\n<strong>Audio completo:<\/strong> <a href=\"http:\/\/www.irdin.org.br\/acervo\/detalhes\/5714\" target=\"_blank\">www.irdin.org.br\/acervo\/detalhes\/5714<\/a><\/p>\n\n\t\t<style type=\"text\/css\">\n\t\t\t#gallery-1 {\n\t\t\t\tmargin: auto;\n\t\t\t}\n\t\t\t#gallery-1 .gallery-item {\n\t\t\t\tfloat: left;\n\t\t\t\tmargin-top: 10px;\n\t\t\t\ttext-align: center;\n\t\t\t\twidth: 33%;\n\t\t\t}\n\t\t\t#gallery-1 img {\n\t\t\t\tborder: 2px solid #cfcfcf;\n\t\t\t}\n\t\t\t#gallery-1 .gallery-caption {\n\t\t\t\tmargin-left: 0;\n\t\t\t}\n\t\t\t\/* see gallery_shortcode() in wp-includes\/media.php *\/\n\t\t<\/style>\n\t\t<div id='gallery-1' class='gallery galleryid-50554 gallery-columns-3 gallery-size-medium'><dl class='gallery-item'>\n\t\t\t<dt class='gallery-icon landscape'>\n\t\t\t\t<a data-rel=\"iLightbox[postimages]\" data-title=\"aboboras\" data-caption=\"\" href='https:\/\/www.fraterinternacional.org\/wp-content\/uploads\/2017\/03\/aboboras.jpg'><img decoding=\"async\" width=\"300\" height=\"169\" src=\"https:\/\/www.fraterinternacional.org\/wp-content\/uploads\/2017\/03\/aboboras-300x169.jpg\" class=\"attachment-medium size-medium\" alt=\"\" srcset=\"https:\/\/www.fraterinternacional.org\/wp-content\/uploads\/2017\/03\/aboboras-200x112.jpg 200w, https:\/\/www.fraterinternacional.org\/wp-content\/uploads\/2017\/03\/aboboras-300x169.jpg 300w, https:\/\/www.fraterinternacional.org\/wp-content\/uploads\/2017\/03\/aboboras-400x225.jpg 400w, https:\/\/www.fraterinternacional.org\/wp-content\/uploads\/2017\/03\/aboboras-600x337.jpg 600w, https:\/\/www.fraterinternacional.org\/wp-content\/uploads\/2017\/03\/aboboras.jpg 690w\" sizes=\"(max-width: 300px) 100vw, 300px\" \/><\/a>\n\t\t\t<\/dt><\/dl><dl class='gallery-item'>\n\t\t\t<dt class='gallery-icon landscape'>\n\t\t\t\t<a data-rel=\"iLightbox[postimages]\" data-title=\"semente_feijao\" data-caption=\"\" href='https:\/\/www.fraterinternacional.org\/wp-content\/uploads\/2017\/03\/semente_feijao.jpg'><img decoding=\"async\" width=\"300\" height=\"169\" src=\"https:\/\/www.fraterinternacional.org\/wp-content\/uploads\/2017\/03\/semente_feijao-300x169.jpg\" class=\"attachment-medium size-medium\" alt=\"\" srcset=\"https:\/\/www.fraterinternacional.org\/wp-content\/uploads\/2017\/03\/semente_feijao-200x112.jpg 200w, https:\/\/www.fraterinternacional.org\/wp-content\/uploads\/2017\/03\/semente_feijao-300x169.jpg 300w, https:\/\/www.fraterinternacional.org\/wp-content\/uploads\/2017\/03\/semente_feijao-400x225.jpg 400w, https:\/\/www.fraterinternacional.org\/wp-content\/uploads\/2017\/03\/semente_feijao-600x337.jpg 600w, https:\/\/www.fraterinternacional.org\/wp-content\/uploads\/2017\/03\/semente_feijao.jpg 690w\" sizes=\"(max-width: 300px) 100vw, 300px\" \/><\/a>\n\t\t\t<\/dt><\/dl><dl class='gallery-item'>\n\t\t\t<dt class='gallery-icon landscape'>\n\t\t\t\t<a data-rel=\"iLightbox[postimages]\" data-title=\"rabanete\" data-caption=\"\" href='https:\/\/www.fraterinternacional.org\/wp-content\/uploads\/2017\/03\/rabanete.jpg'><img decoding=\"async\" width=\"300\" height=\"169\" src=\"https:\/\/www.fraterinternacional.org\/wp-content\/uploads\/2017\/03\/rabanete-300x169.jpg\" class=\"attachment-medium size-medium\" alt=\"\" srcset=\"https:\/\/www.fraterinternacional.org\/wp-content\/uploads\/2017\/03\/rabanete-200x112.jpg 200w, https:\/\/www.fraterinternacional.org\/wp-content\/uploads\/2017\/03\/rabanete-300x169.jpg 300w, https:\/\/www.fraterinternacional.org\/wp-content\/uploads\/2017\/03\/rabanete-400x225.jpg 400w, https:\/\/www.fraterinternacional.org\/wp-content\/uploads\/2017\/03\/rabanete-600x337.jpg 600w, https:\/\/www.fraterinternacional.org\/wp-content\/uploads\/2017\/03\/rabanete.jpg 690w\" sizes=\"(max-width: 300px) 100vw, 300px\" \/><\/a>\n\t\t\t<\/dt><\/dl><br style=\"clear: both\" \/>\n\t\t<\/div>\n\n","protected":false},"excerpt":{"rendered":"<p>&nbsp; \u201cLa mayor de todas las reformas alimentarias es la conversi\u00f3n de una dieta carn\u00edvora hacia una dieta vegetariana. Este [&hellip;]<\/p>\n","protected":false},"author":8,"featured_media":50543,"comment_status":"closed","ping_status":"closed","sticky":false,"template":"","format":"standard","meta":{"footnotes":""},"categories":[3237],"tags":[3240],"class_list":["post-50554","post","type-post","status-publish","format-standard","has-post-thumbnail","hentry","category-impulsos-para-la-semana","tag-cura-es"],"yoast_head":"<!-- This site is optimized with the Yoast SEO Premium plugin v21.0 (Yoast SEO v21.0) - https:\/\/yoast.com\/wordpress\/plugins\/seo\/ -->\n<title>Vegetarianismo - Segunda Parte<\/title>\n<meta name=\"description\" content=\"La dieta vegetariana libera el cuerpo y la consciencia de esa vibraci\u00f3n densa, lo nutre de vibraciones m\u00e1s sutiles, colaborando as\u00ed en la evoluci\u00f3n superior del ser humano.\" \/>\n<meta name=\"robots\" content=\"index, follow, max-snippet:-1, max-image-preview:large, max-video-preview:-1\" \/>\n<link rel=\"canonical\" href=\"https:\/\/www.fraterinternacional.org\/es\/vegetarianismo-segunda-parte\/\" \/>\n<meta property=\"og:locale\" content=\"es_ES\" \/>\n<meta property=\"og:type\" content=\"article\" \/>\n<meta property=\"og:title\" content=\"Vegetarianismo - Segunda Parte\" \/>\n<meta property=\"og:description\" content=\"La dieta vegetariana libera el cuerpo y la consciencia de esa vibraci\u00f3n densa, lo nutre de vibraciones m\u00e1s sutiles, colaborando as\u00ed en la evoluci\u00f3n superior del ser humano.\" \/>\n<meta property=\"og:url\" content=\"https:\/\/www.fraterinternacional.org\/es\/vegetarianismo-segunda-parte\/\" \/>\n<meta property=\"og:site_name\" content=\"Fraternidade - Federa\u00e7\u00e3o Humanit\u00e1ria Internacional\" \/>\n<meta property=\"article:publisher\" content=\"https:\/\/www.facebook.com\/fraternidadehumanitaria\" \/>\n<meta property=\"article:published_time\" content=\"2017-04-03T14:19:03+00:00\" \/>\n<meta property=\"article:modified_time\" content=\"2017-04-09T13:34:21+00:00\" \/>\n<meta property=\"og:image\" content=\"https:\/\/www.fraterinternacional.org\/wp-content\/uploads\/2017\/03\/coelho_criancas.jpg\" \/>\n\t<meta property=\"og:image:width\" content=\"690\" \/>\n\t<meta property=\"og:image:height\" content=\"388\" \/>\n\t<meta property=\"og:image:type\" content=\"image\/jpeg\" \/>\n<meta name=\"author\" content=\"FFHI\" \/>\n<meta name=\"twitter:card\" content=\"summary_large_image\" \/>\n<meta name=\"twitter:creator\" content=\"@fraternidadeFHI\" \/>\n<meta name=\"twitter:site\" content=\"@fraternidadeFHI\" \/>\n<meta name=\"twitter:label1\" content=\"Escrito por\" \/>\n\t<meta name=\"twitter:data1\" content=\"FFHI\" \/>\n\t<meta name=\"twitter:label2\" content=\"Tiempo de lectura\" \/>\n\t<meta name=\"twitter:data2\" content=\"4 minutos\" \/>\n<script type=\"application\/ld+json\" class=\"yoast-schema-graph\">{\"@context\":\"https:\/\/schema.org\",\"@graph\":[{\"@type\":\"WebPage\",\"@id\":\"https:\/\/www.fraterinternacional.org\/es\/vegetarianismo-segunda-parte\/\",\"url\":\"https:\/\/www.fraterinternacional.org\/es\/vegetarianismo-segunda-parte\/\",\"name\":\"Vegetarianismo - Segunda Parte\",\"isPartOf\":{\"@id\":\"https:\/\/www.fraterinternacional.org\/es\/#website\"},\"datePublished\":\"2017-04-03T14:19:03+00:00\",\"dateModified\":\"2017-04-09T13:34:21+00:00\",\"author\":{\"@id\":\"https:\/\/www.fraterinternacional.org\/es\/#\/schema\/person\/8fd7058ced8aa6a1995cc0feee75819f\"},\"description\":\"La dieta vegetariana libera el cuerpo y la consciencia de esa vibraci\u00f3n densa, lo nutre de vibraciones m\u00e1s sutiles, colaborando as\u00ed en la evoluci\u00f3n superior del ser humano.\",\"breadcrumb\":{\"@id\":\"https:\/\/www.fraterinternacional.org\/es\/vegetarianismo-segunda-parte\/#breadcrumb\"},\"inLanguage\":\"es\",\"potentialAction\":[{\"@type\":\"ReadAction\",\"target\":[\"https:\/\/www.fraterinternacional.org\/es\/vegetarianismo-segunda-parte\/\"]}]},{\"@type\":\"BreadcrumbList\",\"@id\":\"https:\/\/www.fraterinternacional.org\/es\/vegetarianismo-segunda-parte\/#breadcrumb\",\"itemListElement\":[{\"@type\":\"ListItem\",\"position\":1,\"name\":\"In\u00edcio\",\"item\":\"https:\/\/www.fraterinternacional.org\/es\/\"},{\"@type\":\"ListItem\",\"position\":2,\"name\":\"Vegetarianismo &#8211; Segunda Parte\"}]},{\"@type\":\"WebSite\",\"@id\":\"https:\/\/www.fraterinternacional.org\/es\/#website\",\"url\":\"https:\/\/www.fraterinternacional.org\/es\/\",\"name\":\"Fraternidade - Federa\u00e7\u00e3o Humanit\u00e1ria Internacional\",\"description\":\"Fraternidade - Federa\u00e7\u00e3o Humanit\u00e1ria Internacional\",\"potentialAction\":[{\"@type\":\"SearchAction\",\"target\":{\"@type\":\"EntryPoint\",\"urlTemplate\":\"https:\/\/www.fraterinternacional.org\/es\/?s={search_term_string}\"},\"query-input\":\"required name=search_term_string\"}],\"inLanguage\":\"es\"},{\"@type\":\"Person\",\"@id\":\"https:\/\/www.fraterinternacional.org\/es\/#\/schema\/person\/8fd7058ced8aa6a1995cc0feee75819f\",\"name\":\"FFHI\"}]}<\/script>\n<!-- \/ Yoast SEO Premium plugin. -->","yoast_head_json":{"title":"Vegetarianismo - Segunda Parte","description":"La dieta vegetariana libera el cuerpo y la consciencia de esa vibraci\u00f3n densa, lo nutre de vibraciones m\u00e1s sutiles, colaborando as\u00ed en la evoluci\u00f3n superior del ser humano.","robots":{"index":"index","follow":"follow","max-snippet":"max-snippet:-1","max-image-preview":"max-image-preview:large","max-video-preview":"max-video-preview:-1"},"canonical":"https:\/\/www.fraterinternacional.org\/es\/vegetarianismo-segunda-parte\/","og_locale":"es_ES","og_type":"article","og_title":"Vegetarianismo - Segunda Parte","og_description":"La dieta vegetariana libera el cuerpo y la consciencia de esa vibraci\u00f3n densa, lo nutre de vibraciones m\u00e1s sutiles, colaborando as\u00ed en la evoluci\u00f3n superior del ser humano.","og_url":"https:\/\/www.fraterinternacional.org\/es\/vegetarianismo-segunda-parte\/","og_site_name":"Fraternidade - Federa\u00e7\u00e3o Humanit\u00e1ria Internacional","article_publisher":"https:\/\/www.facebook.com\/fraternidadehumanitaria","article_published_time":"2017-04-03T14:19:03+00:00","article_modified_time":"2017-04-09T13:34:21+00:00","og_image":[{"width":690,"height":388,"url":"https:\/\/www.fraterinternacional.org\/wp-content\/uploads\/2017\/03\/coelho_criancas.jpg","type":"image\/jpeg"}],"author":"FFHI","twitter_card":"summary_large_image","twitter_creator":"@fraternidadeFHI","twitter_site":"@fraternidadeFHI","twitter_misc":{"Escrito por":"FFHI","Tiempo de lectura":"4 minutos"},"schema":{"@context":"https:\/\/schema.org","@graph":[{"@type":"WebPage","@id":"https:\/\/www.fraterinternacional.org\/es\/vegetarianismo-segunda-parte\/","url":"https:\/\/www.fraterinternacional.org\/es\/vegetarianismo-segunda-parte\/","name":"Vegetarianismo - Segunda Parte","isPartOf":{"@id":"https:\/\/www.fraterinternacional.org\/es\/#website"},"datePublished":"2017-04-03T14:19:03+00:00","dateModified":"2017-04-09T13:34:21+00:00","author":{"@id":"https:\/\/www.fraterinternacional.org\/es\/#\/schema\/person\/8fd7058ced8aa6a1995cc0feee75819f"},"description":"La dieta vegetariana libera el cuerpo y la consciencia de esa vibraci\u00f3n densa, lo nutre de vibraciones m\u00e1s sutiles, colaborando as\u00ed en la evoluci\u00f3n superior del ser humano.","breadcrumb":{"@id":"https:\/\/www.fraterinternacional.org\/es\/vegetarianismo-segunda-parte\/#breadcrumb"},"inLanguage":"es","potentialAction":[{"@type":"ReadAction","target":["https:\/\/www.fraterinternacional.org\/es\/vegetarianismo-segunda-parte\/"]}]},{"@type":"BreadcrumbList","@id":"https:\/\/www.fraterinternacional.org\/es\/vegetarianismo-segunda-parte\/#breadcrumb","itemListElement":[{"@type":"ListItem","position":1,"name":"In\u00edcio","item":"https:\/\/www.fraterinternacional.org\/es\/"},{"@type":"ListItem","position":2,"name":"Vegetarianismo &#8211; Segunda Parte"}]},{"@type":"WebSite","@id":"https:\/\/www.fraterinternacional.org\/es\/#website","url":"https:\/\/www.fraterinternacional.org\/es\/","name":"Fraternidade - Federa\u00e7\u00e3o Humanit\u00e1ria Internacional","description":"Fraternidade - Federa\u00e7\u00e3o Humanit\u00e1ria Internacional","potentialAction":[{"@type":"SearchAction","target":{"@type":"EntryPoint","urlTemplate":"https:\/\/www.fraterinternacional.org\/es\/?s={search_term_string}"},"query-input":"required name=search_term_string"}],"inLanguage":"es"},{"@type":"Person","@id":"https:\/\/www.fraterinternacional.org\/es\/#\/schema\/person\/8fd7058ced8aa6a1995cc0feee75819f","name":"FFHI"}]}},"_links":{"self":[{"href":"https:\/\/www.fraterinternacional.org\/es\/wp-json\/wp\/v2\/posts\/50554"}],"collection":[{"href":"https:\/\/www.fraterinternacional.org\/es\/wp-json\/wp\/v2\/posts"}],"about":[{"href":"https:\/\/www.fraterinternacional.org\/es\/wp-json\/wp\/v2\/types\/post"}],"author":[{"embeddable":true,"href":"https:\/\/www.fraterinternacional.org\/es\/wp-json\/wp\/v2\/users\/8"}],"replies":[{"embeddable":true,"href":"https:\/\/www.fraterinternacional.org\/es\/wp-json\/wp\/v2\/comments?post=50554"}],"version-history":[{"count":0,"href":"https:\/\/www.fraterinternacional.org\/es\/wp-json\/wp\/v2\/posts\/50554\/revisions"}],"wp:featuredmedia":[{"embeddable":true,"href":"https:\/\/www.fraterinternacional.org\/es\/wp-json\/wp\/v2\/media\/50543"}],"wp:attachment":[{"href":"https:\/\/www.fraterinternacional.org\/es\/wp-json\/wp\/v2\/media?parent=50554"}],"wp:term":[{"taxonomy":"category","embeddable":true,"href":"https:\/\/www.fraterinternacional.org\/es\/wp-json\/wp\/v2\/categories?post=50554"},{"taxonomy":"post_tag","embeddable":true,"href":"https:\/\/www.fraterinternacional.org\/es\/wp-json\/wp\/v2\/tags?post=50554"}],"curies":[{"name":"wp","href":"https:\/\/api.w.org\/{rel}","templated":true}]}}