{"id":49675,"date":"2017-03-17T16:33:29","date_gmt":"2017-03-17T19:33:29","guid":{"rendered":"http:\/\/www.fraterinternacional.org\/?p=49675\/"},"modified":"2017-03-17T16:33:29","modified_gmt":"2017-03-17T19:33:29","slug":"mision-chaco-realizo-su-sexto-encuentro-de-servicio-a-comunidades-indigenas","status":"publish","type":"post","link":"https:\/\/www.fraterinternacional.org\/es\/mision-chaco-realizo-su-sexto-encuentro-de-servicio-a-comunidades-indigenas\/","title":{"rendered":"Misi\u00f3n Chaco realiz\u00f3 su sexto encuentro de servicio a comunidades ind\u00edgenas"},"content":{"rendered":"<p style=\"text-align: justify;\">Dando continuidad al apoyo brindado a comunidades ind\u00edgenas del nordeste argentino, la <a href=\"http:\/\/www.fraterinternacional.org\/es\/red-luz\/\">Red-Luz<\/a> Chaco organiz\u00f3 el 6\u00ba Encuentro de la <a href=\"http:\/\/www.fraterinternacional.org\/es\/campanhas-ffhi\/mision-chaco\/\">Misi\u00f3n Continua Chaco<\/a>. Se realiz\u00f3 del 25 al 27 de febrero pasados en poblaciones nativas pr\u00f3ximas a Resistencia, capital de la provincia de Chaco, Argentina.<\/p>\n<p style=\"text-align: justify;\"><a href=\"http:\/\/www.fraterinternacional.org\/wp-content\/uploads\/2017\/03\/missao-chaco-sexto-encontro-fevereiro-2017_04.jpg\"><img decoding=\"async\" class=\"size-medium wp-image-49669 alignleft\" src=\"http:\/\/www.fraterinternacional.org\/wp-content\/uploads\/2017\/03\/missao-chaco-sexto-encontro-fevereiro-2017_04-300x169.jpg\" alt=\"\" width=\"300\" height=\"169\" srcset=\"https:\/\/www.fraterinternacional.org\/wp-content\/uploads\/2017\/03\/missao-chaco-sexto-encontro-fevereiro-2017_04-200x112.jpg 200w, https:\/\/www.fraterinternacional.org\/wp-content\/uploads\/2017\/03\/missao-chaco-sexto-encontro-fevereiro-2017_04-300x169.jpg 300w, https:\/\/www.fraterinternacional.org\/wp-content\/uploads\/2017\/03\/missao-chaco-sexto-encontro-fevereiro-2017_04-400x225.jpg 400w, https:\/\/www.fraterinternacional.org\/wp-content\/uploads\/2017\/03\/missao-chaco-sexto-encontro-fevereiro-2017_04-600x337.jpg 600w, https:\/\/www.fraterinternacional.org\/wp-content\/uploads\/2017\/03\/missao-chaco-sexto-encontro-fevereiro-2017_04.jpg 690w\" sizes=\"(max-width: 300px) 100vw, 300px\" \/><\/a>Con la participaci\u00f3n de 31 personas, la Misi\u00f3n atendi\u00f3 a pueblos originarios de la etnia Qom ubicados en el barrio Mapic, de la ciudad de Resistencia, y en la localidad de Margarita Bel\u00e9n, a 22 kil\u00f3metros de la capital chaque\u00f1a. Participaron colaboradores de los grupos Red-Luz de Chaco, Corrientes, Misiones, C\u00f3rdoba, Tucum\u00e1n y Mendoza, as\u00ed como otros voluntarios y monjes de la <a href=\"http:\/\/www.fraterinternacional.org\/es\/orden-gracia-misericordia\/\">Orden Gracia Misericordia<\/a>.<\/p>\n<p style=\"text-align: justify;\">La actividad se inici\u00f3 el s\u00e1bado 25, con una reuni\u00f3n de apertura en el local de alojamiento de los participantes, la casa de retiro espiritual Sagrada Familia de Burdeos. A continuaci\u00f3n, los presentes oraron la Coronilla de la Divina Misericordia y compartieron la Comuni\u00f3n Ecum\u00e9nica.<\/p>\n<p style=\"text-align: justify;\"><a href=\"http:\/\/www.fraterinternacional.org\/wp-content\/uploads\/2017\/03\/missao-chaco-sexto-encontro-fevereiro-2017_03.jpg\"><img decoding=\"async\" class=\"alignright size-medium wp-image-49666\" src=\"http:\/\/www.fraterinternacional.org\/wp-content\/uploads\/2017\/03\/missao-chaco-sexto-encontro-fevereiro-2017_03-300x225.jpg\" alt=\"\" width=\"300\" height=\"225\" srcset=\"https:\/\/www.fraterinternacional.org\/wp-content\/uploads\/2017\/03\/missao-chaco-sexto-encontro-fevereiro-2017_03-200x150.jpg 200w, https:\/\/www.fraterinternacional.org\/wp-content\/uploads\/2017\/03\/missao-chaco-sexto-encontro-fevereiro-2017_03-300x225.jpg 300w, https:\/\/www.fraterinternacional.org\/wp-content\/uploads\/2017\/03\/missao-chaco-sexto-encontro-fevereiro-2017_03-400x300.jpg 400w, https:\/\/www.fraterinternacional.org\/wp-content\/uploads\/2017\/03\/missao-chaco-sexto-encontro-fevereiro-2017_03-600x450.jpg 600w, https:\/\/www.fraterinternacional.org\/wp-content\/uploads\/2017\/03\/missao-chaco-sexto-encontro-fevereiro-2017_03.jpg 690w\" sizes=\"(max-width: 300px) 100vw, 300px\" \/><\/a><\/p>\n<p style=\"text-align: justify;\">Al d\u00eda siguiente, el programa comenz\u00f3 a las 6.30 de la ma\u00f1ana con una sinton\u00eda grupal y la Comuni\u00f3n Ecum\u00e9nica. Luego del desayuno, el grupo se dirigi\u00f3 a la comunidad Qom del barrio Mapic donde desarroll\u00f3 numerosos servicios.<\/p>\n<p style=\"text-align: justify;\">Organizados en subgrupos, realizaron cortes de cabello y eliminaci\u00f3n de piojos, ba\u00f1os de bebes, actividades recreativas con ni\u00f1os y presentaci\u00f3n de m\u00fasicas. Tres profesionales de salud bucal, integrantes de la Red-Luz Planetaria, realizaron implantes de pr\u00f3tesis dentales en varios ind\u00edgenas. Tambi\u00e9n hubo desparasitaci\u00f3n de perros, recorrido por varias casas y entrega de donaciones.<\/p>\n<p style=\"text-align: justify;\"><a href=\"http:\/\/www.fraterinternacional.org\/wp-content\/uploads\/2017\/03\/missao-chaco-sexto-encontro-fevereiro-2017_02.jpg\"><img decoding=\"async\" class=\"alignright size-medium wp-image-49663\" src=\"http:\/\/www.fraterinternacional.org\/wp-content\/uploads\/2017\/03\/missao-chaco-sexto-encontro-fevereiro-2017_02-300x225.jpg\" alt=\"\" width=\"300\" height=\"225\" srcset=\"https:\/\/www.fraterinternacional.org\/wp-content\/uploads\/2017\/03\/missao-chaco-sexto-encontro-fevereiro-2017_02-200x150.jpg 200w, https:\/\/www.fraterinternacional.org\/wp-content\/uploads\/2017\/03\/missao-chaco-sexto-encontro-fevereiro-2017_02-300x225.jpg 300w, https:\/\/www.fraterinternacional.org\/wp-content\/uploads\/2017\/03\/missao-chaco-sexto-encontro-fevereiro-2017_02-400x300.jpg 400w, https:\/\/www.fraterinternacional.org\/wp-content\/uploads\/2017\/03\/missao-chaco-sexto-encontro-fevereiro-2017_02-600x450.jpg 600w, https:\/\/www.fraterinternacional.org\/wp-content\/uploads\/2017\/03\/missao-chaco-sexto-encontro-fevereiro-2017_02.jpg 690w\" sizes=\"(max-width: 300px) 100vw, 300px\" \/><\/a><\/p>\n<p style=\"text-align: justify;\">Los mismos servicios fueron prestados al tercer d\u00eda en la comunidad Qom de Margarita Bel\u00e9n. Este Sexto Encuentro de la Misi\u00f3n Chaco fue clausurado luego del almuerzo que fue compartido en dicha aldea. Los presentes entonaron varias canciones con acompa\u00f1amiento de instrumentos musicales.<\/p>\n<p style=\"text-align: justify;\">Estas misiones continuas representan la prolongaci\u00f3n de la Misi\u00f3n Chaco, que se llev\u00f3 a cabo del 26 de enero al 8 de febrero de 2016, por un pedido de la Virgen Mar\u00eda transmitido a trav\u00e9s del Fray El\u00edas del Sagrado Coraz\u00f3n, monje vidente de la Orden Gracia Misericordia, en mensaje del <a href=\"http:\/\/www.divinamadre.org\/es\/mensaje-de-maria\/domingo-20-de-diciembre-de-2015\" target=\"_blank\">20 de diciembre de 2015<\/a>. Hasta el momento se cumplieron cinco misiones continuas: en mayo, julio, octubre y diciembre de 2016, as\u00ed como en febrero de 2017.<\/p>\n<p style=\"text-align: justify;\">La Misi\u00f3n Chaco forma parte de la Campa\u00f1a \u201c<a href=\"http:\/\/www.fraterinternacional.org\/es\/campanhas-ffhi\/mision-pueblos-originarios\/?portfolioCats=185\">Misi\u00f3n junto a los Pueblos Originarios<\/a>\u201d, de la <strong>Fraternidade \u2013 Federaci\u00f3n Humanitaria Internacional<\/strong>.<\/p>\n<p>&nbsp;<\/p>\n","protected":false},"excerpt":{"rendered":"<p>Dando continuidad al apoyo brindado a comunidades ind\u00edgenas del nordeste argentino, la Red-Luz Chaco organiz\u00f3 el 6\u00ba Encuentro de la [&hellip;]<\/p>\n","protected":false},"author":16,"featured_media":49662,"comment_status":"closed","ping_status":"closed","sticky":false,"template":"","format":"standard","meta":{"footnotes":""},"categories":[173,105,120],"tags":[103,191,97],"class_list":["post-49675","post","type-post","status-publish","format-standard","has-post-thumbnail","hentry","category-noticia","category-noticias-de-las-misiones","category-red-luz-es","tag-amor-y-servicio-a-los-reinos","tag-mision-chaco","tag-servicio-humanitario-es"],"yoast_head":"<!-- This site is optimized with the Yoast SEO Premium plugin v21.0 (Yoast SEO v21.0) - https:\/\/yoast.com\/wordpress\/plugins\/seo\/ -->\n<title>Misi\u00f3n Chaco realiz\u00f3 su sexto encuentro de servicio a comunidades ind\u00edgenas<\/title>\n<meta name=\"description\" content=\"Se realiz\u00f3 del 25 al 27 de febrero de 2017 en aldeas Qom de Resistencia, Chaco. Participaron 31 colaboradores de la Red-Luz Planetaria y otros voluntarios.\" \/>\n<meta name=\"robots\" content=\"index, follow, max-snippet:-1, max-image-preview:large, max-video-preview:-1\" \/>\n<link rel=\"canonical\" href=\"https:\/\/www.fraterinternacional.org\/es\/mision-chaco-realizo-su-sexto-encuentro-de-servicio-a-comunidades-indigenas\/\" \/>\n<meta property=\"og:locale\" content=\"es_ES\" \/>\n<meta property=\"og:type\" content=\"article\" \/>\n<meta property=\"og:title\" content=\"Misi\u00f3n Chaco realiz\u00f3 su sexto encuentro de servicio a comunidades ind\u00edgenas\" \/>\n<meta property=\"og:description\" content=\"Se realiz\u00f3 del 25 al 27 de febrero de 2017 en aldeas Qom de Chaco. Participaron 31 colaboradores de la Red-Luz Planetaria y otros voluntarios.\" \/>\n<meta property=\"og:url\" content=\"https:\/\/www.fraterinternacional.org\/es\/mision-chaco-realizo-su-sexto-encuentro-de-servicio-a-comunidades-indigenas\/\" \/>\n<meta property=\"og:site_name\" content=\"Fraternidade - Federa\u00e7\u00e3o Humanit\u00e1ria Internacional\" \/>\n<meta property=\"article:publisher\" content=\"https:\/\/www.facebook.com\/fraternidadehumanitaria\" \/>\n<meta property=\"article:published_time\" content=\"2017-03-17T19:33:29+00:00\" \/>\n<meta property=\"og:image\" content=\"http:\/\/www.fraterinternacional.org\/wp-content\/uploads\/2017\/03\/missao-chaco-sexto-encontro-fevereiro-2017_01.jpg\" \/>\n<meta name=\"author\" content=\"Sergio Redator Espanhol\" \/>\n<meta name=\"twitter:card\" content=\"summary_large_image\" \/>\n<meta name=\"twitter:title\" content=\"Misi\u00f3n Chaco realiz\u00f3 su sexto encuentro de servicio a comunidades ind\u00edgenas\" \/>\n<meta name=\"twitter:description\" content=\"Se realiz\u00f3 del 25 al 27 de febrero de 2017 en aldeas Qom de Chaco. Participaron 31 colaboradores de la Red-Luz Planetaria y otros voluntarios.\" \/>\n<meta name=\"twitter:image\" content=\"http:\/\/www.fraterinternacional.org\/wp-content\/uploads\/2017\/03\/missao-chaco-sexto-encontro-fevereiro-2017_01.jpg\" \/>\n<meta name=\"twitter:creator\" content=\"@fraternidadeFHI\" \/>\n<meta name=\"twitter:site\" content=\"@fraternidadeFHI\" \/>\n<meta name=\"twitter:label1\" content=\"Escrito por\" \/>\n\t<meta name=\"twitter:data1\" content=\"Sergio Redator Espanhol\" \/>\n\t<meta name=\"twitter:label2\" content=\"Tiempo de lectura\" \/>\n\t<meta name=\"twitter:data2\" content=\"2 minutos\" \/>\n<script type=\"application\/ld+json\" class=\"yoast-schema-graph\">{\"@context\":\"https:\/\/schema.org\",\"@graph\":[{\"@type\":\"WebPage\",\"@id\":\"https:\/\/www.fraterinternacional.org\/es\/mision-chaco-realizo-su-sexto-encuentro-de-servicio-a-comunidades-indigenas\/\",\"url\":\"https:\/\/www.fraterinternacional.org\/es\/mision-chaco-realizo-su-sexto-encuentro-de-servicio-a-comunidades-indigenas\/\",\"name\":\"Misi\u00f3n Chaco realiz\u00f3 su sexto encuentro de servicio a comunidades ind\u00edgenas\",\"isPartOf\":{\"@id\":\"https:\/\/www.fraterinternacional.org\/es\/#website\"},\"datePublished\":\"2017-03-17T19:33:29+00:00\",\"dateModified\":\"2017-03-17T19:33:29+00:00\",\"author\":{\"@id\":\"https:\/\/www.fraterinternacional.org\/es\/#\/schema\/person\/cf24d3eac28b0e09714ecb8cbd865c28\"},\"description\":\"Se realiz\u00f3 del 25 al 27 de febrero de 2017 en aldeas Qom de Resistencia, Chaco. Participaron 31 colaboradores de la Red-Luz Planetaria y otros voluntarios.\",\"breadcrumb\":{\"@id\":\"https:\/\/www.fraterinternacional.org\/es\/mision-chaco-realizo-su-sexto-encuentro-de-servicio-a-comunidades-indigenas\/#breadcrumb\"},\"inLanguage\":\"es\",\"potentialAction\":[{\"@type\":\"ReadAction\",\"target\":[\"https:\/\/www.fraterinternacional.org\/es\/mision-chaco-realizo-su-sexto-encuentro-de-servicio-a-comunidades-indigenas\/\"]}]},{\"@type\":\"BreadcrumbList\",\"@id\":\"https:\/\/www.fraterinternacional.org\/es\/mision-chaco-realizo-su-sexto-encuentro-de-servicio-a-comunidades-indigenas\/#breadcrumb\",\"itemListElement\":[{\"@type\":\"ListItem\",\"position\":1,\"name\":\"In\u00edcio\",\"item\":\"https:\/\/www.fraterinternacional.org\/es\/\"},{\"@type\":\"ListItem\",\"position\":2,\"name\":\"Misi\u00f3n Chaco realiz\u00f3 su sexto encuentro de servicio a comunidades ind\u00edgenas\"}]},{\"@type\":\"WebSite\",\"@id\":\"https:\/\/www.fraterinternacional.org\/es\/#website\",\"url\":\"https:\/\/www.fraterinternacional.org\/es\/\",\"name\":\"Fraternidade - Federa\u00e7\u00e3o Humanit\u00e1ria Internacional\",\"description\":\"Fraternidade - Federa\u00e7\u00e3o Humanit\u00e1ria Internacional\",\"potentialAction\":[{\"@type\":\"SearchAction\",\"target\":{\"@type\":\"EntryPoint\",\"urlTemplate\":\"https:\/\/www.fraterinternacional.org\/es\/?s={search_term_string}\"},\"query-input\":\"required name=search_term_string\"}],\"inLanguage\":\"es\"},{\"@type\":\"Person\",\"@id\":\"https:\/\/www.fraterinternacional.org\/es\/#\/schema\/person\/cf24d3eac28b0e09714ecb8cbd865c28\",\"name\":\"Sergio Redator Espanhol\"}]}<\/script>\n<!-- \/ Yoast SEO Premium plugin. -->","yoast_head_json":{"title":"Misi\u00f3n Chaco realiz\u00f3 su sexto encuentro de servicio a comunidades ind\u00edgenas","description":"Se realiz\u00f3 del 25 al 27 de febrero de 2017 en aldeas Qom de Resistencia, Chaco. Participaron 31 colaboradores de la Red-Luz Planetaria y otros voluntarios.","robots":{"index":"index","follow":"follow","max-snippet":"max-snippet:-1","max-image-preview":"max-image-preview:large","max-video-preview":"max-video-preview:-1"},"canonical":"https:\/\/www.fraterinternacional.org\/es\/mision-chaco-realizo-su-sexto-encuentro-de-servicio-a-comunidades-indigenas\/","og_locale":"es_ES","og_type":"article","og_title":"Misi\u00f3n Chaco realiz\u00f3 su sexto encuentro de servicio a comunidades ind\u00edgenas","og_description":"Se realiz\u00f3 del 25 al 27 de febrero de 2017 en aldeas Qom de Chaco. Participaron 31 colaboradores de la Red-Luz Planetaria y otros voluntarios.","og_url":"https:\/\/www.fraterinternacional.org\/es\/mision-chaco-realizo-su-sexto-encuentro-de-servicio-a-comunidades-indigenas\/","og_site_name":"Fraternidade - Federa\u00e7\u00e3o Humanit\u00e1ria Internacional","article_publisher":"https:\/\/www.facebook.com\/fraternidadehumanitaria","article_published_time":"2017-03-17T19:33:29+00:00","og_image":[{"url":"http:\/\/www.fraterinternacional.org\/wp-content\/uploads\/2017\/03\/missao-chaco-sexto-encontro-fevereiro-2017_01.jpg"}],"author":"Sergio Redator Espanhol","twitter_card":"summary_large_image","twitter_title":"Misi\u00f3n Chaco realiz\u00f3 su sexto encuentro de servicio a comunidades ind\u00edgenas","twitter_description":"Se realiz\u00f3 del 25 al 27 de febrero de 2017 en aldeas Qom de Chaco. Participaron 31 colaboradores de la Red-Luz Planetaria y otros voluntarios.","twitter_image":"http:\/\/www.fraterinternacional.org\/wp-content\/uploads\/2017\/03\/missao-chaco-sexto-encontro-fevereiro-2017_01.jpg","twitter_creator":"@fraternidadeFHI","twitter_site":"@fraternidadeFHI","twitter_misc":{"Escrito por":"Sergio Redator Espanhol","Tiempo de lectura":"2 minutos"},"schema":{"@context":"https:\/\/schema.org","@graph":[{"@type":"WebPage","@id":"https:\/\/www.fraterinternacional.org\/es\/mision-chaco-realizo-su-sexto-encuentro-de-servicio-a-comunidades-indigenas\/","url":"https:\/\/www.fraterinternacional.org\/es\/mision-chaco-realizo-su-sexto-encuentro-de-servicio-a-comunidades-indigenas\/","name":"Misi\u00f3n Chaco realiz\u00f3 su sexto encuentro de servicio a comunidades ind\u00edgenas","isPartOf":{"@id":"https:\/\/www.fraterinternacional.org\/es\/#website"},"datePublished":"2017-03-17T19:33:29+00:00","dateModified":"2017-03-17T19:33:29+00:00","author":{"@id":"https:\/\/www.fraterinternacional.org\/es\/#\/schema\/person\/cf24d3eac28b0e09714ecb8cbd865c28"},"description":"Se realiz\u00f3 del 25 al 27 de febrero de 2017 en aldeas Qom de Resistencia, Chaco. Participaron 31 colaboradores de la Red-Luz Planetaria y otros voluntarios.","breadcrumb":{"@id":"https:\/\/www.fraterinternacional.org\/es\/mision-chaco-realizo-su-sexto-encuentro-de-servicio-a-comunidades-indigenas\/#breadcrumb"},"inLanguage":"es","potentialAction":[{"@type":"ReadAction","target":["https:\/\/www.fraterinternacional.org\/es\/mision-chaco-realizo-su-sexto-encuentro-de-servicio-a-comunidades-indigenas\/"]}]},{"@type":"BreadcrumbList","@id":"https:\/\/www.fraterinternacional.org\/es\/mision-chaco-realizo-su-sexto-encuentro-de-servicio-a-comunidades-indigenas\/#breadcrumb","itemListElement":[{"@type":"ListItem","position":1,"name":"In\u00edcio","item":"https:\/\/www.fraterinternacional.org\/es\/"},{"@type":"ListItem","position":2,"name":"Misi\u00f3n Chaco realiz\u00f3 su sexto encuentro de servicio a comunidades ind\u00edgenas"}]},{"@type":"WebSite","@id":"https:\/\/www.fraterinternacional.org\/es\/#website","url":"https:\/\/www.fraterinternacional.org\/es\/","name":"Fraternidade - Federa\u00e7\u00e3o Humanit\u00e1ria Internacional","description":"Fraternidade - Federa\u00e7\u00e3o Humanit\u00e1ria Internacional","potentialAction":[{"@type":"SearchAction","target":{"@type":"EntryPoint","urlTemplate":"https:\/\/www.fraterinternacional.org\/es\/?s={search_term_string}"},"query-input":"required name=search_term_string"}],"inLanguage":"es"},{"@type":"Person","@id":"https:\/\/www.fraterinternacional.org\/es\/#\/schema\/person\/cf24d3eac28b0e09714ecb8cbd865c28","name":"Sergio Redator Espanhol"}]}},"_links":{"self":[{"href":"https:\/\/www.fraterinternacional.org\/es\/wp-json\/wp\/v2\/posts\/49675"}],"collection":[{"href":"https:\/\/www.fraterinternacional.org\/es\/wp-json\/wp\/v2\/posts"}],"about":[{"href":"https:\/\/www.fraterinternacional.org\/es\/wp-json\/wp\/v2\/types\/post"}],"author":[{"embeddable":true,"href":"https:\/\/www.fraterinternacional.org\/es\/wp-json\/wp\/v2\/users\/16"}],"replies":[{"embeddable":true,"href":"https:\/\/www.fraterinternacional.org\/es\/wp-json\/wp\/v2\/comments?post=49675"}],"version-history":[{"count":0,"href":"https:\/\/www.fraterinternacional.org\/es\/wp-json\/wp\/v2\/posts\/49675\/revisions"}],"wp:featuredmedia":[{"embeddable":true,"href":"https:\/\/www.fraterinternacional.org\/es\/wp-json\/wp\/v2\/media\/49662"}],"wp:attachment":[{"href":"https:\/\/www.fraterinternacional.org\/es\/wp-json\/wp\/v2\/media?parent=49675"}],"wp:term":[{"taxonomy":"category","embeddable":true,"href":"https:\/\/www.fraterinternacional.org\/es\/wp-json\/wp\/v2\/categories?post=49675"},{"taxonomy":"post_tag","embeddable":true,"href":"https:\/\/www.fraterinternacional.org\/es\/wp-json\/wp\/v2\/tags?post=49675"}],"curies":[{"name":"wp","href":"https:\/\/api.w.org\/{rel}","templated":true}]}}