{"id":48763,"date":"2017-02-27T15:17:01","date_gmt":"2017-02-27T18:17:01","guid":{"rendered":"http:\/\/www.fraterinternacional.org\/?p=48763\/"},"modified":"2017-02-28T20:00:44","modified_gmt":"2017-02-28T23:00:44","slug":"mision-roraima-humanitaria-noticias-21-al-25-de-febrero","status":"publish","type":"post","link":"https:\/\/www.fraterinternacional.org\/es\/mision-roraima-humanitaria-noticias-21-al-25-de-febrero\/","title":{"rendered":"Misi\u00f3n Roraima Humanitaria \u2013 noticias del 21 al 25 de febrero"},"content":{"rendered":"<p class=\"p1\" style=\"text-align: justify;\"><strong>Misi\u00f3n Roraima Humanitaria \u2013 noticias del 21 al 25 de febrero<\/strong><\/p>\n<p class=\"p1\" style=\"text-align: justify;\">A principios de la semana pasada los misioneros y l\u00edderes ind\u00edgenas fueron a la Fundaci\u00f3n Nacional del Indio (Funai) y hablaron con la Coordinaci\u00f3n de Promoci\u00f3n del Derecho Social e Ind\u00edgena sobre la cuesti\u00f3n de la documentaci\u00f3n de los ind\u00edgenas. La Fundaci\u00f3n dar\u00e1 apoyo para que los refugiados del CRI puedan sacar la documentaci\u00f3n brasile\u00f1a. Despu\u00e9s los refugiados ind\u00edgenas celebraron una reuni\u00f3n en el CRI para discutir el asunto.<\/p>\n<p class=\"p1\" style=\"text-align: justify;\">Un equipo de video que desea hacer un documental acerca de la llegada de los Warao al Brasil, estuvo en el CRI conversaron con los ind\u00edgenas y se comenz\u00f3 el trabajo de investigaci\u00f3n para la producci\u00f3n del video.<\/p>\n<p class=\"p1\" style=\"text-align: justify;\">Se realizaron distintas recolecciones de alimentos en los establecimientos comerciales de la ciudad de Boa Vista.<\/p>\n<p class=\"p1\" style=\"text-align: justify;\">El mi\u00e9rcoles por la ma\u00f1ana tuvo lugar una reuni\u00f3n en la Secretar\u00eda de Estado del Indio de Roraima entre los miembros de la Secretar\u00eda, misioneros, l\u00edderes Warao, Defensa Civil y la Secretar\u00eda de Salud. Los ind\u00edgenas presentaron la artesan\u00eda que ellos confeccionan. El coordinador del Centro de Artesan\u00eda alab\u00f3 una hamaca hecha por los Warao con palma de Morichal. Dejaron dos hamacas para la venta y prepararon un programa para la participaci\u00f3n de los Warao en pr\u00f3ximas Ferias de Artesan\u00eda.<\/p>\n<p class=\"p1\" style=\"text-align: justify;\">En el mismo d\u00eda se realiz\u00f3 una reuni\u00f3n de la Defensa Civil de Roraima acerca del tema de los venezolanos no ind\u00edgenas que se encuentran en el CRI. Se fij\u00f3 una fecha l\u00edmite para que ellos encuentren una nueva ubicaci\u00f3n.<\/p>\n<p class=\"p1\" style=\"text-align: justify;\">El CRI recibi\u00f3 visitas de representantes de M\u00e9dicos Sin Fronteras, antrop\u00f3logos de la Universidad Federal de Roraima, del Ministerio P\u00fablico Federal y de un periodista de la BBC, que est\u00e1 produciendo un trabajo acerca de la historia del flujo migratorio al Brasil. Los antrop\u00f3logos invitaron a los refugiados a participar el 10 de marzo de una audiencia p\u00fablica referente al respeto y la protecci\u00f3n a los inmigrantes venezolanos y la situaci\u00f3n especial de aquellos que pertenecen a grupos ind\u00edgenas.<\/p>\n<p class=\"p1\" style=\"text-align: justify;\">El viernes, misioneros, representante de la Secretar\u00eda de Estado del Indio de Roraima y dos refugiados ind\u00edgenas visitaron comunidades en las Tierras Ind\u00edgenas de San Marcos y<span class=\"Apple-converted-space\">\u00a0 <\/span>Raposa Serra do Sol. Visitaron las comunidades Vista Alegre, San Marcos y Darora.<\/p>\n<p class=\"p1\" style=\"text-align: justify;\">Se llevaron a cabo varias consultas m\u00e9dicas en el cami\u00f3n que est\u00e1 en el CRI.<\/p>\n<p class=\"p1\" style=\"text-align: justify;\">Se ha acompa\u00f1ado diariamente al hospital a una ni\u00f1a ind\u00edgena que est\u00e1 con malaria para hacerse ex\u00e1menes y realizarle su<span class=\"Apple-converted-space\">\u00a0 <\/span>tratamiento.<\/p>\n<p class=\"p1\" style=\"text-align: justify;\">El s\u00e1bado, el Cami\u00f3n de la Secretar\u00eda Estatal de la Salud, se retir\u00f3 del CRI para poder dar apoyo en otro lugar durante los Carnavales.<\/p>\n<p class=\"p1\" style=\"text-align: justify;\">El domingo 25, dos refugiados ind\u00edgenas venezolanos participaron de un programa en una estaci\u00f3n de Radio de Roraima, en donde hablaron sobre la situaci\u00f3n de ellos en Brasil.<\/p>\n<p class=\"p1\" style=\"text-align: justify;\">Misioneros e ind\u00edgenas visitaron la comunidad ind\u00edgena Sucuba, que queda en el municipio de Alto Alegre y en donde viven indios de la etnia Makuxi e Uapichana. El grupo convers\u00f3 con los l\u00edderes ind\u00edgenas y programaron una integraci\u00f3n con los Warao que est\u00e1n en el CRI.<\/p>\n<p class=\"p1\" style=\"text-align: justify;\">Se derivaron, a dos refugiadas ind\u00edgenas, al hospital, en donde fueron recibidas y medicadas.<\/p>\n<p class=\"p1\" style=\"text-align: justify;\">\u00daltimo d\u00eda de los voluntarios venezolanos que se encuentran<span class=\"Apple-converted-space\">\u00a0 <\/span>en la Casa de San Jos\u00e9 y que participan de las actividades en el CRI.<\/p>\n<p class=\"p1\" style=\"text-align: justify;\">Vea el pr\u00f3ximo viernes un nuevo resumen de los acontecimientos de la Misi\u00f3n Roraima Humanitaria.<\/p>\n\n\t\t<style type=\"text\/css\">\n\t\t\t#gallery-1 {\n\t\t\t\tmargin: auto;\n\t\t\t}\n\t\t\t#gallery-1 .gallery-item {\n\t\t\t\tfloat: left;\n\t\t\t\tmargin-top: 10px;\n\t\t\t\ttext-align: center;\n\t\t\t\twidth: 50%;\n\t\t\t}\n\t\t\t#gallery-1 img {\n\t\t\t\tborder: 2px solid #cfcfcf;\n\t\t\t}\n\t\t\t#gallery-1 .gallery-caption {\n\t\t\t\tmargin-left: 0;\n\t\t\t}\n\t\t\t\/* see gallery_shortcode() in wp-includes\/media.php *\/\n\t\t<\/style>\n\t\t<div id='gallery-1' class='gallery galleryid-48763 gallery-columns-2 gallery-size-medium'><dl class='gallery-item'>\n\t\t\t<dt class='gallery-icon landscape'>\n\t\t\t\t<a data-rel=\"iLightbox[postimages]\" data-title=\"refugiados_missao_roraima_funai1a\" data-caption=\"\" href='https:\/\/www.fraterinternacional.org\/wp-content\/uploads\/2017\/02\/refugiados_missao_roraima_funai1a.jpg'><img decoding=\"async\" width=\"300\" height=\"169\" src=\"https:\/\/www.fraterinternacional.org\/wp-content\/uploads\/2017\/02\/refugiados_missao_roraima_funai1a-300x169.jpg\" class=\"attachment-medium size-medium\" alt=\"\" srcset=\"https:\/\/www.fraterinternacional.org\/wp-content\/uploads\/2017\/02\/refugiados_missao_roraima_funai1a-200x112.jpg 200w, https:\/\/www.fraterinternacional.org\/wp-content\/uploads\/2017\/02\/refugiados_missao_roraima_funai1a-300x169.jpg 300w, https:\/\/www.fraterinternacional.org\/wp-content\/uploads\/2017\/02\/refugiados_missao_roraima_funai1a-400x225.jpg 400w, https:\/\/www.fraterinternacional.org\/wp-content\/uploads\/2017\/02\/refugiados_missao_roraima_funai1a-600x337.jpg 600w, https:\/\/www.fraterinternacional.org\/wp-content\/uploads\/2017\/02\/refugiados_missao_roraima_funai1a.jpg 690w\" sizes=\"(max-width: 300px) 100vw, 300px\" \/><\/a>\n\t\t\t<\/dt><\/dl><dl class='gallery-item'>\n\t\t\t<dt class='gallery-icon landscape'>\n\t\t\t\t<a data-rel=\"iLightbox[postimages]\" data-title=\"refugiados_missao_roraima_funai2a\" data-caption=\"\" href='https:\/\/www.fraterinternacional.org\/wp-content\/uploads\/2017\/02\/refugiados_missao_roraima_funai2a.jpg'><img decoding=\"async\" width=\"300\" height=\"169\" src=\"https:\/\/www.fraterinternacional.org\/wp-content\/uploads\/2017\/02\/refugiados_missao_roraima_funai2a-300x169.jpg\" class=\"attachment-medium size-medium\" alt=\"\" srcset=\"https:\/\/www.fraterinternacional.org\/wp-content\/uploads\/2017\/02\/refugiados_missao_roraima_funai2a-200x112.jpg 200w, https:\/\/www.fraterinternacional.org\/wp-content\/uploads\/2017\/02\/refugiados_missao_roraima_funai2a-300x169.jpg 300w, https:\/\/www.fraterinternacional.org\/wp-content\/uploads\/2017\/02\/refugiados_missao_roraima_funai2a-400x225.jpg 400w, https:\/\/www.fraterinternacional.org\/wp-content\/uploads\/2017\/02\/refugiados_missao_roraima_funai2a-600x337.jpg 600w, https:\/\/www.fraterinternacional.org\/wp-content\/uploads\/2017\/02\/refugiados_missao_roraima_funai2a.jpg 690w\" sizes=\"(max-width: 300px) 100vw, 300px\" \/><\/a>\n\t\t\t<\/dt><\/dl><br style=\"clear: both\" \/><dl class='gallery-item'>\n\t\t\t<dt class='gallery-icon landscape'>\n\t\t\t\t<a data-rel=\"iLightbox[postimages]\" data-title=\"refugiados_missao_roraima_missa_cri_1a\" data-caption=\"\" href='https:\/\/www.fraterinternacional.org\/wp-content\/uploads\/2017\/02\/refugiados_missao_roraima_missa_cri_1a.jpg'><img decoding=\"async\" width=\"300\" height=\"169\" src=\"https:\/\/www.fraterinternacional.org\/wp-content\/uploads\/2017\/02\/refugiados_missao_roraima_missa_cri_1a-300x169.jpg\" class=\"attachment-medium size-medium\" alt=\"\" srcset=\"https:\/\/www.fraterinternacional.org\/wp-content\/uploads\/2017\/02\/refugiados_missao_roraima_missa_cri_1a-200x112.jpg 200w, https:\/\/www.fraterinternacional.org\/wp-content\/uploads\/2017\/02\/refugiados_missao_roraima_missa_cri_1a-300x169.jpg 300w, https:\/\/www.fraterinternacional.org\/wp-content\/uploads\/2017\/02\/refugiados_missao_roraima_missa_cri_1a-400x225.jpg 400w, https:\/\/www.fraterinternacional.org\/wp-content\/uploads\/2017\/02\/refugiados_missao_roraima_missa_cri_1a-600x337.jpg 600w, https:\/\/www.fraterinternacional.org\/wp-content\/uploads\/2017\/02\/refugiados_missao_roraima_missa_cri_1a.jpg 690w\" sizes=\"(max-width: 300px) 100vw, 300px\" \/><\/a>\n\t\t\t<\/dt><\/dl><dl class='gallery-item'>\n\t\t\t<dt class='gallery-icon landscape'>\n\t\t\t\t<a data-rel=\"iLightbox[postimages]\" data-title=\"refugiados_missao_roraima_rede_artesanato1a\" data-caption=\"\" href='https:\/\/www.fraterinternacional.org\/wp-content\/uploads\/2017\/02\/refugiados_missao_roraima_rede_artesanato1a.jpg'><img decoding=\"async\" width=\"300\" height=\"169\" src=\"https:\/\/www.fraterinternacional.org\/wp-content\/uploads\/2017\/02\/refugiados_missao_roraima_rede_artesanato1a-300x169.jpg\" class=\"attachment-medium size-medium\" alt=\"\" srcset=\"https:\/\/www.fraterinternacional.org\/wp-content\/uploads\/2017\/02\/refugiados_missao_roraima_rede_artesanato1a-200x112.jpg 200w, https:\/\/www.fraterinternacional.org\/wp-content\/uploads\/2017\/02\/refugiados_missao_roraima_rede_artesanato1a-300x169.jpg 300w, https:\/\/www.fraterinternacional.org\/wp-content\/uploads\/2017\/02\/refugiados_missao_roraima_rede_artesanato1a-400x225.jpg 400w, https:\/\/www.fraterinternacional.org\/wp-content\/uploads\/2017\/02\/refugiados_missao_roraima_rede_artesanato1a-600x337.jpg 600w, https:\/\/www.fraterinternacional.org\/wp-content\/uploads\/2017\/02\/refugiados_missao_roraima_rede_artesanato1a.jpg 690w\" sizes=\"(max-width: 300px) 100vw, 300px\" \/><\/a>\n\t\t\t<\/dt><\/dl><br style=\"clear: both\" \/><dl class='gallery-item'>\n\t\t\t<dt class='gallery-icon landscape'>\n\t\t\t\t<a data-rel=\"iLightbox[postimages]\" data-title=\"refugiados_missao_roraima_rede_artesanato2a\" data-caption=\"\" href='https:\/\/www.fraterinternacional.org\/wp-content\/uploads\/2017\/02\/refugiados_missao_roraima_rede_artesanato2a.jpg'><img decoding=\"async\" width=\"300\" height=\"169\" src=\"https:\/\/www.fraterinternacional.org\/wp-content\/uploads\/2017\/02\/refugiados_missao_roraima_rede_artesanato2a-300x169.jpg\" class=\"attachment-medium size-medium\" alt=\"\" srcset=\"https:\/\/www.fraterinternacional.org\/wp-content\/uploads\/2017\/02\/refugiados_missao_roraima_rede_artesanato2a-200x112.jpg 200w, https:\/\/www.fraterinternacional.org\/wp-content\/uploads\/2017\/02\/refugiados_missao_roraima_rede_artesanato2a-300x169.jpg 300w, https:\/\/www.fraterinternacional.org\/wp-content\/uploads\/2017\/02\/refugiados_missao_roraima_rede_artesanato2a-400x225.jpg 400w, https:\/\/www.fraterinternacional.org\/wp-content\/uploads\/2017\/02\/refugiados_missao_roraima_rede_artesanato2a-600x337.jpg 600w, https:\/\/www.fraterinternacional.org\/wp-content\/uploads\/2017\/02\/refugiados_missao_roraima_rede_artesanato2a.jpg 690w\" sizes=\"(max-width: 300px) 100vw, 300px\" \/><\/a>\n\t\t\t<\/dt><\/dl><dl class='gallery-item'>\n\t\t\t<dt class='gallery-icon landscape'>\n\t\t\t\t<a data-rel=\"iLightbox[postimages]\" data-title=\"refugiados_missao_roraima_reuniao_cri_1f\" data-caption=\"\" href='https:\/\/www.fraterinternacional.org\/wp-content\/uploads\/2017\/02\/refugiados_missao_roraima_reuniao_cri_1f.jpg'><img decoding=\"async\" width=\"300\" height=\"169\" src=\"https:\/\/www.fraterinternacional.org\/wp-content\/uploads\/2017\/02\/refugiados_missao_roraima_reuniao_cri_1f-300x169.jpg\" class=\"attachment-medium size-medium\" alt=\"\" srcset=\"https:\/\/www.fraterinternacional.org\/wp-content\/uploads\/2017\/02\/refugiados_missao_roraima_reuniao_cri_1f-200x112.jpg 200w, https:\/\/www.fraterinternacional.org\/wp-content\/uploads\/2017\/02\/refugiados_missao_roraima_reuniao_cri_1f-300x169.jpg 300w, https:\/\/www.fraterinternacional.org\/wp-content\/uploads\/2017\/02\/refugiados_missao_roraima_reuniao_cri_1f-400x225.jpg 400w, https:\/\/www.fraterinternacional.org\/wp-content\/uploads\/2017\/02\/refugiados_missao_roraima_reuniao_cri_1f-600x337.jpg 600w, https:\/\/www.fraterinternacional.org\/wp-content\/uploads\/2017\/02\/refugiados_missao_roraima_reuniao_cri_1f.jpg 690w\" sizes=\"(max-width: 300px) 100vw, 300px\" \/><\/a>\n\t\t\t<\/dt><\/dl><br style=\"clear: both\" \/><dl class='gallery-item'>\n\t\t\t<dt class='gallery-icon landscape'>\n\t\t\t\t<a data-rel=\"iLightbox[postimages]\" data-title=\"refugiados_missao_roraima_refeicao_cri_1f\" data-caption=\"\" href='https:\/\/www.fraterinternacional.org\/wp-content\/uploads\/2017\/02\/refugiados_missao_roraima_refeicao_cri_1f.jpg'><img decoding=\"async\" width=\"300\" height=\"169\" src=\"https:\/\/www.fraterinternacional.org\/wp-content\/uploads\/2017\/02\/refugiados_missao_roraima_refeicao_cri_1f-300x169.jpg\" class=\"attachment-medium size-medium\" alt=\"\" srcset=\"https:\/\/www.fraterinternacional.org\/wp-content\/uploads\/2017\/02\/refugiados_missao_roraima_refeicao_cri_1f-200x112.jpg 200w, https:\/\/www.fraterinternacional.org\/wp-content\/uploads\/2017\/02\/refugiados_missao_roraima_refeicao_cri_1f-300x169.jpg 300w, https:\/\/www.fraterinternacional.org\/wp-content\/uploads\/2017\/02\/refugiados_missao_roraima_refeicao_cri_1f-400x225.jpg 400w, https:\/\/www.fraterinternacional.org\/wp-content\/uploads\/2017\/02\/refugiados_missao_roraima_refeicao_cri_1f-600x337.jpg 600w, https:\/\/www.fraterinternacional.org\/wp-content\/uploads\/2017\/02\/refugiados_missao_roraima_refeicao_cri_1f.jpg 690w\" sizes=\"(max-width: 300px) 100vw, 300px\" \/><\/a>\n\t\t\t<\/dt><\/dl><dl class='gallery-item'>\n\t\t\t<dt class='gallery-icon landscape'>\n\t\t\t\t<a data-rel=\"iLightbox[postimages]\" data-title=\"refugiados_missao_roraima_reuniao_comunidade_indigena_2f\" data-caption=\"\" href='https:\/\/www.fraterinternacional.org\/wp-content\/uploads\/2017\/02\/refugiados_missao_roraima_reuniao_comunidade_indigena_2f.jpg'><img decoding=\"async\" width=\"300\" height=\"169\" src=\"https:\/\/www.fraterinternacional.org\/wp-content\/uploads\/2017\/02\/refugiados_missao_roraima_reuniao_comunidade_indigena_2f-300x169.jpg\" class=\"attachment-medium size-medium\" alt=\"\" srcset=\"https:\/\/www.fraterinternacional.org\/wp-content\/uploads\/2017\/02\/refugiados_missao_roraima_reuniao_comunidade_indigena_2f-200x112.jpg 200w, https:\/\/www.fraterinternacional.org\/wp-content\/uploads\/2017\/02\/refugiados_missao_roraima_reuniao_comunidade_indigena_2f-300x169.jpg 300w, https:\/\/www.fraterinternacional.org\/wp-content\/uploads\/2017\/02\/refugiados_missao_roraima_reuniao_comunidade_indigena_2f-400x225.jpg 400w, https:\/\/www.fraterinternacional.org\/wp-content\/uploads\/2017\/02\/refugiados_missao_roraima_reuniao_comunidade_indigena_2f-600x337.jpg 600w, https:\/\/www.fraterinternacional.org\/wp-content\/uploads\/2017\/02\/refugiados_missao_roraima_reuniao_comunidade_indigena_2f.jpg 690w\" sizes=\"(max-width: 300px) 100vw, 300px\" \/><\/a>\n\t\t\t<\/dt><\/dl><br style=\"clear: both\" \/><dl class='gallery-item'>\n\t\t\t<dt class='gallery-icon landscape'>\n\t\t\t\t<a data-rel=\"iLightbox[postimages]\" data-title=\"refugiados_missao_roraima_visita_comunidade_2f\" data-caption=\"\" href='https:\/\/www.fraterinternacional.org\/wp-content\/uploads\/2017\/02\/refugiados_missao_roraima_visita_comunidade_2f.jpg'><img decoding=\"async\" width=\"300\" height=\"169\" src=\"https:\/\/www.fraterinternacional.org\/wp-content\/uploads\/2017\/02\/refugiados_missao_roraima_visita_comunidade_2f-300x169.jpg\" class=\"attachment-medium size-medium\" alt=\"\" srcset=\"https:\/\/www.fraterinternacional.org\/wp-content\/uploads\/2017\/02\/refugiados_missao_roraima_visita_comunidade_2f-200x112.jpg 200w, https:\/\/www.fraterinternacional.org\/wp-content\/uploads\/2017\/02\/refugiados_missao_roraima_visita_comunidade_2f-300x169.jpg 300w, https:\/\/www.fraterinternacional.org\/wp-content\/uploads\/2017\/02\/refugiados_missao_roraima_visita_comunidade_2f-400x225.jpg 400w, https:\/\/www.fraterinternacional.org\/wp-content\/uploads\/2017\/02\/refugiados_missao_roraima_visita_comunidade_2f-600x337.jpg 600w, https:\/\/www.fraterinternacional.org\/wp-content\/uploads\/2017\/02\/refugiados_missao_roraima_visita_comunidade_2f.jpg 690w\" sizes=\"(max-width: 300px) 100vw, 300px\" \/><\/a>\n\t\t\t<\/dt><\/dl><dl class='gallery-item'>\n\t\t\t<dt class='gallery-icon landscape'>\n\t\t\t\t<a data-rel=\"iLightbox[postimages]\" data-title=\"refugiados_missao_roraima_caminhao_cri_1g\" data-caption=\"\" href='https:\/\/www.fraterinternacional.org\/wp-content\/uploads\/2017\/02\/refugiados_missao_roraima_caminhao_cri_1g.jpg'><img decoding=\"async\" width=\"300\" height=\"169\" src=\"https:\/\/www.fraterinternacional.org\/wp-content\/uploads\/2017\/02\/refugiados_missao_roraima_caminhao_cri_1g-300x169.jpg\" class=\"attachment-medium size-medium\" alt=\"\" srcset=\"https:\/\/www.fraterinternacional.org\/wp-content\/uploads\/2017\/02\/refugiados_missao_roraima_caminhao_cri_1g-200x112.jpg 200w, https:\/\/www.fraterinternacional.org\/wp-content\/uploads\/2017\/02\/refugiados_missao_roraima_caminhao_cri_1g-300x169.jpg 300w, https:\/\/www.fraterinternacional.org\/wp-content\/uploads\/2017\/02\/refugiados_missao_roraima_caminhao_cri_1g-400x225.jpg 400w, https:\/\/www.fraterinternacional.org\/wp-content\/uploads\/2017\/02\/refugiados_missao_roraima_caminhao_cri_1g-600x337.jpg 600w, https:\/\/www.fraterinternacional.org\/wp-content\/uploads\/2017\/02\/refugiados_missao_roraima_caminhao_cri_1g.jpg 690w\" sizes=\"(max-width: 300px) 100vw, 300px\" \/><\/a>\n\t\t\t<\/dt><\/dl><br style=\"clear: both\" \/><dl class='gallery-item'>\n\t\t\t<dt class='gallery-icon landscape'>\n\t\t\t\t<a data-rel=\"iLightbox[postimages]\" data-title=\"refugiados_missao_roraima_corte_cabelo_1g\" data-caption=\"\" href='https:\/\/www.fraterinternacional.org\/wp-content\/uploads\/2017\/02\/refugiados_missao_roraima_corte_cabelo_1g.jpg'><img decoding=\"async\" width=\"300\" height=\"169\" src=\"https:\/\/www.fraterinternacional.org\/wp-content\/uploads\/2017\/02\/refugiados_missao_roraima_corte_cabelo_1g-300x169.jpg\" class=\"attachment-medium size-medium\" alt=\"\" srcset=\"https:\/\/www.fraterinternacional.org\/wp-content\/uploads\/2017\/02\/refugiados_missao_roraima_corte_cabelo_1g-200x112.jpg 200w, https:\/\/www.fraterinternacional.org\/wp-content\/uploads\/2017\/02\/refugiados_missao_roraima_corte_cabelo_1g-300x169.jpg 300w, https:\/\/www.fraterinternacional.org\/wp-content\/uploads\/2017\/02\/refugiados_missao_roraima_corte_cabelo_1g-400x225.jpg 400w, https:\/\/www.fraterinternacional.org\/wp-content\/uploads\/2017\/02\/refugiados_missao_roraima_corte_cabelo_1g-600x337.jpg 600w, https:\/\/www.fraterinternacional.org\/wp-content\/uploads\/2017\/02\/refugiados_missao_roraima_corte_cabelo_1g.jpg 690w\" sizes=\"(max-width: 300px) 100vw, 300px\" \/><\/a>\n\t\t\t<\/dt><\/dl><dl class='gallery-item'>\n\t\t\t<dt class='gallery-icon landscape'>\n\t\t\t\t<a data-rel=\"iLightbox[postimages]\" data-title=\"refugiados_missao_roraima_reuniao_caminhao_cri_1g\" data-caption=\"\" href='https:\/\/www.fraterinternacional.org\/wp-content\/uploads\/2017\/02\/refugiados_missao_roraima_reuniao_caminhao_cri_1g.jpg'><img decoding=\"async\" width=\"300\" height=\"169\" src=\"https:\/\/www.fraterinternacional.org\/wp-content\/uploads\/2017\/02\/refugiados_missao_roraima_reuniao_caminhao_cri_1g-300x169.jpg\" class=\"attachment-medium size-medium\" alt=\"\" srcset=\"https:\/\/www.fraterinternacional.org\/wp-content\/uploads\/2017\/02\/refugiados_missao_roraima_reuniao_caminhao_cri_1g-200x112.jpg 200w, https:\/\/www.fraterinternacional.org\/wp-content\/uploads\/2017\/02\/refugiados_missao_roraima_reuniao_caminhao_cri_1g-300x169.jpg 300w, https:\/\/www.fraterinternacional.org\/wp-content\/uploads\/2017\/02\/refugiados_missao_roraima_reuniao_caminhao_cri_1g-400x225.jpg 400w, https:\/\/www.fraterinternacional.org\/wp-content\/uploads\/2017\/02\/refugiados_missao_roraima_reuniao_caminhao_cri_1g-600x337.jpg 600w, https:\/\/www.fraterinternacional.org\/wp-content\/uploads\/2017\/02\/refugiados_missao_roraima_reuniao_caminhao_cri_1g.jpg 690w\" sizes=\"(max-width: 300px) 100vw, 300px\" \/><\/a>\n\t\t\t<\/dt><\/dl><br style=\"clear: both\" \/><dl class='gallery-item'>\n\t\t\t<dt class='gallery-icon landscape'>\n\t\t\t\t<a data-rel=\"iLightbox[postimages]\" data-title=\"refugiados_missao_roraima_entrevista_radio_1c\" data-caption=\"\" href='https:\/\/www.fraterinternacional.org\/wp-content\/uploads\/2017\/02\/refugiados_missao_roraima_entrevista_radio_1c.jpg'><img decoding=\"async\" width=\"300\" height=\"169\" src=\"https:\/\/www.fraterinternacional.org\/wp-content\/uploads\/2017\/02\/refugiados_missao_roraima_entrevista_radio_1c-300x169.jpg\" class=\"attachment-medium size-medium\" alt=\"\" srcset=\"https:\/\/www.fraterinternacional.org\/wp-content\/uploads\/2017\/02\/refugiados_missao_roraima_entrevista_radio_1c-200x112.jpg 200w, https:\/\/www.fraterinternacional.org\/wp-content\/uploads\/2017\/02\/refugiados_missao_roraima_entrevista_radio_1c-300x169.jpg 300w, https:\/\/www.fraterinternacional.org\/wp-content\/uploads\/2017\/02\/refugiados_missao_roraima_entrevista_radio_1c-400x225.jpg 400w, https:\/\/www.fraterinternacional.org\/wp-content\/uploads\/2017\/02\/refugiados_missao_roraima_entrevista_radio_1c-600x337.jpg 600w, https:\/\/www.fraterinternacional.org\/wp-content\/uploads\/2017\/02\/refugiados_missao_roraima_entrevista_radio_1c.jpg 690w\" sizes=\"(max-width: 300px) 100vw, 300px\" \/><\/a>\n\t\t\t<\/dt><\/dl><dl class='gallery-item'>\n\t\t\t<dt class='gallery-icon landscape'>\n\t\t\t\t<a data-rel=\"iLightbox[postimages]\" data-title=\"refugiados_missao_roraima_reuniao_comunidade_indigena_1c\" data-caption=\"\" href='https:\/\/www.fraterinternacional.org\/wp-content\/uploads\/2017\/02\/refugiados_missao_roraima_reuniao_comunidade_indigena_1c.jpg'><img decoding=\"async\" width=\"300\" height=\"169\" src=\"https:\/\/www.fraterinternacional.org\/wp-content\/uploads\/2017\/02\/refugiados_missao_roraima_reuniao_comunidade_indigena_1c-300x169.jpg\" class=\"attachment-medium size-medium\" alt=\"\" srcset=\"https:\/\/www.fraterinternacional.org\/wp-content\/uploads\/2017\/02\/refugiados_missao_roraima_reuniao_comunidade_indigena_1c-200x112.jpg 200w, https:\/\/www.fraterinternacional.org\/wp-content\/uploads\/2017\/02\/refugiados_missao_roraima_reuniao_comunidade_indigena_1c-300x169.jpg 300w, https:\/\/www.fraterinternacional.org\/wp-content\/uploads\/2017\/02\/refugiados_missao_roraima_reuniao_comunidade_indigena_1c-400x225.jpg 400w, https:\/\/www.fraterinternacional.org\/wp-content\/uploads\/2017\/02\/refugiados_missao_roraima_reuniao_comunidade_indigena_1c-600x337.jpg 600w, https:\/\/www.fraterinternacional.org\/wp-content\/uploads\/2017\/02\/refugiados_missao_roraima_reuniao_comunidade_indigena_1c.jpg 690w\" sizes=\"(max-width: 300px) 100vw, 300px\" \/><\/a>\n\t\t\t<\/dt><\/dl><br style=\"clear: both\" \/>\n\t\t<\/div>\n\n","protected":false},"excerpt":{"rendered":"<p>Misi\u00f3n Roraima Humanitaria \u2013 noticias del 21 al 25 de febrero A principios de la semana pasada los misioneros y [&hellip;]<\/p>\n","protected":false},"author":11,"featured_media":48651,"comment_status":"closed","ping_status":"closed","sticky":false,"template":"","format":"standard","meta":{"footnotes":""},"categories":[173,120],"tags":[229,3371,98,97],"class_list":["post-48763","post","type-post","status-publish","format-standard","has-post-thumbnail","hentry","category-noticia","category-red-luz-es","tag-diario-es","tag-missao-roraima-humanitaria-es","tag-nucleos-luz-es","tag-servicio-humanitario-es"],"yoast_head":"<!-- This site is optimized with the Yoast SEO Premium plugin v21.0 (Yoast SEO v21.0) - https:\/\/yoast.com\/wordpress\/plugins\/seo\/ -->\n<title>Misi\u00f3n Roraima Humanitaria \u2013 noticias del 21 al 25 de febrero<\/title>\n<meta name=\"description\" content=\"Noticias de la Misi\u00f3n Roraima Humanitaria del d\u00eda 21 al 25 de febrero. Reuni\u00f3n en el Funai referente al apoyo de los refugiados en el CRI.\" \/>\n<meta name=\"robots\" content=\"index, follow, max-snippet:-1, max-image-preview:large, max-video-preview:-1\" \/>\n<link rel=\"canonical\" href=\"https:\/\/www.fraterinternacional.org\/es\/mision-roraima-humanitaria-noticias-21-al-25-de-febrero\/\" \/>\n<meta property=\"og:locale\" content=\"es_ES\" \/>\n<meta property=\"og:type\" content=\"article\" \/>\n<meta property=\"og:title\" content=\"Misi\u00f3n Roraima Humanitaria \u2013 noticias del 21 al 25 de febrero\" \/>\n<meta property=\"og:description\" content=\"Noticias de la Misi\u00f3n Roraima Humanitaria del d\u00eda 21 al 25 de febrero. Reuni\u00f3n en el Funai referente al apoyo de los refugiados en el CRI.\" \/>\n<meta property=\"og:url\" content=\"https:\/\/www.fraterinternacional.org\/es\/mision-roraima-humanitaria-noticias-21-al-25-de-febrero\/\" \/>\n<meta property=\"og:site_name\" content=\"Fraternidade - Federa\u00e7\u00e3o Humanit\u00e1ria Internacional\" \/>\n<meta property=\"article:publisher\" content=\"https:\/\/www.facebook.com\/fraternidadehumanitaria\" \/>\n<meta property=\"article:published_time\" content=\"2017-02-27T18:17:01+00:00\" \/>\n<meta property=\"article:modified_time\" content=\"2017-02-28T23:00:44+00:00\" \/>\n<meta property=\"og:image\" content=\"http:\/\/www.fraterinternacional.org\/wp-content\/uploads\/2017\/02\/refugiados_missao_roraima_rede_artesanato1a.jpg\" \/>\n<meta name=\"author\" content=\"Nelson Frater\" \/>\n<meta name=\"twitter:card\" content=\"summary_large_image\" \/>\n<meta name=\"twitter:creator\" content=\"@fraternidadeFHI\" \/>\n<meta name=\"twitter:site\" content=\"@fraternidadeFHI\" \/>\n<meta name=\"twitter:label1\" content=\"Escrito por\" \/>\n\t<meta name=\"twitter:data1\" content=\"Nelson Frater\" \/>\n\t<meta name=\"twitter:label2\" content=\"Tiempo de lectura\" \/>\n\t<meta name=\"twitter:data2\" content=\"3 minutos\" \/>\n<script type=\"application\/ld+json\" class=\"yoast-schema-graph\">{\"@context\":\"https:\/\/schema.org\",\"@graph\":[{\"@type\":\"WebPage\",\"@id\":\"https:\/\/www.fraterinternacional.org\/es\/mision-roraima-humanitaria-noticias-21-al-25-de-febrero\/\",\"url\":\"https:\/\/www.fraterinternacional.org\/es\/mision-roraima-humanitaria-noticias-21-al-25-de-febrero\/\",\"name\":\"Misi\u00f3n Roraima Humanitaria \u2013 noticias del 21 al 25 de febrero\",\"isPartOf\":{\"@id\":\"https:\/\/www.fraterinternacional.org\/es\/#website\"},\"datePublished\":\"2017-02-27T18:17:01+00:00\",\"dateModified\":\"2017-02-28T23:00:44+00:00\",\"author\":{\"@id\":\"https:\/\/www.fraterinternacional.org\/es\/#\/schema\/person\/facd24ae5f7e6b4ee1aeec7ad1b960ae\"},\"description\":\"Noticias de la Misi\u00f3n Roraima Humanitaria del d\u00eda 21 al 25 de febrero. Reuni\u00f3n en el Funai referente al apoyo de los refugiados en el CRI.\",\"breadcrumb\":{\"@id\":\"https:\/\/www.fraterinternacional.org\/es\/mision-roraima-humanitaria-noticias-21-al-25-de-febrero\/#breadcrumb\"},\"inLanguage\":\"es\",\"potentialAction\":[{\"@type\":\"ReadAction\",\"target\":[\"https:\/\/www.fraterinternacional.org\/es\/mision-roraima-humanitaria-noticias-21-al-25-de-febrero\/\"]}]},{\"@type\":\"BreadcrumbList\",\"@id\":\"https:\/\/www.fraterinternacional.org\/es\/mision-roraima-humanitaria-noticias-21-al-25-de-febrero\/#breadcrumb\",\"itemListElement\":[{\"@type\":\"ListItem\",\"position\":1,\"name\":\"In\u00edcio\",\"item\":\"https:\/\/www.fraterinternacional.org\/es\/\"},{\"@type\":\"ListItem\",\"position\":2,\"name\":\"Misi\u00f3n Roraima Humanitaria \u2013 noticias del 21 al 25 de febrero\"}]},{\"@type\":\"WebSite\",\"@id\":\"https:\/\/www.fraterinternacional.org\/es\/#website\",\"url\":\"https:\/\/www.fraterinternacional.org\/es\/\",\"name\":\"Fraternidade - Federa\u00e7\u00e3o Humanit\u00e1ria Internacional\",\"description\":\"Fraternidade - Federa\u00e7\u00e3o Humanit\u00e1ria Internacional\",\"potentialAction\":[{\"@type\":\"SearchAction\",\"target\":{\"@type\":\"EntryPoint\",\"urlTemplate\":\"https:\/\/www.fraterinternacional.org\/es\/?s={search_term_string}\"},\"query-input\":\"required name=search_term_string\"}],\"inLanguage\":\"es\"},{\"@type\":\"Person\",\"@id\":\"https:\/\/www.fraterinternacional.org\/es\/#\/schema\/person\/facd24ae5f7e6b4ee1aeec7ad1b960ae\",\"name\":\"Nelson Frater\"}]}<\/script>\n<!-- \/ Yoast SEO Premium plugin. -->","yoast_head_json":{"title":"Misi\u00f3n Roraima Humanitaria \u2013 noticias del 21 al 25 de febrero","description":"Noticias de la Misi\u00f3n Roraima Humanitaria del d\u00eda 21 al 25 de febrero. Reuni\u00f3n en el Funai referente al apoyo de los refugiados en el CRI.","robots":{"index":"index","follow":"follow","max-snippet":"max-snippet:-1","max-image-preview":"max-image-preview:large","max-video-preview":"max-video-preview:-1"},"canonical":"https:\/\/www.fraterinternacional.org\/es\/mision-roraima-humanitaria-noticias-21-al-25-de-febrero\/","og_locale":"es_ES","og_type":"article","og_title":"Misi\u00f3n Roraima Humanitaria \u2013 noticias del 21 al 25 de febrero","og_description":"Noticias de la Misi\u00f3n Roraima Humanitaria del d\u00eda 21 al 25 de febrero. Reuni\u00f3n en el Funai referente al apoyo de los refugiados en el CRI.","og_url":"https:\/\/www.fraterinternacional.org\/es\/mision-roraima-humanitaria-noticias-21-al-25-de-febrero\/","og_site_name":"Fraternidade - Federa\u00e7\u00e3o Humanit\u00e1ria Internacional","article_publisher":"https:\/\/www.facebook.com\/fraternidadehumanitaria","article_published_time":"2017-02-27T18:17:01+00:00","article_modified_time":"2017-02-28T23:00:44+00:00","og_image":[{"url":"http:\/\/www.fraterinternacional.org\/wp-content\/uploads\/2017\/02\/refugiados_missao_roraima_rede_artesanato1a.jpg"}],"author":"Nelson Frater","twitter_card":"summary_large_image","twitter_creator":"@fraternidadeFHI","twitter_site":"@fraternidadeFHI","twitter_misc":{"Escrito por":"Nelson Frater","Tiempo de lectura":"3 minutos"},"schema":{"@context":"https:\/\/schema.org","@graph":[{"@type":"WebPage","@id":"https:\/\/www.fraterinternacional.org\/es\/mision-roraima-humanitaria-noticias-21-al-25-de-febrero\/","url":"https:\/\/www.fraterinternacional.org\/es\/mision-roraima-humanitaria-noticias-21-al-25-de-febrero\/","name":"Misi\u00f3n Roraima Humanitaria \u2013 noticias del 21 al 25 de febrero","isPartOf":{"@id":"https:\/\/www.fraterinternacional.org\/es\/#website"},"datePublished":"2017-02-27T18:17:01+00:00","dateModified":"2017-02-28T23:00:44+00:00","author":{"@id":"https:\/\/www.fraterinternacional.org\/es\/#\/schema\/person\/facd24ae5f7e6b4ee1aeec7ad1b960ae"},"description":"Noticias de la Misi\u00f3n Roraima Humanitaria del d\u00eda 21 al 25 de febrero. Reuni\u00f3n en el Funai referente al apoyo de los refugiados en el CRI.","breadcrumb":{"@id":"https:\/\/www.fraterinternacional.org\/es\/mision-roraima-humanitaria-noticias-21-al-25-de-febrero\/#breadcrumb"},"inLanguage":"es","potentialAction":[{"@type":"ReadAction","target":["https:\/\/www.fraterinternacional.org\/es\/mision-roraima-humanitaria-noticias-21-al-25-de-febrero\/"]}]},{"@type":"BreadcrumbList","@id":"https:\/\/www.fraterinternacional.org\/es\/mision-roraima-humanitaria-noticias-21-al-25-de-febrero\/#breadcrumb","itemListElement":[{"@type":"ListItem","position":1,"name":"In\u00edcio","item":"https:\/\/www.fraterinternacional.org\/es\/"},{"@type":"ListItem","position":2,"name":"Misi\u00f3n Roraima Humanitaria \u2013 noticias del 21 al 25 de febrero"}]},{"@type":"WebSite","@id":"https:\/\/www.fraterinternacional.org\/es\/#website","url":"https:\/\/www.fraterinternacional.org\/es\/","name":"Fraternidade - Federa\u00e7\u00e3o Humanit\u00e1ria Internacional","description":"Fraternidade - Federa\u00e7\u00e3o Humanit\u00e1ria Internacional","potentialAction":[{"@type":"SearchAction","target":{"@type":"EntryPoint","urlTemplate":"https:\/\/www.fraterinternacional.org\/es\/?s={search_term_string}"},"query-input":"required name=search_term_string"}],"inLanguage":"es"},{"@type":"Person","@id":"https:\/\/www.fraterinternacional.org\/es\/#\/schema\/person\/facd24ae5f7e6b4ee1aeec7ad1b960ae","name":"Nelson Frater"}]}},"_links":{"self":[{"href":"https:\/\/www.fraterinternacional.org\/es\/wp-json\/wp\/v2\/posts\/48763"}],"collection":[{"href":"https:\/\/www.fraterinternacional.org\/es\/wp-json\/wp\/v2\/posts"}],"about":[{"href":"https:\/\/www.fraterinternacional.org\/es\/wp-json\/wp\/v2\/types\/post"}],"author":[{"embeddable":true,"href":"https:\/\/www.fraterinternacional.org\/es\/wp-json\/wp\/v2\/users\/11"}],"replies":[{"embeddable":true,"href":"https:\/\/www.fraterinternacional.org\/es\/wp-json\/wp\/v2\/comments?post=48763"}],"version-history":[{"count":0,"href":"https:\/\/www.fraterinternacional.org\/es\/wp-json\/wp\/v2\/posts\/48763\/revisions"}],"wp:featuredmedia":[{"embeddable":true,"href":"https:\/\/www.fraterinternacional.org\/es\/wp-json\/wp\/v2\/media\/48651"}],"wp:attachment":[{"href":"https:\/\/www.fraterinternacional.org\/es\/wp-json\/wp\/v2\/media?parent=48763"}],"wp:term":[{"taxonomy":"category","embeddable":true,"href":"https:\/\/www.fraterinternacional.org\/es\/wp-json\/wp\/v2\/categories?post=48763"},{"taxonomy":"post_tag","embeddable":true,"href":"https:\/\/www.fraterinternacional.org\/es\/wp-json\/wp\/v2\/tags?post=48763"}],"curies":[{"name":"wp","href":"https:\/\/api.w.org\/{rel}","templated":true}]}}