{"id":48338,"date":"2017-02-21T22:34:32","date_gmt":"2017-02-22T01:34:32","guid":{"rendered":"http:\/\/www.fraterinternacional.org\/?p=48338\/"},"modified":"2017-02-21T22:46:16","modified_gmt":"2017-02-22T01:46:16","slug":"mision-paraguay-realizo-su-tercer-servicio-a-la-consciencia-indigena","status":"publish","type":"post","link":"https:\/\/www.fraterinternacional.org\/es\/mision-paraguay-realizo-su-tercer-servicio-a-la-consciencia-indigena\/","title":{"rendered":"Misi\u00f3n Paraguay realiz\u00f3 su tercer servicio a la Consciencia Ind\u00edgena"},"content":{"rendered":"<p style=\"text-align: justify;\"><a href=\"http:\/\/www.fraterinternacional.org\/wp-content\/uploads\/2017\/02\/missao-paraguai-terceiro-encontro-01.jpg\"><img decoding=\"async\" class=\"alignleft size-medium wp-image-48315\" src=\"http:\/\/www.fraterinternacional.org\/wp-content\/uploads\/2017\/02\/missao-paraguai-terceiro-encontro-01-300x169.jpg\" alt=\"\" width=\"300\" height=\"169\" srcset=\"https:\/\/www.fraterinternacional.org\/wp-content\/uploads\/2017\/02\/missao-paraguai-terceiro-encontro-01-200x112.jpg 200w, https:\/\/www.fraterinternacional.org\/wp-content\/uploads\/2017\/02\/missao-paraguai-terceiro-encontro-01-300x169.jpg 300w, https:\/\/www.fraterinternacional.org\/wp-content\/uploads\/2017\/02\/missao-paraguai-terceiro-encontro-01-400x225.jpg 400w, https:\/\/www.fraterinternacional.org\/wp-content\/uploads\/2017\/02\/missao-paraguai-terceiro-encontro-01-600x337.jpg 600w, https:\/\/www.fraterinternacional.org\/wp-content\/uploads\/2017\/02\/missao-paraguai-terceiro-encontro-01.jpg 690w\" sizes=\"(max-width: 300px) 100vw, 300px\" \/><\/a>Bajo mucha lluvia fue realizado el Tercer Encuentro de la <a href=\"http:\/\/www.fraterinternacional.org\/es\/campanhas-ffhi\/mision-paraguay\/?portfolioCats=190\">Misi\u00f3n Permanente Paraguay<\/a> \u201cDespertando Semillas\u201d, en apoyo a la Consciencia Ind\u00edgena. Participaron voluntarios de los grupos <a href=\"http:\/\/www.fraterinternacional.org\/es\/red-luz\/\">Red-Luz<\/a> de Paraguay, Argentina y Brasil, as\u00ed como profesionales de salud paraguayos que se ofrendaron para la tarea.<\/p>\n<p style=\"text-align: justify;\">En principio, las actividades deb\u00edan desarrollarse el 11 y 12 de febrero, en dos comunidades guaran\u00edes del departamento (estado o provincia) de Alto Paran\u00e1, pero las condiciones clim\u00e1ticas y de los caminos rurales obligaron a cancelar la programaci\u00f3n del segundo d\u00eda. Solo pudo interactuarse con los integrantes de una comunidad de la etnia Mbya Guarani, en el centro de Ciudad del Este, capital departamental localizada a 320 kil\u00f3metros al oriente de Asunci\u00f3n, la capital del pa\u00eds.<\/p>\n<p><strong>Asistencia de salud<\/strong><\/p>\n<div id=\"attachment_48318\" style=\"width: 310px\" class=\"wp-caption alignright\"><a href=\"http:\/\/www.fraterinternacional.org\/wp-content\/uploads\/2017\/02\/missao-paraguai-terceiro-encontro-02.jpg\"><img decoding=\"async\" aria-describedby=\"caption-attachment-48318\" class=\"wp-image-48318 size-medium\" src=\"http:\/\/www.fraterinternacional.org\/wp-content\/uploads\/2017\/02\/missao-paraguai-terceiro-encontro-02-300x213.jpg\" width=\"300\" height=\"213\" srcset=\"https:\/\/www.fraterinternacional.org\/wp-content\/uploads\/2017\/02\/missao-paraguai-terceiro-encontro-02-200x142.jpg 200w, https:\/\/www.fraterinternacional.org\/wp-content\/uploads\/2017\/02\/missao-paraguai-terceiro-encontro-02-300x213.jpg 300w, https:\/\/www.fraterinternacional.org\/wp-content\/uploads\/2017\/02\/missao-paraguai-terceiro-encontro-02-400x284.jpg 400w, https:\/\/www.fraterinternacional.org\/wp-content\/uploads\/2017\/02\/missao-paraguai-terceiro-encontro-02-600x426.jpg 600w, https:\/\/www.fraterinternacional.org\/wp-content\/uploads\/2017\/02\/missao-paraguai-terceiro-encontro-02.jpg 690w\" sizes=\"(max-width: 300px) 100vw, 300px\" \/><\/a><p id=\"caption-attachment-48318\" class=\"wp-caption-text\">Atenci\u00f3n odontol\u00f3gica<\/p><\/div>\n<p style=\"text-align: justify;\">All\u00ed hubo asistencia m\u00e9dica y odontol\u00f3gica as\u00ed como servicio de peluquer\u00eda (lavado y corte de cabellos) y actividades recreativas con los ni\u00f1os. Tambi\u00e9n se comparti\u00f3 el almuerzo y se efectu\u00f3 la distribuci\u00f3n de v\u00edveres y ropas de donaci\u00f3n, as\u00ed como la entrega de un kit de primeros auxilios. Un m\u00e9dico tuvo a su cargo las consultas cl\u00ednicas que totalizaron 30. Por su parte, cuatro odont\u00f3logas prestaron un amplio servicio de salud bucal que incluy\u00f3 30 obturaciones, 21 extracciones, 10 trabajos de fluorizaci\u00f3n, 10 de profilaxis y 11 medicaciones. En total fueron 82 servicios. Igualmente distribuyeron cepillos de dientes y ense\u00f1aron t\u00e9cnicas de cepillado.<\/p>\n<div id=\"attachment_48321\" style=\"width: 263px\" class=\"wp-caption alignright\"><a href=\"http:\/\/www.fraterinternacional.org\/wp-content\/uploads\/2017\/02\/missao-paraguai-terceiro-encontro-03.jpg\"><img decoding=\"async\" aria-describedby=\"caption-attachment-48321\" class=\"wp-image-48321 size-medium\" src=\"http:\/\/www.fraterinternacional.org\/wp-content\/uploads\/2017\/02\/missao-paraguai-terceiro-encontro-03-253x300.jpg\" width=\"253\" height=\"300\" srcset=\"https:\/\/www.fraterinternacional.org\/wp-content\/uploads\/2017\/02\/missao-paraguai-terceiro-encontro-03-200x238.jpg 200w, https:\/\/www.fraterinternacional.org\/wp-content\/uploads\/2017\/02\/missao-paraguai-terceiro-encontro-03-253x300.jpg 253w, https:\/\/www.fraterinternacional.org\/wp-content\/uploads\/2017\/02\/missao-paraguai-terceiro-encontro-03-400x475.jpg 400w, https:\/\/www.fraterinternacional.org\/wp-content\/uploads\/2017\/02\/missao-paraguai-terceiro-encontro-03.jpg 581w\" sizes=\"(max-width: 253px) 100vw, 253px\" \/><\/a><p id=\"caption-attachment-48321\" class=\"wp-caption-text\">Lavado de cabeza<\/p><\/div>\n<p style=\"text-align: justify;\">\u201cMe impresion\u00f3 el amor y la dedicaci\u00f3n del m\u00e9dico a cada paciente\u201d, coment\u00f3 Alicia Wanda, voluntaria argentina que colabor\u00f3 en las atenciones como enfermera. \u201cLos ni\u00f1os clamaban por cari\u00f1o y les encant\u00f3 la forma como le cortamos el cabello y le lavamos la cabeza\u201d, destac\u00f3 por su parte la brasile\u00f1a Mara \u00c1vila.<\/p>\n<p><strong>Desalojados<\/strong><\/p>\n<p style=\"text-align: justify;\">El d\u00eda 10, parte del grupo de Paraguay visit\u00f3 a ind\u00edgenas de una comunidad Ava Guarani que actualmente se encuentra dispersa despu\u00e9s de haber sido desalojada del terreno que alquilaba al lado de un vertedero, en las afueras de Ciudad del Este. Los voluntarios de la Misi\u00f3n Paraguay se interiorizaron de la precaria situaci\u00f3n en la que se encuentran los nativos, compartieron con algunas madres y ni\u00f1os y dejaron v\u00edveres.<\/p>\n<div id=\"attachment_48324\" style=\"width: 310px\" class=\"wp-caption alignright\"><a href=\"http:\/\/www.fraterinternacional.org\/wp-content\/uploads\/2017\/02\/missao-paraguai-terceiro-encontro-04.jpg\"><img decoding=\"async\" aria-describedby=\"caption-attachment-48324\" class=\"wp-image-48324 size-medium\" src=\"http:\/\/www.fraterinternacional.org\/wp-content\/uploads\/2017\/02\/missao-paraguai-terceiro-encontro-04-300x169.jpg\" width=\"300\" height=\"169\" srcset=\"https:\/\/www.fraterinternacional.org\/wp-content\/uploads\/2017\/02\/missao-paraguai-terceiro-encontro-04-200x112.jpg 200w, https:\/\/www.fraterinternacional.org\/wp-content\/uploads\/2017\/02\/missao-paraguai-terceiro-encontro-04-300x169.jpg 300w, https:\/\/www.fraterinternacional.org\/wp-content\/uploads\/2017\/02\/missao-paraguai-terceiro-encontro-04-400x225.jpg 400w, https:\/\/www.fraterinternacional.org\/wp-content\/uploads\/2017\/02\/missao-paraguai-terceiro-encontro-04-600x337.jpg 600w, https:\/\/www.fraterinternacional.org\/wp-content\/uploads\/2017\/02\/missao-paraguai-terceiro-encontro-04.jpg 690w\" sizes=\"(max-width: 300px) 100vw, 300px\" \/><\/a><p id=\"caption-attachment-48324\" class=\"wp-caption-text\">Asistencia a ind\u00edgenas desalojados<\/p><\/div>\n<p style=\"text-align: justify;\">La \u201cMisi\u00f3n Paraguay- Despertando Semillas\u201d es una misi\u00f3n regional permanente que forma parte de la Campa\u00f1a \u201c<a href=\"http:\/\/www.fraterinternacional.org\/es\/campanhas-ffhi\/mision-pueblos-originarios\/?portfolioCats=185\">Misi\u00f3n junto a los Pueblos Originarios<\/a>\u201d de la <strong>Fraternidade \u2013 Federaci\u00f3n Humanitaria Internacional<\/strong> y que es cumplida por colaboradores de la <a href=\"http:\/\/www.fraterinternacional.org\/es\/?post_type=avada_portfolio&amp;p=28240\/\">Red Misionera Planetaria.<\/a><\/p>\n<p style=\"text-align: justify;\">A pedido de los <a href=\"http:\/\/www.fraterinternacional.org\/es\/mensajeros-divinos\/\">Mensajeros Divinos<\/a>, es ejecutada en la regi\u00f3n del Alto Paran\u00e1 por voluntarios del pa\u00eds anfitri\u00f3n, as\u00ed como del sur del Brasil y nordeste de la Argentina. Esta vez se unieron cinco colaboradoras de las provincias argentinas de Misiones y Chaco, cuatro del estado brasile\u00f1o de Paran\u00e1 y cuatro de la capital paraguaya m\u00e1s el importante apoyo de tres voluntarios de Ciudad del Este y de los cinco profesionales de salud que se trasladaron desde Asunci\u00f3n.<\/p>\n<p style=\"text-align: justify;\">Lea los mensajes de los Mensajeros Divinos sobre la Misi\u00f3n Paraguay:<\/p>\n<p style=\"text-align: justify;\">\u00a0<a href=\"http:\/\/www.divinamadre.org\/es\/mensaje-de-san-jose\/viernes-24-de-junio-de-2016\" target=\"_blank\">http:\/\/www.divinamadre.org\/es\/mensaje-de-san-jose\/viernes-24-de-junio-de-2016<\/a><\/p>\n<p style=\"text-align: justify;\"><a href=\"http:\/\/www.divinamadre.org\/es\/mensaje-de-san-jose\/viernes-1-de-julio-de-2016\" target=\"_blank\">http:\/\/www.divinamadre.org\/es\/mensaje-de-san-jose\/viernes-1-de-julio-de-2016<\/a><\/p>\n<p style=\"text-align: justify;\">Lea el pedido de fundaci\u00f3n de la Red Misionera Planetaria:<\/p>\n<p style=\"text-align: justify;\"><a href=\"http:\/\/www.divinamadre.org\/es\/mensaje-de-san-jose\/martes-16-de-febrero-de-2016\" target=\"_blank\">http:\/\/www.divinamadre.org\/es\/mensaje-de-san-jose\/martes-16-de-febrero-de-2016<\/a><\/p>\n<p>&nbsp;<\/p>\n\n\t\t<style type=\"text\/css\">\n\t\t\t#gallery-1 {\n\t\t\t\tmargin: auto;\n\t\t\t}\n\t\t\t#gallery-1 .gallery-item {\n\t\t\t\tfloat: left;\n\t\t\t\tmargin-top: 10px;\n\t\t\t\ttext-align: center;\n\t\t\t\twidth: 33%;\n\t\t\t}\n\t\t\t#gallery-1 img {\n\t\t\t\tborder: 2px solid #cfcfcf;\n\t\t\t}\n\t\t\t#gallery-1 .gallery-caption {\n\t\t\t\tmargin-left: 0;\n\t\t\t}\n\t\t\t\/* see gallery_shortcode() in wp-includes\/media.php *\/\n\t\t<\/style>\n\t\t<div id='gallery-1' class='gallery galleryid-48338 gallery-columns-3 gallery-size-medium'><dl class='gallery-item'>\n\t\t\t<dt class='gallery-icon landscape'>\n\t\t\t\t<a data-rel=\"iLightbox[postimages]\" data-title=\"missao-paraguai-terceiro-encontro-06\" data-caption=\"Visita a ind\u00edgenas desalojados\" href='https:\/\/www.fraterinternacional.org\/wp-content\/uploads\/2017\/02\/missao-paraguai-terceiro-encontro-06.jpg'><img decoding=\"async\" width=\"300\" height=\"169\" src=\"https:\/\/www.fraterinternacional.org\/wp-content\/uploads\/2017\/02\/missao-paraguai-terceiro-encontro-06-300x169.jpg\" class=\"attachment-medium size-medium\" alt=\"\" aria-describedby=\"gallery-1-48329\" srcset=\"https:\/\/www.fraterinternacional.org\/wp-content\/uploads\/2017\/02\/missao-paraguai-terceiro-encontro-06-200x112.jpg 200w, https:\/\/www.fraterinternacional.org\/wp-content\/uploads\/2017\/02\/missao-paraguai-terceiro-encontro-06-300x169.jpg 300w, https:\/\/www.fraterinternacional.org\/wp-content\/uploads\/2017\/02\/missao-paraguai-terceiro-encontro-06-400x225.jpg 400w, https:\/\/www.fraterinternacional.org\/wp-content\/uploads\/2017\/02\/missao-paraguai-terceiro-encontro-06-600x337.jpg 600w, https:\/\/www.fraterinternacional.org\/wp-content\/uploads\/2017\/02\/missao-paraguai-terceiro-encontro-06.jpg 690w\" sizes=\"(max-width: 300px) 100vw, 300px\" \/><\/a>\n\t\t\t<\/dt>\n\t\t\t\t<dd class='wp-caption-text gallery-caption' id='gallery-1-48329'>\n\t\t\t\tVisita a ind\u00edgenas desalojados\n\t\t\t\t<\/dd><\/dl><dl class='gallery-item'>\n\t\t\t<dt class='gallery-icon landscape'>\n\t\t\t\t<a data-rel=\"iLightbox[postimages]\" data-title=\"missao-paraguai-terceiro-encontro-05\" data-caption=\"Ense\u00f1ando t\u00e9cnicas de cepillado\" href='https:\/\/www.fraterinternacional.org\/wp-content\/uploads\/2017\/02\/missao-paraguai-terceiro-encontro-05.jpg'><img decoding=\"async\" width=\"300\" height=\"235\" src=\"https:\/\/www.fraterinternacional.org\/wp-content\/uploads\/2017\/02\/missao-paraguai-terceiro-encontro-05-300x235.jpg\" class=\"attachment-medium size-medium\" alt=\"\" aria-describedby=\"gallery-1-48332\" srcset=\"https:\/\/www.fraterinternacional.org\/wp-content\/uploads\/2017\/02\/missao-paraguai-terceiro-encontro-05-200x157.jpg 200w, https:\/\/www.fraterinternacional.org\/wp-content\/uploads\/2017\/02\/missao-paraguai-terceiro-encontro-05-300x235.jpg 300w, https:\/\/www.fraterinternacional.org\/wp-content\/uploads\/2017\/02\/missao-paraguai-terceiro-encontro-05-400x313.jpg 400w, https:\/\/www.fraterinternacional.org\/wp-content\/uploads\/2017\/02\/missao-paraguai-terceiro-encontro-05-600x470.jpg 600w, https:\/\/www.fraterinternacional.org\/wp-content\/uploads\/2017\/02\/missao-paraguai-terceiro-encontro-05.jpg 690w\" sizes=\"(max-width: 300px) 100vw, 300px\" \/><\/a>\n\t\t\t<\/dt>\n\t\t\t\t<dd class='wp-caption-text gallery-caption' id='gallery-1-48332'>\n\t\t\t\tEnse\u00f1ando t\u00e9cnicas de cepillado\n\t\t\t\t<\/dd><\/dl><dl class='gallery-item'>\n\t\t\t<dt class='gallery-icon landscape'>\n\t\t\t\t<a data-rel=\"iLightbox[postimages]\" data-title=\"missao-paraguai-terceiro-encontro-08\" data-caption=\"Aldea guaran\u00ed en Ciudad del Este\" href='https:\/\/www.fraterinternacional.org\/wp-content\/uploads\/2017\/02\/missao-paraguai-terceiro-encontro-08.jpg'><img decoding=\"async\" width=\"300\" height=\"169\" src=\"https:\/\/www.fraterinternacional.org\/wp-content\/uploads\/2017\/02\/missao-paraguai-terceiro-encontro-08-300x169.jpg\" class=\"attachment-medium size-medium\" alt=\"\" aria-describedby=\"gallery-1-48335\" srcset=\"https:\/\/www.fraterinternacional.org\/wp-content\/uploads\/2017\/02\/missao-paraguai-terceiro-encontro-08-200x112.jpg 200w, https:\/\/www.fraterinternacional.org\/wp-content\/uploads\/2017\/02\/missao-paraguai-terceiro-encontro-08-300x169.jpg 300w, https:\/\/www.fraterinternacional.org\/wp-content\/uploads\/2017\/02\/missao-paraguai-terceiro-encontro-08-400x225.jpg 400w, https:\/\/www.fraterinternacional.org\/wp-content\/uploads\/2017\/02\/missao-paraguai-terceiro-encontro-08-600x337.jpg 600w, https:\/\/www.fraterinternacional.org\/wp-content\/uploads\/2017\/02\/missao-paraguai-terceiro-encontro-08.jpg 690w\" sizes=\"(max-width: 300px) 100vw, 300px\" \/><\/a>\n\t\t\t<\/dt>\n\t\t\t\t<dd class='wp-caption-text gallery-caption' id='gallery-1-48335'>\n\t\t\t\tAldea guaran\u00ed en Ciudad del Este\n\t\t\t\t<\/dd><\/dl><br style=\"clear: both\" \/>\n\t\t<\/div>\n\n","protected":false},"excerpt":{"rendered":"<p>Bajo mucha lluvia fue realizado el Tercer Encuentro de la Misi\u00f3n Permanente Paraguay \u201cDespertando Semillas\u201d, en apoyo a la Consciencia [&hellip;]<\/p>\n","protected":false},"author":16,"featured_media":48317,"comment_status":"closed","ping_status":"closed","sticky":false,"template":"","format":"standard","meta":{"footnotes":""},"categories":[173,105,120],"tags":[2902,97],"class_list":["post-48338","post","type-post","status-publish","format-standard","has-post-thumbnail","hentry","category-noticia","category-noticias-de-las-misiones","category-red-luz-es","tag-mision-paraguay","tag-servicio-humanitario-es"],"yoast_head":"<!-- This site is optimized with the Yoast SEO Premium plugin v21.0 (Yoast SEO v21.0) - https:\/\/yoast.com\/wordpress\/plugins\/seo\/ -->\n<title>Misi\u00f3n Paraguay realiz\u00f3 su tercer servicio a la Consciencia Ind\u00edgena<\/title>\n<meta name=\"description\" content=\"Participaron voluntarios de Paraguay, Brasil y Argentina. Realizaron servicios m\u00e9dicos, odontol\u00f3gicos, distribuci\u00f3n de v\u00edveres, ropas y medicamentos.\" \/>\n<meta name=\"robots\" content=\"index, follow, max-snippet:-1, max-image-preview:large, max-video-preview:-1\" \/>\n<link rel=\"canonical\" href=\"https:\/\/www.fraterinternacional.org\/es\/mision-paraguay-realizo-su-tercer-servicio-a-la-consciencia-indigena\/\" \/>\n<meta property=\"og:locale\" content=\"es_ES\" \/>\n<meta property=\"og:type\" content=\"article\" \/>\n<meta property=\"og:title\" content=\"Misi\u00f3n Paraguay realiz\u00f3 su tercer servicio a la Consciencia Ind\u00edgena\" \/>\n<meta property=\"og:description\" content=\"Participaron voluntarios de Paraguay, Brasil y Argentina. Realizaron servicios m\u00e9dicos, odontol\u00f3gicos, distribuci\u00f3n de v\u00edveres, ropas y medicamentos.\" \/>\n<meta property=\"og:url\" content=\"https:\/\/www.fraterinternacional.org\/es\/mision-paraguay-realizo-su-tercer-servicio-a-la-consciencia-indigena\/\" \/>\n<meta property=\"og:site_name\" content=\"Fraternidade - Federa\u00e7\u00e3o Humanit\u00e1ria Internacional\" \/>\n<meta property=\"article:publisher\" content=\"https:\/\/www.facebook.com\/fraternidadehumanitaria\" \/>\n<meta property=\"article:published_time\" content=\"2017-02-22T01:34:32+00:00\" \/>\n<meta property=\"article:modified_time\" content=\"2017-02-22T01:46:16+00:00\" \/>\n<meta property=\"og:image\" content=\"http:\/\/www.fraterinternacional.org\/wp-content\/uploads\/2017\/02\/missao-paraguai-terceiro-encontro-01.jpg\" \/>\n<meta name=\"author\" content=\"Sergio Redator Espanhol\" \/>\n<meta name=\"twitter:card\" content=\"summary_large_image\" \/>\n<meta name=\"twitter:title\" content=\"Misi\u00f3n Paraguay realiz\u00f3 su tercer servicio a la Consciencia Ind\u00edgena\" \/>\n<meta name=\"twitter:description\" content=\"Participaron voluntarios de Paraguay, Brasil y Argentina. Realizaron servicios m\u00e9dicos, odontol\u00f3gicos, distribuci\u00f3n de v\u00edveres, ropas y medicamentos.\" \/>\n<meta name=\"twitter:image\" content=\"http:\/\/www.fraterinternacional.org\/wp-content\/uploads\/2017\/02\/missao-paraguai-terceiro-encontro-01.jpg\" \/>\n<meta name=\"twitter:creator\" content=\"@fraternidadeFHI\" \/>\n<meta name=\"twitter:site\" content=\"@fraternidadeFHI\" \/>\n<meta name=\"twitter:label1\" content=\"Escrito por\" \/>\n\t<meta name=\"twitter:data1\" content=\"Sergio Redator Espanhol\" \/>\n\t<meta name=\"twitter:label2\" content=\"Tiempo de lectura\" \/>\n\t<meta name=\"twitter:data2\" content=\"3 minutos\" \/>\n<script type=\"application\/ld+json\" class=\"yoast-schema-graph\">{\"@context\":\"https:\/\/schema.org\",\"@graph\":[{\"@type\":\"WebPage\",\"@id\":\"https:\/\/www.fraterinternacional.org\/es\/mision-paraguay-realizo-su-tercer-servicio-a-la-consciencia-indigena\/\",\"url\":\"https:\/\/www.fraterinternacional.org\/es\/mision-paraguay-realizo-su-tercer-servicio-a-la-consciencia-indigena\/\",\"name\":\"Misi\u00f3n Paraguay realiz\u00f3 su tercer servicio a la Consciencia Ind\u00edgena\",\"isPartOf\":{\"@id\":\"https:\/\/www.fraterinternacional.org\/es\/#website\"},\"datePublished\":\"2017-02-22T01:34:32+00:00\",\"dateModified\":\"2017-02-22T01:46:16+00:00\",\"author\":{\"@id\":\"https:\/\/www.fraterinternacional.org\/es\/#\/schema\/person\/cf24d3eac28b0e09714ecb8cbd865c28\"},\"description\":\"Participaron voluntarios de Paraguay, Brasil y Argentina. Realizaron servicios m\u00e9dicos, odontol\u00f3gicos, distribuci\u00f3n de v\u00edveres, ropas y medicamentos.\",\"breadcrumb\":{\"@id\":\"https:\/\/www.fraterinternacional.org\/es\/mision-paraguay-realizo-su-tercer-servicio-a-la-consciencia-indigena\/#breadcrumb\"},\"inLanguage\":\"es\",\"potentialAction\":[{\"@type\":\"ReadAction\",\"target\":[\"https:\/\/www.fraterinternacional.org\/es\/mision-paraguay-realizo-su-tercer-servicio-a-la-consciencia-indigena\/\"]}]},{\"@type\":\"BreadcrumbList\",\"@id\":\"https:\/\/www.fraterinternacional.org\/es\/mision-paraguay-realizo-su-tercer-servicio-a-la-consciencia-indigena\/#breadcrumb\",\"itemListElement\":[{\"@type\":\"ListItem\",\"position\":1,\"name\":\"In\u00edcio\",\"item\":\"https:\/\/www.fraterinternacional.org\/es\/\"},{\"@type\":\"ListItem\",\"position\":2,\"name\":\"Misi\u00f3n Paraguay realiz\u00f3 su tercer servicio a la Consciencia Ind\u00edgena\"}]},{\"@type\":\"WebSite\",\"@id\":\"https:\/\/www.fraterinternacional.org\/es\/#website\",\"url\":\"https:\/\/www.fraterinternacional.org\/es\/\",\"name\":\"Fraternidade - Federa\u00e7\u00e3o Humanit\u00e1ria Internacional\",\"description\":\"Fraternidade - Federa\u00e7\u00e3o Humanit\u00e1ria Internacional\",\"potentialAction\":[{\"@type\":\"SearchAction\",\"target\":{\"@type\":\"EntryPoint\",\"urlTemplate\":\"https:\/\/www.fraterinternacional.org\/es\/?s={search_term_string}\"},\"query-input\":\"required name=search_term_string\"}],\"inLanguage\":\"es\"},{\"@type\":\"Person\",\"@id\":\"https:\/\/www.fraterinternacional.org\/es\/#\/schema\/person\/cf24d3eac28b0e09714ecb8cbd865c28\",\"name\":\"Sergio Redator Espanhol\"}]}<\/script>\n<!-- \/ Yoast SEO Premium plugin. -->","yoast_head_json":{"title":"Misi\u00f3n Paraguay realiz\u00f3 su tercer servicio a la Consciencia Ind\u00edgena","description":"Participaron voluntarios de Paraguay, Brasil y Argentina. Realizaron servicios m\u00e9dicos, odontol\u00f3gicos, distribuci\u00f3n de v\u00edveres, ropas y medicamentos.","robots":{"index":"index","follow":"follow","max-snippet":"max-snippet:-1","max-image-preview":"max-image-preview:large","max-video-preview":"max-video-preview:-1"},"canonical":"https:\/\/www.fraterinternacional.org\/es\/mision-paraguay-realizo-su-tercer-servicio-a-la-consciencia-indigena\/","og_locale":"es_ES","og_type":"article","og_title":"Misi\u00f3n Paraguay realiz\u00f3 su tercer servicio a la Consciencia Ind\u00edgena","og_description":"Participaron voluntarios de Paraguay, Brasil y Argentina. Realizaron servicios m\u00e9dicos, odontol\u00f3gicos, distribuci\u00f3n de v\u00edveres, ropas y medicamentos.","og_url":"https:\/\/www.fraterinternacional.org\/es\/mision-paraguay-realizo-su-tercer-servicio-a-la-consciencia-indigena\/","og_site_name":"Fraternidade - Federa\u00e7\u00e3o Humanit\u00e1ria Internacional","article_publisher":"https:\/\/www.facebook.com\/fraternidadehumanitaria","article_published_time":"2017-02-22T01:34:32+00:00","article_modified_time":"2017-02-22T01:46:16+00:00","og_image":[{"url":"http:\/\/www.fraterinternacional.org\/wp-content\/uploads\/2017\/02\/missao-paraguai-terceiro-encontro-01.jpg"}],"author":"Sergio Redator Espanhol","twitter_card":"summary_large_image","twitter_title":"Misi\u00f3n Paraguay realiz\u00f3 su tercer servicio a la Consciencia Ind\u00edgena","twitter_description":"Participaron voluntarios de Paraguay, Brasil y Argentina. Realizaron servicios m\u00e9dicos, odontol\u00f3gicos, distribuci\u00f3n de v\u00edveres, ropas y medicamentos.","twitter_image":"http:\/\/www.fraterinternacional.org\/wp-content\/uploads\/2017\/02\/missao-paraguai-terceiro-encontro-01.jpg","twitter_creator":"@fraternidadeFHI","twitter_site":"@fraternidadeFHI","twitter_misc":{"Escrito por":"Sergio Redator Espanhol","Tiempo de lectura":"3 minutos"},"schema":{"@context":"https:\/\/schema.org","@graph":[{"@type":"WebPage","@id":"https:\/\/www.fraterinternacional.org\/es\/mision-paraguay-realizo-su-tercer-servicio-a-la-consciencia-indigena\/","url":"https:\/\/www.fraterinternacional.org\/es\/mision-paraguay-realizo-su-tercer-servicio-a-la-consciencia-indigena\/","name":"Misi\u00f3n Paraguay realiz\u00f3 su tercer servicio a la Consciencia Ind\u00edgena","isPartOf":{"@id":"https:\/\/www.fraterinternacional.org\/es\/#website"},"datePublished":"2017-02-22T01:34:32+00:00","dateModified":"2017-02-22T01:46:16+00:00","author":{"@id":"https:\/\/www.fraterinternacional.org\/es\/#\/schema\/person\/cf24d3eac28b0e09714ecb8cbd865c28"},"description":"Participaron voluntarios de Paraguay, Brasil y Argentina. Realizaron servicios m\u00e9dicos, odontol\u00f3gicos, distribuci\u00f3n de v\u00edveres, ropas y medicamentos.","breadcrumb":{"@id":"https:\/\/www.fraterinternacional.org\/es\/mision-paraguay-realizo-su-tercer-servicio-a-la-consciencia-indigena\/#breadcrumb"},"inLanguage":"es","potentialAction":[{"@type":"ReadAction","target":["https:\/\/www.fraterinternacional.org\/es\/mision-paraguay-realizo-su-tercer-servicio-a-la-consciencia-indigena\/"]}]},{"@type":"BreadcrumbList","@id":"https:\/\/www.fraterinternacional.org\/es\/mision-paraguay-realizo-su-tercer-servicio-a-la-consciencia-indigena\/#breadcrumb","itemListElement":[{"@type":"ListItem","position":1,"name":"In\u00edcio","item":"https:\/\/www.fraterinternacional.org\/es\/"},{"@type":"ListItem","position":2,"name":"Misi\u00f3n Paraguay realiz\u00f3 su tercer servicio a la Consciencia Ind\u00edgena"}]},{"@type":"WebSite","@id":"https:\/\/www.fraterinternacional.org\/es\/#website","url":"https:\/\/www.fraterinternacional.org\/es\/","name":"Fraternidade - Federa\u00e7\u00e3o Humanit\u00e1ria Internacional","description":"Fraternidade - Federa\u00e7\u00e3o Humanit\u00e1ria Internacional","potentialAction":[{"@type":"SearchAction","target":{"@type":"EntryPoint","urlTemplate":"https:\/\/www.fraterinternacional.org\/es\/?s={search_term_string}"},"query-input":"required name=search_term_string"}],"inLanguage":"es"},{"@type":"Person","@id":"https:\/\/www.fraterinternacional.org\/es\/#\/schema\/person\/cf24d3eac28b0e09714ecb8cbd865c28","name":"Sergio Redator Espanhol"}]}},"_links":{"self":[{"href":"https:\/\/www.fraterinternacional.org\/es\/wp-json\/wp\/v2\/posts\/48338"}],"collection":[{"href":"https:\/\/www.fraterinternacional.org\/es\/wp-json\/wp\/v2\/posts"}],"about":[{"href":"https:\/\/www.fraterinternacional.org\/es\/wp-json\/wp\/v2\/types\/post"}],"author":[{"embeddable":true,"href":"https:\/\/www.fraterinternacional.org\/es\/wp-json\/wp\/v2\/users\/16"}],"replies":[{"embeddable":true,"href":"https:\/\/www.fraterinternacional.org\/es\/wp-json\/wp\/v2\/comments?post=48338"}],"version-history":[{"count":0,"href":"https:\/\/www.fraterinternacional.org\/es\/wp-json\/wp\/v2\/posts\/48338\/revisions"}],"wp:featuredmedia":[{"embeddable":true,"href":"https:\/\/www.fraterinternacional.org\/es\/wp-json\/wp\/v2\/media\/48317"}],"wp:attachment":[{"href":"https:\/\/www.fraterinternacional.org\/es\/wp-json\/wp\/v2\/media?parent=48338"}],"wp:term":[{"taxonomy":"category","embeddable":true,"href":"https:\/\/www.fraterinternacional.org\/es\/wp-json\/wp\/v2\/categories?post=48338"},{"taxonomy":"post_tag","embeddable":true,"href":"https:\/\/www.fraterinternacional.org\/es\/wp-json\/wp\/v2\/tags?post=48338"}],"curies":[{"name":"wp","href":"https:\/\/api.w.org\/{rel}","templated":true}]}}