{"id":43662,"date":"2017-01-13T15:06:00","date_gmt":"2017-01-13T18:06:00","guid":{"rendered":"http:\/\/www.fraterinternacional.org\/?p=43662\/"},"modified":"2017-01-13T15:06:00","modified_gmt":"2017-01-13T18:06:00","slug":"voluntarias-de-tres-paises-se-unen-para-auxiliar-a-la-consciencia-indigena-de-paraguay","status":"publish","type":"post","link":"https:\/\/www.fraterinternacional.org\/es\/voluntarias-de-tres-paises-se-unen-para-auxiliar-a-la-consciencia-indigena-de-paraguay\/","title":{"rendered":"Voluntarias de tres pa\u00edses se unen para auxiliar a la consciencia ind\u00edgena de Paraguay"},"content":{"rendered":"<p style=\"text-align: justify;\"><a href=\"http:\/\/www.fraterinternacional.org\/wp-content\/uploads\/2017\/01\/missao-paraguai-segundo-encontro-outubro-2016_03.jpg\"><img decoding=\"async\" class=\"size-medium wp-image-43631 alignleft\" src=\"http:\/\/www.fraterinternacional.org\/wp-content\/uploads\/2017\/01\/missao-paraguai-segundo-encontro-outubro-2016_03-300x169.jpg\" alt=\"\" width=\"300\" height=\"169\" srcset=\"https:\/\/www.fraterinternacional.org\/wp-content\/uploads\/2017\/01\/missao-paraguai-segundo-encontro-outubro-2016_03-200x112.jpg 200w, https:\/\/www.fraterinternacional.org\/wp-content\/uploads\/2017\/01\/missao-paraguai-segundo-encontro-outubro-2016_03-300x169.jpg 300w, https:\/\/www.fraterinternacional.org\/wp-content\/uploads\/2017\/01\/missao-paraguai-segundo-encontro-outubro-2016_03-400x225.jpg 400w, https:\/\/www.fraterinternacional.org\/wp-content\/uploads\/2017\/01\/missao-paraguai-segundo-encontro-outubro-2016_03-600x337.jpg 600w, https:\/\/www.fraterinternacional.org\/wp-content\/uploads\/2017\/01\/missao-paraguai-segundo-encontro-outubro-2016_03.jpg 690w\" sizes=\"(max-width: 300px) 100vw, 300px\" \/><\/a>En un ejercicio de trascendencia de antiguas heridas hist\u00f3ricas, representantes de las naciones de Argentina, Brasil y Paraguay se unieron para prestar auxilio a la consciencia ind\u00edgena en tres comunidades originarias del departamento de Alto Paran\u00e1, al este del Paraguay. Ese s\u00edmbolo de reconciliaci\u00f3n constituy\u00f3 la continuaci\u00f3n de la <a href=\"http:\/\/www.fraterinternacional.org\/es\/campanhas-ffhi\/mision-paraguay\/?portfolioCats=190\">\u201cMisi\u00f3n Paraguay, Despertando Semillas\u201d<\/a>, que a pedido de los <a href=\"http:\/\/www.fraterinternacional.org\/es\/mensajeros-divinos\/\">Mensajeros Divinos<\/a> hab\u00eda sido realizada por la <strong>Fraternidade \u2013 Federaci\u00f3n Humanitaria Internacional<\/strong>, entre el 21 de junio y el 4 de julio de 2016.<\/p>\n<p style=\"text-align: justify;\"><a href=\"http:\/\/www.fraterinternacional.org\/wp-content\/uploads\/2017\/01\/missao-paraguai-segundo-encontro-outubro-2016_10.jpg\"><img decoding=\"async\" class=\"size-medium wp-image-43634 alignright\" src=\"http:\/\/www.fraterinternacional.org\/wp-content\/uploads\/2017\/01\/missao-paraguai-segundo-encontro-outubro-2016_10-300x209.jpg\" alt=\"\" width=\"300\" height=\"209\" srcset=\"https:\/\/www.fraterinternacional.org\/wp-content\/uploads\/2017\/01\/missao-paraguai-segundo-encontro-outubro-2016_10-200x139.jpg 200w, https:\/\/www.fraterinternacional.org\/wp-content\/uploads\/2017\/01\/missao-paraguai-segundo-encontro-outubro-2016_10-300x209.jpg 300w, https:\/\/www.fraterinternacional.org\/wp-content\/uploads\/2017\/01\/missao-paraguai-segundo-encontro-outubro-2016_10-400x278.jpg 400w, https:\/\/www.fraterinternacional.org\/wp-content\/uploads\/2017\/01\/missao-paraguai-segundo-encontro-outubro-2016_10-600x417.jpg 600w, https:\/\/www.fraterinternacional.org\/wp-content\/uploads\/2017\/01\/missao-paraguai-segundo-encontro-outubro-2016_10.jpg 690w\" sizes=\"(max-width: 300px) 100vw, 300px\" \/><\/a>\u201cTrabajamos juntas por primera vez pero parec\u00eda que fuese desde siempre, la armon\u00eda y la fraternidad reinaron en este servicio conjunto y eso fue lo m\u00e1s hermoso de esta segunda misi\u00f3n por la consciencia ind\u00edgena\u201d, destac\u00f3 Faustina, coordinadora del grupo <a href=\"http:\/\/www.fraterinternacional.org\/es\/red-luz\/\">Red-Luz<\/a> de Paraguay, quien junto a otras 18 voluntarias ejecutaron, como grupo regional, esta tarea de la <a href=\"http:\/\/www.fraterinternacional.org\/es\/la-fraternidade-creara-red-de-misioneros\/\">Red Misionera Planetaria<\/a>.<\/p>\n<p style=\"text-align: justify;\">Participaron de este Segundo Encuentro de la Misi\u00f3n Permanente Paraguay seis colaboradoras de la Red-Luz del Nordeste de Argentina (provincias de Misiones, Chaco y Formosa), cinco de la Red-Luz de Brasil (estados de Paran\u00e1 y Bah\u00eda) y ocho de la Red-Luz de Paraguay. El evento se realiz\u00f3 el 30 y 31 de octubre pasados.<\/p>\n<p style=\"text-align: justify;\"><a href=\"http:\/\/www.fraterinternacional.org\/wp-content\/uploads\/2017\/01\/missao-paraguai-segundo-encontro-outubro-2016_05.jpg\"><img decoding=\"async\" class=\"size-medium wp-image-43644 alignleft\" src=\"http:\/\/www.fraterinternacional.org\/wp-content\/uploads\/2017\/01\/missao-paraguai-segundo-encontro-outubro-2016_05-300x169.jpg\" alt=\"\" width=\"300\" height=\"169\" srcset=\"https:\/\/www.fraterinternacional.org\/wp-content\/uploads\/2017\/01\/missao-paraguai-segundo-encontro-outubro-2016_05-200x112.jpg 200w, https:\/\/www.fraterinternacional.org\/wp-content\/uploads\/2017\/01\/missao-paraguai-segundo-encontro-outubro-2016_05-300x169.jpg 300w, https:\/\/www.fraterinternacional.org\/wp-content\/uploads\/2017\/01\/missao-paraguai-segundo-encontro-outubro-2016_05-400x225.jpg 400w, https:\/\/www.fraterinternacional.org\/wp-content\/uploads\/2017\/01\/missao-paraguai-segundo-encontro-outubro-2016_05-600x337.jpg 600w, https:\/\/www.fraterinternacional.org\/wp-content\/uploads\/2017\/01\/missao-paraguai-segundo-encontro-outubro-2016_05.jpg 690w\" sizes=\"(max-width: 300px) 100vw, 300px\" \/><\/a>Las voluntarias visitaron a los grupos nativos con los cuales comenz\u00f3 el trabajo en junio pasado: una comunidad de la etnia Mbya Guarani -100 habitantes- y otra de la etnia Ava Guarani -80 habitantes-, ambas situadas en Ciudad del Este, capital de Alto Paran\u00e1 (320 kil\u00f3metros al oriente de Asunci\u00f3n, la capital del pa\u00eds), as\u00ed como una comunidad Mbya Guarani, compuesta de cinco aldeas \u2013alrededor de 400 habitantes- y localizada en la jurisdicci\u00f3n de Presidente Franco (10 kil\u00f3metros al sudeste de Ciudad del Este).<\/p>\n<p style=\"text-align: justify;\"><strong>Fraternidad<\/strong><\/p>\n<p style=\"text-align: justify;\"><a href=\"http:\/\/www.fraterinternacional.org\/wp-content\/uploads\/2017\/01\/missao-paraguai-segundo-encontro-outubro-2016_02.jpg\"><img decoding=\"async\" class=\"alignright size-medium wp-image-43637\" src=\"http:\/\/www.fraterinternacional.org\/wp-content\/uploads\/2017\/01\/missao-paraguai-segundo-encontro-outubro-2016_02-300x186.jpg\" alt=\"\" width=\"300\" height=\"186\" srcset=\"https:\/\/www.fraterinternacional.org\/wp-content\/uploads\/2017\/01\/missao-paraguai-segundo-encontro-outubro-2016_02-200x124.jpg 200w, https:\/\/www.fraterinternacional.org\/wp-content\/uploads\/2017\/01\/missao-paraguai-segundo-encontro-outubro-2016_02-300x186.jpg 300w, https:\/\/www.fraterinternacional.org\/wp-content\/uploads\/2017\/01\/missao-paraguai-segundo-encontro-outubro-2016_02-400x248.jpg 400w, https:\/\/www.fraterinternacional.org\/wp-content\/uploads\/2017\/01\/missao-paraguai-segundo-encontro-outubro-2016_02-600x371.jpg 600w, https:\/\/www.fraterinternacional.org\/wp-content\/uploads\/2017\/01\/missao-paraguai-segundo-encontro-outubro-2016_02.jpg 690w\" sizes=\"(max-width: 300px) 100vw, 300px\" \/><\/a>Adem\u00e1s de compartir el d\u00eda con los ind\u00edgenas, las colaboradoras distribuyeron v\u00edveres y otras donaciones cuya necesidad hab\u00eda sido detectada durante la primera visita. Repartieron 525 kilos de alimentos (arroz, fideo, aceite, sal gruesa, poroto y banana), 62 pares de botas de lluvia, 80 pares de guantes de cuero, herramientas de trabajo y colchones. Las botas y guantes tienen el prop\u00f3sito de brindar mayor protecci\u00f3n a los nativos que se ven obligados a reciclar objetos en los vertederos de basura para sobrevivir.<\/p>\n<p style=\"text-align: justify;\">Las participantes interactuaron tambi\u00e9n con las comunidades ind\u00edgenas preparando el almuerzo y realizando actividades recreativas con los ni\u00f1os.<\/p>\n<p style=\"text-align: justify;\"><a href=\"http:\/\/www.fraterinternacional.org\/wp-content\/uploads\/2017\/01\/missao-paraguai-segundo-encontro-outubro-2016_06.jpg\"><img decoding=\"async\" class=\"size-medium wp-image-43640 alignleft\" src=\"http:\/\/www.fraterinternacional.org\/wp-content\/uploads\/2017\/01\/missao-paraguai-segundo-encontro-outubro-2016_06-169x300.jpg\" alt=\"\" width=\"169\" height=\"300\" srcset=\"https:\/\/www.fraterinternacional.org\/wp-content\/uploads\/2017\/01\/missao-paraguai-segundo-encontro-outubro-2016_06-169x300.jpg 169w, https:\/\/www.fraterinternacional.org\/wp-content\/uploads\/2017\/01\/missao-paraguai-segundo-encontro-outubro-2016_06-200x356.jpg 200w, https:\/\/www.fraterinternacional.org\/wp-content\/uploads\/2017\/01\/missao-paraguai-segundo-encontro-outubro-2016_06.jpg 388w\" sizes=\"(max-width: 169px) 100vw, 169px\" \/><\/a><\/p>\n<p style=\"text-align: justify;\">\u201cEstoy muy agradecida a Dios por tener la oportunidad de interactuar con estos seres tan puros, tan simples, tan humildes, tan dulces. Los ind\u00edgenas de este pa\u00eds transmiten una pureza y un amor tan grandes que modifican nuestra energ\u00eda\u201d, dijo Miriam Evangelista, del grupo Red-Luz de Salvador, Bah\u00eda, Brasil.<\/p>\n<p style=\"text-align: justify;\">\u201cFue muy lindo ver a esa pareja de ancianos recibi\u00e9ndonos con los brazos abiertos, sin esperar absolutamente nada de nosotros, sin ning\u00fan inter\u00e9s. Con una pureza de coraz\u00f3n muy dif\u00edcil de encontrar nos abrieron su casita. Me conmovi\u00f3 mucho\u201d, destac\u00f3 Mara \u00c1vila, del grupo Red-Luz de Foz de Yguazu, Paran\u00e1, Brasil.<\/p>\n<p style=\"text-align: justify;\">\u201cEn todas las comunidades que visitamos nos recibieron de una manera tan fraterna que me sorprendi\u00f3. Adem\u00e1s en todas preguntaron si cuando ir\u00edamos a regresar. Siento eso como un importante impulso para continuar\u201d, sintetiz\u00f3 Laura Robles, del grupo Red-Luz de Eldorado, Misiones, Argentina.<\/p>\n<p style=\"text-align: justify;\"><strong>Tercer encuentro<\/strong><\/p>\n<p style=\"text-align: justify;\"><a href=\"http:\/\/www.fraterinternacional.org\/wp-content\/uploads\/2017\/01\/missao-paraguai-segundo-encontro-outubro-2016_04.jpg\"><img decoding=\"async\" class=\"alignright size-medium wp-image-43647\" src=\"http:\/\/www.fraterinternacional.org\/wp-content\/uploads\/2017\/01\/missao-paraguai-segundo-encontro-outubro-2016_04-300x178.jpg\" alt=\"\" width=\"300\" height=\"178\" srcset=\"https:\/\/www.fraterinternacional.org\/wp-content\/uploads\/2017\/01\/missao-paraguai-segundo-encontro-outubro-2016_04-200x119.jpg 200w, https:\/\/www.fraterinternacional.org\/wp-content\/uploads\/2017\/01\/missao-paraguai-segundo-encontro-outubro-2016_04-300x178.jpg 300w, https:\/\/www.fraterinternacional.org\/wp-content\/uploads\/2017\/01\/missao-paraguai-segundo-encontro-outubro-2016_04-400x238.jpg 400w, https:\/\/www.fraterinternacional.org\/wp-content\/uploads\/2017\/01\/missao-paraguai-segundo-encontro-outubro-2016_04-600x357.jpg 600w, https:\/\/www.fraterinternacional.org\/wp-content\/uploads\/2017\/01\/missao-paraguai-segundo-encontro-outubro-2016_04.jpg 690w\" sizes=\"(max-width: 300px) 100vw, 300px\" \/><\/a>En una de las aldeas, inform\u00f3 Faustina, ya fue concluida la construcci\u00f3n del \u2018opy\u2019 (casa de oraci\u00f3n), cuyos materiales hab\u00edan sido reunidos durante la primera Misi\u00f3n Paraguay, mientras que en otra contin\u00faan faltando los insumos por falta de un veh\u00edculo de carga, motivo por el cual, el grupo dej\u00f3 un aporte en dinero para que los ind\u00edgenas puedan pagar el flete y trasportar lo que precisan desde un bosque cercano. En una tercera comunidad, el cacique solicit\u00f3 ayuda para la construcci\u00f3n de un pozo de agua en el patio de la escuela.<\/p>\n<p style=\"text-align: justify;\"><a href=\"http:\/\/www.fraterinternacional.org\/wp-content\/uploads\/2017\/01\/missao-paraguai-segundo-encontro-outubro-2016_13.jpg\"><img decoding=\"async\" class=\"alignleft size-medium wp-image-43650\" src=\"http:\/\/www.fraterinternacional.org\/wp-content\/uploads\/2017\/01\/missao-paraguai-segundo-encontro-outubro-2016_13-253x300.jpg\" alt=\"\" width=\"253\" height=\"300\" srcset=\"https:\/\/www.fraterinternacional.org\/wp-content\/uploads\/2017\/01\/missao-paraguai-segundo-encontro-outubro-2016_13-200x237.jpg 200w, https:\/\/www.fraterinternacional.org\/wp-content\/uploads\/2017\/01\/missao-paraguai-segundo-encontro-outubro-2016_13-253x300.jpg 253w, https:\/\/www.fraterinternacional.org\/wp-content\/uploads\/2017\/01\/missao-paraguai-segundo-encontro-outubro-2016_13-400x474.jpg 400w, https:\/\/www.fraterinternacional.org\/wp-content\/uploads\/2017\/01\/missao-paraguai-segundo-encontro-outubro-2016_13.jpg 582w\" sizes=\"(max-width: 253px) 100vw, 253px\" \/><\/a><\/p>\n<p style=\"text-align: justify;\">El Tercer Encuentro de la Misi\u00f3n Paraguay se realizar\u00e1 en dos comunidades ind\u00edgenas de Ciudad del Este el s\u00e1bado 11 y domingo 12 de febrero pr\u00f3ximos. Para el efecto, el grupo Red-Luz Paraguay inici\u00f3 una campa\u00f1a de recolecci\u00f3n de donaciones de alimentos no perecederos.<\/p>\n<p style=\"text-align: justify;\">La \u201cMisi\u00f3n Paraguay- Despertando Semillas\u201d, de ayuda humanitaria, forma parte de la Campa\u00f1a <a href=\"http:\/\/www.fraterinternacional.org\/es\/campanhas-ffhi\/mision-pueblos-originarios\/\">\u201cMisi\u00f3n junto a los Pueblos Originarios\u201d<\/a> de la <strong>Fraternidade \u2013 Federaci\u00f3n Humanitaria Internacional<\/strong>.<\/p>\n<p style=\"text-align: justify;\">Lea los mensajes de los Mensajeros Divinos sobre la Misi\u00f3n Paraguay:<br \/>\n<a href=\"http:\/\/www.divinamadre.org\/es\/mensaje-de-san-jose\/viernes-24-de-junio-de-2016\" target=\"_blank\">http:\/\/www.divinamadre.org\/es\/mensaje-de-san-jose\/viernes-24-de-junio-de-2016<\/a><\/p>\n<p style=\"text-align: justify;\"><a href=\"http:\/\/www.divinamadre.org\/es\/mensaje-de-san-jose\/viernes-1-de-julio-de-2016\" target=\"_blank\">http:\/\/www.divinamadre.org\/es\/mensaje-de-san-jose\/viernes-1-de-julio-de-2016<\/a><\/p>\n<p style=\"text-align: justify;\">Lea el pedido de fundaci\u00f3n de la Red Misionera Planetaria:<br \/>\n<a href=\"http:\/\/www.divinamadre.org\/es\/mensaje-de-san-jose\/martes-16-de-febrero-de-2016\" target=\"_blank\">http:\/\/www.divinamadre.org\/es\/mensaje-de-san-jose\/martes-16-de-febrero-de-2016<\/a><\/p>\n<p>&nbsp;<\/p>\n\n\t\t<style type=\"text\/css\">\n\t\t\t#gallery-1 {\n\t\t\t\tmargin: auto;\n\t\t\t}\n\t\t\t#gallery-1 .gallery-item {\n\t\t\t\tfloat: left;\n\t\t\t\tmargin-top: 10px;\n\t\t\t\ttext-align: center;\n\t\t\t\twidth: 50%;\n\t\t\t}\n\t\t\t#gallery-1 img {\n\t\t\t\tborder: 2px solid #cfcfcf;\n\t\t\t}\n\t\t\t#gallery-1 .gallery-caption {\n\t\t\t\tmargin-left: 0;\n\t\t\t}\n\t\t\t\/* see gallery_shortcode() in wp-includes\/media.php *\/\n\t\t<\/style>\n\t\t<div id='gallery-1' class='gallery galleryid-43662 gallery-columns-2 gallery-size-medium'><dl class='gallery-item'>\n\t\t\t<dt class='gallery-icon portrait'>\n\t\t\t\t<a data-rel=\"iLightbox[postimages]\" data-title=\"missao-paraguai-segundo-encontro-outubro-2016_09\" data-caption=\"\" href='https:\/\/www.fraterinternacional.org\/wp-content\/uploads\/2017\/01\/missao-paraguai-segundo-encontro-outubro-2016_09.jpg'><img decoding=\"async\" width=\"169\" height=\"300\" src=\"https:\/\/www.fraterinternacional.org\/wp-content\/uploads\/2017\/01\/missao-paraguai-segundo-encontro-outubro-2016_09-169x300.jpg\" class=\"attachment-medium size-medium\" alt=\"\" srcset=\"https:\/\/www.fraterinternacional.org\/wp-content\/uploads\/2017\/01\/missao-paraguai-segundo-encontro-outubro-2016_09-169x300.jpg 169w, https:\/\/www.fraterinternacional.org\/wp-content\/uploads\/2017\/01\/missao-paraguai-segundo-encontro-outubro-2016_09-200x356.jpg 200w, https:\/\/www.fraterinternacional.org\/wp-content\/uploads\/2017\/01\/missao-paraguai-segundo-encontro-outubro-2016_09.jpg 388w\" sizes=\"(max-width: 169px) 100vw, 169px\" \/><\/a>\n\t\t\t<\/dt><\/dl><dl class='gallery-item'>\n\t\t\t<dt class='gallery-icon portrait'>\n\t\t\t\t<a data-rel=\"iLightbox[postimages]\" data-title=\"missao-paraguai-segundo-encontro-outubro-2016_08\" data-caption=\"\" href='https:\/\/www.fraterinternacional.org\/wp-content\/uploads\/2017\/01\/missao-paraguai-segundo-encontro-outubro-2016_08.jpg'><img decoding=\"async\" width=\"169\" height=\"300\" src=\"https:\/\/www.fraterinternacional.org\/wp-content\/uploads\/2017\/01\/missao-paraguai-segundo-encontro-outubro-2016_08-169x300.jpg\" class=\"attachment-medium size-medium\" alt=\"\" srcset=\"https:\/\/www.fraterinternacional.org\/wp-content\/uploads\/2017\/01\/missao-paraguai-segundo-encontro-outubro-2016_08-169x300.jpg 169w, https:\/\/www.fraterinternacional.org\/wp-content\/uploads\/2017\/01\/missao-paraguai-segundo-encontro-outubro-2016_08-200x356.jpg 200w, https:\/\/www.fraterinternacional.org\/wp-content\/uploads\/2017\/01\/missao-paraguai-segundo-encontro-outubro-2016_08.jpg 388w\" sizes=\"(max-width: 169px) 100vw, 169px\" \/><\/a>\n\t\t\t<\/dt><\/dl><br style=\"clear: both\" \/>\n\t\t<\/div>\n\n","protected":false},"excerpt":{"rendered":"<p>En un ejercicio de trascendencia de antiguas heridas hist\u00f3ricas, representantes de las naciones de Argentina, Brasil y Paraguay se unieron [&hellip;]<\/p>\n","protected":false},"author":16,"featured_media":43630,"comment_status":"closed","ping_status":"closed","sticky":false,"template":"","format":"standard","meta":{"footnotes":""},"categories":[173,105,120],"tags":[2902,97],"class_list":["post-43662","post","type-post","status-publish","format-standard","has-post-thumbnail","hentry","category-noticia","category-noticias-de-las-misiones","category-red-luz-es","tag-mision-paraguay","tag-servicio-humanitario-es"],"yoast_head":"<!-- This site is optimized with the Yoast SEO Premium plugin v21.0 (Yoast SEO v21.0) - https:\/\/yoast.com\/wordpress\/plugins\/seo\/ -->\n<title>Voluntarias de tres pa\u00edses se unen para auxiliar a la consciencia ind\u00edgena de Paraguay<\/title>\n<meta name=\"description\" content=\"Representantes de grupos Red-Luz de Argentina, Brasil y Paraguay visitaron tres comunidades de la consciencia ind\u00edgena, al este del Paraguay.\" \/>\n<meta name=\"robots\" content=\"index, follow, max-snippet:-1, max-image-preview:large, max-video-preview:-1\" \/>\n<link rel=\"canonical\" href=\"https:\/\/www.fraterinternacional.org\/es\/voluntarias-de-tres-paises-se-unen-para-auxiliar-a-la-consciencia-indigena-de-paraguay\/\" \/>\n<meta property=\"og:locale\" content=\"es_ES\" \/>\n<meta property=\"og:type\" content=\"article\" \/>\n<meta property=\"og:title\" content=\"Voluntarias de tres pa\u00edses se unen para auxiliar a la consciencia ind\u00edgena de Paraguay\" \/>\n<meta property=\"og:description\" content=\"Representantes de grupos Red-Luz de Argentina, Brasil y Paraguay visitaron tres comunidades de la consciencia ind\u00edgena, al este del Paraguay.\" \/>\n<meta property=\"og:url\" content=\"https:\/\/www.fraterinternacional.org\/es\/voluntarias-de-tres-paises-se-unen-para-auxiliar-a-la-consciencia-indigena-de-paraguay\/\" \/>\n<meta property=\"og:site_name\" content=\"Fraternidade - Federa\u00e7\u00e3o Humanit\u00e1ria Internacional\" \/>\n<meta property=\"article:publisher\" content=\"https:\/\/www.facebook.com\/fraternidadehumanitaria\" \/>\n<meta property=\"article:published_time\" content=\"2017-01-13T18:06:00+00:00\" \/>\n<meta property=\"og:image\" content=\"https:\/\/www.fraterinternacional.org\/wp-content\/uploads\/2017\/01\/missao-paraguai-segundo-encontro-outubro-2016_01.jpg\" \/>\n\t<meta property=\"og:image:width\" content=\"690\" \/>\n\t<meta property=\"og:image:height\" content=\"388\" \/>\n\t<meta property=\"og:image:type\" content=\"image\/jpeg\" \/>\n<meta name=\"author\" content=\"Sergio Redator Espanhol\" \/>\n<meta name=\"twitter:card\" content=\"summary_large_image\" \/>\n<meta name=\"twitter:creator\" content=\"@fraternidadeFHI\" \/>\n<meta name=\"twitter:site\" content=\"@fraternidadeFHI\" \/>\n<meta name=\"twitter:label1\" content=\"Escrito por\" \/>\n\t<meta name=\"twitter:data1\" content=\"Sergio Redator Espanhol\" \/>\n\t<meta name=\"twitter:label2\" content=\"Tiempo de lectura\" \/>\n\t<meta name=\"twitter:data2\" content=\"4 minutos\" \/>\n<script type=\"application\/ld+json\" class=\"yoast-schema-graph\">{\"@context\":\"https:\/\/schema.org\",\"@graph\":[{\"@type\":\"WebPage\",\"@id\":\"https:\/\/www.fraterinternacional.org\/es\/voluntarias-de-tres-paises-se-unen-para-auxiliar-a-la-consciencia-indigena-de-paraguay\/\",\"url\":\"https:\/\/www.fraterinternacional.org\/es\/voluntarias-de-tres-paises-se-unen-para-auxiliar-a-la-consciencia-indigena-de-paraguay\/\",\"name\":\"Voluntarias de tres pa\u00edses se unen para auxiliar a la consciencia ind\u00edgena de Paraguay\",\"isPartOf\":{\"@id\":\"https:\/\/www.fraterinternacional.org\/es\/#website\"},\"datePublished\":\"2017-01-13T18:06:00+00:00\",\"dateModified\":\"2017-01-13T18:06:00+00:00\",\"author\":{\"@id\":\"https:\/\/www.fraterinternacional.org\/es\/#\/schema\/person\/cf24d3eac28b0e09714ecb8cbd865c28\"},\"description\":\"Representantes de grupos Red-Luz de Argentina, Brasil y Paraguay visitaron tres comunidades de la consciencia ind\u00edgena, al este del Paraguay.\",\"breadcrumb\":{\"@id\":\"https:\/\/www.fraterinternacional.org\/es\/voluntarias-de-tres-paises-se-unen-para-auxiliar-a-la-consciencia-indigena-de-paraguay\/#breadcrumb\"},\"inLanguage\":\"es\",\"potentialAction\":[{\"@type\":\"ReadAction\",\"target\":[\"https:\/\/www.fraterinternacional.org\/es\/voluntarias-de-tres-paises-se-unen-para-auxiliar-a-la-consciencia-indigena-de-paraguay\/\"]}]},{\"@type\":\"BreadcrumbList\",\"@id\":\"https:\/\/www.fraterinternacional.org\/es\/voluntarias-de-tres-paises-se-unen-para-auxiliar-a-la-consciencia-indigena-de-paraguay\/#breadcrumb\",\"itemListElement\":[{\"@type\":\"ListItem\",\"position\":1,\"name\":\"In\u00edcio\",\"item\":\"https:\/\/www.fraterinternacional.org\/es\/\"},{\"@type\":\"ListItem\",\"position\":2,\"name\":\"Voluntarias de tres pa\u00edses se unen para auxiliar a la consciencia ind\u00edgena de Paraguay\"}]},{\"@type\":\"WebSite\",\"@id\":\"https:\/\/www.fraterinternacional.org\/es\/#website\",\"url\":\"https:\/\/www.fraterinternacional.org\/es\/\",\"name\":\"Fraternidade - Federa\u00e7\u00e3o Humanit\u00e1ria Internacional\",\"description\":\"Fraternidade - Federa\u00e7\u00e3o Humanit\u00e1ria Internacional\",\"potentialAction\":[{\"@type\":\"SearchAction\",\"target\":{\"@type\":\"EntryPoint\",\"urlTemplate\":\"https:\/\/www.fraterinternacional.org\/es\/?s={search_term_string}\"},\"query-input\":\"required name=search_term_string\"}],\"inLanguage\":\"es\"},{\"@type\":\"Person\",\"@id\":\"https:\/\/www.fraterinternacional.org\/es\/#\/schema\/person\/cf24d3eac28b0e09714ecb8cbd865c28\",\"name\":\"Sergio Redator Espanhol\"}]}<\/script>\n<!-- \/ Yoast SEO Premium plugin. -->","yoast_head_json":{"title":"Voluntarias de tres pa\u00edses se unen para auxiliar a la consciencia ind\u00edgena de Paraguay","description":"Representantes de grupos Red-Luz de Argentina, Brasil y Paraguay visitaron tres comunidades de la consciencia ind\u00edgena, al este del Paraguay.","robots":{"index":"index","follow":"follow","max-snippet":"max-snippet:-1","max-image-preview":"max-image-preview:large","max-video-preview":"max-video-preview:-1"},"canonical":"https:\/\/www.fraterinternacional.org\/es\/voluntarias-de-tres-paises-se-unen-para-auxiliar-a-la-consciencia-indigena-de-paraguay\/","og_locale":"es_ES","og_type":"article","og_title":"Voluntarias de tres pa\u00edses se unen para auxiliar a la consciencia ind\u00edgena de Paraguay","og_description":"Representantes de grupos Red-Luz de Argentina, Brasil y Paraguay visitaron tres comunidades de la consciencia ind\u00edgena, al este del Paraguay.","og_url":"https:\/\/www.fraterinternacional.org\/es\/voluntarias-de-tres-paises-se-unen-para-auxiliar-a-la-consciencia-indigena-de-paraguay\/","og_site_name":"Fraternidade - Federa\u00e7\u00e3o Humanit\u00e1ria Internacional","article_publisher":"https:\/\/www.facebook.com\/fraternidadehumanitaria","article_published_time":"2017-01-13T18:06:00+00:00","og_image":[{"width":690,"height":388,"url":"https:\/\/www.fraterinternacional.org\/wp-content\/uploads\/2017\/01\/missao-paraguai-segundo-encontro-outubro-2016_01.jpg","type":"image\/jpeg"}],"author":"Sergio Redator Espanhol","twitter_card":"summary_large_image","twitter_creator":"@fraternidadeFHI","twitter_site":"@fraternidadeFHI","twitter_misc":{"Escrito por":"Sergio Redator Espanhol","Tiempo de lectura":"4 minutos"},"schema":{"@context":"https:\/\/schema.org","@graph":[{"@type":"WebPage","@id":"https:\/\/www.fraterinternacional.org\/es\/voluntarias-de-tres-paises-se-unen-para-auxiliar-a-la-consciencia-indigena-de-paraguay\/","url":"https:\/\/www.fraterinternacional.org\/es\/voluntarias-de-tres-paises-se-unen-para-auxiliar-a-la-consciencia-indigena-de-paraguay\/","name":"Voluntarias de tres pa\u00edses se unen para auxiliar a la consciencia ind\u00edgena de Paraguay","isPartOf":{"@id":"https:\/\/www.fraterinternacional.org\/es\/#website"},"datePublished":"2017-01-13T18:06:00+00:00","dateModified":"2017-01-13T18:06:00+00:00","author":{"@id":"https:\/\/www.fraterinternacional.org\/es\/#\/schema\/person\/cf24d3eac28b0e09714ecb8cbd865c28"},"description":"Representantes de grupos Red-Luz de Argentina, Brasil y Paraguay visitaron tres comunidades de la consciencia ind\u00edgena, al este del Paraguay.","breadcrumb":{"@id":"https:\/\/www.fraterinternacional.org\/es\/voluntarias-de-tres-paises-se-unen-para-auxiliar-a-la-consciencia-indigena-de-paraguay\/#breadcrumb"},"inLanguage":"es","potentialAction":[{"@type":"ReadAction","target":["https:\/\/www.fraterinternacional.org\/es\/voluntarias-de-tres-paises-se-unen-para-auxiliar-a-la-consciencia-indigena-de-paraguay\/"]}]},{"@type":"BreadcrumbList","@id":"https:\/\/www.fraterinternacional.org\/es\/voluntarias-de-tres-paises-se-unen-para-auxiliar-a-la-consciencia-indigena-de-paraguay\/#breadcrumb","itemListElement":[{"@type":"ListItem","position":1,"name":"In\u00edcio","item":"https:\/\/www.fraterinternacional.org\/es\/"},{"@type":"ListItem","position":2,"name":"Voluntarias de tres pa\u00edses se unen para auxiliar a la consciencia ind\u00edgena de Paraguay"}]},{"@type":"WebSite","@id":"https:\/\/www.fraterinternacional.org\/es\/#website","url":"https:\/\/www.fraterinternacional.org\/es\/","name":"Fraternidade - Federa\u00e7\u00e3o Humanit\u00e1ria Internacional","description":"Fraternidade - Federa\u00e7\u00e3o Humanit\u00e1ria Internacional","potentialAction":[{"@type":"SearchAction","target":{"@type":"EntryPoint","urlTemplate":"https:\/\/www.fraterinternacional.org\/es\/?s={search_term_string}"},"query-input":"required name=search_term_string"}],"inLanguage":"es"},{"@type":"Person","@id":"https:\/\/www.fraterinternacional.org\/es\/#\/schema\/person\/cf24d3eac28b0e09714ecb8cbd865c28","name":"Sergio Redator Espanhol"}]}},"_links":{"self":[{"href":"https:\/\/www.fraterinternacional.org\/es\/wp-json\/wp\/v2\/posts\/43662"}],"collection":[{"href":"https:\/\/www.fraterinternacional.org\/es\/wp-json\/wp\/v2\/posts"}],"about":[{"href":"https:\/\/www.fraterinternacional.org\/es\/wp-json\/wp\/v2\/types\/post"}],"author":[{"embeddable":true,"href":"https:\/\/www.fraterinternacional.org\/es\/wp-json\/wp\/v2\/users\/16"}],"replies":[{"embeddable":true,"href":"https:\/\/www.fraterinternacional.org\/es\/wp-json\/wp\/v2\/comments?post=43662"}],"version-history":[{"count":0,"href":"https:\/\/www.fraterinternacional.org\/es\/wp-json\/wp\/v2\/posts\/43662\/revisions"}],"wp:featuredmedia":[{"embeddable":true,"href":"https:\/\/www.fraterinternacional.org\/es\/wp-json\/wp\/v2\/media\/43630"}],"wp:attachment":[{"href":"https:\/\/www.fraterinternacional.org\/es\/wp-json\/wp\/v2\/media?parent=43662"}],"wp:term":[{"taxonomy":"category","embeddable":true,"href":"https:\/\/www.fraterinternacional.org\/es\/wp-json\/wp\/v2\/categories?post=43662"},{"taxonomy":"post_tag","embeddable":true,"href":"https:\/\/www.fraterinternacional.org\/es\/wp-json\/wp\/v2\/tags?post=43662"}],"curies":[{"name":"wp","href":"https:\/\/api.w.org\/{rel}","templated":true}]}}