{"id":42225,"date":"2017-01-10T19:06:31","date_gmt":"2017-01-10T22:06:31","guid":{"rendered":"http:\/\/www.fraterinternacional.org\/?p=42225\/"},"modified":"2017-01-11T11:01:58","modified_gmt":"2017-01-11T14:01:58","slug":"cancer-3-enfermedad-planetaria-cura-de-la-maldad-humana","status":"publish","type":"post","link":"https:\/\/www.fraterinternacional.org\/es\/cancer-3-enfermedad-planetaria-cura-de-la-maldad-humana\/","title":{"rendered":"C\u00e1ncer 3: Enfermedad planetaria \u2013 Cura de la maldad humana"},"content":{"rendered":"<div class=\"fusion-fullwidth fullwidth-box fusion-builder-row-1 nonhundred-percent-fullwidth non-hundred-percent-height-scrolling\" style=\"--awb-border-radius-top-left:0px;--awb-border-radius-top-right:0px;--awb-border-radius-bottom-right:0px;--awb-border-radius-bottom-left:0px;--awb-padding-top:20px;--awb-padding-bottom:20px;--awb-flex-wrap:wrap;\" ><div class=\"fusion-builder-row fusion-row\"><div class=\"fusion-layout-column fusion_builder_column fusion-builder-column-0 fusion_builder_column_1_1 1_1 fusion-one-full fusion-column-first fusion-column-last\" style=\"--awb-bg-size:cover;\"><div class=\"fusion-column-wrapper fusion-flex-column-wrapper-legacy\"><div class=\"fusion-text fusion-text-1\"><div style=\"width: 720px;\" class=\"wp-video\"><!--[if lt IE 9]><script>document.createElement('video');<\/script><![endif]-->\n<video class=\"wp-video-shortcode\" id=\"video-42225-1\" width=\"720\" height=\"100\" preload=\"metadata\" controls=\"controls\"><source type=\"video\/mp4\" src=\"http:\/\/www.fraterinternacional.org\/wp-content\/uploads\/2017\/01\/Cura-6.-A-Cura-do-C\u00e2ncer-parte-3-Esp.mp4?_=1\" \/><a href=\"http:\/\/www.fraterinternacional.org\/wp-content\/uploads\/2017\/01\/Cura-6.-A-Cura-do-C\u00e2ncer-parte-3-Esp.mp4\">http:\/\/www.fraterinternacional.org\/wp-content\/uploads\/2017\/01\/Cura-6.-A-Cura-do-C\u00e2ncer-parte-3-Esp.mp4<\/a><\/video><\/div>\n<p>&nbsp;<\/p>\n<p><a href=\"http:\/\/www.fraterinternacional.org\/wp-content\/uploads\/2017\/01\/agua_passaro_cura.jpg\"><img decoding=\"async\" class=\"size-medium wp-image-42238 alignleft\" src=\"http:\/\/www.fraterinternacional.org\/wp-content\/uploads\/2017\/01\/agua_passaro_cura-300x169.jpg\" alt=\"\" width=\"300\" height=\"169\" srcset=\"https:\/\/www.fraterinternacional.org\/wp-content\/uploads\/2017\/01\/agua_passaro_cura-200x112.jpg 200w, https:\/\/www.fraterinternacional.org\/wp-content\/uploads\/2017\/01\/agua_passaro_cura-300x169.jpg 300w, https:\/\/www.fraterinternacional.org\/wp-content\/uploads\/2017\/01\/agua_passaro_cura-400x225.jpg 400w, https:\/\/www.fraterinternacional.org\/wp-content\/uploads\/2017\/01\/agua_passaro_cura-600x337.jpg 600w, https:\/\/www.fraterinternacional.org\/wp-content\/uploads\/2017\/01\/agua_passaro_cura.jpg 690w\" sizes=\"(max-width: 300px) 100vw, 300px\" \/><\/a><\/p>\n<h3 style=\"text-align: center;\"><strong><span style=\"color: #0000ff;\">C\u00e1ncer 3: Enfermedad planetaria<\/span><\/strong><br \/>\n<strong><span style=\"color: #0000ff;\">Cura de la maldad humana<\/span><\/strong><\/h3>\n<p style=\"text-align: justify;\">Vivimos hoy, como civilizaci\u00f3n y como planeta, tiempos de profundas transformaciones que nos afectan directa o indirectamente, en grados y formas diferentes. Por un lado, la humanidad, en su totalidad, se deja literalmente \u201cencantar\u201d por el progreso, por las modernidades, comodidades y por la oferta casi invasiva de nuevos bienes de consumo que la ciencia, la tecnolog\u00eda y la ganancia humana nos brindan cada d\u00eda.<\/p>\n<p style=\"text-align: justify;\">Por otro lado, se torna cada vez m\u00e1s diseminado el enorme y agudo desequilibrio que se va estableciendo fruto de ese comportamiento inmediatista, destructivo, ego\u00edsta y volcado hacia el consumo sin fin de los bienes y recursos planetarios. El triste resultado de todo eso se torna evidente en el gran cuadro de miseria f\u00edsica, moral y espiritual; de sufrimiento y opresi\u00f3n, de conflictos, crueldades y guerras diseminados por todo el continente. En fin, un denso y sombr\u00edo estado de caos se expande como una incontrolable epidemia, contagiando toda la consciencia humana y planetaria, realimentando con los m\u00e1s diversos miedos: de la muerte, del dolor, del sufrimiento, de la enfermedad, de sufrir p\u00e9rdidas y de lo desconocido.<\/p>\n<p style=\"text-align: justify;\">As\u00ed se perpet\u00faa el ciclo de crueldad, de violencia y de enfermedad. Por eso la ciencia terrestre, a pesar de los intensos esfuerzos e investigaciones, no consigue dominar el c\u00e1ncer, pues su cura no se da en el \u00e1mbito de la ciencia, sino de la consciencia.<\/p>\n<p style=\"text-align: justify;\">Trigueirinho nos aclara nuevamente con un rayo de luz de su instrucci\u00f3n. Oiga la charla que figura al final de esta p\u00e1gina, para profundizar el tema.<\/p>\n<p style=\"text-align: justify;\">Y nuestro Padre e Instructor divino, San Jos\u00e9, prosigue en su mensaje del 28 de octubre de 2016:<\/p>\n<p style=\"text-align: justify;\"><em>Siembren el amor en la consciencia humana, haciendo de la propia vida un jard\u00edn de paz, en el que las acciones fraternas son fecundas y generan esperanza para este mundo.<\/em><\/p>\n<p style=\"text-align: justify;\"><em>La paz debe ser un ejercicio permanente en sus consciencias. Deben hacer el ejercicio constante de pacificar, perdonar y reconciliarse. Corten por la ra\u00edz las guerras y los conflictos del mundo, comenzando por ustedes mismos. Sigan el ejemplo de Aquel que pacific\u00f3 primero y que, siendo el Hijo de Dios, pleno de sabidur\u00eda y Gracia, renunci\u00f3 a Su Voluntad, a Su Parecer, a Su Majestad y a Su Poder y permaneci\u00f3 en silencio en la cruz de la redenci\u00f3n de los pecados del mundo, para que todos tuvieran un camino, una verdad, un ejemplo de vida.<\/em><\/p>\n<p style=\"text-align: justify;\"><strong>Acompa\u00f1e la pr\u00f3xima semana la parte 4, que cerrar\u00e1 este peque\u00f1o Estudio sobre el C\u00e1ncer.<\/strong><\/p>\n<p style=\"text-align: justify;\"><strong>Texto:<\/strong> Fray Ameino<br \/>\n<strong>Audio:<\/strong> Charla con Trigueirinho<br \/>\n<strong>Audio completo de la charla en<\/strong>: <a href=\"http:\/\/www.irdin.org.br\/acervo\/detalhes\/6011\" target=\"_blank\">www.irdin.org.br\/acervo\/detalhes\/6011<\/a>\u00a0(De 0\u201905\u201d hasta 1\u201940\u201d)<br \/>\n<strong>Informaciones complementarias en<\/strong>: <a href=\"http:\/\/www.irdin.org.br\/acervo\/detalhes\/4491\" target=\"_blank\">www.irdin.org.br\/acervo\/detalhes\/4491<\/a><\/p>\n<\/div><div class=\"fusion-clearfix\"><\/div><\/div><\/div><\/div><\/div>\n","protected":false},"excerpt":{"rendered":"","protected":false},"author":8,"featured_media":42238,"comment_status":"closed","ping_status":"closed","sticky":false,"template":"","format":"standard","meta":{"footnotes":""},"categories":[3237],"tags":[3240],"class_list":["post-42225","post","type-post","status-publish","format-standard","has-post-thumbnail","hentry","category-impulsos-para-la-semana","tag-cura-es"],"yoast_head":"<!-- This site is optimized with the Yoast SEO Premium plugin v21.0 (Yoast SEO v21.0) - https:\/\/yoast.com\/wordpress\/plugins\/seo\/ -->\n<title>C\u00e1ncer 3: Enfermedad planetaria \u2013 Cura de la maldad humana -<\/title>\n<meta name=\"robots\" content=\"index, follow, max-snippet:-1, max-image-preview:large, max-video-preview:-1\" \/>\n<link rel=\"canonical\" href=\"https:\/\/www.fraterinternacional.org\/es\/cancer-3-enfermedad-planetaria-cura-de-la-maldad-humana\/\" \/>\n<meta property=\"og:locale\" content=\"es_ES\" \/>\n<meta property=\"og:type\" content=\"article\" \/>\n<meta property=\"og:title\" content=\"C\u00e1ncer 3: Enfermedad planetaria \u2013 Cura de la maldad humana\" \/>\n<meta property=\"og:url\" content=\"https:\/\/www.fraterinternacional.org\/es\/cancer-3-enfermedad-planetaria-cura-de-la-maldad-humana\/\" \/>\n<meta property=\"og:site_name\" content=\"Fraternidade - Federa\u00e7\u00e3o Humanit\u00e1ria Internacional\" \/>\n<meta property=\"article:publisher\" content=\"https:\/\/www.facebook.com\/fraternidadehumanitaria\" \/>\n<meta property=\"article:published_time\" content=\"2017-01-10T22:06:31+00:00\" \/>\n<meta property=\"article:modified_time\" content=\"2017-01-11T14:01:58+00:00\" \/>\n<meta property=\"og:image\" content=\"http:\/\/www.fraterinternacional.org\/wp-content\/uploads\/2017\/01\/agua_passaro_cura.jpg\" \/>\n<meta name=\"author\" content=\"FFHI\" \/>\n<meta name=\"twitter:card\" content=\"summary_large_image\" \/>\n<meta name=\"twitter:creator\" content=\"@fraternidadeFHI\" \/>\n<meta name=\"twitter:site\" content=\"@fraternidadeFHI\" \/>\n<meta name=\"twitter:label1\" content=\"Escrito por\" \/>\n\t<meta name=\"twitter:data1\" content=\"FFHI\" \/>\n\t<meta name=\"twitter:label2\" content=\"Tiempo de lectura\" \/>\n\t<meta name=\"twitter:data2\" content=\"3 minutos\" \/>\n<script type=\"application\/ld+json\" class=\"yoast-schema-graph\">{\"@context\":\"https:\/\/schema.org\",\"@graph\":[{\"@type\":\"WebPage\",\"@id\":\"https:\/\/www.fraterinternacional.org\/es\/cancer-3-enfermedad-planetaria-cura-de-la-maldad-humana\/\",\"url\":\"https:\/\/www.fraterinternacional.org\/es\/cancer-3-enfermedad-planetaria-cura-de-la-maldad-humana\/\",\"name\":\"C\u00e1ncer 3: Enfermedad planetaria \u2013 Cura de la maldad humana -\",\"isPartOf\":{\"@id\":\"https:\/\/www.fraterinternacional.org\/es\/#website\"},\"datePublished\":\"2017-01-10T22:06:31+00:00\",\"dateModified\":\"2017-01-11T14:01:58+00:00\",\"author\":{\"@id\":\"https:\/\/www.fraterinternacional.org\/es\/#\/schema\/person\/8fd7058ced8aa6a1995cc0feee75819f\"},\"breadcrumb\":{\"@id\":\"https:\/\/www.fraterinternacional.org\/es\/cancer-3-enfermedad-planetaria-cura-de-la-maldad-humana\/#breadcrumb\"},\"inLanguage\":\"es\",\"potentialAction\":[{\"@type\":\"ReadAction\",\"target\":[\"https:\/\/www.fraterinternacional.org\/es\/cancer-3-enfermedad-planetaria-cura-de-la-maldad-humana\/\"]}]},{\"@type\":\"BreadcrumbList\",\"@id\":\"https:\/\/www.fraterinternacional.org\/es\/cancer-3-enfermedad-planetaria-cura-de-la-maldad-humana\/#breadcrumb\",\"itemListElement\":[{\"@type\":\"ListItem\",\"position\":1,\"name\":\"In\u00edcio\",\"item\":\"https:\/\/www.fraterinternacional.org\/es\/\"},{\"@type\":\"ListItem\",\"position\":2,\"name\":\"C\u00e1ncer 3: Enfermedad planetaria \u2013 Cura de la maldad humana\"}]},{\"@type\":\"WebSite\",\"@id\":\"https:\/\/www.fraterinternacional.org\/es\/#website\",\"url\":\"https:\/\/www.fraterinternacional.org\/es\/\",\"name\":\"Fraternidade - Federa\u00e7\u00e3o Humanit\u00e1ria Internacional\",\"description\":\"Fraternidade - Federa\u00e7\u00e3o Humanit\u00e1ria Internacional\",\"potentialAction\":[{\"@type\":\"SearchAction\",\"target\":{\"@type\":\"EntryPoint\",\"urlTemplate\":\"https:\/\/www.fraterinternacional.org\/es\/?s={search_term_string}\"},\"query-input\":\"required name=search_term_string\"}],\"inLanguage\":\"es\"},{\"@type\":\"Person\",\"@id\":\"https:\/\/www.fraterinternacional.org\/es\/#\/schema\/person\/8fd7058ced8aa6a1995cc0feee75819f\",\"name\":\"FFHI\"}]}<\/script>\n<!-- \/ Yoast SEO Premium plugin. -->","yoast_head_json":{"title":"C\u00e1ncer 3: Enfermedad planetaria \u2013 Cura de la maldad humana -","robots":{"index":"index","follow":"follow","max-snippet":"max-snippet:-1","max-image-preview":"max-image-preview:large","max-video-preview":"max-video-preview:-1"},"canonical":"https:\/\/www.fraterinternacional.org\/es\/cancer-3-enfermedad-planetaria-cura-de-la-maldad-humana\/","og_locale":"es_ES","og_type":"article","og_title":"C\u00e1ncer 3: Enfermedad planetaria \u2013 Cura de la maldad humana","og_url":"https:\/\/www.fraterinternacional.org\/es\/cancer-3-enfermedad-planetaria-cura-de-la-maldad-humana\/","og_site_name":"Fraternidade - Federa\u00e7\u00e3o Humanit\u00e1ria Internacional","article_publisher":"https:\/\/www.facebook.com\/fraternidadehumanitaria","article_published_time":"2017-01-10T22:06:31+00:00","article_modified_time":"2017-01-11T14:01:58+00:00","og_image":[{"url":"http:\/\/www.fraterinternacional.org\/wp-content\/uploads\/2017\/01\/agua_passaro_cura.jpg"}],"author":"FFHI","twitter_card":"summary_large_image","twitter_creator":"@fraternidadeFHI","twitter_site":"@fraternidadeFHI","twitter_misc":{"Escrito por":"FFHI","Tiempo de lectura":"3 minutos"},"schema":{"@context":"https:\/\/schema.org","@graph":[{"@type":"WebPage","@id":"https:\/\/www.fraterinternacional.org\/es\/cancer-3-enfermedad-planetaria-cura-de-la-maldad-humana\/","url":"https:\/\/www.fraterinternacional.org\/es\/cancer-3-enfermedad-planetaria-cura-de-la-maldad-humana\/","name":"C\u00e1ncer 3: Enfermedad planetaria \u2013 Cura de la maldad humana -","isPartOf":{"@id":"https:\/\/www.fraterinternacional.org\/es\/#website"},"datePublished":"2017-01-10T22:06:31+00:00","dateModified":"2017-01-11T14:01:58+00:00","author":{"@id":"https:\/\/www.fraterinternacional.org\/es\/#\/schema\/person\/8fd7058ced8aa6a1995cc0feee75819f"},"breadcrumb":{"@id":"https:\/\/www.fraterinternacional.org\/es\/cancer-3-enfermedad-planetaria-cura-de-la-maldad-humana\/#breadcrumb"},"inLanguage":"es","potentialAction":[{"@type":"ReadAction","target":["https:\/\/www.fraterinternacional.org\/es\/cancer-3-enfermedad-planetaria-cura-de-la-maldad-humana\/"]}]},{"@type":"BreadcrumbList","@id":"https:\/\/www.fraterinternacional.org\/es\/cancer-3-enfermedad-planetaria-cura-de-la-maldad-humana\/#breadcrumb","itemListElement":[{"@type":"ListItem","position":1,"name":"In\u00edcio","item":"https:\/\/www.fraterinternacional.org\/es\/"},{"@type":"ListItem","position":2,"name":"C\u00e1ncer 3: Enfermedad planetaria \u2013 Cura de la maldad humana"}]},{"@type":"WebSite","@id":"https:\/\/www.fraterinternacional.org\/es\/#website","url":"https:\/\/www.fraterinternacional.org\/es\/","name":"Fraternidade - Federa\u00e7\u00e3o Humanit\u00e1ria Internacional","description":"Fraternidade - Federa\u00e7\u00e3o Humanit\u00e1ria Internacional","potentialAction":[{"@type":"SearchAction","target":{"@type":"EntryPoint","urlTemplate":"https:\/\/www.fraterinternacional.org\/es\/?s={search_term_string}"},"query-input":"required name=search_term_string"}],"inLanguage":"es"},{"@type":"Person","@id":"https:\/\/www.fraterinternacional.org\/es\/#\/schema\/person\/8fd7058ced8aa6a1995cc0feee75819f","name":"FFHI"}]}},"_links":{"self":[{"href":"https:\/\/www.fraterinternacional.org\/es\/wp-json\/wp\/v2\/posts\/42225"}],"collection":[{"href":"https:\/\/www.fraterinternacional.org\/es\/wp-json\/wp\/v2\/posts"}],"about":[{"href":"https:\/\/www.fraterinternacional.org\/es\/wp-json\/wp\/v2\/types\/post"}],"author":[{"embeddable":true,"href":"https:\/\/www.fraterinternacional.org\/es\/wp-json\/wp\/v2\/users\/8"}],"replies":[{"embeddable":true,"href":"https:\/\/www.fraterinternacional.org\/es\/wp-json\/wp\/v2\/comments?post=42225"}],"version-history":[{"count":0,"href":"https:\/\/www.fraterinternacional.org\/es\/wp-json\/wp\/v2\/posts\/42225\/revisions"}],"wp:featuredmedia":[{"embeddable":true,"href":"https:\/\/www.fraterinternacional.org\/es\/wp-json\/wp\/v2\/media\/42238"}],"wp:attachment":[{"href":"https:\/\/www.fraterinternacional.org\/es\/wp-json\/wp\/v2\/media?parent=42225"}],"wp:term":[{"taxonomy":"category","embeddable":true,"href":"https:\/\/www.fraterinternacional.org\/es\/wp-json\/wp\/v2\/categories?post=42225"},{"taxonomy":"post_tag","embeddable":true,"href":"https:\/\/www.fraterinternacional.org\/es\/wp-json\/wp\/v2\/tags?post=42225"}],"curies":[{"name":"wp","href":"https:\/\/api.w.org\/{rel}","templated":true}]}}