{"id":41990,"date":"2016-12-30T13:14:17","date_gmt":"2016-12-30T16:14:17","guid":{"rendered":"http:\/\/www.fraterinternacional.org\/?p=41990\/"},"modified":"2016-12-30T13:14:17","modified_gmt":"2016-12-30T16:14:17","slug":"casa-luz-de-la-colina-prepara-nuevos-talleres-infantiles-para-el-ano-proximo","status":"publish","type":"post","link":"https:\/\/www.fraterinternacional.org\/es\/casa-luz-de-la-colina-prepara-nuevos-talleres-infantiles-para-el-ano-proximo\/","title":{"rendered":"Casa Luz de la Colina prepara nuevos talleres infantiles para el a\u00f1o pr\u00f3ximo"},"content":{"rendered":"<p style=\"text-align: justify;\"><a href=\"http:\/\/www.fraterinternacional.org\/wp-content\/uploads\/2016\/12\/clc-presentacion-talleres-2017-05.jpg\"><img decoding=\"async\" class=\"size-medium wp-image-41949 alignleft\" src=\"http:\/\/www.fraterinternacional.org\/wp-content\/uploads\/2016\/12\/clc-presentacion-talleres-2017-05-300x169.jpg\" alt=\"\" width=\"300\" height=\"169\" srcset=\"https:\/\/www.fraterinternacional.org\/wp-content\/uploads\/2016\/12\/clc-presentacion-talleres-2017-05-200x112.jpg 200w, https:\/\/www.fraterinternacional.org\/wp-content\/uploads\/2016\/12\/clc-presentacion-talleres-2017-05-300x169.jpg 300w, https:\/\/www.fraterinternacional.org\/wp-content\/uploads\/2016\/12\/clc-presentacion-talleres-2017-05-400x225.jpg 400w, https:\/\/www.fraterinternacional.org\/wp-content\/uploads\/2016\/12\/clc-presentacion-talleres-2017-05-600x337.jpg 600w, https:\/\/www.fraterinternacional.org\/wp-content\/uploads\/2016\/12\/clc-presentacion-talleres-2017-05.jpg 690w\" sizes=\"(max-width: 300px) 100vw, 300px\" \/><\/a>A partir del a\u00f1o entrante, <a href=\"http:\/\/www.casaluzdacolina.org.br\/\" target=\"_blank\">Casa Luz de la Colina<\/a>, afiliada a la <strong>Fraternidade &#8211; Federaci\u00f3n Humanitaria Internacional<\/strong>,\u00a0 renovar\u00e1 la forma de asistir en su sede central de Carmo da Cachoeira, Minas Gerais, a los ni\u00f1os de escasos recursos de esa ciudad. La idea es trabajar valores y virtudes para la vida diaria, de una forma m\u00e1s personalizada. Para eso est\u00e1n siendo planificados una serie de talleres infantiles que ser\u00e1n ofrecidos a peque\u00f1os grupos de hasta siete participantes, reunidos por fajas etarias e intereses comunes.<\/p>\n<p style=\"text-align: justify;\"><a href=\"http:\/\/www.fraterinternacional.org\/wp-content\/uploads\/2016\/12\/clc-presentacion-talleres-2017-15.jpg\"><img decoding=\"async\" class=\"size-medium wp-image-41952 alignright\" src=\"http:\/\/www.fraterinternacional.org\/wp-content\/uploads\/2016\/12\/clc-presentacion-talleres-2017-15-300x169.jpg\" alt=\"\" width=\"300\" height=\"169\" srcset=\"https:\/\/www.fraterinternacional.org\/wp-content\/uploads\/2016\/12\/clc-presentacion-talleres-2017-15-200x112.jpg 200w, https:\/\/www.fraterinternacional.org\/wp-content\/uploads\/2016\/12\/clc-presentacion-talleres-2017-15-300x169.jpg 300w, https:\/\/www.fraterinternacional.org\/wp-content\/uploads\/2016\/12\/clc-presentacion-talleres-2017-15-400x225.jpg 400w, https:\/\/www.fraterinternacional.org\/wp-content\/uploads\/2016\/12\/clc-presentacion-talleres-2017-15-600x337.jpg 600w, https:\/\/www.fraterinternacional.org\/wp-content\/uploads\/2016\/12\/clc-presentacion-talleres-2017-15.jpg 690w\" sizes=\"(max-width: 300px) 100vw, 300px\" \/><\/a>Las innovaciones fueron presentadas durante un encuentro de ni\u00f1os y j\u00f3venes que se realiz\u00f3 el s\u00e1bado 3 de diciembre pasado en la sede central de Casa Luz de la Colina. Participaron 50 menores del barrio Bom Retiro de Carmo da Cachoeira, con los cuales, la instituci\u00f3n filantr\u00f3pica ya trabaja hace tres a\u00f1os.<\/p>\n<p style=\"text-align: justify;\">El evento comenz\u00f3 a las 10 de la ma\u00f1ana con la representaci\u00f3n, con t\u00edteres, de un cuento llamado \u201cLa plantera vac\u00eda\u201d. La misma transmite como ense\u00f1anza la importancia de vivir los valores de la honestidad y de la pureza del coraz\u00f3n.<\/p>\n<p style=\"text-align: justify;\"><a href=\"http:\/\/www.fraterinternacional.org\/wp-content\/uploads\/2016\/12\/clc-presentacion-talleres-2017-07.jpg\"><img decoding=\"async\" class=\"size-medium wp-image-41955 alignleft\" src=\"http:\/\/www.fraterinternacional.org\/wp-content\/uploads\/2016\/12\/clc-presentacion-talleres-2017-07-300x169.jpg\" alt=\"\" width=\"300\" height=\"169\" srcset=\"https:\/\/www.fraterinternacional.org\/wp-content\/uploads\/2016\/12\/clc-presentacion-talleres-2017-07-200x112.jpg 200w, https:\/\/www.fraterinternacional.org\/wp-content\/uploads\/2016\/12\/clc-presentacion-talleres-2017-07-300x169.jpg 300w, https:\/\/www.fraterinternacional.org\/wp-content\/uploads\/2016\/12\/clc-presentacion-talleres-2017-07-400x225.jpg 400w, https:\/\/www.fraterinternacional.org\/wp-content\/uploads\/2016\/12\/clc-presentacion-talleres-2017-07-600x337.jpg 600w, https:\/\/www.fraterinternacional.org\/wp-content\/uploads\/2016\/12\/clc-presentacion-talleres-2017-07.jpg 690w\" sizes=\"(max-width: 300px) 100vw, 300px\" \/><\/a>A continuaci\u00f3n, los presentes se agruparon, de acuerdo a sus intereses, para participar de uno de los cinco talleres que fueron desarrollados de forma experimental. A partir del 2017 ser\u00e1n ofrecidos los talleres de alimentaci\u00f3n consciente, trabajo con la naturaleza (jardiner\u00eda, horticultura), pintura, manualidades (kirigami, origami, fabricaci\u00f3n de juguetes) y m\u00fasica. En el encuentro del s\u00e1bado pasado fueron realizados talleres de panader\u00eda, jardiner\u00eda, pintura, kirigami y m\u00fasica.<\/p>\n<p style=\"text-align: justify;\"><strong>Semillero<br \/>\n<a href=\"http:\/\/www.fraterinternacional.org\/wp-content\/uploads\/2016\/12\/clc-presentacion-talleres-2017-14.jpg\"><img decoding=\"async\" class=\"size-medium wp-image-41958 alignright\" src=\"http:\/\/www.fraterinternacional.org\/wp-content\/uploads\/2016\/12\/clc-presentacion-talleres-2017-14-300x169.jpg\" alt=\"\" width=\"300\" height=\"169\" srcset=\"https:\/\/www.fraterinternacional.org\/wp-content\/uploads\/2016\/12\/clc-presentacion-talleres-2017-14-200x112.jpg 200w, https:\/\/www.fraterinternacional.org\/wp-content\/uploads\/2016\/12\/clc-presentacion-talleres-2017-14-300x169.jpg 300w, https:\/\/www.fraterinternacional.org\/wp-content\/uploads\/2016\/12\/clc-presentacion-talleres-2017-14-400x225.jpg 400w, https:\/\/www.fraterinternacional.org\/wp-content\/uploads\/2016\/12\/clc-presentacion-talleres-2017-14-600x337.jpg 600w, https:\/\/www.fraterinternacional.org\/wp-content\/uploads\/2016\/12\/clc-presentacion-talleres-2017-14.jpg 690w\" sizes=\"(max-width: 300px) 100vw, 300px\" \/><\/a><\/strong>\u201cVemos a los ni\u00f1os como semillas de una nueva vida y queremos ayudar a los que viven en el barrio Bom Retiro para que, como semillas, no caigan en suelo \u00e1rido. La mayor\u00eda pasa largas horas en la calle, exponi\u00e9ndose a todo tipo de peligros\u201d, coment\u00f3 la hermana Inmaculada, de la <a href=\"http:\/\/www.fraterinternacional.org\/es\/orden-gracia-misericordia\/\">Orden Gracia Misericordia<\/a>, coordinadora de las actividades con el segmento infanto-juvenil.<\/p>\n<p style=\"text-align: justify;\">\u201cLa intenci\u00f3n es trabajar con mayor intensidad la transmisi\u00f3n de valores espirituales ayudarlos a que descubran su potencial interior, lo que de mejor tienen para dar\u201d, prosigui\u00f3 la monja.<\/p>\n<p style=\"text-align: justify;\"><a href=\"http:\/\/www.fraterinternacional.org\/wp-content\/uploads\/2016\/12\/clc-presentacion-talleres-2017-10.jpg\"><img decoding=\"async\" class=\"size-medium wp-image-41961 alignleft\" src=\"http:\/\/www.fraterinternacional.org\/wp-content\/uploads\/2016\/12\/clc-presentacion-talleres-2017-10-300x169.jpg\" alt=\"\" width=\"300\" height=\"169\" srcset=\"https:\/\/www.fraterinternacional.org\/wp-content\/uploads\/2016\/12\/clc-presentacion-talleres-2017-10-200x112.jpg 200w, https:\/\/www.fraterinternacional.org\/wp-content\/uploads\/2016\/12\/clc-presentacion-talleres-2017-10-300x169.jpg 300w, https:\/\/www.fraterinternacional.org\/wp-content\/uploads\/2016\/12\/clc-presentacion-talleres-2017-10-400x225.jpg 400w, https:\/\/www.fraterinternacional.org\/wp-content\/uploads\/2016\/12\/clc-presentacion-talleres-2017-10-600x337.jpg 600w, https:\/\/www.fraterinternacional.org\/wp-content\/uploads\/2016\/12\/clc-presentacion-talleres-2017-10.jpg 690w\" sizes=\"(max-width: 300px) 100vw, 300px\" \/><\/a>De acuerdo a sus explicaciones, Casa Luz de la Colina estar\u00eda desarrollando, con colaboradores voluntarios, uno o dos talleres por d\u00eda, en turnos ma\u00f1ana y tarde, con duraci\u00f3n m\u00e1xima de dos horas cada uno, de lunes a s\u00e1bado. \u201cPor el momento recibimos a menores de 3 a 15 a\u00f1os de edad. Ser\u00e1 importante que los mismos puedan mantener cierta disciplina y respetar acuerdos para que sea posible desarrollar un proceso educativo\u201d, dijo la hermana Inmaculada.<\/p>\n<p style=\"text-align: justify;\"><strong>Pureza y humildad<br \/>\n<a href=\"http:\/\/www.fraterinternacional.org\/wp-content\/uploads\/2016\/12\/clc-presentacion-talleres-2017-11.jpg\"><img decoding=\"async\" class=\"alignright size-medium wp-image-41964\" src=\"http:\/\/www.fraterinternacional.org\/wp-content\/uploads\/2016\/12\/clc-presentacion-talleres-2017-11-169x300.jpg\" alt=\"\" width=\"169\" height=\"300\" srcset=\"https:\/\/www.fraterinternacional.org\/wp-content\/uploads\/2016\/12\/clc-presentacion-talleres-2017-11-169x300.jpg 169w, https:\/\/www.fraterinternacional.org\/wp-content\/uploads\/2016\/12\/clc-presentacion-talleres-2017-11-200x356.jpg 200w, https:\/\/www.fraterinternacional.org\/wp-content\/uploads\/2016\/12\/clc-presentacion-talleres-2017-11.jpg 388w\" sizes=\"(max-width: 169px) 100vw, 169px\" \/><\/a><\/strong>Sobre la forma de relacionarse con los ni\u00f1os, el fil\u00f3sofo espiritualista <a href=\"http:\/\/www.trigueirinho.org.br\/es\/\" target=\"_blank\">Jos\u00e9 Trigueirinho<\/a>, mentor de Casa Luz de la Colina, afirma que para tratar con ellos es necesario pureza y humildad. \u201cPureza significa no sentirse due\u00f1os de los ni\u00f1os y humildad, querer aprender antes que ense\u00f1arles alguna cosa\u201d. Agrega que los ni\u00f1os est\u00e1n m\u00e1s preparados de lo que aparentan y que solo no demuestran lo que saben porque no encuentran ambiente propicio, ni en el hogar ni en la escuela. \u201cEl adulto que se aproxima a un ni\u00f1o con deseos de aprender, podr\u00e1 escuchar cosas que ni imagina. Para ayudarlas, debe hacerles preguntas sobre su origen en la Creaci\u00f3n, de donde viene, donde estaba antes de nacer, con quien estaba, como se vive all\u00e1. Esas preguntas lo estimulan a restablecer la conexi\u00f3n con su origen y entonces cuando tenga alguna duda podr\u00e1 preguntar para all\u00e1 y no para ac\u00e1\u201d. M\u00e1s informaci\u00f3n puede obtenerse en los siguientes audios, en portugu\u00e9s, de Trigueirinho: \u201c<a href=\"http:\/\/www.irdin.org.br\/site\/produto\/conversas-especiais-72\/\" target=\"_blank\">Conversas especiais n\u00ba 72<\/a>&#8211; Pureza e humildade ao lidar com crian\u00e7as (Pureza y humildad al tratar con ni\u00f1os)\u201d y \u201c<a href=\"http:\/\/www.irdin.org.br\/site\/produto\/assuntos-de-todos\/\" target=\"_blank\">Assuntos de todos<\/a>&#8211; Aprendendo com as crian\u00e7as (Aprendiendo con los ni\u00f1os)\u201d. Los mismos est\u00e1n disponibles en <a href=\"http:\/\/www.irdin.org.br\/site\/\" target=\"_blank\">Irdin Editora<\/a>.<\/p>\n\n\t\t<style type=\"text\/css\">\n\t\t\t#gallery-1 {\n\t\t\t\tmargin: auto;\n\t\t\t}\n\t\t\t#gallery-1 .gallery-item {\n\t\t\t\tfloat: left;\n\t\t\t\tmargin-top: 10px;\n\t\t\t\ttext-align: center;\n\t\t\t\twidth: 33%;\n\t\t\t}\n\t\t\t#gallery-1 img {\n\t\t\t\tborder: 2px solid #cfcfcf;\n\t\t\t}\n\t\t\t#gallery-1 .gallery-caption {\n\t\t\t\tmargin-left: 0;\n\t\t\t}\n\t\t\t\/* see gallery_shortcode() in wp-includes\/media.php *\/\n\t\t<\/style>\n\t\t<div id='gallery-1' class='gallery galleryid-41990 gallery-columns-3 gallery-size-medium'><dl class='gallery-item'>\n\t\t\t<dt class='gallery-icon landscape'>\n\t\t\t\t<a data-rel=\"iLightbox[postimages]\" data-title=\"clc-presentacion-talleres-2017-13\" data-caption=\"\" href='https:\/\/www.fraterinternacional.org\/wp-content\/uploads\/2016\/12\/clc-presentacion-talleres-2017-13.jpg'><img decoding=\"async\" width=\"300\" height=\"169\" src=\"https:\/\/www.fraterinternacional.org\/wp-content\/uploads\/2016\/12\/clc-presentacion-talleres-2017-13-300x169.jpg\" class=\"attachment-medium size-medium\" alt=\"\" srcset=\"https:\/\/www.fraterinternacional.org\/wp-content\/uploads\/2016\/12\/clc-presentacion-talleres-2017-13-200x112.jpg 200w, https:\/\/www.fraterinternacional.org\/wp-content\/uploads\/2016\/12\/clc-presentacion-talleres-2017-13-300x169.jpg 300w, https:\/\/www.fraterinternacional.org\/wp-content\/uploads\/2016\/12\/clc-presentacion-talleres-2017-13-400x225.jpg 400w, https:\/\/www.fraterinternacional.org\/wp-content\/uploads\/2016\/12\/clc-presentacion-talleres-2017-13-600x337.jpg 600w, https:\/\/www.fraterinternacional.org\/wp-content\/uploads\/2016\/12\/clc-presentacion-talleres-2017-13.jpg 690w\" sizes=\"(max-width: 300px) 100vw, 300px\" \/><\/a>\n\t\t\t<\/dt><\/dl><dl class='gallery-item'>\n\t\t\t<dt class='gallery-icon landscape'>\n\t\t\t\t<a data-rel=\"iLightbox[postimages]\" data-title=\"clc-presentacion-talleres-2017-06\" data-caption=\"\" href='https:\/\/www.fraterinternacional.org\/wp-content\/uploads\/2016\/12\/clc-presentacion-talleres-2017-06.jpg'><img decoding=\"async\" width=\"300\" height=\"169\" src=\"https:\/\/www.fraterinternacional.org\/wp-content\/uploads\/2016\/12\/clc-presentacion-talleres-2017-06-300x169.jpg\" class=\"attachment-medium size-medium\" alt=\"\" srcset=\"https:\/\/www.fraterinternacional.org\/wp-content\/uploads\/2016\/12\/clc-presentacion-talleres-2017-06-200x112.jpg 200w, https:\/\/www.fraterinternacional.org\/wp-content\/uploads\/2016\/12\/clc-presentacion-talleres-2017-06-300x169.jpg 300w, https:\/\/www.fraterinternacional.org\/wp-content\/uploads\/2016\/12\/clc-presentacion-talleres-2017-06-400x225.jpg 400w, https:\/\/www.fraterinternacional.org\/wp-content\/uploads\/2016\/12\/clc-presentacion-talleres-2017-06-600x337.jpg 600w, https:\/\/www.fraterinternacional.org\/wp-content\/uploads\/2016\/12\/clc-presentacion-talleres-2017-06.jpg 690w\" sizes=\"(max-width: 300px) 100vw, 300px\" \/><\/a>\n\t\t\t<\/dt><\/dl><dl class='gallery-item'>\n\t\t\t<dt class='gallery-icon landscape'>\n\t\t\t\t<a data-rel=\"iLightbox[postimages]\" data-title=\"clc-presentacion-talleres-2017-03\" data-caption=\"\" href='https:\/\/www.fraterinternacional.org\/wp-content\/uploads\/2016\/12\/clc-presentacion-talleres-2017-03.jpg'><img decoding=\"async\" width=\"300\" height=\"169\" src=\"https:\/\/www.fraterinternacional.org\/wp-content\/uploads\/2016\/12\/clc-presentacion-talleres-2017-03-300x169.jpg\" class=\"attachment-medium size-medium\" alt=\"\" srcset=\"https:\/\/www.fraterinternacional.org\/wp-content\/uploads\/2016\/12\/clc-presentacion-talleres-2017-03-200x112.jpg 200w, https:\/\/www.fraterinternacional.org\/wp-content\/uploads\/2016\/12\/clc-presentacion-talleres-2017-03-300x169.jpg 300w, https:\/\/www.fraterinternacional.org\/wp-content\/uploads\/2016\/12\/clc-presentacion-talleres-2017-03-400x225.jpg 400w, https:\/\/www.fraterinternacional.org\/wp-content\/uploads\/2016\/12\/clc-presentacion-talleres-2017-03-600x337.jpg 600w, https:\/\/www.fraterinternacional.org\/wp-content\/uploads\/2016\/12\/clc-presentacion-talleres-2017-03.jpg 690w\" sizes=\"(max-width: 300px) 100vw, 300px\" \/><\/a>\n\t\t\t<\/dt><\/dl><br style=\"clear: both\" \/><dl class='gallery-item'>\n\t\t\t<dt class='gallery-icon landscape'>\n\t\t\t\t<a data-rel=\"iLightbox[postimages]\" data-title=\"clc-presentacion-talleres-2017-08\" data-caption=\"\" href='https:\/\/www.fraterinternacional.org\/wp-content\/uploads\/2016\/12\/clc-presentacion-talleres-2017-08.jpg'><img decoding=\"async\" width=\"300\" height=\"169\" src=\"https:\/\/www.fraterinternacional.org\/wp-content\/uploads\/2016\/12\/clc-presentacion-talleres-2017-08-300x169.jpg\" class=\"attachment-medium size-medium\" alt=\"\" srcset=\"https:\/\/www.fraterinternacional.org\/wp-content\/uploads\/2016\/12\/clc-presentacion-talleres-2017-08-200x112.jpg 200w, https:\/\/www.fraterinternacional.org\/wp-content\/uploads\/2016\/12\/clc-presentacion-talleres-2017-08-300x169.jpg 300w, https:\/\/www.fraterinternacional.org\/wp-content\/uploads\/2016\/12\/clc-presentacion-talleres-2017-08-400x225.jpg 400w, https:\/\/www.fraterinternacional.org\/wp-content\/uploads\/2016\/12\/clc-presentacion-talleres-2017-08-600x337.jpg 600w, https:\/\/www.fraterinternacional.org\/wp-content\/uploads\/2016\/12\/clc-presentacion-talleres-2017-08.jpg 690w\" sizes=\"(max-width: 300px) 100vw, 300px\" \/><\/a>\n\t\t\t<\/dt><\/dl><dl class='gallery-item'>\n\t\t\t<dt class='gallery-icon landscape'>\n\t\t\t\t<a data-rel=\"iLightbox[postimages]\" data-title=\"clc-presentacion-talleres-2017-04\" data-caption=\"\" href='https:\/\/www.fraterinternacional.org\/wp-content\/uploads\/2016\/12\/clc-presentacion-talleres-2017-04.jpg'><img decoding=\"async\" width=\"300\" height=\"169\" src=\"https:\/\/www.fraterinternacional.org\/wp-content\/uploads\/2016\/12\/clc-presentacion-talleres-2017-04-300x169.jpg\" class=\"attachment-medium size-medium\" alt=\"\" srcset=\"https:\/\/www.fraterinternacional.org\/wp-content\/uploads\/2016\/12\/clc-presentacion-talleres-2017-04-200x112.jpg 200w, https:\/\/www.fraterinternacional.org\/wp-content\/uploads\/2016\/12\/clc-presentacion-talleres-2017-04-300x169.jpg 300w, https:\/\/www.fraterinternacional.org\/wp-content\/uploads\/2016\/12\/clc-presentacion-talleres-2017-04-400x225.jpg 400w, https:\/\/www.fraterinternacional.org\/wp-content\/uploads\/2016\/12\/clc-presentacion-talleres-2017-04-600x337.jpg 600w, https:\/\/www.fraterinternacional.org\/wp-content\/uploads\/2016\/12\/clc-presentacion-talleres-2017-04.jpg 690w\" sizes=\"(max-width: 300px) 100vw, 300px\" \/><\/a>\n\t\t\t<\/dt><\/dl><dl class='gallery-item'>\n\t\t\t<dt class='gallery-icon landscape'>\n\t\t\t\t<a data-rel=\"iLightbox[postimages]\" data-title=\"clc-presentacion-talleres-2017-12\" data-caption=\"\" href='https:\/\/www.fraterinternacional.org\/wp-content\/uploads\/2016\/12\/clc-presentacion-talleres-2017-12.jpg'><img decoding=\"async\" width=\"300\" height=\"169\" src=\"https:\/\/www.fraterinternacional.org\/wp-content\/uploads\/2016\/12\/clc-presentacion-talleres-2017-12-300x169.jpg\" class=\"attachment-medium size-medium\" alt=\"\" srcset=\"https:\/\/www.fraterinternacional.org\/wp-content\/uploads\/2016\/12\/clc-presentacion-talleres-2017-12-200x112.jpg 200w, https:\/\/www.fraterinternacional.org\/wp-content\/uploads\/2016\/12\/clc-presentacion-talleres-2017-12-300x169.jpg 300w, https:\/\/www.fraterinternacional.org\/wp-content\/uploads\/2016\/12\/clc-presentacion-talleres-2017-12-400x225.jpg 400w, https:\/\/www.fraterinternacional.org\/wp-content\/uploads\/2016\/12\/clc-presentacion-talleres-2017-12-600x337.jpg 600w, https:\/\/www.fraterinternacional.org\/wp-content\/uploads\/2016\/12\/clc-presentacion-talleres-2017-12.jpg 690w\" sizes=\"(max-width: 300px) 100vw, 300px\" \/><\/a>\n\t\t\t<\/dt><\/dl><br style=\"clear: both\" \/>\n\t\t<\/div>\n\n","protected":false},"excerpt":{"rendered":"<p>A partir del a\u00f1o entrante, Casa Luz de la Colina, afiliada a la Fraternidade &#8211; Federaci\u00f3n Humanitaria Internacional,\u00a0 renovar\u00e1 la [&hellip;]<\/p>\n","protected":false},"author":16,"featured_media":41940,"comment_status":"closed","ping_status":"closed","sticky":false,"template":"","format":"standard","meta":{"footnotes":""},"categories":[173],"tags":[111,124],"class_list":["post-41990","post","type-post","status-publish","format-standard","has-post-thumbnail","hentry","category-noticia","tag-asociaciones-de-servicio","tag-instruccion"],"yoast_head":"<!-- This site is optimized with the Yoast SEO Premium plugin v21.0 (Yoast SEO v21.0) - https:\/\/yoast.com\/wordpress\/plugins\/seo\/ -->\n<title>Casa Luz de la Colina prepara nuevos talleres infantiles para el a\u00f1o pr\u00f3ximo<\/title>\n<meta name=\"description\" content=\"Por medio de talleres infantiles, se busca trabajar valores y virtudes para ayudar a menores de escasos recursos a descubrir potencial interior.\" \/>\n<meta name=\"robots\" content=\"index, follow, max-snippet:-1, max-image-preview:large, max-video-preview:-1\" \/>\n<link rel=\"canonical\" href=\"https:\/\/www.fraterinternacional.org\/es\/casa-luz-de-la-colina-prepara-nuevos-talleres-infantiles-para-el-ano-proximo\/\" \/>\n<meta property=\"og:locale\" content=\"es_ES\" \/>\n<meta property=\"og:type\" content=\"article\" \/>\n<meta property=\"og:title\" content=\"Casa Luz de la Colina prepara nuevos talleres infantiles para el a\u00f1o pr\u00f3ximo\" \/>\n<meta property=\"og:description\" content=\"Por medio de talleres infantiles, se busca trabajar valores y virtudes para ayudar a menores de escasos recursos a descubrir potencial interior.\" \/>\n<meta property=\"og:url\" content=\"https:\/\/www.fraterinternacional.org\/es\/casa-luz-de-la-colina-prepara-nuevos-talleres-infantiles-para-el-ano-proximo\/\" \/>\n<meta property=\"og:site_name\" content=\"Fraternidade - Federa\u00e7\u00e3o Humanit\u00e1ria Internacional\" \/>\n<meta property=\"article:publisher\" content=\"https:\/\/www.facebook.com\/fraternidadehumanitaria\" \/>\n<meta property=\"article:published_time\" content=\"2016-12-30T16:14:17+00:00\" \/>\n<meta property=\"og:image\" content=\"https:\/\/www.fraterinternacional.org\/wp-content\/uploads\/2016\/12\/clc-presentacion-talleres-2017-01.jpg\" \/>\n\t<meta property=\"og:image:width\" content=\"690\" \/>\n\t<meta property=\"og:image:height\" content=\"388\" \/>\n\t<meta property=\"og:image:type\" content=\"image\/jpeg\" \/>\n<meta name=\"author\" content=\"Sergio Redator Espanhol\" \/>\n<meta name=\"twitter:card\" content=\"summary_large_image\" \/>\n<meta name=\"twitter:creator\" content=\"@fraternidadeFHI\" \/>\n<meta name=\"twitter:site\" content=\"@fraternidadeFHI\" \/>\n<meta name=\"twitter:label1\" content=\"Escrito por\" \/>\n\t<meta name=\"twitter:data1\" content=\"Sergio Redator Espanhol\" \/>\n\t<meta name=\"twitter:label2\" content=\"Tiempo de lectura\" \/>\n\t<meta name=\"twitter:data2\" content=\"3 minutos\" \/>\n<script type=\"application\/ld+json\" class=\"yoast-schema-graph\">{\"@context\":\"https:\/\/schema.org\",\"@graph\":[{\"@type\":\"WebPage\",\"@id\":\"https:\/\/www.fraterinternacional.org\/es\/casa-luz-de-la-colina-prepara-nuevos-talleres-infantiles-para-el-ano-proximo\/\",\"url\":\"https:\/\/www.fraterinternacional.org\/es\/casa-luz-de-la-colina-prepara-nuevos-talleres-infantiles-para-el-ano-proximo\/\",\"name\":\"Casa Luz de la Colina prepara nuevos talleres infantiles para el a\u00f1o pr\u00f3ximo\",\"isPartOf\":{\"@id\":\"https:\/\/www.fraterinternacional.org\/es\/#website\"},\"datePublished\":\"2016-12-30T16:14:17+00:00\",\"dateModified\":\"2016-12-30T16:14:17+00:00\",\"author\":{\"@id\":\"https:\/\/www.fraterinternacional.org\/es\/#\/schema\/person\/cf24d3eac28b0e09714ecb8cbd865c28\"},\"description\":\"Por medio de talleres infantiles, se busca trabajar valores y virtudes para ayudar a menores de escasos recursos a descubrir potencial interior.\",\"breadcrumb\":{\"@id\":\"https:\/\/www.fraterinternacional.org\/es\/casa-luz-de-la-colina-prepara-nuevos-talleres-infantiles-para-el-ano-proximo\/#breadcrumb\"},\"inLanguage\":\"es\",\"potentialAction\":[{\"@type\":\"ReadAction\",\"target\":[\"https:\/\/www.fraterinternacional.org\/es\/casa-luz-de-la-colina-prepara-nuevos-talleres-infantiles-para-el-ano-proximo\/\"]}]},{\"@type\":\"BreadcrumbList\",\"@id\":\"https:\/\/www.fraterinternacional.org\/es\/casa-luz-de-la-colina-prepara-nuevos-talleres-infantiles-para-el-ano-proximo\/#breadcrumb\",\"itemListElement\":[{\"@type\":\"ListItem\",\"position\":1,\"name\":\"In\u00edcio\",\"item\":\"https:\/\/www.fraterinternacional.org\/es\/\"},{\"@type\":\"ListItem\",\"position\":2,\"name\":\"Casa Luz de la Colina prepara nuevos talleres infantiles para el a\u00f1o pr\u00f3ximo\"}]},{\"@type\":\"WebSite\",\"@id\":\"https:\/\/www.fraterinternacional.org\/es\/#website\",\"url\":\"https:\/\/www.fraterinternacional.org\/es\/\",\"name\":\"Fraternidade - Federa\u00e7\u00e3o Humanit\u00e1ria Internacional\",\"description\":\"Fraternidade - Federa\u00e7\u00e3o Humanit\u00e1ria Internacional\",\"potentialAction\":[{\"@type\":\"SearchAction\",\"target\":{\"@type\":\"EntryPoint\",\"urlTemplate\":\"https:\/\/www.fraterinternacional.org\/es\/?s={search_term_string}\"},\"query-input\":\"required name=search_term_string\"}],\"inLanguage\":\"es\"},{\"@type\":\"Person\",\"@id\":\"https:\/\/www.fraterinternacional.org\/es\/#\/schema\/person\/cf24d3eac28b0e09714ecb8cbd865c28\",\"name\":\"Sergio Redator Espanhol\"}]}<\/script>\n<!-- \/ Yoast SEO Premium plugin. -->","yoast_head_json":{"title":"Casa Luz de la Colina prepara nuevos talleres infantiles para el a\u00f1o pr\u00f3ximo","description":"Por medio de talleres infantiles, se busca trabajar valores y virtudes para ayudar a menores de escasos recursos a descubrir potencial interior.","robots":{"index":"index","follow":"follow","max-snippet":"max-snippet:-1","max-image-preview":"max-image-preview:large","max-video-preview":"max-video-preview:-1"},"canonical":"https:\/\/www.fraterinternacional.org\/es\/casa-luz-de-la-colina-prepara-nuevos-talleres-infantiles-para-el-ano-proximo\/","og_locale":"es_ES","og_type":"article","og_title":"Casa Luz de la Colina prepara nuevos talleres infantiles para el a\u00f1o pr\u00f3ximo","og_description":"Por medio de talleres infantiles, se busca trabajar valores y virtudes para ayudar a menores de escasos recursos a descubrir potencial interior.","og_url":"https:\/\/www.fraterinternacional.org\/es\/casa-luz-de-la-colina-prepara-nuevos-talleres-infantiles-para-el-ano-proximo\/","og_site_name":"Fraternidade - Federa\u00e7\u00e3o Humanit\u00e1ria Internacional","article_publisher":"https:\/\/www.facebook.com\/fraternidadehumanitaria","article_published_time":"2016-12-30T16:14:17+00:00","og_image":[{"width":690,"height":388,"url":"https:\/\/www.fraterinternacional.org\/wp-content\/uploads\/2016\/12\/clc-presentacion-talleres-2017-01.jpg","type":"image\/jpeg"}],"author":"Sergio Redator Espanhol","twitter_card":"summary_large_image","twitter_creator":"@fraternidadeFHI","twitter_site":"@fraternidadeFHI","twitter_misc":{"Escrito por":"Sergio Redator Espanhol","Tiempo de lectura":"3 minutos"},"schema":{"@context":"https:\/\/schema.org","@graph":[{"@type":"WebPage","@id":"https:\/\/www.fraterinternacional.org\/es\/casa-luz-de-la-colina-prepara-nuevos-talleres-infantiles-para-el-ano-proximo\/","url":"https:\/\/www.fraterinternacional.org\/es\/casa-luz-de-la-colina-prepara-nuevos-talleres-infantiles-para-el-ano-proximo\/","name":"Casa Luz de la Colina prepara nuevos talleres infantiles para el a\u00f1o pr\u00f3ximo","isPartOf":{"@id":"https:\/\/www.fraterinternacional.org\/es\/#website"},"datePublished":"2016-12-30T16:14:17+00:00","dateModified":"2016-12-30T16:14:17+00:00","author":{"@id":"https:\/\/www.fraterinternacional.org\/es\/#\/schema\/person\/cf24d3eac28b0e09714ecb8cbd865c28"},"description":"Por medio de talleres infantiles, se busca trabajar valores y virtudes para ayudar a menores de escasos recursos a descubrir potencial interior.","breadcrumb":{"@id":"https:\/\/www.fraterinternacional.org\/es\/casa-luz-de-la-colina-prepara-nuevos-talleres-infantiles-para-el-ano-proximo\/#breadcrumb"},"inLanguage":"es","potentialAction":[{"@type":"ReadAction","target":["https:\/\/www.fraterinternacional.org\/es\/casa-luz-de-la-colina-prepara-nuevos-talleres-infantiles-para-el-ano-proximo\/"]}]},{"@type":"BreadcrumbList","@id":"https:\/\/www.fraterinternacional.org\/es\/casa-luz-de-la-colina-prepara-nuevos-talleres-infantiles-para-el-ano-proximo\/#breadcrumb","itemListElement":[{"@type":"ListItem","position":1,"name":"In\u00edcio","item":"https:\/\/www.fraterinternacional.org\/es\/"},{"@type":"ListItem","position":2,"name":"Casa Luz de la Colina prepara nuevos talleres infantiles para el a\u00f1o pr\u00f3ximo"}]},{"@type":"WebSite","@id":"https:\/\/www.fraterinternacional.org\/es\/#website","url":"https:\/\/www.fraterinternacional.org\/es\/","name":"Fraternidade - Federa\u00e7\u00e3o Humanit\u00e1ria Internacional","description":"Fraternidade - Federa\u00e7\u00e3o Humanit\u00e1ria Internacional","potentialAction":[{"@type":"SearchAction","target":{"@type":"EntryPoint","urlTemplate":"https:\/\/www.fraterinternacional.org\/es\/?s={search_term_string}"},"query-input":"required name=search_term_string"}],"inLanguage":"es"},{"@type":"Person","@id":"https:\/\/www.fraterinternacional.org\/es\/#\/schema\/person\/cf24d3eac28b0e09714ecb8cbd865c28","name":"Sergio Redator Espanhol"}]}},"_links":{"self":[{"href":"https:\/\/www.fraterinternacional.org\/es\/wp-json\/wp\/v2\/posts\/41990"}],"collection":[{"href":"https:\/\/www.fraterinternacional.org\/es\/wp-json\/wp\/v2\/posts"}],"about":[{"href":"https:\/\/www.fraterinternacional.org\/es\/wp-json\/wp\/v2\/types\/post"}],"author":[{"embeddable":true,"href":"https:\/\/www.fraterinternacional.org\/es\/wp-json\/wp\/v2\/users\/16"}],"replies":[{"embeddable":true,"href":"https:\/\/www.fraterinternacional.org\/es\/wp-json\/wp\/v2\/comments?post=41990"}],"version-history":[{"count":0,"href":"https:\/\/www.fraterinternacional.org\/es\/wp-json\/wp\/v2\/posts\/41990\/revisions"}],"wp:featuredmedia":[{"embeddable":true,"href":"https:\/\/www.fraterinternacional.org\/es\/wp-json\/wp\/v2\/media\/41940"}],"wp:attachment":[{"href":"https:\/\/www.fraterinternacional.org\/es\/wp-json\/wp\/v2\/media?parent=41990"}],"wp:term":[{"taxonomy":"category","embeddable":true,"href":"https:\/\/www.fraterinternacional.org\/es\/wp-json\/wp\/v2\/categories?post=41990"},{"taxonomy":"post_tag","embeddable":true,"href":"https:\/\/www.fraterinternacional.org\/es\/wp-json\/wp\/v2\/tags?post=41990"}],"curies":[{"name":"wp","href":"https:\/\/api.w.org\/{rel}","templated":true}]}}