{"id":41457,"date":"2016-12-27T15:49:31","date_gmt":"2016-12-27T18:49:31","guid":{"rendered":"http:\/\/www.fraterinternacional.org\/?p=41457\/"},"modified":"2016-12-29T00:07:17","modified_gmt":"2016-12-29T03:07:17","slug":"encuentro-ecumenico-jovenes-ninos-comunidad-luz-nueva-tierra","status":"publish","type":"post","link":"https:\/\/www.fraterinternacional.org\/es\/encuentro-ecumenico-jovenes-ninos-comunidad-luz-nueva-tierra\/","title":{"rendered":"Encuentro Ecum\u00e9nico entre j\u00f3venes y ni\u00f1os en la Comunidad-Luz Nueva Tierra"},"content":{"rendered":"<p class=\"p1\" style=\"text-align: justify;\"><a href=\"http:\/\/www.fraterinternacional.org\/wp-content\/uploads\/2016\/12\/jovens_encontro_comunidade_nova_terra_musica1.jpg\"><img decoding=\"async\" class=\"alignleft size-medium wp-image-41442\" src=\"http:\/\/www.fraterinternacional.org\/wp-content\/uploads\/2016\/12\/jovens_encontro_comunidade_nova_terra_musica1-300x169.jpg\" alt=\"\" width=\"300\" height=\"169\" srcset=\"https:\/\/www.fraterinternacional.org\/wp-content\/uploads\/2016\/12\/jovens_encontro_comunidade_nova_terra_musica1-200x112.jpg 200w, https:\/\/www.fraterinternacional.org\/wp-content\/uploads\/2016\/12\/jovens_encontro_comunidade_nova_terra_musica1-300x169.jpg 300w, https:\/\/www.fraterinternacional.org\/wp-content\/uploads\/2016\/12\/jovens_encontro_comunidade_nova_terra_musica1-400x225.jpg 400w, https:\/\/www.fraterinternacional.org\/wp-content\/uploads\/2016\/12\/jovens_encontro_comunidade_nova_terra_musica1-600x337.jpg 600w, https:\/\/www.fraterinternacional.org\/wp-content\/uploads\/2016\/12\/jovens_encontro_comunidade_nova_terra_musica1.jpg 690w\" sizes=\"(max-width: 300px) 100vw, 300px\" \/><\/a><\/p>\n<p class=\"p1\" style=\"text-align: justify;\">Entre los d\u00edas 9 y 11 de diciembre, la<a href=\"http:\/\/www.comunidadenovaterra.org\/novaterra\/\" target=\"_blank\"> Comunidad-Luz Nueva Tierra<\/a>, localizada en Teres\u00f3polis, Rio de Janeiro, realiz\u00f3 la segunda parte del Encuentro ecum\u00e9nico entre j\u00f3venes y ni\u00f1os.<\/p>\n<p class=\"p1\" style=\"text-align: justify;\">Durante los tres d\u00edas del evento se realizaron diversas actividades art\u00edsticas grupales, preparadas por los mismos ni\u00f1os y los j\u00f3venes. Se present\u00f3 la danza de los j\u00f3venes de la comunidad, se present\u00f3 una pieza musical en espa\u00f1ol montada por los ni\u00f1os m\u00e1s peque\u00f1os y coordinada por la instructora de los talleres de espa\u00f1ol, la presentaci\u00f3n de la coral de j\u00f3venes y ni\u00f1os y la realizaci\u00f3n, en vivo, de un panel de pintura de los estudiantes de dise\u00f1o.<\/p>\n<p class=\"p1\" style=\"text-align: justify;\"><a href=\"http:\/\/www.fraterinternacional.org\/wp-content\/uploads\/2016\/12\/jovens_encontro_comunidade_nova_terra_artes_marciais.jpg\"><img decoding=\"async\" class=\"alignright size-medium wp-image-41439\" src=\"http:\/\/www.fraterinternacional.org\/wp-content\/uploads\/2016\/12\/jovens_encontro_comunidade_nova_terra_artes_marciais-300x169.jpg\" alt=\"\" width=\"300\" height=\"169\" srcset=\"https:\/\/www.fraterinternacional.org\/wp-content\/uploads\/2016\/12\/jovens_encontro_comunidade_nova_terra_artes_marciais-200x112.jpg 200w, https:\/\/www.fraterinternacional.org\/wp-content\/uploads\/2016\/12\/jovens_encontro_comunidade_nova_terra_artes_marciais-300x169.jpg 300w, https:\/\/www.fraterinternacional.org\/wp-content\/uploads\/2016\/12\/jovens_encontro_comunidade_nova_terra_artes_marciais-400x225.jpg 400w, https:\/\/www.fraterinternacional.org\/wp-content\/uploads\/2016\/12\/jovens_encontro_comunidade_nova_terra_artes_marciais-600x337.jpg 600w, https:\/\/www.fraterinternacional.org\/wp-content\/uploads\/2016\/12\/jovens_encontro_comunidade_nova_terra_artes_marciais.jpg 690w\" sizes=\"(max-width: 300px) 100vw, 300px\" \/><\/a><\/p>\n<p class=\"p1\" style=\"text-align: justify;\">En la actividad de la vivencia de los payasos, los ni\u00f1os de las comunidades junto con Pama y Marian realizaron la escenograf\u00eda<\/p>\n<p class=\"p1\" style=\"text-align: justify;\">Adem\u00e1s de las actividades art\u00edsticas, durante el encuentro se realizaron talleres vivos junto al Reino Animal y oraciones.<\/p>\n<p class=\"p1\" style=\"text-align: justify;\">Tambi\u00e9n se dieron presentaciones del arte marcial Kenjutso, el arte de los Samurais, y de la la delicada y alegre danza de las geishas, o Buyou .<\/p>\n<p class=\"p1\" style=\"text-align: justify;\">Al final del evento, N\u00e9io L\u00facio y Fabio, payasos profesionales de la ONG Hospitalha\u00e7os, presentaron su personaje Clap Clown, provocando muchas risas en la platea.<\/p>\n\n\t\t<style type=\"text\/css\">\n\t\t\t#gallery-1 {\n\t\t\t\tmargin: auto;\n\t\t\t}\n\t\t\t#gallery-1 .gallery-item {\n\t\t\t\tfloat: left;\n\t\t\t\tmargin-top: 10px;\n\t\t\t\ttext-align: center;\n\t\t\t\twidth: 33%;\n\t\t\t}\n\t\t\t#gallery-1 img {\n\t\t\t\tborder: 2px solid #cfcfcf;\n\t\t\t}\n\t\t\t#gallery-1 .gallery-caption {\n\t\t\t\tmargin-left: 0;\n\t\t\t}\n\t\t\t\/* see gallery_shortcode() in wp-includes\/media.php *\/\n\t\t<\/style>\n\t\t<div id='gallery-1' class='gallery galleryid-41457 gallery-columns-3 gallery-size-medium'><dl class='gallery-item'>\n\t\t\t<dt class='gallery-icon landscape'>\n\t\t\t\t<a data-rel=\"iLightbox[postimages]\" data-title=\"jovens_encontro_comunidade_nova_terra_oficina_palhacos1\" data-caption=\"\" href='https:\/\/www.fraterinternacional.org\/wp-content\/uploads\/2016\/12\/jovens_encontro_comunidade_nova_terra_oficina_palhacos1.jpg'><img decoding=\"async\" width=\"300\" height=\"169\" src=\"https:\/\/www.fraterinternacional.org\/wp-content\/uploads\/2016\/12\/jovens_encontro_comunidade_nova_terra_oficina_palhacos1-300x169.jpg\" class=\"attachment-medium size-medium\" alt=\"\" srcset=\"https:\/\/www.fraterinternacional.org\/wp-content\/uploads\/2016\/12\/jovens_encontro_comunidade_nova_terra_oficina_palhacos1-200x112.jpg 200w, https:\/\/www.fraterinternacional.org\/wp-content\/uploads\/2016\/12\/jovens_encontro_comunidade_nova_terra_oficina_palhacos1-300x169.jpg 300w, https:\/\/www.fraterinternacional.org\/wp-content\/uploads\/2016\/12\/jovens_encontro_comunidade_nova_terra_oficina_palhacos1-400x225.jpg 400w, https:\/\/www.fraterinternacional.org\/wp-content\/uploads\/2016\/12\/jovens_encontro_comunidade_nova_terra_oficina_palhacos1-600x337.jpg 600w, https:\/\/www.fraterinternacional.org\/wp-content\/uploads\/2016\/12\/jovens_encontro_comunidade_nova_terra_oficina_palhacos1.jpg 690w\" sizes=\"(max-width: 300px) 100vw, 300px\" \/><\/a>\n\t\t\t<\/dt><\/dl><dl class='gallery-item'>\n\t\t\t<dt class='gallery-icon landscape'>\n\t\t\t\t<a data-rel=\"iLightbox[postimages]\" data-title=\"jovens_encontro_comunidade_nova_terra_pintura1\" data-caption=\"\" href='https:\/\/www.fraterinternacional.org\/wp-content\/uploads\/2016\/12\/jovens_encontro_comunidade_nova_terra_pintura1.jpg'><img decoding=\"async\" width=\"300\" height=\"169\" src=\"https:\/\/www.fraterinternacional.org\/wp-content\/uploads\/2016\/12\/jovens_encontro_comunidade_nova_terra_pintura1-300x169.jpg\" class=\"attachment-medium size-medium\" alt=\"\" srcset=\"https:\/\/www.fraterinternacional.org\/wp-content\/uploads\/2016\/12\/jovens_encontro_comunidade_nova_terra_pintura1-200x112.jpg 200w, https:\/\/www.fraterinternacional.org\/wp-content\/uploads\/2016\/12\/jovens_encontro_comunidade_nova_terra_pintura1-300x169.jpg 300w, https:\/\/www.fraterinternacional.org\/wp-content\/uploads\/2016\/12\/jovens_encontro_comunidade_nova_terra_pintura1-400x225.jpg 400w, https:\/\/www.fraterinternacional.org\/wp-content\/uploads\/2016\/12\/jovens_encontro_comunidade_nova_terra_pintura1-600x337.jpg 600w, https:\/\/www.fraterinternacional.org\/wp-content\/uploads\/2016\/12\/jovens_encontro_comunidade_nova_terra_pintura1.jpg 690w\" sizes=\"(max-width: 300px) 100vw, 300px\" \/><\/a>\n\t\t\t<\/dt><\/dl><dl class='gallery-item'>\n\t\t\t<dt class='gallery-icon landscape'>\n\t\t\t\t<a data-rel=\"iLightbox[postimages]\" data-title=\"jovens_encontro_comunidade_nova_terra_oficina_palhacos2\" data-caption=\"\" href='https:\/\/www.fraterinternacional.org\/wp-content\/uploads\/2016\/12\/jovens_encontro_comunidade_nova_terra_oficina_palhacos2.jpg'><img decoding=\"async\" width=\"300\" height=\"169\" src=\"https:\/\/www.fraterinternacional.org\/wp-content\/uploads\/2016\/12\/jovens_encontro_comunidade_nova_terra_oficina_palhacos2-300x169.jpg\" class=\"attachment-medium size-medium\" alt=\"\" srcset=\"https:\/\/www.fraterinternacional.org\/wp-content\/uploads\/2016\/12\/jovens_encontro_comunidade_nova_terra_oficina_palhacos2-200x112.jpg 200w, https:\/\/www.fraterinternacional.org\/wp-content\/uploads\/2016\/12\/jovens_encontro_comunidade_nova_terra_oficina_palhacos2-300x169.jpg 300w, https:\/\/www.fraterinternacional.org\/wp-content\/uploads\/2016\/12\/jovens_encontro_comunidade_nova_terra_oficina_palhacos2-400x225.jpg 400w, https:\/\/www.fraterinternacional.org\/wp-content\/uploads\/2016\/12\/jovens_encontro_comunidade_nova_terra_oficina_palhacos2-600x337.jpg 600w, https:\/\/www.fraterinternacional.org\/wp-content\/uploads\/2016\/12\/jovens_encontro_comunidade_nova_terra_oficina_palhacos2.jpg 690w\" sizes=\"(max-width: 300px) 100vw, 300px\" \/><\/a>\n\t\t\t<\/dt><\/dl><br style=\"clear: both\" \/>\n\t\t<\/div>\n\n","protected":false},"excerpt":{"rendered":"<p>Entre los d\u00edas 9 y 11 de diciembre, la Comunidad-Luz Nueva Tierra, localizada en Teres\u00f3polis, Rio de Janeiro, realiz\u00f3 la [&hellip;]<\/p>\n","protected":false},"author":11,"featured_media":41447,"comment_status":"closed","ping_status":"closed","sticky":false,"template":"","format":"standard","meta":{"footnotes":""},"categories":[173],"tags":[118,117,116],"class_list":["post-41457","post","type-post","status-publish","format-standard","has-post-thumbnail","hentry","category-noticia","tag-centros-marianos-es","tag-comunidades-luz-es","tag-vida-grupal-es"],"yoast_head":"<!-- This site is optimized with the Yoast SEO Premium plugin v21.0 (Yoast SEO v21.0) - https:\/\/yoast.com\/wordpress\/plugins\/seo\/ -->\n<title>Encuentro Ecum\u00e9nico entre j\u00f3venes y ni\u00f1os en la Comunidad-Luz Nueva Tierra<\/title>\n<meta name=\"description\" content=\"Durante los tres d\u00edas del evento se realizaron diversas actividades art\u00edsticas grupales, preparadas por los mismos ni\u00f1os y j\u00f3venes.\" \/>\n<meta name=\"robots\" content=\"index, follow, max-snippet:-1, max-image-preview:large, max-video-preview:-1\" \/>\n<link rel=\"canonical\" href=\"https:\/\/www.fraterinternacional.org\/es\/encuentro-ecumenico-jovenes-ninos-comunidad-luz-nueva-tierra\/\" \/>\n<meta property=\"og:locale\" content=\"es_ES\" \/>\n<meta property=\"og:type\" content=\"article\" \/>\n<meta property=\"og:title\" content=\"Encuentro Ecum\u00e9nico entre j\u00f3venes y ni\u00f1os en la Comunidad-Luz Nueva Tierra\" \/>\n<meta property=\"og:description\" content=\"Durante los tres d\u00edas del evento se realizaron diversas actividades art\u00edsticas grupales, preparadas por los mismos ni\u00f1os y j\u00f3venes.\" \/>\n<meta property=\"og:url\" content=\"https:\/\/www.fraterinternacional.org\/es\/encuentro-ecumenico-jovenes-ninos-comunidad-luz-nueva-tierra\/\" \/>\n<meta property=\"og:site_name\" content=\"Fraternidade - Federa\u00e7\u00e3o Humanit\u00e1ria Internacional\" \/>\n<meta property=\"article:publisher\" content=\"https:\/\/www.facebook.com\/fraternidadehumanitaria\" \/>\n<meta property=\"article:published_time\" content=\"2016-12-27T18:49:31+00:00\" \/>\n<meta property=\"article:modified_time\" content=\"2016-12-29T03:07:17+00:00\" \/>\n<meta property=\"og:image\" content=\"https:\/\/www.fraterinternacional.org\/wp-content\/uploads\/2016\/12\/jovens_encontro_comunidade_nova_terra_oficina_palhacos1.jpg\" \/>\n\t<meta property=\"og:image:width\" content=\"690\" \/>\n\t<meta property=\"og:image:height\" content=\"388\" \/>\n\t<meta property=\"og:image:type\" content=\"image\/jpeg\" \/>\n<meta name=\"author\" content=\"Nelson Frater\" \/>\n<meta name=\"twitter:card\" content=\"summary_large_image\" \/>\n<meta name=\"twitter:creator\" content=\"@fraternidadeFHI\" \/>\n<meta name=\"twitter:site\" content=\"@fraternidadeFHI\" \/>\n<meta name=\"twitter:label1\" content=\"Escrito por\" \/>\n\t<meta name=\"twitter:data1\" content=\"Nelson Frater\" \/>\n\t<meta name=\"twitter:label2\" content=\"Tiempo de lectura\" \/>\n\t<meta name=\"twitter:data2\" content=\"1 minuto\" \/>\n<script type=\"application\/ld+json\" class=\"yoast-schema-graph\">{\"@context\":\"https:\/\/schema.org\",\"@graph\":[{\"@type\":\"WebPage\",\"@id\":\"https:\/\/www.fraterinternacional.org\/es\/encuentro-ecumenico-jovenes-ninos-comunidad-luz-nueva-tierra\/\",\"url\":\"https:\/\/www.fraterinternacional.org\/es\/encuentro-ecumenico-jovenes-ninos-comunidad-luz-nueva-tierra\/\",\"name\":\"Encuentro Ecum\u00e9nico entre j\u00f3venes y ni\u00f1os en la Comunidad-Luz Nueva Tierra\",\"isPartOf\":{\"@id\":\"https:\/\/www.fraterinternacional.org\/es\/#website\"},\"datePublished\":\"2016-12-27T18:49:31+00:00\",\"dateModified\":\"2016-12-29T03:07:17+00:00\",\"author\":{\"@id\":\"https:\/\/www.fraterinternacional.org\/es\/#\/schema\/person\/facd24ae5f7e6b4ee1aeec7ad1b960ae\"},\"description\":\"Durante los tres d\u00edas del evento se realizaron diversas actividades art\u00edsticas grupales, preparadas por los mismos ni\u00f1os y j\u00f3venes.\",\"breadcrumb\":{\"@id\":\"https:\/\/www.fraterinternacional.org\/es\/encuentro-ecumenico-jovenes-ninos-comunidad-luz-nueva-tierra\/#breadcrumb\"},\"inLanguage\":\"es\",\"potentialAction\":[{\"@type\":\"ReadAction\",\"target\":[\"https:\/\/www.fraterinternacional.org\/es\/encuentro-ecumenico-jovenes-ninos-comunidad-luz-nueva-tierra\/\"]}]},{\"@type\":\"BreadcrumbList\",\"@id\":\"https:\/\/www.fraterinternacional.org\/es\/encuentro-ecumenico-jovenes-ninos-comunidad-luz-nueva-tierra\/#breadcrumb\",\"itemListElement\":[{\"@type\":\"ListItem\",\"position\":1,\"name\":\"In\u00edcio\",\"item\":\"https:\/\/www.fraterinternacional.org\/es\/\"},{\"@type\":\"ListItem\",\"position\":2,\"name\":\"Encuentro Ecum\u00e9nico entre j\u00f3venes y ni\u00f1os en la Comunidad-Luz Nueva Tierra\"}]},{\"@type\":\"WebSite\",\"@id\":\"https:\/\/www.fraterinternacional.org\/es\/#website\",\"url\":\"https:\/\/www.fraterinternacional.org\/es\/\",\"name\":\"Fraternidade - Federa\u00e7\u00e3o Humanit\u00e1ria Internacional\",\"description\":\"Fraternidade - Federa\u00e7\u00e3o Humanit\u00e1ria Internacional\",\"potentialAction\":[{\"@type\":\"SearchAction\",\"target\":{\"@type\":\"EntryPoint\",\"urlTemplate\":\"https:\/\/www.fraterinternacional.org\/es\/?s={search_term_string}\"},\"query-input\":\"required name=search_term_string\"}],\"inLanguage\":\"es\"},{\"@type\":\"Person\",\"@id\":\"https:\/\/www.fraterinternacional.org\/es\/#\/schema\/person\/facd24ae5f7e6b4ee1aeec7ad1b960ae\",\"name\":\"Nelson Frater\"}]}<\/script>\n<!-- \/ Yoast SEO Premium plugin. -->","yoast_head_json":{"title":"Encuentro Ecum\u00e9nico entre j\u00f3venes y ni\u00f1os en la Comunidad-Luz Nueva Tierra","description":"Durante los tres d\u00edas del evento se realizaron diversas actividades art\u00edsticas grupales, preparadas por los mismos ni\u00f1os y j\u00f3venes.","robots":{"index":"index","follow":"follow","max-snippet":"max-snippet:-1","max-image-preview":"max-image-preview:large","max-video-preview":"max-video-preview:-1"},"canonical":"https:\/\/www.fraterinternacional.org\/es\/encuentro-ecumenico-jovenes-ninos-comunidad-luz-nueva-tierra\/","og_locale":"es_ES","og_type":"article","og_title":"Encuentro Ecum\u00e9nico entre j\u00f3venes y ni\u00f1os en la Comunidad-Luz Nueva Tierra","og_description":"Durante los tres d\u00edas del evento se realizaron diversas actividades art\u00edsticas grupales, preparadas por los mismos ni\u00f1os y j\u00f3venes.","og_url":"https:\/\/www.fraterinternacional.org\/es\/encuentro-ecumenico-jovenes-ninos-comunidad-luz-nueva-tierra\/","og_site_name":"Fraternidade - Federa\u00e7\u00e3o Humanit\u00e1ria Internacional","article_publisher":"https:\/\/www.facebook.com\/fraternidadehumanitaria","article_published_time":"2016-12-27T18:49:31+00:00","article_modified_time":"2016-12-29T03:07:17+00:00","og_image":[{"width":690,"height":388,"url":"https:\/\/www.fraterinternacional.org\/wp-content\/uploads\/2016\/12\/jovens_encontro_comunidade_nova_terra_oficina_palhacos1.jpg","type":"image\/jpeg"}],"author":"Nelson Frater","twitter_card":"summary_large_image","twitter_creator":"@fraternidadeFHI","twitter_site":"@fraternidadeFHI","twitter_misc":{"Escrito por":"Nelson Frater","Tiempo de lectura":"1 minuto"},"schema":{"@context":"https:\/\/schema.org","@graph":[{"@type":"WebPage","@id":"https:\/\/www.fraterinternacional.org\/es\/encuentro-ecumenico-jovenes-ninos-comunidad-luz-nueva-tierra\/","url":"https:\/\/www.fraterinternacional.org\/es\/encuentro-ecumenico-jovenes-ninos-comunidad-luz-nueva-tierra\/","name":"Encuentro Ecum\u00e9nico entre j\u00f3venes y ni\u00f1os en la Comunidad-Luz Nueva Tierra","isPartOf":{"@id":"https:\/\/www.fraterinternacional.org\/es\/#website"},"datePublished":"2016-12-27T18:49:31+00:00","dateModified":"2016-12-29T03:07:17+00:00","author":{"@id":"https:\/\/www.fraterinternacional.org\/es\/#\/schema\/person\/facd24ae5f7e6b4ee1aeec7ad1b960ae"},"description":"Durante los tres d\u00edas del evento se realizaron diversas actividades art\u00edsticas grupales, preparadas por los mismos ni\u00f1os y j\u00f3venes.","breadcrumb":{"@id":"https:\/\/www.fraterinternacional.org\/es\/encuentro-ecumenico-jovenes-ninos-comunidad-luz-nueva-tierra\/#breadcrumb"},"inLanguage":"es","potentialAction":[{"@type":"ReadAction","target":["https:\/\/www.fraterinternacional.org\/es\/encuentro-ecumenico-jovenes-ninos-comunidad-luz-nueva-tierra\/"]}]},{"@type":"BreadcrumbList","@id":"https:\/\/www.fraterinternacional.org\/es\/encuentro-ecumenico-jovenes-ninos-comunidad-luz-nueva-tierra\/#breadcrumb","itemListElement":[{"@type":"ListItem","position":1,"name":"In\u00edcio","item":"https:\/\/www.fraterinternacional.org\/es\/"},{"@type":"ListItem","position":2,"name":"Encuentro Ecum\u00e9nico entre j\u00f3venes y ni\u00f1os en la Comunidad-Luz Nueva Tierra"}]},{"@type":"WebSite","@id":"https:\/\/www.fraterinternacional.org\/es\/#website","url":"https:\/\/www.fraterinternacional.org\/es\/","name":"Fraternidade - Federa\u00e7\u00e3o Humanit\u00e1ria Internacional","description":"Fraternidade - Federa\u00e7\u00e3o Humanit\u00e1ria Internacional","potentialAction":[{"@type":"SearchAction","target":{"@type":"EntryPoint","urlTemplate":"https:\/\/www.fraterinternacional.org\/es\/?s={search_term_string}"},"query-input":"required name=search_term_string"}],"inLanguage":"es"},{"@type":"Person","@id":"https:\/\/www.fraterinternacional.org\/es\/#\/schema\/person\/facd24ae5f7e6b4ee1aeec7ad1b960ae","name":"Nelson Frater"}]}},"_links":{"self":[{"href":"https:\/\/www.fraterinternacional.org\/es\/wp-json\/wp\/v2\/posts\/41457"}],"collection":[{"href":"https:\/\/www.fraterinternacional.org\/es\/wp-json\/wp\/v2\/posts"}],"about":[{"href":"https:\/\/www.fraterinternacional.org\/es\/wp-json\/wp\/v2\/types\/post"}],"author":[{"embeddable":true,"href":"https:\/\/www.fraterinternacional.org\/es\/wp-json\/wp\/v2\/users\/11"}],"replies":[{"embeddable":true,"href":"https:\/\/www.fraterinternacional.org\/es\/wp-json\/wp\/v2\/comments?post=41457"}],"version-history":[{"count":0,"href":"https:\/\/www.fraterinternacional.org\/es\/wp-json\/wp\/v2\/posts\/41457\/revisions"}],"wp:featuredmedia":[{"embeddable":true,"href":"https:\/\/www.fraterinternacional.org\/es\/wp-json\/wp\/v2\/media\/41447"}],"wp:attachment":[{"href":"https:\/\/www.fraterinternacional.org\/es\/wp-json\/wp\/v2\/media?parent=41457"}],"wp:term":[{"taxonomy":"category","embeddable":true,"href":"https:\/\/www.fraterinternacional.org\/es\/wp-json\/wp\/v2\/categories?post=41457"},{"taxonomy":"post_tag","embeddable":true,"href":"https:\/\/www.fraterinternacional.org\/es\/wp-json\/wp\/v2\/tags?post=41457"}],"curies":[{"name":"wp","href":"https:\/\/api.w.org\/{rel}","templated":true}]}}