{"id":39003,"date":"2016-12-10T16:04:51","date_gmt":"2016-12-10T19:04:51","guid":{"rendered":"http:\/\/www.fraterinternacional.org\/es\/?p=39003"},"modified":"2016-12-12T19:20:14","modified_gmt":"2016-12-12T22:20:14","slug":"la-escuela-parque-tibetano-comunidad-figueira-vivio-su-confraternizacion-anual","status":"publish","type":"post","link":"https:\/\/www.fraterinternacional.org\/es\/la-escuela-parque-tibetano-comunidad-figueira-vivio-su-confraternizacion-anual\/","title":{"rendered":"La Escuela Parque Tibetano Comunidad Figueira vivi\u00f3 su confraternizaci\u00f3n anual"},"content":{"rendered":"<p style=\"text-align: justify;\"><a href=\"http:\/\/www.fraterinternacional.org\/wp-content\/uploads\/2016\/12\/parque-tibetano-figueira-confraternizacao-final-ano-2016_04-1a.jpg\"><img decoding=\"async\" class=\"alignright wp-image-39316 size-medium\" src=\"http:\/\/www.fraterinternacional.org\/wp-content\/uploads\/2016\/12\/parque-tibetano-figueira-confraternizacao-final-ano-2016_04-1a-300x297.jpg\" width=\"300\" height=\"297\" srcset=\"https:\/\/www.fraterinternacional.org\/wp-content\/uploads\/2016\/12\/parque-tibetano-figueira-confraternizacao-final-ano-2016_04-1a-150x150.jpg 150w, https:\/\/www.fraterinternacional.org\/wp-content\/uploads\/2016\/12\/parque-tibetano-figueira-confraternizacao-final-ano-2016_04-1a-200x198.jpg 200w, https:\/\/www.fraterinternacional.org\/wp-content\/uploads\/2016\/12\/parque-tibetano-figueira-confraternizacao-final-ano-2016_04-1a-300x297.jpg 300w, https:\/\/www.fraterinternacional.org\/wp-content\/uploads\/2016\/12\/parque-tibetano-figueira-confraternizacao-final-ano-2016_04-1a-400x396.jpg 400w, https:\/\/www.fraterinternacional.org\/wp-content\/uploads\/2016\/12\/parque-tibetano-figueira-confraternizacao-final-ano-2016_04-1a-600x594.jpg 600w, https:\/\/www.fraterinternacional.org\/wp-content\/uploads\/2016\/12\/parque-tibetano-figueira-confraternizacao-final-ano-2016_04-1a.jpg 690w\" sizes=\"(max-width: 300px) 100vw, 300px\" \/><\/a><\/p>\n<p style=\"text-align: justify;\">La Escuela Parque Tibetano Comunidad Figueira, integrante de la <strong>Fraternidade \u2013 Federaci\u00f3n Humanitaria Internacional<\/strong>, llev\u00f3 a cabo un encuentro de confraternizaci\u00f3n, con motivo de la finalizaci\u00f3n del a\u00f1o escolar 2016. El evento, que reuni\u00f3 a alumnos, profesores, padres de familia e invitados especiales, se realiz\u00f3 el s\u00e1bado 26 de noviembre en la sede de la instituci\u00f3n educativa, localizada en un sector del N\u00facleo Coraz\u00f3n Sagrado, una de las \u00e1reas de hospedaje de la <a href=\"http:\/\/www.comunidadefigueira.org.br\/esp\/\" target=\"_blank\">Comunidad-Luz Figueira<\/a>, en la zona rural de Carmo da Cachoeira, Minas Gerais, Brasil. Numerosas actividades, desarrolladas entre las 8.00 y las 14.00 horas, posibilitaron la integraci\u00f3n grupal entre todos los presentes.<\/p>\n<p style=\"text-align: justify;\"><strong>Grupo Solar<br \/>\n<\/strong>La programaci\u00f3n comenz\u00f3 con una peque\u00f1a representaci\u00f3n teatral, a cargo de un grupo de alumnos. Luego todos participaron de una Comuni\u00f3n Ecum\u00e9nica. A continuaci\u00f3n, una serie de juegos grupales aportaron la nota de alegr\u00eda a la ma\u00f1ana sabatina. Seguidamente, el <a href=\"http:\/\/www.fraterinternacional.org\/es\/emergencias\/\">Grupo Solar<\/a> condujo una vivencia de socorrismo, de la cual, participaron ni\u00f1os y adultos. Igualmente se realiz\u00f3 la exposici\u00f3n anual de los trabajos escolares y la distribuci\u00f3n de regalos a los alumnos. Finalmente, todos compartieron el almuerzo grupal.<\/p>\n<p><a href=\"http:\/\/www.fraterinternacional.org\/wp-content\/uploads\/2016\/12\/parque-tibetano-figueira-confraternizacao-final-ano-2016_03a.jpg\"><img decoding=\"async\" class=\"alignleft wp-image-39313 size-medium\" src=\"http:\/\/www.fraterinternacional.org\/wp-content\/uploads\/2016\/12\/parque-tibetano-figueira-confraternizacao-final-ano-2016_03a-300x169.jpg\" width=\"300\" height=\"169\" srcset=\"https:\/\/www.fraterinternacional.org\/wp-content\/uploads\/2016\/12\/parque-tibetano-figueira-confraternizacao-final-ano-2016_03a-200x112.jpg 200w, https:\/\/www.fraterinternacional.org\/wp-content\/uploads\/2016\/12\/parque-tibetano-figueira-confraternizacao-final-ano-2016_03a-300x169.jpg 300w, https:\/\/www.fraterinternacional.org\/wp-content\/uploads\/2016\/12\/parque-tibetano-figueira-confraternizacao-final-ano-2016_03a-400x225.jpg 400w, https:\/\/www.fraterinternacional.org\/wp-content\/uploads\/2016\/12\/parque-tibetano-figueira-confraternizacao-final-ano-2016_03a-600x337.jpg 600w, https:\/\/www.fraterinternacional.org\/wp-content\/uploads\/2016\/12\/parque-tibetano-figueira-confraternizacao-final-ano-2016_03a.jpg 690w\" sizes=\"(max-width: 300px) 100vw, 300px\" \/><\/a><\/p>\n<p style=\"text-align: justify;\">Helentiana de Paiva Gon\u00e7alvez, una de las coordinadoras del Grupo Solar, explic\u00f3 que la vivencia de socorrismo tuvo el objetivo de desarrollar el esp\u00edritu de equipo, a trav\u00e9s de la aplicaci\u00f3n de procedimientos sencillos al alcance de todos, con o sin experiencia previa. El ejercicio consisti\u00f3 en simular el rescate de una persona accidentada en un lugar de dif\u00edcil acceso vehicular. Para eso se utiliz\u00f3 una t\u00e9cnica denominada \u201ccaterpilar\u201d, que consiste en formar una cadena humana de socorristas e ir pasando la camilla port\u00e1til de manos en manos hasta llegar a la ambulancia. La experiencia tuvo una duraci\u00f3n de aproximadamente una hora y media.<\/p>\n<p><a href=\"http:\/\/www.fraterinternacional.org\/wp-content\/uploads\/2016\/12\/parque-tibetano-figueira-confraternizacao-final-ano-2016_05a.jpg\"><img decoding=\"async\" class=\"alignright wp-image-39319 size-medium\" src=\"http:\/\/www.fraterinternacional.org\/wp-content\/uploads\/2016\/12\/parque-tibetano-figueira-confraternizacao-final-ano-2016_05a-300x169.jpg\" width=\"300\" height=\"169\" srcset=\"https:\/\/www.fraterinternacional.org\/wp-content\/uploads\/2016\/12\/parque-tibetano-figueira-confraternizacao-final-ano-2016_05a-200x112.jpg 200w, https:\/\/www.fraterinternacional.org\/wp-content\/uploads\/2016\/12\/parque-tibetano-figueira-confraternizacao-final-ano-2016_05a-300x169.jpg 300w, https:\/\/www.fraterinternacional.org\/wp-content\/uploads\/2016\/12\/parque-tibetano-figueira-confraternizacao-final-ano-2016_05a-400x225.jpg 400w, https:\/\/www.fraterinternacional.org\/wp-content\/uploads\/2016\/12\/parque-tibetano-figueira-confraternizacao-final-ano-2016_05a-600x337.jpg 600w, https:\/\/www.fraterinternacional.org\/wp-content\/uploads\/2016\/12\/parque-tibetano-figueira-confraternizacao-final-ano-2016_05a.jpg 690w\" sizes=\"(max-width: 300px) 100vw, 300px\" \/><\/a><\/p>\n<p style=\"text-align: justify;\">La <a href=\"http:\/\/www.fraterinternacional.org\/es\/instruccion\/\">Escuela Parque Tibetano<\/a> funciona en tres locales: una en la Comunidad-Luz Figueira; otra en la ciudad de Carmo da Cachoeira, a cargo de la <a href=\"http:\/\/www.casaluzdacolina.org.br\/?pg=conteudo&amp;id=32\" target=\"_blank\">Casa Luz de la Colina<\/a>; y una tercera, en la <a href=\"http:\/\/www.novaterra.org.br\/novaterra\/?p=124\" target=\"_blank\">Comunidad-Luz Nueva Tierra<\/a>, en Teres\u00f3polis, estado de Rio de Janeiro. Desarrolla el concepto de educaci\u00f3n viva, que consiste en \u201cpromover el contacto del alumno con su ser interior, con los <a href=\"http:\/\/www.fraterinternacional.org\/es\/amor-y-servicio-los-reinos\/\">Reinos de la Naturaleza<\/a> y con el Cosmos, por medio de la vivencia diaria de valores espirituales\u201d, seg\u00fan destac\u00f3 la directora de la instituci\u00f3n anfitriona, hermana Martztha, monja de la <a href=\"http:\/\/www.fraterinternacional.org\/es\/orden-gracia-misericordia\/\">Orden Gracia Misericordia<\/a>.<\/p>\n","protected":false},"excerpt":{"rendered":"<p>La Escuela Parque Tibetano Comunidad Figueira, integrante de la Fraternidade \u2013 Federaci\u00f3n Humanitaria Internacional, llev\u00f3 a cabo un encuentro de [&hellip;]<\/p>\n","protected":false},"author":16,"featured_media":39310,"comment_status":"closed","ping_status":"closed","sticky":false,"template":"","format":"standard","meta":{"footnotes":""},"categories":[173],"tags":[117,124,116],"class_list":["post-39003","post","type-post","status-publish","format-standard","has-post-thumbnail","hentry","category-noticia","tag-comunidades-luz-es","tag-instruccion","tag-vida-grupal-es"],"yoast_head":"<!-- This site is optimized with the Yoast SEO Premium plugin v21.0 (Yoast SEO v21.0) - https:\/\/yoast.com\/wordpress\/plugins\/seo\/ -->\n<title>Escuela Parque Tibetano Comunidad Figueira vivi\u00f3 su confraternizaci\u00f3n anual<\/title>\n<meta name=\"description\" content=\"La comunidad escolar del Parque Tibetano comparti\u00f3 juegos, teatro, vivencia de socorrismo, almuerzo y comuni\u00f3n ecum\u00e9nica.\" \/>\n<meta name=\"robots\" content=\"index, follow, max-snippet:-1, max-image-preview:large, max-video-preview:-1\" \/>\n<link rel=\"canonical\" href=\"https:\/\/www.fraterinternacional.org\/es\/la-escuela-parque-tibetano-comunidad-figueira-vivio-su-confraternizacion-anual\/\" \/>\n<meta property=\"og:locale\" content=\"es_ES\" \/>\n<meta property=\"og:type\" content=\"article\" \/>\n<meta property=\"og:title\" content=\"La Escuela Parque Tibetano Comunidad Figueira vivi\u00f3 su confraternizaci\u00f3n anual\" \/>\n<meta property=\"og:description\" content=\"La comunidad escolar del Parque Tibetano comparti\u00f3 juegos, teatro, vivencia de socorrismo, almuerzo y comuni\u00f3n ecum\u00e9nica.\" \/>\n<meta property=\"og:url\" content=\"https:\/\/www.fraterinternacional.org\/es\/la-escuela-parque-tibetano-comunidad-figueira-vivio-su-confraternizacion-anual\/\" \/>\n<meta property=\"og:site_name\" content=\"Fraternidade - Federa\u00e7\u00e3o Humanit\u00e1ria Internacional\" \/>\n<meta property=\"article:publisher\" content=\"https:\/\/www.facebook.com\/fraternidadehumanitaria\" \/>\n<meta property=\"article:published_time\" content=\"2016-12-10T19:04:51+00:00\" \/>\n<meta property=\"article:modified_time\" content=\"2016-12-12T22:20:14+00:00\" \/>\n<meta property=\"og:image\" content=\"https:\/\/www.fraterinternacional.org\/wp-content\/uploads\/2016\/12\/parque-tibetano-figueira-confraternizacao-final-ano-2016_02a.jpg\" \/>\n\t<meta property=\"og:image:width\" content=\"690\" \/>\n\t<meta property=\"og:image:height\" content=\"388\" \/>\n\t<meta property=\"og:image:type\" content=\"image\/jpeg\" \/>\n<meta name=\"author\" content=\"Sergio Redator Espanhol\" \/>\n<meta name=\"twitter:card\" content=\"summary_large_image\" \/>\n<meta name=\"twitter:creator\" content=\"@fraternidadeFHI\" \/>\n<meta name=\"twitter:site\" content=\"@fraternidadeFHI\" \/>\n<meta name=\"twitter:label1\" content=\"Escrito por\" \/>\n\t<meta name=\"twitter:data1\" content=\"Sergio Redator Espanhol\" \/>\n\t<meta name=\"twitter:label2\" content=\"Tiempo de lectura\" \/>\n\t<meta name=\"twitter:data2\" content=\"2 minutos\" \/>\n<script type=\"application\/ld+json\" class=\"yoast-schema-graph\">{\"@context\":\"https:\/\/schema.org\",\"@graph\":[{\"@type\":\"WebPage\",\"@id\":\"https:\/\/www.fraterinternacional.org\/es\/la-escuela-parque-tibetano-comunidad-figueira-vivio-su-confraternizacion-anual\/\",\"url\":\"https:\/\/www.fraterinternacional.org\/es\/la-escuela-parque-tibetano-comunidad-figueira-vivio-su-confraternizacion-anual\/\",\"name\":\"Escuela Parque Tibetano Comunidad Figueira vivi\u00f3 su confraternizaci\u00f3n anual\",\"isPartOf\":{\"@id\":\"https:\/\/www.fraterinternacional.org\/es\/#website\"},\"datePublished\":\"2016-12-10T19:04:51+00:00\",\"dateModified\":\"2016-12-12T22:20:14+00:00\",\"author\":{\"@id\":\"https:\/\/www.fraterinternacional.org\/es\/#\/schema\/person\/cf24d3eac28b0e09714ecb8cbd865c28\"},\"description\":\"La comunidad escolar del Parque Tibetano comparti\u00f3 juegos, teatro, vivencia de socorrismo, almuerzo y comuni\u00f3n ecum\u00e9nica.\",\"breadcrumb\":{\"@id\":\"https:\/\/www.fraterinternacional.org\/es\/la-escuela-parque-tibetano-comunidad-figueira-vivio-su-confraternizacion-anual\/#breadcrumb\"},\"inLanguage\":\"es\",\"potentialAction\":[{\"@type\":\"ReadAction\",\"target\":[\"https:\/\/www.fraterinternacional.org\/es\/la-escuela-parque-tibetano-comunidad-figueira-vivio-su-confraternizacion-anual\/\"]}]},{\"@type\":\"BreadcrumbList\",\"@id\":\"https:\/\/www.fraterinternacional.org\/es\/la-escuela-parque-tibetano-comunidad-figueira-vivio-su-confraternizacion-anual\/#breadcrumb\",\"itemListElement\":[{\"@type\":\"ListItem\",\"position\":1,\"name\":\"In\u00edcio\",\"item\":\"https:\/\/www.fraterinternacional.org\/es\/\"},{\"@type\":\"ListItem\",\"position\":2,\"name\":\"La Escuela Parque Tibetano Comunidad Figueira vivi\u00f3 su confraternizaci\u00f3n anual\"}]},{\"@type\":\"WebSite\",\"@id\":\"https:\/\/www.fraterinternacional.org\/es\/#website\",\"url\":\"https:\/\/www.fraterinternacional.org\/es\/\",\"name\":\"Fraternidade - Federa\u00e7\u00e3o Humanit\u00e1ria Internacional\",\"description\":\"Fraternidade - Federa\u00e7\u00e3o Humanit\u00e1ria Internacional\",\"potentialAction\":[{\"@type\":\"SearchAction\",\"target\":{\"@type\":\"EntryPoint\",\"urlTemplate\":\"https:\/\/www.fraterinternacional.org\/es\/?s={search_term_string}\"},\"query-input\":\"required name=search_term_string\"}],\"inLanguage\":\"es\"},{\"@type\":\"Person\",\"@id\":\"https:\/\/www.fraterinternacional.org\/es\/#\/schema\/person\/cf24d3eac28b0e09714ecb8cbd865c28\",\"name\":\"Sergio Redator Espanhol\"}]}<\/script>\n<!-- \/ Yoast SEO Premium plugin. -->","yoast_head_json":{"title":"Escuela Parque Tibetano Comunidad Figueira vivi\u00f3 su confraternizaci\u00f3n anual","description":"La comunidad escolar del Parque Tibetano comparti\u00f3 juegos, teatro, vivencia de socorrismo, almuerzo y comuni\u00f3n ecum\u00e9nica.","robots":{"index":"index","follow":"follow","max-snippet":"max-snippet:-1","max-image-preview":"max-image-preview:large","max-video-preview":"max-video-preview:-1"},"canonical":"https:\/\/www.fraterinternacional.org\/es\/la-escuela-parque-tibetano-comunidad-figueira-vivio-su-confraternizacion-anual\/","og_locale":"es_ES","og_type":"article","og_title":"La Escuela Parque Tibetano Comunidad Figueira vivi\u00f3 su confraternizaci\u00f3n anual","og_description":"La comunidad escolar del Parque Tibetano comparti\u00f3 juegos, teatro, vivencia de socorrismo, almuerzo y comuni\u00f3n ecum\u00e9nica.","og_url":"https:\/\/www.fraterinternacional.org\/es\/la-escuela-parque-tibetano-comunidad-figueira-vivio-su-confraternizacion-anual\/","og_site_name":"Fraternidade - Federa\u00e7\u00e3o Humanit\u00e1ria Internacional","article_publisher":"https:\/\/www.facebook.com\/fraternidadehumanitaria","article_published_time":"2016-12-10T19:04:51+00:00","article_modified_time":"2016-12-12T22:20:14+00:00","og_image":[{"width":690,"height":388,"url":"https:\/\/www.fraterinternacional.org\/wp-content\/uploads\/2016\/12\/parque-tibetano-figueira-confraternizacao-final-ano-2016_02a.jpg","type":"image\/jpeg"}],"author":"Sergio Redator Espanhol","twitter_card":"summary_large_image","twitter_creator":"@fraternidadeFHI","twitter_site":"@fraternidadeFHI","twitter_misc":{"Escrito por":"Sergio Redator Espanhol","Tiempo de lectura":"2 minutos"},"schema":{"@context":"https:\/\/schema.org","@graph":[{"@type":"WebPage","@id":"https:\/\/www.fraterinternacional.org\/es\/la-escuela-parque-tibetano-comunidad-figueira-vivio-su-confraternizacion-anual\/","url":"https:\/\/www.fraterinternacional.org\/es\/la-escuela-parque-tibetano-comunidad-figueira-vivio-su-confraternizacion-anual\/","name":"Escuela Parque Tibetano Comunidad Figueira vivi\u00f3 su confraternizaci\u00f3n anual","isPartOf":{"@id":"https:\/\/www.fraterinternacional.org\/es\/#website"},"datePublished":"2016-12-10T19:04:51+00:00","dateModified":"2016-12-12T22:20:14+00:00","author":{"@id":"https:\/\/www.fraterinternacional.org\/es\/#\/schema\/person\/cf24d3eac28b0e09714ecb8cbd865c28"},"description":"La comunidad escolar del Parque Tibetano comparti\u00f3 juegos, teatro, vivencia de socorrismo, almuerzo y comuni\u00f3n ecum\u00e9nica.","breadcrumb":{"@id":"https:\/\/www.fraterinternacional.org\/es\/la-escuela-parque-tibetano-comunidad-figueira-vivio-su-confraternizacion-anual\/#breadcrumb"},"inLanguage":"es","potentialAction":[{"@type":"ReadAction","target":["https:\/\/www.fraterinternacional.org\/es\/la-escuela-parque-tibetano-comunidad-figueira-vivio-su-confraternizacion-anual\/"]}]},{"@type":"BreadcrumbList","@id":"https:\/\/www.fraterinternacional.org\/es\/la-escuela-parque-tibetano-comunidad-figueira-vivio-su-confraternizacion-anual\/#breadcrumb","itemListElement":[{"@type":"ListItem","position":1,"name":"In\u00edcio","item":"https:\/\/www.fraterinternacional.org\/es\/"},{"@type":"ListItem","position":2,"name":"La Escuela Parque Tibetano Comunidad Figueira vivi\u00f3 su confraternizaci\u00f3n anual"}]},{"@type":"WebSite","@id":"https:\/\/www.fraterinternacional.org\/es\/#website","url":"https:\/\/www.fraterinternacional.org\/es\/","name":"Fraternidade - Federa\u00e7\u00e3o Humanit\u00e1ria Internacional","description":"Fraternidade - Federa\u00e7\u00e3o Humanit\u00e1ria Internacional","potentialAction":[{"@type":"SearchAction","target":{"@type":"EntryPoint","urlTemplate":"https:\/\/www.fraterinternacional.org\/es\/?s={search_term_string}"},"query-input":"required name=search_term_string"}],"inLanguage":"es"},{"@type":"Person","@id":"https:\/\/www.fraterinternacional.org\/es\/#\/schema\/person\/cf24d3eac28b0e09714ecb8cbd865c28","name":"Sergio Redator Espanhol"}]}},"_links":{"self":[{"href":"https:\/\/www.fraterinternacional.org\/es\/wp-json\/wp\/v2\/posts\/39003"}],"collection":[{"href":"https:\/\/www.fraterinternacional.org\/es\/wp-json\/wp\/v2\/posts"}],"about":[{"href":"https:\/\/www.fraterinternacional.org\/es\/wp-json\/wp\/v2\/types\/post"}],"author":[{"embeddable":true,"href":"https:\/\/www.fraterinternacional.org\/es\/wp-json\/wp\/v2\/users\/16"}],"replies":[{"embeddable":true,"href":"https:\/\/www.fraterinternacional.org\/es\/wp-json\/wp\/v2\/comments?post=39003"}],"version-history":[{"count":0,"href":"https:\/\/www.fraterinternacional.org\/es\/wp-json\/wp\/v2\/posts\/39003\/revisions"}],"wp:featuredmedia":[{"embeddable":true,"href":"https:\/\/www.fraterinternacional.org\/es\/wp-json\/wp\/v2\/media\/39310"}],"wp:attachment":[{"href":"https:\/\/www.fraterinternacional.org\/es\/wp-json\/wp\/v2\/media?parent=39003"}],"wp:term":[{"taxonomy":"category","embeddable":true,"href":"https:\/\/www.fraterinternacional.org\/es\/wp-json\/wp\/v2\/categories?post=39003"},{"taxonomy":"post_tag","embeddable":true,"href":"https:\/\/www.fraterinternacional.org\/es\/wp-json\/wp\/v2\/tags?post=39003"}],"curies":[{"name":"wp","href":"https:\/\/api.w.org\/{rel}","templated":true}]}}