{"id":38204,"date":"2016-12-02T13:42:33","date_gmt":"2016-12-02T16:42:33","guid":{"rendered":"http:\/\/www.fraterinternacional.org\/es\/?p=38204"},"modified":"2016-12-02T21:55:53","modified_gmt":"2016-12-03T00:55:53","slug":"la-comunidad-luz-figueira-vivio-una-jornada-de-integracion-espiritual","status":"publish","type":"post","link":"https:\/\/www.fraterinternacional.org\/es\/la-comunidad-luz-figueira-vivio-una-jornada-de-integracion-espiritual\/","title":{"rendered":"La Comunidad-Luz Figueira vivi\u00f3 una jornada de integraci\u00f3n espiritual"},"content":{"rendered":"<p>&nbsp;<\/p>\n<p style=\"text-align: justify;\">La <a href=\"http:\/\/www.comunidadefigueira.org.br\/esp\/\" target=\"_blank\">Comunidad-Luz Figueira<\/a>, afiliada a la <strong>Fraternidade <\/strong><strong>\u2013<\/strong><strong> Federaci<\/strong><strong>\u00f3<\/strong><strong>n Humanitaria Internacional<\/strong>, reuni\u00f3 a sus miembros y colaboradores externos en una jornada de confraternizaci\u00f3n y de integraci\u00f3n espiritual. Participaron unas 170 personas, de todas las edades, provenientes de las distintas \u00e1reas de hospedaje, as\u00ed como de Carmo da Cachoeira y otras ciudades del Brasil y del exterior. La reuni\u00f3n se llev\u00f3 a cabo el domingo 20 de noviembre en el N\u00facleo Coraz\u00f3n Sagrado.<\/p>\n<p style=\"text-align: justify;\"><a href=\"http:\/\/www.fraterinternacional.org\/wp-content\/uploads\/2016\/12\/comunidade-figueira-confraternizacao-espiritual-ncs-nov-2016_16.jpg\"><img decoding=\"async\" class=\"alignleft wp-image-38092\" src=\"http:\/\/www.fraterinternacional.org\/wp-content\/uploads\/2016\/12\/comunidade-figueira-confraternizacao-espiritual-ncs-nov-2016_16-300x169.jpg\" alt=\"comunidade-figueira-confraternizacao-espiritual-ncs-nov-2016_16\" width=\"252\" height=\"142\" srcset=\"https:\/\/www.fraterinternacional.org\/wp-content\/uploads\/2016\/12\/comunidade-figueira-confraternizacao-espiritual-ncs-nov-2016_16-200x112.jpg 200w, https:\/\/www.fraterinternacional.org\/wp-content\/uploads\/2016\/12\/comunidade-figueira-confraternizacao-espiritual-ncs-nov-2016_16-300x169.jpg 300w, https:\/\/www.fraterinternacional.org\/wp-content\/uploads\/2016\/12\/comunidade-figueira-confraternizacao-espiritual-ncs-nov-2016_16-400x225.jpg 400w, https:\/\/www.fraterinternacional.org\/wp-content\/uploads\/2016\/12\/comunidade-figueira-confraternizacao-espiritual-ncs-nov-2016_16-600x337.jpg 600w, https:\/\/www.fraterinternacional.org\/wp-content\/uploads\/2016\/12\/comunidade-figueira-confraternizacao-espiritual-ncs-nov-2016_16.jpg 690w\" sizes=\"(max-width: 252px) 100vw, 252px\" \/><\/a>El objetivo principal fue buscar una mayor aproximaci\u00f3n con el N\u00facleo de Amor presente en la contraparte interna y profunda de Figueira, seg\u00fan explic\u00f3 fray Supremo do Rei Jesus, monje de la <a href=\"http:\/\/www.fraterinternacional.org\/es\/orden-gracia-misericordia\/\">Orden Gracia Misericordia<\/a>, coordinador de la Comunidad-Luz Figueira y del <a href=\"http:\/\/www.fraterinternacional.org\/es\/centros-marianos\/\">Centro Mariano de Figueira<\/a>.<\/p>\n<p style=\"text-align: justify;\">Los presentes desarrollaron un amplio programa que comenz\u00f3 con una sinton\u00eda espiritual. Luego fueron conformados equipos de tareas para llevar a la pr\u00e1ctica la donaci\u00f3n de s\u00ed y el contacto interno. Los grupos se dedicaron a armonizar los diversos espacios del local: jardines, dep\u00f3sitos, corredores, ventanales, sala de recepci\u00f3n, comedor comunitario, sector de hidroterapia, sala de oraci\u00f3n y sala de Adoraci\u00f3n al Sant\u00edsimo. Tambi\u00e9n hubo tareas de limpieza en el patio de la escuela Parque Tibetano, de la Comunidad-Luz Figueira. Un grupo se ocup\u00f3 de preparar el almuerzo y otros apoyaron con la selecci\u00f3n de porotos\u00a0y la confecci\u00f3n de bolsas de papel para los basureros.<\/p>\n<p style=\"text-align: justify;\">Finalizadas las labores, alrededor de las 11.00 de la ma\u00f1ana, los asistentes limpiaron y guardaron las herramientas utilizadas y luego se dispusieron a participar de otra sinton\u00eda espiritual. A continuaci\u00f3n compartieron el almuerzo y la armonizaci\u00f3n posterior. Tras un breve periodo de descanso, oraron la Coronilla de la Divina Misericordia y luego hubo Comuni\u00f3n Ecum\u00e9nica.<\/p>\n<div id=\"attachment_38083\" style=\"width: 251px\" class=\"wp-caption alignright\"><a href=\"http:\/\/www.fraterinternacional.org\/wp-content\/uploads\/2016\/12\/comunidade-figueira-confraternizacao-espiritual-ncs-nov-2016_21.jpg\"><img decoding=\"async\" aria-describedby=\"caption-attachment-38083\" class=\"wp-image-38083\" src=\"http:\/\/www.fraterinternacional.org\/wp-content\/uploads\/2016\/12\/comunidade-figueira-confraternizacao-espiritual-ncs-nov-2016_21-300x169.jpg\" alt=\"Mission\u00e1rios \" width=\"241\" height=\"136\" srcset=\"https:\/\/www.fraterinternacional.org\/wp-content\/uploads\/2016\/12\/comunidade-figueira-confraternizacao-espiritual-ncs-nov-2016_21-200x112.jpg 200w, https:\/\/www.fraterinternacional.org\/wp-content\/uploads\/2016\/12\/comunidade-figueira-confraternizacao-espiritual-ncs-nov-2016_21-300x169.jpg 300w, https:\/\/www.fraterinternacional.org\/wp-content\/uploads\/2016\/12\/comunidade-figueira-confraternizacao-espiritual-ncs-nov-2016_21-400x225.jpg 400w, https:\/\/www.fraterinternacional.org\/wp-content\/uploads\/2016\/12\/comunidade-figueira-confraternizacao-espiritual-ncs-nov-2016_21-600x337.jpg 600w, https:\/\/www.fraterinternacional.org\/wp-content\/uploads\/2016\/12\/comunidade-figueira-confraternizacao-espiritual-ncs-nov-2016_21.jpg 690w\" sizes=\"(max-width: 241px) 100vw, 241px\" \/><\/a><p id=\"caption-attachment-38083\" class=\"wp-caption-text\">Misioneros.<\/p><\/div>\n<p style=\"text-align: justify;\"><strong>Reacciones<br \/>\n<\/strong>\u201cMe impresiona la paz y el amor que se respira hoy aqu\u00ed. Es algo que penetra la piel. Me gusta mucho la fraternidad que reina entre todos y como, a pesar de tanto movimiento y de los ruidos de los peque\u00f1os y de los animales, todo transcurre con mucho orden y armon\u00eda. Hoy pude redescubrir y sentir de cerca todos los valores que irradia Figueira\u201d, coment\u00f3 Graciela Mart\u00ednez, colaboradora argentina.<\/p>\n<p style=\"text-align: justify;\">Marina V\u00e1sques, residente en Brasilia (DF) y colaboradora hace 27 a\u00f1os, declar\u00f3: \u201cme siento muy bien, para m\u00ed Figueira es mi primera casa, acompa\u00f1\u00e9 el trabajo desde el principio, me parece muy bien que haya momentos como este en que puedan integrarse a todas las \u00e1reas, eso es muy positivo\u201d.<\/p>\n<p style=\"text-align: justify;\"><a href=\"http:\/\/www.fraterinternacional.org\/wp-content\/uploads\/2016\/12\/comunidade-figueira-confraternizacao-espiritual-ncs-nov-2016_07.jpg\"><img decoding=\"async\" class=\"alignleft wp-image-38118\" src=\"http:\/\/www.fraterinternacional.org\/wp-content\/uploads\/2016\/12\/comunidade-figueira-confraternizacao-espiritual-ncs-nov-2016_07-300x169.jpg\" alt=\"comunidade-figueira-confraternizacao-espiritual-ncs-nov-2016_07\" width=\"254\" height=\"143\" srcset=\"https:\/\/www.fraterinternacional.org\/wp-content\/uploads\/2016\/12\/comunidade-figueira-confraternizacao-espiritual-ncs-nov-2016_07-200x112.jpg 200w, https:\/\/www.fraterinternacional.org\/wp-content\/uploads\/2016\/12\/comunidade-figueira-confraternizacao-espiritual-ncs-nov-2016_07-300x169.jpg 300w, https:\/\/www.fraterinternacional.org\/wp-content\/uploads\/2016\/12\/comunidade-figueira-confraternizacao-espiritual-ncs-nov-2016_07-400x225.jpg 400w, https:\/\/www.fraterinternacional.org\/wp-content\/uploads\/2016\/12\/comunidade-figueira-confraternizacao-espiritual-ncs-nov-2016_07-600x337.jpg 600w, https:\/\/www.fraterinternacional.org\/wp-content\/uploads\/2016\/12\/comunidade-figueira-confraternizacao-espiritual-ncs-nov-2016_07.jpg 690w\" sizes=\"(max-width: 254px) 100vw, 254px\" \/><\/a>Para Francisca L\u00f3pez, del estado de Paran\u00e1, y para Breno, de Belo Horizonte, Minas Gerais, lo m\u00e1s resaltante fue el esp\u00edritu de uni\u00f3n y de unidad que pudieron percibir. \u201cHoy pudo sentirse mucho amor, en las tareas y en las sinton\u00edas. Sentimos esa semilla de nueva humanidad, que est\u00e1 pronta para manifestarse en la superficie de la Tierra\u201d, ampli\u00f3 Francisca.<\/p>\n<p style=\"text-align: justify;\">La jornada finaliz\u00f3 con la exhibici\u00f3n de una pel\u00edcula de animaci\u00f3n \u2013Kung Fu Panda-, que con bastante humor, transmiti\u00f3 varios mensajes dirigidos al coraz\u00f3n de los espectadores.<\/p>\n\n\t\t<style type=\"text\/css\">\n\t\t\t#gallery-1 {\n\t\t\t\tmargin: auto;\n\t\t\t}\n\t\t\t#gallery-1 .gallery-item {\n\t\t\t\tfloat: left;\n\t\t\t\tmargin-top: 10px;\n\t\t\t\ttext-align: center;\n\t\t\t\twidth: 50%;\n\t\t\t}\n\t\t\t#gallery-1 img {\n\t\t\t\tborder: 2px solid #cfcfcf;\n\t\t\t}\n\t\t\t#gallery-1 .gallery-caption {\n\t\t\t\tmargin-left: 0;\n\t\t\t}\n\t\t\t\/* see gallery_shortcode() in wp-includes\/media.php *\/\n\t\t<\/style>\n\t\t<div id='gallery-1' class='gallery galleryid-38204 gallery-columns-2 gallery-size-medium'><dl class='gallery-item'>\n\t\t\t<dt class='gallery-icon landscape'>\n\t\t\t\t<a data-rel=\"iLightbox[postimages]\" data-title=\"comunidade-figueira-confraternizacao-espiritual-ncs-nov-2016_18\" data-caption=\"\" href='https:\/\/www.fraterinternacional.org\/wp-content\/uploads\/2016\/12\/comunidade-figueira-confraternizacao-espiritual-ncs-nov-2016_18.jpg'><img decoding=\"async\" width=\"300\" height=\"169\" src=\"https:\/\/www.fraterinternacional.org\/wp-content\/uploads\/2016\/12\/comunidade-figueira-confraternizacao-espiritual-ncs-nov-2016_18-300x169.jpg\" class=\"attachment-medium size-medium\" alt=\"\" srcset=\"https:\/\/www.fraterinternacional.org\/wp-content\/uploads\/2016\/12\/comunidade-figueira-confraternizacao-espiritual-ncs-nov-2016_18-200x112.jpg 200w, https:\/\/www.fraterinternacional.org\/wp-content\/uploads\/2016\/12\/comunidade-figueira-confraternizacao-espiritual-ncs-nov-2016_18-300x169.jpg 300w, https:\/\/www.fraterinternacional.org\/wp-content\/uploads\/2016\/12\/comunidade-figueira-confraternizacao-espiritual-ncs-nov-2016_18-400x225.jpg 400w, https:\/\/www.fraterinternacional.org\/wp-content\/uploads\/2016\/12\/comunidade-figueira-confraternizacao-espiritual-ncs-nov-2016_18-600x337.jpg 600w, https:\/\/www.fraterinternacional.org\/wp-content\/uploads\/2016\/12\/comunidade-figueira-confraternizacao-espiritual-ncs-nov-2016_18.jpg 690w\" sizes=\"(max-width: 300px) 100vw, 300px\" \/><\/a>\n\t\t\t<\/dt><\/dl><dl class='gallery-item'>\n\t\t\t<dt class='gallery-icon landscape'>\n\t\t\t\t<a data-rel=\"iLightbox[postimages]\" data-title=\"comunidade-figueira-confraternizacao-espiritual-ncs-nov-2016_05\" data-caption=\"\" href='https:\/\/www.fraterinternacional.org\/wp-content\/uploads\/2016\/12\/comunidade-figueira-confraternizacao-espiritual-ncs-nov-2016_05.jpg'><img decoding=\"async\" width=\"300\" height=\"169\" src=\"https:\/\/www.fraterinternacional.org\/wp-content\/uploads\/2016\/12\/comunidade-figueira-confraternizacao-espiritual-ncs-nov-2016_05-300x169.jpg\" class=\"attachment-medium size-medium\" alt=\"\" srcset=\"https:\/\/www.fraterinternacional.org\/wp-content\/uploads\/2016\/12\/comunidade-figueira-confraternizacao-espiritual-ncs-nov-2016_05-200x112.jpg 200w, https:\/\/www.fraterinternacional.org\/wp-content\/uploads\/2016\/12\/comunidade-figueira-confraternizacao-espiritual-ncs-nov-2016_05-300x169.jpg 300w, https:\/\/www.fraterinternacional.org\/wp-content\/uploads\/2016\/12\/comunidade-figueira-confraternizacao-espiritual-ncs-nov-2016_05-400x225.jpg 400w, https:\/\/www.fraterinternacional.org\/wp-content\/uploads\/2016\/12\/comunidade-figueira-confraternizacao-espiritual-ncs-nov-2016_05-600x337.jpg 600w, https:\/\/www.fraterinternacional.org\/wp-content\/uploads\/2016\/12\/comunidade-figueira-confraternizacao-espiritual-ncs-nov-2016_05.jpg 690w\" sizes=\"(max-width: 300px) 100vw, 300px\" \/><\/a>\n\t\t\t<\/dt><\/dl><br style=\"clear: both\" \/><dl class='gallery-item'>\n\t\t\t<dt class='gallery-icon landscape'>\n\t\t\t\t<a data-rel=\"iLightbox[postimages]\" data-title=\"comunidade-figueira-confraternizacao-espiritual-ncs-nov-2016_10\" data-caption=\"\" href='https:\/\/www.fraterinternacional.org\/wp-content\/uploads\/2016\/12\/comunidade-figueira-confraternizacao-espiritual-ncs-nov-2016_10.jpg'><img decoding=\"async\" width=\"300\" height=\"169\" src=\"https:\/\/www.fraterinternacional.org\/wp-content\/uploads\/2016\/12\/comunidade-figueira-confraternizacao-espiritual-ncs-nov-2016_10-300x169.jpg\" class=\"attachment-medium size-medium\" alt=\"\" srcset=\"https:\/\/www.fraterinternacional.org\/wp-content\/uploads\/2016\/12\/comunidade-figueira-confraternizacao-espiritual-ncs-nov-2016_10-200x112.jpg 200w, https:\/\/www.fraterinternacional.org\/wp-content\/uploads\/2016\/12\/comunidade-figueira-confraternizacao-espiritual-ncs-nov-2016_10-300x169.jpg 300w, https:\/\/www.fraterinternacional.org\/wp-content\/uploads\/2016\/12\/comunidade-figueira-confraternizacao-espiritual-ncs-nov-2016_10-400x225.jpg 400w, https:\/\/www.fraterinternacional.org\/wp-content\/uploads\/2016\/12\/comunidade-figueira-confraternizacao-espiritual-ncs-nov-2016_10-600x337.jpg 600w, https:\/\/www.fraterinternacional.org\/wp-content\/uploads\/2016\/12\/comunidade-figueira-confraternizacao-espiritual-ncs-nov-2016_10.jpg 690w\" sizes=\"(max-width: 300px) 100vw, 300px\" \/><\/a>\n\t\t\t<\/dt><\/dl><dl class='gallery-item'>\n\t\t\t<dt class='gallery-icon landscape'>\n\t\t\t\t<a data-rel=\"iLightbox[postimages]\" data-title=\"comunidade-figueira-confraternizacao-espiritual-ncs-nov-2016_09\" data-caption=\"\" href='https:\/\/www.fraterinternacional.org\/wp-content\/uploads\/2016\/12\/comunidade-figueira-confraternizacao-espiritual-ncs-nov-2016_09.jpg'><img decoding=\"async\" width=\"300\" height=\"169\" src=\"https:\/\/www.fraterinternacional.org\/wp-content\/uploads\/2016\/12\/comunidade-figueira-confraternizacao-espiritual-ncs-nov-2016_09-300x169.jpg\" class=\"attachment-medium size-medium\" alt=\"\" srcset=\"https:\/\/www.fraterinternacional.org\/wp-content\/uploads\/2016\/12\/comunidade-figueira-confraternizacao-espiritual-ncs-nov-2016_09-200x112.jpg 200w, https:\/\/www.fraterinternacional.org\/wp-content\/uploads\/2016\/12\/comunidade-figueira-confraternizacao-espiritual-ncs-nov-2016_09-300x169.jpg 300w, https:\/\/www.fraterinternacional.org\/wp-content\/uploads\/2016\/12\/comunidade-figueira-confraternizacao-espiritual-ncs-nov-2016_09-400x225.jpg 400w, https:\/\/www.fraterinternacional.org\/wp-content\/uploads\/2016\/12\/comunidade-figueira-confraternizacao-espiritual-ncs-nov-2016_09-600x337.jpg 600w, https:\/\/www.fraterinternacional.org\/wp-content\/uploads\/2016\/12\/comunidade-figueira-confraternizacao-espiritual-ncs-nov-2016_09.jpg 690w\" sizes=\"(max-width: 300px) 100vw, 300px\" \/><\/a>\n\t\t\t<\/dt><\/dl><br style=\"clear: both\" \/>\n\t\t<\/div>\n\n","protected":false},"excerpt":{"rendered":"<p>&nbsp; La Comunidad-Luz Figueira, afiliada a la Fraternidade \u2013 Federaci\u00f3n Humanitaria Internacional, reuni\u00f3 a sus miembros y colaboradores externos en [&hellip;]<\/p>\n","protected":false},"author":16,"featured_media":38065,"comment_status":"closed","ping_status":"closed","sticky":false,"template":"","format":"standard","meta":{"footnotes":""},"categories":[173],"tags":[117,196,116],"class_list":["post-38204","post","type-post","status-publish","format-standard","has-post-thumbnail","hentry","category-noticia","tag-comunidades-luz-es","tag-cura-y-transformacion","tag-vida-grupal-es"],"yoast_head":"<!-- This site is optimized with the Yoast SEO Premium plugin v21.0 (Yoast SEO v21.0) - https:\/\/yoast.com\/wordpress\/plugins\/seo\/ -->\n<title>La Comunidad-Luz Figueira vivi\u00f3 uina jornada de integraci\u00f3n espiritual<\/title>\n<meta name=\"description\" content=\"Por medio de actividades pr\u00e1cticas, sinton\u00edas y oraciones, la Comunidad-Luz Figueira profundiz\u00f3 la conexi\u00f3n espiritual con sus niveles m\u00e1s profundos.\" \/>\n<meta name=\"robots\" content=\"index, follow, max-snippet:-1, max-image-preview:large, max-video-preview:-1\" \/>\n<link rel=\"canonical\" href=\"https:\/\/www.fraterinternacional.org\/es\/la-comunidad-luz-figueira-vivio-una-jornada-de-integracion-espiritual\/\" \/>\n<meta property=\"og:locale\" content=\"es_ES\" \/>\n<meta property=\"og:type\" content=\"article\" \/>\n<meta property=\"og:title\" content=\"La Comunidad-Luz Figueira vivi\u00f3 una jornada de integraci\u00f3n espiritual\" \/>\n<meta property=\"og:description\" content=\"Por medio de actividades pr\u00e1cticas, sinton\u00edas y oraciones, la Comunidad-Luz Figueira profundiz\u00f3 la conexi\u00f3n espiritual con sus niveles m\u00e1s profundos.\" \/>\n<meta property=\"og:url\" content=\"https:\/\/www.fraterinternacional.org\/es\/la-comunidad-luz-figueira-vivio-una-jornada-de-integracion-espiritual\/\" \/>\n<meta property=\"og:site_name\" content=\"Fraternidade - Federa\u00e7\u00e3o Humanit\u00e1ria Internacional\" \/>\n<meta property=\"article:publisher\" content=\"https:\/\/www.facebook.com\/fraternidadehumanitaria\" \/>\n<meta property=\"article:published_time\" content=\"2016-12-02T16:42:33+00:00\" \/>\n<meta property=\"article:modified_time\" content=\"2016-12-03T00:55:53+00:00\" \/>\n<meta property=\"og:image\" content=\"https:\/\/www.fraterinternacional.org\/wp-content\/uploads\/2016\/12\/comunidade-figueira-confraternizacao-espiritual-ncs-nov-2016_02.jpg\" \/>\n\t<meta property=\"og:image:width\" content=\"690\" \/>\n\t<meta property=\"og:image:height\" content=\"335\" \/>\n\t<meta property=\"og:image:type\" content=\"image\/jpeg\" \/>\n<meta name=\"author\" content=\"Sergio Redator Espanhol\" \/>\n<meta name=\"twitter:card\" content=\"summary_large_image\" \/>\n<meta name=\"twitter:creator\" content=\"@fraternidadeFHI\" \/>\n<meta name=\"twitter:site\" content=\"@fraternidadeFHI\" \/>\n<meta name=\"twitter:label1\" content=\"Escrito por\" \/>\n\t<meta name=\"twitter:data1\" content=\"Sergio Redator Espanhol\" \/>\n\t<meta name=\"twitter:label2\" content=\"Tiempo de lectura\" \/>\n\t<meta name=\"twitter:data2\" content=\"3 minutos\" \/>\n<script type=\"application\/ld+json\" class=\"yoast-schema-graph\">{\"@context\":\"https:\/\/schema.org\",\"@graph\":[{\"@type\":\"WebPage\",\"@id\":\"https:\/\/www.fraterinternacional.org\/es\/la-comunidad-luz-figueira-vivio-una-jornada-de-integracion-espiritual\/\",\"url\":\"https:\/\/www.fraterinternacional.org\/es\/la-comunidad-luz-figueira-vivio-una-jornada-de-integracion-espiritual\/\",\"name\":\"La Comunidad-Luz Figueira vivi\u00f3 uina jornada de integraci\u00f3n espiritual\",\"isPartOf\":{\"@id\":\"https:\/\/www.fraterinternacional.org\/es\/#website\"},\"datePublished\":\"2016-12-02T16:42:33+00:00\",\"dateModified\":\"2016-12-03T00:55:53+00:00\",\"author\":{\"@id\":\"https:\/\/www.fraterinternacional.org\/es\/#\/schema\/person\/cf24d3eac28b0e09714ecb8cbd865c28\"},\"description\":\"Por medio de actividades pr\u00e1cticas, sinton\u00edas y oraciones, la Comunidad-Luz Figueira profundiz\u00f3 la conexi\u00f3n espiritual con sus niveles m\u00e1s profundos.\",\"breadcrumb\":{\"@id\":\"https:\/\/www.fraterinternacional.org\/es\/la-comunidad-luz-figueira-vivio-una-jornada-de-integracion-espiritual\/#breadcrumb\"},\"inLanguage\":\"es\",\"potentialAction\":[{\"@type\":\"ReadAction\",\"target\":[\"https:\/\/www.fraterinternacional.org\/es\/la-comunidad-luz-figueira-vivio-una-jornada-de-integracion-espiritual\/\"]}]},{\"@type\":\"BreadcrumbList\",\"@id\":\"https:\/\/www.fraterinternacional.org\/es\/la-comunidad-luz-figueira-vivio-una-jornada-de-integracion-espiritual\/#breadcrumb\",\"itemListElement\":[{\"@type\":\"ListItem\",\"position\":1,\"name\":\"In\u00edcio\",\"item\":\"https:\/\/www.fraterinternacional.org\/es\/\"},{\"@type\":\"ListItem\",\"position\":2,\"name\":\"La Comunidad-Luz Figueira vivi\u00f3 una jornada de integraci\u00f3n espiritual\"}]},{\"@type\":\"WebSite\",\"@id\":\"https:\/\/www.fraterinternacional.org\/es\/#website\",\"url\":\"https:\/\/www.fraterinternacional.org\/es\/\",\"name\":\"Fraternidade - Federa\u00e7\u00e3o Humanit\u00e1ria Internacional\",\"description\":\"Fraternidade - Federa\u00e7\u00e3o Humanit\u00e1ria Internacional\",\"potentialAction\":[{\"@type\":\"SearchAction\",\"target\":{\"@type\":\"EntryPoint\",\"urlTemplate\":\"https:\/\/www.fraterinternacional.org\/es\/?s={search_term_string}\"},\"query-input\":\"required name=search_term_string\"}],\"inLanguage\":\"es\"},{\"@type\":\"Person\",\"@id\":\"https:\/\/www.fraterinternacional.org\/es\/#\/schema\/person\/cf24d3eac28b0e09714ecb8cbd865c28\",\"name\":\"Sergio Redator Espanhol\"}]}<\/script>\n<!-- \/ Yoast SEO Premium plugin. -->","yoast_head_json":{"title":"La Comunidad-Luz Figueira vivi\u00f3 uina jornada de integraci\u00f3n espiritual","description":"Por medio de actividades pr\u00e1cticas, sinton\u00edas y oraciones, la Comunidad-Luz Figueira profundiz\u00f3 la conexi\u00f3n espiritual con sus niveles m\u00e1s profundos.","robots":{"index":"index","follow":"follow","max-snippet":"max-snippet:-1","max-image-preview":"max-image-preview:large","max-video-preview":"max-video-preview:-1"},"canonical":"https:\/\/www.fraterinternacional.org\/es\/la-comunidad-luz-figueira-vivio-una-jornada-de-integracion-espiritual\/","og_locale":"es_ES","og_type":"article","og_title":"La Comunidad-Luz Figueira vivi\u00f3 una jornada de integraci\u00f3n espiritual","og_description":"Por medio de actividades pr\u00e1cticas, sinton\u00edas y oraciones, la Comunidad-Luz Figueira profundiz\u00f3 la conexi\u00f3n espiritual con sus niveles m\u00e1s profundos.","og_url":"https:\/\/www.fraterinternacional.org\/es\/la-comunidad-luz-figueira-vivio-una-jornada-de-integracion-espiritual\/","og_site_name":"Fraternidade - Federa\u00e7\u00e3o Humanit\u00e1ria Internacional","article_publisher":"https:\/\/www.facebook.com\/fraternidadehumanitaria","article_published_time":"2016-12-02T16:42:33+00:00","article_modified_time":"2016-12-03T00:55:53+00:00","og_image":[{"width":690,"height":335,"url":"https:\/\/www.fraterinternacional.org\/wp-content\/uploads\/2016\/12\/comunidade-figueira-confraternizacao-espiritual-ncs-nov-2016_02.jpg","type":"image\/jpeg"}],"author":"Sergio Redator Espanhol","twitter_card":"summary_large_image","twitter_creator":"@fraternidadeFHI","twitter_site":"@fraternidadeFHI","twitter_misc":{"Escrito por":"Sergio Redator Espanhol","Tiempo de lectura":"3 minutos"},"schema":{"@context":"https:\/\/schema.org","@graph":[{"@type":"WebPage","@id":"https:\/\/www.fraterinternacional.org\/es\/la-comunidad-luz-figueira-vivio-una-jornada-de-integracion-espiritual\/","url":"https:\/\/www.fraterinternacional.org\/es\/la-comunidad-luz-figueira-vivio-una-jornada-de-integracion-espiritual\/","name":"La Comunidad-Luz Figueira vivi\u00f3 uina jornada de integraci\u00f3n espiritual","isPartOf":{"@id":"https:\/\/www.fraterinternacional.org\/es\/#website"},"datePublished":"2016-12-02T16:42:33+00:00","dateModified":"2016-12-03T00:55:53+00:00","author":{"@id":"https:\/\/www.fraterinternacional.org\/es\/#\/schema\/person\/cf24d3eac28b0e09714ecb8cbd865c28"},"description":"Por medio de actividades pr\u00e1cticas, sinton\u00edas y oraciones, la Comunidad-Luz Figueira profundiz\u00f3 la conexi\u00f3n espiritual con sus niveles m\u00e1s profundos.","breadcrumb":{"@id":"https:\/\/www.fraterinternacional.org\/es\/la-comunidad-luz-figueira-vivio-una-jornada-de-integracion-espiritual\/#breadcrumb"},"inLanguage":"es","potentialAction":[{"@type":"ReadAction","target":["https:\/\/www.fraterinternacional.org\/es\/la-comunidad-luz-figueira-vivio-una-jornada-de-integracion-espiritual\/"]}]},{"@type":"BreadcrumbList","@id":"https:\/\/www.fraterinternacional.org\/es\/la-comunidad-luz-figueira-vivio-una-jornada-de-integracion-espiritual\/#breadcrumb","itemListElement":[{"@type":"ListItem","position":1,"name":"In\u00edcio","item":"https:\/\/www.fraterinternacional.org\/es\/"},{"@type":"ListItem","position":2,"name":"La Comunidad-Luz Figueira vivi\u00f3 una jornada de integraci\u00f3n espiritual"}]},{"@type":"WebSite","@id":"https:\/\/www.fraterinternacional.org\/es\/#website","url":"https:\/\/www.fraterinternacional.org\/es\/","name":"Fraternidade - Federa\u00e7\u00e3o Humanit\u00e1ria Internacional","description":"Fraternidade - Federa\u00e7\u00e3o Humanit\u00e1ria Internacional","potentialAction":[{"@type":"SearchAction","target":{"@type":"EntryPoint","urlTemplate":"https:\/\/www.fraterinternacional.org\/es\/?s={search_term_string}"},"query-input":"required name=search_term_string"}],"inLanguage":"es"},{"@type":"Person","@id":"https:\/\/www.fraterinternacional.org\/es\/#\/schema\/person\/cf24d3eac28b0e09714ecb8cbd865c28","name":"Sergio Redator Espanhol"}]}},"_links":{"self":[{"href":"https:\/\/www.fraterinternacional.org\/es\/wp-json\/wp\/v2\/posts\/38204"}],"collection":[{"href":"https:\/\/www.fraterinternacional.org\/es\/wp-json\/wp\/v2\/posts"}],"about":[{"href":"https:\/\/www.fraterinternacional.org\/es\/wp-json\/wp\/v2\/types\/post"}],"author":[{"embeddable":true,"href":"https:\/\/www.fraterinternacional.org\/es\/wp-json\/wp\/v2\/users\/16"}],"replies":[{"embeddable":true,"href":"https:\/\/www.fraterinternacional.org\/es\/wp-json\/wp\/v2\/comments?post=38204"}],"version-history":[{"count":0,"href":"https:\/\/www.fraterinternacional.org\/es\/wp-json\/wp\/v2\/posts\/38204\/revisions"}],"wp:featuredmedia":[{"embeddable":true,"href":"https:\/\/www.fraterinternacional.org\/es\/wp-json\/wp\/v2\/media\/38065"}],"wp:attachment":[{"href":"https:\/\/www.fraterinternacional.org\/es\/wp-json\/wp\/v2\/media?parent=38204"}],"wp:term":[{"taxonomy":"category","embeddable":true,"href":"https:\/\/www.fraterinternacional.org\/es\/wp-json\/wp\/v2\/categories?post=38204"},{"taxonomy":"post_tag","embeddable":true,"href":"https:\/\/www.fraterinternacional.org\/es\/wp-json\/wp\/v2\/tags?post=38204"}],"curies":[{"name":"wp","href":"https:\/\/api.w.org\/{rel}","templated":true}]}}