{"id":37694,"date":"2016-12-12T10:33:18","date_gmt":"2016-12-12T13:33:18","guid":{"rendered":"http:\/\/www.fraterinternacional.org\/es\/?p=37694"},"modified":"2016-12-12T10:33:18","modified_gmt":"2016-12-12T13:33:18","slug":"silencio-llave-transformadora","status":"publish","type":"post","link":"https:\/\/www.fraterinternacional.org\/es\/silencio-llave-transformadora\/","title":{"rendered":"Silencio: una llave transformadora"},"content":{"rendered":"<div class=\"fusion-fullwidth fullwidth-box fusion-builder-row-1 nonhundred-percent-fullwidth non-hundred-percent-height-scrolling\" style=\"--awb-border-radius-top-left:0px;--awb-border-radius-top-right:0px;--awb-border-radius-bottom-right:0px;--awb-border-radius-bottom-left:0px;--awb-padding-top:20px;--awb-padding-bottom:20px;--awb-flex-wrap:wrap;\" ><div class=\"fusion-builder-row fusion-row\"><div class=\"fusion-layout-column fusion_builder_column fusion-builder-column-0 fusion_builder_column_1_1 1_1 fusion-one-full fusion-column-first fusion-column-last\" style=\"--awb-bg-size:cover;\"><div class=\"fusion-column-wrapper fusion-flex-column-wrapper-legacy\"><div class=\"fusion-text fusion-text-1\"><h3>Escuche el audio de Trigueirinho sobre el tema <img decoding=\"async\" class=\"alignnone wp-image-3635\" src=\"http:\/\/www.fraterinternacional.org\/wp-content\/uploads\/2015\/09\/icone-audio.png\" alt=\"icone-audio\" width=\"33\" height=\"23\" \/><\/h3>\n<div style=\"width: 720px;\" class=\"wp-video\"><!--[if lt IE 9]><script>document.createElement('video');<\/script><![endif]-->\n<video class=\"wp-video-shortcode\" id=\"video-37694-1\" width=\"720\" height=\"100\" preload=\"metadata\" controls=\"controls\"><source type=\"video\/mp4\" src=\"http:\/\/www.fraterinternacional.org\/wp-content\/uploads\/2016\/11\/imp_ins_aud_2016_11_29_5_silencio_chave_transformadora_es.mp4?_=1\" \/><a href=\"http:\/\/www.fraterinternacional.org\/wp-content\/uploads\/2016\/11\/imp_ins_aud_2016_11_29_5_silencio_chave_transformadora_es.mp4\">http:\/\/www.fraterinternacional.org\/wp-content\/uploads\/2016\/11\/imp_ins_aud_2016_11_29_5_silencio_chave_transformadora_es.mp4<\/a><\/video><\/div>\n<p>&nbsp;<\/p>\n<p>&nbsp;<\/p>\n<p><a href=\"http:\/\/www.fraterinternacional.org\/wp-content\/uploads\/2016\/09\/Agua.jpg\"><img decoding=\"async\" class=\"size-medium wp-image-27114 alignleft\" src=\"http:\/\/www.fraterinternacional.org\/wp-content\/uploads\/2016\/09\/Agua-300x169.jpg\" alt=\"Agua\" width=\"300\" height=\"169\" srcset=\"https:\/\/www.fraterinternacional.org\/wp-content\/uploads\/2016\/09\/Agua-200x112.jpg 200w, https:\/\/www.fraterinternacional.org\/wp-content\/uploads\/2016\/09\/Agua-300x169.jpg 300w, https:\/\/www.fraterinternacional.org\/wp-content\/uploads\/2016\/09\/Agua-400x225.jpg 400w, https:\/\/www.fraterinternacional.org\/wp-content\/uploads\/2016\/09\/Agua-600x337.jpg 600w, https:\/\/www.fraterinternacional.org\/wp-content\/uploads\/2016\/09\/Agua.jpg 690w\" sizes=\"(max-width: 300px) 100vw, 300px\" \/><\/a><\/p>\n<p style=\"text-align: justify;\">Muchos ya pasaron por la experiencia de llegar a lugares donde la naturaleza expresa una gran armon\u00eda y se sienten invitados al silencio. La naturaleza es espont\u00e1neamente silenciosa: las plantas crecen en silencio, el sol brilla en silencio, el d\u00eda y la noche se suceden en silencio. Incluso cuando los seres y los elementos de la naturaleza emiten sonidos consiguen hacerlo sin romper esa condici\u00f3n de armon\u00eda.<\/p>\n<p style=\"text-align: justify;\">El silencio es b\u00e1sico para el equilibrio integral del ser y para su evoluci\u00f3n. En un sentido bien amplio, su cultivo no implica necesariamente privarse del uso de la palabra, aunque esa pr\u00e1ctica pueda estar incluida de forma moderada. Va actuando dentro de nosotros con su energ\u00eda poderosa y pacificadora, va retirando velos, va revel\u00e1ndonos el modo de que no quedemos a merced de las influencias externas, de que reconozcamos la unidad de la vida.<\/p>\n<p style=\"text-align: justify;\">Al conocer el silencio, se conoce el amor. El silencio viene al encuentro del ser cuando este se vuelve hacia el interior de s\u00ed mismo. Esta aproximaci\u00f3n es gradual. Del silencio emerge la comprensi\u00f3n y, con ella, la diligencia para el servicio. Del silencio proviene la fortaleza para emprender nuevos caminos. Fuente de sabidur\u00eda, en \u00e9l est\u00e1 la paz y el poder de la trascendencia. El silencio transforma y eleva. Se manifiesta en la acci\u00f3n y el recogimiento.<\/p>\n<p style=\"text-align: justify;\"><strong>Art\u00edculo de referencia:<\/strong> Jornal\u00a0O Tempo, (Diario El Tiempo), de 04\/ago\/2013<br \/>\n<strong>Nombre del art\u00edculo:<\/strong> Sil\u00eancio e recolhimento: uma chave preciosa e transformadora, (Silencio y recogimiento: una llave preciosa y transformadora)<br \/>\n<strong>Audio de Irdin:<\/strong> Sil\u00eancio que cura, (Silencio que cura)<br \/>\n<strong>Serie:<\/strong> Universalidade, (Universalidad)<br \/>\n<strong>Audio completo:<\/strong>\u00a0<a href=\"http:\/\/www.irdin.org.br\/acervo\/detalhes\/13081\">http:\/\/www.irdin.org.br\/acervo\/detalhes\/13081<\/a><\/p>\n<\/div><div class=\"fusion-clearfix\"><\/div><\/div><\/div><\/div><\/div>\n","protected":false},"excerpt":{"rendered":"","protected":false},"author":8,"featured_media":27116,"comment_status":"closed","ping_status":"closed","sticky":false,"template":"","format":"standard","meta":{"footnotes":""},"categories":[3237],"tags":[3239],"class_list":["post-37694","post","type-post","status-publish","format-standard","has-post-thumbnail","hentry","category-impulsos-para-la-semana","tag-instruccion-es"],"yoast_head":"<!-- This site is optimized with the Yoast SEO Premium plugin v21.0 (Yoast SEO v21.0) - https:\/\/yoast.com\/wordpress\/plugins\/seo\/ -->\n<title>Silencio: una llave transformadora -<\/title>\n<meta name=\"robots\" content=\"index, follow, max-snippet:-1, max-image-preview:large, max-video-preview:-1\" \/>\n<link rel=\"canonical\" href=\"https:\/\/www.fraterinternacional.org\/es\/silencio-llave-transformadora\/\" \/>\n<meta property=\"og:locale\" content=\"es_ES\" \/>\n<meta property=\"og:type\" content=\"article\" \/>\n<meta property=\"og:title\" content=\"Silencio: una llave transformadora\" \/>\n<meta property=\"og:url\" content=\"https:\/\/www.fraterinternacional.org\/es\/silencio-llave-transformadora\/\" \/>\n<meta property=\"og:site_name\" content=\"Fraternidade - Federa\u00e7\u00e3o Humanit\u00e1ria Internacional\" \/>\n<meta property=\"article:publisher\" content=\"https:\/\/www.facebook.com\/fraternidadehumanitaria\" \/>\n<meta property=\"article:published_time\" content=\"2016-12-12T13:33:18+00:00\" \/>\n<meta property=\"og:image\" content=\"https:\/\/www.fraterinternacional.org\/wp-content\/uploads\/2016\/09\/Agua.jpg\" \/>\n\t<meta property=\"og:image:width\" content=\"690\" \/>\n\t<meta property=\"og:image:height\" content=\"388\" \/>\n\t<meta property=\"og:image:type\" content=\"image\/jpeg\" \/>\n<meta name=\"author\" content=\"FFHI\" \/>\n<meta name=\"twitter:card\" content=\"summary_large_image\" \/>\n<meta name=\"twitter:creator\" content=\"@fraternidadeFHI\" \/>\n<meta name=\"twitter:site\" content=\"@fraternidadeFHI\" \/>\n<meta name=\"twitter:label1\" content=\"Escrito por\" \/>\n\t<meta name=\"twitter:data1\" content=\"FFHI\" \/>\n\t<meta name=\"twitter:label2\" content=\"Tiempo de lectura\" \/>\n\t<meta name=\"twitter:data2\" content=\"2 minutos\" \/>\n<script type=\"application\/ld+json\" class=\"yoast-schema-graph\">{\"@context\":\"https:\/\/schema.org\",\"@graph\":[{\"@type\":\"WebPage\",\"@id\":\"https:\/\/www.fraterinternacional.org\/es\/silencio-llave-transformadora\/\",\"url\":\"https:\/\/www.fraterinternacional.org\/es\/silencio-llave-transformadora\/\",\"name\":\"Silencio: una llave transformadora -\",\"isPartOf\":{\"@id\":\"https:\/\/www.fraterinternacional.org\/es\/#website\"},\"datePublished\":\"2016-12-12T13:33:18+00:00\",\"dateModified\":\"2016-12-12T13:33:18+00:00\",\"author\":{\"@id\":\"https:\/\/www.fraterinternacional.org\/es\/#\/schema\/person\/8fd7058ced8aa6a1995cc0feee75819f\"},\"breadcrumb\":{\"@id\":\"https:\/\/www.fraterinternacional.org\/es\/silencio-llave-transformadora\/#breadcrumb\"},\"inLanguage\":\"es\",\"potentialAction\":[{\"@type\":\"ReadAction\",\"target\":[\"https:\/\/www.fraterinternacional.org\/es\/silencio-llave-transformadora\/\"]}]},{\"@type\":\"BreadcrumbList\",\"@id\":\"https:\/\/www.fraterinternacional.org\/es\/silencio-llave-transformadora\/#breadcrumb\",\"itemListElement\":[{\"@type\":\"ListItem\",\"position\":1,\"name\":\"In\u00edcio\",\"item\":\"https:\/\/www.fraterinternacional.org\/es\/\"},{\"@type\":\"ListItem\",\"position\":2,\"name\":\"Silencio: una llave transformadora\"}]},{\"@type\":\"WebSite\",\"@id\":\"https:\/\/www.fraterinternacional.org\/es\/#website\",\"url\":\"https:\/\/www.fraterinternacional.org\/es\/\",\"name\":\"Fraternidade - Federa\u00e7\u00e3o Humanit\u00e1ria Internacional\",\"description\":\"Fraternidade - Federa\u00e7\u00e3o Humanit\u00e1ria Internacional\",\"potentialAction\":[{\"@type\":\"SearchAction\",\"target\":{\"@type\":\"EntryPoint\",\"urlTemplate\":\"https:\/\/www.fraterinternacional.org\/es\/?s={search_term_string}\"},\"query-input\":\"required name=search_term_string\"}],\"inLanguage\":\"es\"},{\"@type\":\"Person\",\"@id\":\"https:\/\/www.fraterinternacional.org\/es\/#\/schema\/person\/8fd7058ced8aa6a1995cc0feee75819f\",\"name\":\"FFHI\"}]}<\/script>\n<!-- \/ Yoast SEO Premium plugin. -->","yoast_head_json":{"title":"Silencio: una llave transformadora -","robots":{"index":"index","follow":"follow","max-snippet":"max-snippet:-1","max-image-preview":"max-image-preview:large","max-video-preview":"max-video-preview:-1"},"canonical":"https:\/\/www.fraterinternacional.org\/es\/silencio-llave-transformadora\/","og_locale":"es_ES","og_type":"article","og_title":"Silencio: una llave transformadora","og_url":"https:\/\/www.fraterinternacional.org\/es\/silencio-llave-transformadora\/","og_site_name":"Fraternidade - Federa\u00e7\u00e3o Humanit\u00e1ria Internacional","article_publisher":"https:\/\/www.facebook.com\/fraternidadehumanitaria","article_published_time":"2016-12-12T13:33:18+00:00","og_image":[{"width":690,"height":388,"url":"https:\/\/www.fraterinternacional.org\/wp-content\/uploads\/2016\/09\/Agua.jpg","type":"image\/jpeg"}],"author":"FFHI","twitter_card":"summary_large_image","twitter_creator":"@fraternidadeFHI","twitter_site":"@fraternidadeFHI","twitter_misc":{"Escrito por":"FFHI","Tiempo de lectura":"2 minutos"},"schema":{"@context":"https:\/\/schema.org","@graph":[{"@type":"WebPage","@id":"https:\/\/www.fraterinternacional.org\/es\/silencio-llave-transformadora\/","url":"https:\/\/www.fraterinternacional.org\/es\/silencio-llave-transformadora\/","name":"Silencio: una llave transformadora -","isPartOf":{"@id":"https:\/\/www.fraterinternacional.org\/es\/#website"},"datePublished":"2016-12-12T13:33:18+00:00","dateModified":"2016-12-12T13:33:18+00:00","author":{"@id":"https:\/\/www.fraterinternacional.org\/es\/#\/schema\/person\/8fd7058ced8aa6a1995cc0feee75819f"},"breadcrumb":{"@id":"https:\/\/www.fraterinternacional.org\/es\/silencio-llave-transformadora\/#breadcrumb"},"inLanguage":"es","potentialAction":[{"@type":"ReadAction","target":["https:\/\/www.fraterinternacional.org\/es\/silencio-llave-transformadora\/"]}]},{"@type":"BreadcrumbList","@id":"https:\/\/www.fraterinternacional.org\/es\/silencio-llave-transformadora\/#breadcrumb","itemListElement":[{"@type":"ListItem","position":1,"name":"In\u00edcio","item":"https:\/\/www.fraterinternacional.org\/es\/"},{"@type":"ListItem","position":2,"name":"Silencio: una llave transformadora"}]},{"@type":"WebSite","@id":"https:\/\/www.fraterinternacional.org\/es\/#website","url":"https:\/\/www.fraterinternacional.org\/es\/","name":"Fraternidade - Federa\u00e7\u00e3o Humanit\u00e1ria Internacional","description":"Fraternidade - Federa\u00e7\u00e3o Humanit\u00e1ria Internacional","potentialAction":[{"@type":"SearchAction","target":{"@type":"EntryPoint","urlTemplate":"https:\/\/www.fraterinternacional.org\/es\/?s={search_term_string}"},"query-input":"required name=search_term_string"}],"inLanguage":"es"},{"@type":"Person","@id":"https:\/\/www.fraterinternacional.org\/es\/#\/schema\/person\/8fd7058ced8aa6a1995cc0feee75819f","name":"FFHI"}]}},"_links":{"self":[{"href":"https:\/\/www.fraterinternacional.org\/es\/wp-json\/wp\/v2\/posts\/37694"}],"collection":[{"href":"https:\/\/www.fraterinternacional.org\/es\/wp-json\/wp\/v2\/posts"}],"about":[{"href":"https:\/\/www.fraterinternacional.org\/es\/wp-json\/wp\/v2\/types\/post"}],"author":[{"embeddable":true,"href":"https:\/\/www.fraterinternacional.org\/es\/wp-json\/wp\/v2\/users\/8"}],"replies":[{"embeddable":true,"href":"https:\/\/www.fraterinternacional.org\/es\/wp-json\/wp\/v2\/comments?post=37694"}],"version-history":[{"count":0,"href":"https:\/\/www.fraterinternacional.org\/es\/wp-json\/wp\/v2\/posts\/37694\/revisions"}],"wp:featuredmedia":[{"embeddable":true,"href":"https:\/\/www.fraterinternacional.org\/es\/wp-json\/wp\/v2\/media\/27116"}],"wp:attachment":[{"href":"https:\/\/www.fraterinternacional.org\/es\/wp-json\/wp\/v2\/media?parent=37694"}],"wp:term":[{"taxonomy":"category","embeddable":true,"href":"https:\/\/www.fraterinternacional.org\/es\/wp-json\/wp\/v2\/categories?post=37694"},{"taxonomy":"post_tag","embeddable":true,"href":"https:\/\/www.fraterinternacional.org\/es\/wp-json\/wp\/v2\/tags?post=37694"}],"curies":[{"name":"wp","href":"https:\/\/api.w.org\/{rel}","templated":true}]}}