{"id":37433,"date":"2016-12-12T10:33:53","date_gmt":"2016-12-12T13:33:53","guid":{"rendered":"http:\/\/www.fraterinternacional.org\/es\/?p=37433"},"modified":"2016-12-12T10:33:53","modified_gmt":"2016-12-12T13:33:53","slug":"cancer-2-enfermedad-planetaria","status":"publish","type":"post","link":"https:\/\/www.fraterinternacional.org\/es\/cancer-2-enfermedad-planetaria\/","title":{"rendered":"C\u00e1ncer 2 &#8211; Enfermedad planetaria"},"content":{"rendered":"<div class=\"fusion-fullwidth fullwidth-box fusion-builder-row-1 nonhundred-percent-fullwidth non-hundred-percent-height-scrolling\" style=\"--awb-border-radius-top-left:0px;--awb-border-radius-top-right:0px;--awb-border-radius-bottom-right:0px;--awb-border-radius-bottom-left:0px;--awb-padding-top:20px;--awb-padding-bottom:20px;--awb-flex-wrap:wrap;\" ><div class=\"fusion-builder-row fusion-row\"><div class=\"fusion-layout-column fusion_builder_column fusion-builder-column-0 fusion_builder_column_1_1 1_1 fusion-one-full fusion-column-first fusion-column-last\" style=\"--awb-bg-size:cover;\"><div class=\"fusion-column-wrapper fusion-flex-column-wrapper-legacy\"><div class=\"fusion-text fusion-text-1\"><div style=\"width: 720px;\" class=\"wp-video\"><!--[if lt IE 9]><script>document.createElement('video');<\/script><![endif]-->\n<video class=\"wp-video-shortcode\" id=\"video-37433-1\" width=\"720\" height=\"100\" preload=\"metadata\" controls=\"controls\"><source type=\"video\/mp4\" src=\"http:\/\/www.fraterinternacional.org\/wp-content\/uploads\/2016\/11\/imp_cur_5_cancer_2_es_convert.mp4?_=1\" \/><a href=\"http:\/\/www.fraterinternacional.org\/wp-content\/uploads\/2016\/11\/imp_cur_5_cancer_2_es_convert.mp4\">http:\/\/www.fraterinternacional.org\/wp-content\/uploads\/2016\/11\/imp_cur_5_cancer_2_es_convert.mp4<\/a><\/video><\/div>\n<p>&nbsp;<\/p>\n<p style=\"text-align: justify;\"><a href=\"http:\/\/www.fraterinternacional.org\/wp-content\/uploads\/2016\/11\/flor_cura_5.jpg\"><img decoding=\"async\" class=\"size-medium wp-image-37429 alignleft\" src=\"http:\/\/www.fraterinternacional.org\/wp-content\/uploads\/2016\/11\/flor_cura_5-300x169.jpg\" alt=\"flor_cura_5\" width=\"300\" height=\"169\" srcset=\"https:\/\/www.fraterinternacional.org\/wp-content\/uploads\/2016\/11\/flor_cura_5-200x112.jpg 200w, https:\/\/www.fraterinternacional.org\/wp-content\/uploads\/2016\/11\/flor_cura_5-300x169.jpg 300w, https:\/\/www.fraterinternacional.org\/wp-content\/uploads\/2016\/11\/flor_cura_5-400x225.jpg 400w, https:\/\/www.fraterinternacional.org\/wp-content\/uploads\/2016\/11\/flor_cura_5-600x337.jpg 600w, https:\/\/www.fraterinternacional.org\/wp-content\/uploads\/2016\/11\/flor_cura_5.jpg 690w\" sizes=\"(max-width: 300px) 100vw, 300px\" \/><\/a><\/p>\n<h3 style=\"text-align: center;\"><span style=\"color: #0000ff;\"><br \/>\n<strong>C\u00e1ncer 2 &#8211; Enfermedad planetaria<\/strong><br \/>\n<\/span><strong><span style=\"color: #0000ff;\">Cura de la maldad humana<\/span><\/strong><\/h3>\n<p style=\"text-align: justify;\">En la primera parte del estudio sobre el c\u00e1ncer, reconocemos que esta penosa condici\u00f3n humana constituye hoy una enfermedad planetaria. Desde la ciencia espiritual, vimos tambi\u00e9n que su tarea oculta es la de transmutar, purificar y disolver toda carga de maldad y de violencia que la humanidad cometi\u00f3 a lo largo de su trayectoria evolutiva, en todos los planos de consciencia. El c\u00e1ncer representa entonces una oportunidad \u00fanica de cura interior para toda la humanidad, de la cual cada ser humano forma parte, pues todos somos c\u00e9lulas de un mismo cuerpo-humanidad.<\/p>\n<p style=\"text-align: justify;\">As\u00ed, en cualquier l\u00ednea terap\u00e9utica adoptada en cada situaci\u00f3n (no se excluye la orientaci\u00f3n b\u00e1sica de la ciencia m\u00e9dica oficial), un trabajo interior podr\u00eda o deber\u00eda realizarse en paralelo, para que esa carga de maldad pueda ir diluy\u00e9ndose de la consciencia humana individual y planetaria. Es un camino arduo, de grandes desaf\u00edos y transformaciones, pero tambi\u00e9n de descubrimientos profundos de los potenciales ocultos de cada ser, pleno de oportunidades para grandes expansiones de la consciencia. Un apoyo precioso para emprender la misteriosa jornada interior est\u00e1 disponible a trav\u00e9s de orientaciones diarias transmitidas por los Mensajeros Divinos, en este caso transmitido por San Jos\u00e9 a la Hermana Luc\u00eda de Jes\u00fas, que podr\u00e1n encontrar en la p\u00e1gina web: <a href=\"http:\/\/www.divinamadre.org\/es\">www.divinamadre.org.<\/a> Presentamos abajo el mensaje del d\u00eda 28 de octubre de 2016:<\/p>\n<p style=\"text-align: justify;\"><em>Hijos, por el equilibrio de toda guerra y de todo conflicto en el mundo, sean mansos, pac\u00edficos, fraternos y silenciosos de coraz\u00f3n.<\/em><\/p>\n<p style=\"text-align: justify;\"><em>Por el establecimiento de la paz, venzan todo aquello que, en ustedes, los impulsa a confrontar al pr\u00f3jimo, ya se para sobresalir, defender una opini\u00f3n, ya sea para renunciar, por no aceptar las propias dificultades y las dificultades del pr\u00f3jimo.<\/em><\/p>\n<p style=\"text-align: justify;\"><em>Hijos, ustedes ya saben que todo conflicto en el mundo es generado por el mal, pero tambi\u00e9n por la mente y por el comportamiento humano. Saben que todo puede equilibrarse cuando generan actos de paz sinceros. Todo puede ser transformado cuando cada uno asume sinceramente la transformaci\u00f3n de la propia vida. Por este motivo, les pido que no solo oren por la paz, sino que sean pac\u00edficos.<\/em><\/p>\n<p style=\"text-align: justify;\">El c\u00e1ncer, de una manera general, est\u00e1 inconscientemente asociado al tema de la muerte, considerada por nuestra cultura casi un tab\u00fa y para la que existe una falta de preparaci\u00f3n generalizada. Entonces, el trae tambi\u00e9n una oportunidad \u00fanica de aprender que existe una continuidad de vida.<\/p>\n<p style=\"text-align: justify;\"><strong>Acompa\u00f1e la pr\u00f3xima semana la Parte 3 de este Estudio<\/strong><\/p>\n<p style=\"text-align: justify;\"><strong>Texto:<\/strong> Fray Ameino<br \/>\n<strong>Audio:<\/strong> Irdin \u2013 Charla de Trigueirinho\u00a0n. 59<br \/>\n<strong>Audio completo de la charla en:\u00a0<\/strong><a href=\"http:\/\/www.irdin.org.br\/acervo\/detalhes\/6386\">www.irdin.org.br\/acervo\/detalhes\/6386<\/a><br \/>\n<strong>Informaciones complementarias en:<\/strong> <a href=\"http:\/\/www.irdin.org.br\/acervo\/detalhes\/6140\">www.irdin.org.br\/acervo\/detalhes\/\u00a06140<\/a>\u00a0(de 19&#8242;\u00a0a 25&#8242;)<\/p>\n<\/div><div class=\"fusion-clearfix\"><\/div><\/div><\/div><\/div><\/div>\n","protected":false},"excerpt":{"rendered":"","protected":false},"author":8,"featured_media":37431,"comment_status":"closed","ping_status":"closed","sticky":false,"template":"","format":"standard","meta":{"footnotes":""},"categories":[3237],"tags":[3240],"class_list":["post-37433","post","type-post","status-publish","format-standard","has-post-thumbnail","hentry","category-impulsos-para-la-semana","tag-cura-es"],"yoast_head":"<!-- This site is optimized with the Yoast SEO Premium plugin v21.0 (Yoast SEO v21.0) - https:\/\/yoast.com\/wordpress\/plugins\/seo\/ -->\n<title>C\u00e1ncer 2 - Enfermedad planetaria -<\/title>\n<meta name=\"robots\" content=\"index, follow, max-snippet:-1, max-image-preview:large, max-video-preview:-1\" \/>\n<link rel=\"canonical\" href=\"https:\/\/www.fraterinternacional.org\/es\/cancer-2-enfermedad-planetaria\/\" \/>\n<meta property=\"og:locale\" content=\"es_ES\" \/>\n<meta property=\"og:type\" content=\"article\" \/>\n<meta property=\"og:title\" content=\"C\u00e1ncer 2 - Enfermedad planetaria\" \/>\n<meta property=\"og:url\" content=\"https:\/\/www.fraterinternacional.org\/es\/cancer-2-enfermedad-planetaria\/\" \/>\n<meta property=\"og:site_name\" content=\"Fraternidade - Federa\u00e7\u00e3o Humanit\u00e1ria Internacional\" \/>\n<meta property=\"article:publisher\" content=\"https:\/\/www.facebook.com\/fraternidadehumanitaria\" \/>\n<meta property=\"article:published_time\" content=\"2016-12-12T13:33:53+00:00\" \/>\n<meta property=\"og:image\" content=\"https:\/\/www.fraterinternacional.org\/wp-content\/uploads\/2016\/11\/flor_cura_5.jpg\" \/>\n\t<meta property=\"og:image:width\" content=\"690\" \/>\n\t<meta property=\"og:image:height\" content=\"388\" \/>\n\t<meta property=\"og:image:type\" content=\"image\/jpeg\" \/>\n<meta name=\"author\" content=\"FFHI\" \/>\n<meta name=\"twitter:card\" content=\"summary_large_image\" \/>\n<meta name=\"twitter:creator\" content=\"@fraternidadeFHI\" \/>\n<meta name=\"twitter:site\" content=\"@fraternidadeFHI\" \/>\n<meta name=\"twitter:label1\" content=\"Escrito por\" \/>\n\t<meta name=\"twitter:data1\" content=\"FFHI\" \/>\n\t<meta name=\"twitter:label2\" content=\"Tiempo de lectura\" \/>\n\t<meta name=\"twitter:data2\" content=\"3 minutos\" \/>\n<script type=\"application\/ld+json\" class=\"yoast-schema-graph\">{\"@context\":\"https:\/\/schema.org\",\"@graph\":[{\"@type\":\"WebPage\",\"@id\":\"https:\/\/www.fraterinternacional.org\/es\/cancer-2-enfermedad-planetaria\/\",\"url\":\"https:\/\/www.fraterinternacional.org\/es\/cancer-2-enfermedad-planetaria\/\",\"name\":\"C\u00e1ncer 2 - Enfermedad planetaria -\",\"isPartOf\":{\"@id\":\"https:\/\/www.fraterinternacional.org\/es\/#website\"},\"datePublished\":\"2016-12-12T13:33:53+00:00\",\"dateModified\":\"2016-12-12T13:33:53+00:00\",\"author\":{\"@id\":\"https:\/\/www.fraterinternacional.org\/es\/#\/schema\/person\/8fd7058ced8aa6a1995cc0feee75819f\"},\"breadcrumb\":{\"@id\":\"https:\/\/www.fraterinternacional.org\/es\/cancer-2-enfermedad-planetaria\/#breadcrumb\"},\"inLanguage\":\"es\",\"potentialAction\":[{\"@type\":\"ReadAction\",\"target\":[\"https:\/\/www.fraterinternacional.org\/es\/cancer-2-enfermedad-planetaria\/\"]}]},{\"@type\":\"BreadcrumbList\",\"@id\":\"https:\/\/www.fraterinternacional.org\/es\/cancer-2-enfermedad-planetaria\/#breadcrumb\",\"itemListElement\":[{\"@type\":\"ListItem\",\"position\":1,\"name\":\"In\u00edcio\",\"item\":\"https:\/\/www.fraterinternacional.org\/es\/\"},{\"@type\":\"ListItem\",\"position\":2,\"name\":\"C\u00e1ncer 2 &#8211; Enfermedad planetaria\"}]},{\"@type\":\"WebSite\",\"@id\":\"https:\/\/www.fraterinternacional.org\/es\/#website\",\"url\":\"https:\/\/www.fraterinternacional.org\/es\/\",\"name\":\"Fraternidade - Federa\u00e7\u00e3o Humanit\u00e1ria Internacional\",\"description\":\"Fraternidade - Federa\u00e7\u00e3o Humanit\u00e1ria Internacional\",\"potentialAction\":[{\"@type\":\"SearchAction\",\"target\":{\"@type\":\"EntryPoint\",\"urlTemplate\":\"https:\/\/www.fraterinternacional.org\/es\/?s={search_term_string}\"},\"query-input\":\"required name=search_term_string\"}],\"inLanguage\":\"es\"},{\"@type\":\"Person\",\"@id\":\"https:\/\/www.fraterinternacional.org\/es\/#\/schema\/person\/8fd7058ced8aa6a1995cc0feee75819f\",\"name\":\"FFHI\"}]}<\/script>\n<!-- \/ Yoast SEO Premium plugin. -->","yoast_head_json":{"title":"C\u00e1ncer 2 - Enfermedad planetaria -","robots":{"index":"index","follow":"follow","max-snippet":"max-snippet:-1","max-image-preview":"max-image-preview:large","max-video-preview":"max-video-preview:-1"},"canonical":"https:\/\/www.fraterinternacional.org\/es\/cancer-2-enfermedad-planetaria\/","og_locale":"es_ES","og_type":"article","og_title":"C\u00e1ncer 2 - Enfermedad planetaria","og_url":"https:\/\/www.fraterinternacional.org\/es\/cancer-2-enfermedad-planetaria\/","og_site_name":"Fraternidade - Federa\u00e7\u00e3o Humanit\u00e1ria Internacional","article_publisher":"https:\/\/www.facebook.com\/fraternidadehumanitaria","article_published_time":"2016-12-12T13:33:53+00:00","og_image":[{"width":690,"height":388,"url":"https:\/\/www.fraterinternacional.org\/wp-content\/uploads\/2016\/11\/flor_cura_5.jpg","type":"image\/jpeg"}],"author":"FFHI","twitter_card":"summary_large_image","twitter_creator":"@fraternidadeFHI","twitter_site":"@fraternidadeFHI","twitter_misc":{"Escrito por":"FFHI","Tiempo de lectura":"3 minutos"},"schema":{"@context":"https:\/\/schema.org","@graph":[{"@type":"WebPage","@id":"https:\/\/www.fraterinternacional.org\/es\/cancer-2-enfermedad-planetaria\/","url":"https:\/\/www.fraterinternacional.org\/es\/cancer-2-enfermedad-planetaria\/","name":"C\u00e1ncer 2 - Enfermedad planetaria -","isPartOf":{"@id":"https:\/\/www.fraterinternacional.org\/es\/#website"},"datePublished":"2016-12-12T13:33:53+00:00","dateModified":"2016-12-12T13:33:53+00:00","author":{"@id":"https:\/\/www.fraterinternacional.org\/es\/#\/schema\/person\/8fd7058ced8aa6a1995cc0feee75819f"},"breadcrumb":{"@id":"https:\/\/www.fraterinternacional.org\/es\/cancer-2-enfermedad-planetaria\/#breadcrumb"},"inLanguage":"es","potentialAction":[{"@type":"ReadAction","target":["https:\/\/www.fraterinternacional.org\/es\/cancer-2-enfermedad-planetaria\/"]}]},{"@type":"BreadcrumbList","@id":"https:\/\/www.fraterinternacional.org\/es\/cancer-2-enfermedad-planetaria\/#breadcrumb","itemListElement":[{"@type":"ListItem","position":1,"name":"In\u00edcio","item":"https:\/\/www.fraterinternacional.org\/es\/"},{"@type":"ListItem","position":2,"name":"C\u00e1ncer 2 &#8211; Enfermedad planetaria"}]},{"@type":"WebSite","@id":"https:\/\/www.fraterinternacional.org\/es\/#website","url":"https:\/\/www.fraterinternacional.org\/es\/","name":"Fraternidade - Federa\u00e7\u00e3o Humanit\u00e1ria Internacional","description":"Fraternidade - Federa\u00e7\u00e3o Humanit\u00e1ria Internacional","potentialAction":[{"@type":"SearchAction","target":{"@type":"EntryPoint","urlTemplate":"https:\/\/www.fraterinternacional.org\/es\/?s={search_term_string}"},"query-input":"required name=search_term_string"}],"inLanguage":"es"},{"@type":"Person","@id":"https:\/\/www.fraterinternacional.org\/es\/#\/schema\/person\/8fd7058ced8aa6a1995cc0feee75819f","name":"FFHI"}]}},"_links":{"self":[{"href":"https:\/\/www.fraterinternacional.org\/es\/wp-json\/wp\/v2\/posts\/37433"}],"collection":[{"href":"https:\/\/www.fraterinternacional.org\/es\/wp-json\/wp\/v2\/posts"}],"about":[{"href":"https:\/\/www.fraterinternacional.org\/es\/wp-json\/wp\/v2\/types\/post"}],"author":[{"embeddable":true,"href":"https:\/\/www.fraterinternacional.org\/es\/wp-json\/wp\/v2\/users\/8"}],"replies":[{"embeddable":true,"href":"https:\/\/www.fraterinternacional.org\/es\/wp-json\/wp\/v2\/comments?post=37433"}],"version-history":[{"count":0,"href":"https:\/\/www.fraterinternacional.org\/es\/wp-json\/wp\/v2\/posts\/37433\/revisions"}],"wp:featuredmedia":[{"embeddable":true,"href":"https:\/\/www.fraterinternacional.org\/es\/wp-json\/wp\/v2\/media\/37431"}],"wp:attachment":[{"href":"https:\/\/www.fraterinternacional.org\/es\/wp-json\/wp\/v2\/media?parent=37433"}],"wp:term":[{"taxonomy":"category","embeddable":true,"href":"https:\/\/www.fraterinternacional.org\/es\/wp-json\/wp\/v2\/categories?post=37433"},{"taxonomy":"post_tag","embeddable":true,"href":"https:\/\/www.fraterinternacional.org\/es\/wp-json\/wp\/v2\/tags?post=37433"}],"curies":[{"name":"wp","href":"https:\/\/api.w.org\/{rel}","templated":true}]}}