{"id":35807,"date":"2016-11-13T11:46:34","date_gmt":"2016-11-13T14:46:34","guid":{"rendered":"http:\/\/www.fraterinternacional.org\/es\/?p=35807"},"modified":"2016-11-13T12:14:09","modified_gmt":"2016-11-13T15:14:09","slug":"4-encuentro-misiones-permanentes-chaco","status":"publish","type":"post","link":"https:\/\/www.fraterinternacional.org\/es\/4-encuentro-misiones-permanentes-chaco\/","title":{"rendered":"4\u00b0 Encuentro de Misiones Permanentes en el Chaco"},"content":{"rendered":"<p style=\"text-align: justify;\">El 4\u00b0 Encuentro de Misiones Permanentes en las comunidades Qom en la provincia del Chaco, Argentina, tuvo lugar entre los d\u00edas 8 y 10 de octubre en la ciudad de Resistencia. El grupo de la <a href=\"http:\/\/www.fraterinternacional.org\/es\/red-luz\/\">Red-Luz<\/a> Argentina Norte realiza misiones permanentes, como apoyo al grupo local del Chaco junto a las comunidades de los pueblos originarios de la regi\u00f3n.<\/p>\n<p style=\"text-align: justify;\"><a href=\"http:\/\/www.fraterinternacional.org\/wp-content\/uploads\/2016\/11\/chaco_misao_permanente_4encontro_grupo.jpg\"><img decoding=\"async\" class=\"alignleft size-medium wp-image-35799\" src=\"http:\/\/www.fraterinternacional.org\/wp-content\/uploads\/2016\/11\/chaco_misao_permanente_4encontro_grupo-300x169.jpg\" alt=\"chaco_misao_permanente_4encontro_grupo\" width=\"300\" height=\"169\" srcset=\"https:\/\/www.fraterinternacional.org\/wp-content\/uploads\/2016\/11\/chaco_misao_permanente_4encontro_grupo-200x112.jpg 200w, https:\/\/www.fraterinternacional.org\/wp-content\/uploads\/2016\/11\/chaco_misao_permanente_4encontro_grupo-300x169.jpg 300w, https:\/\/www.fraterinternacional.org\/wp-content\/uploads\/2016\/11\/chaco_misao_permanente_4encontro_grupo-400x225.jpg 400w, https:\/\/www.fraterinternacional.org\/wp-content\/uploads\/2016\/11\/chaco_misao_permanente_4encontro_grupo-600x337.jpg 600w, https:\/\/www.fraterinternacional.org\/wp-content\/uploads\/2016\/11\/chaco_misao_permanente_4encontro_grupo.jpg 690w\" sizes=\"(max-width: 300px) 100vw, 300px\" \/><\/a>Treinta y cuatro personas participaron del evento, entre miembros de la <a href=\"http:\/\/www.fraterinternacional.org\/es\/comunidades-luz\/\">Comunidad-Luz<\/a>, el Monasterio de la Hermandad y colaboradores de la Red-Luz provenientes de las provincias argentinas de Corrientes, Formosa, Misiones, Tucum\u00e1n, Salta, C\u00f3rdoba y Buenos Aires.<\/p>\n<p style=\"text-align: justify;\">El primer d\u00eda del Encuentro el grupo se reuni\u00f3 en la casa de retiro \u201cJes\u00fas de Nazaret\u201d, en donde se realiz\u00f3 una sinton\u00eda de apertura, seguida de la organizaci\u00f3n y distribuci\u00f3n de tareas.<\/p>\n<p style=\"text-align: justify;\"><a href=\"http:\/\/www.fraterinternacional.org\/wp-content\/uploads\/2016\/11\/chaco_misao_permanente_4encontro_bebe.jpg\"><img decoding=\"async\" class=\"alignright size-medium wp-image-35794\" src=\"http:\/\/www.fraterinternacional.org\/wp-content\/uploads\/2016\/11\/chaco_misao_permanente_4encontro_bebe-212x300.jpg\" alt=\"chaco_misao_permanente_4encontro_bebe\" width=\"212\" height=\"300\" srcset=\"https:\/\/www.fraterinternacional.org\/wp-content\/uploads\/2016\/11\/chaco_misao_permanente_4encontro_bebe-200x283.jpg 200w, https:\/\/www.fraterinternacional.org\/wp-content\/uploads\/2016\/11\/chaco_misao_permanente_4encontro_bebe-212x300.jpg 212w, https:\/\/www.fraterinternacional.org\/wp-content\/uploads\/2016\/11\/chaco_misao_permanente_4encontro_bebe.jpg 400w\" sizes=\"(max-width: 212px) 100vw, 212px\" \/><\/a>Al d\u00eda siguiente, las actividades se concentraron en la comunidad Mapic y el tercer y \u00faltimo d\u00eda, en la comunidad Margarita Bel\u00e9n. En ambas comunidades se realizaron muchas actividades l\u00fadicas con los ni\u00f1os, como juegos, pasatiempos y pinturas, siempre acompa\u00f1ados con m\u00fasica.<\/p>\n<p style=\"text-align: justify;\">A los ni\u00f1os y adolescentes tambi\u00e9n les lavaron y les cortaron el cabello y les quitaron los piojos. Los beb\u00e9s de las comunidades recibieron ba\u00f1os terap\u00e9uticos junto con sus madres y vivieron un clima muy amoroso y cari\u00f1oso.<\/p>\n<p style=\"text-align: justify;\">Un grupo visit\u00f3 las casas de la comunidad para invitar personalmente a los Qom a participar de las actividades. Otro grupo, destinado a servir al Reino Animal, desparasit\u00f3 132 canes.<\/p>\n<p style=\"text-align: justify;\"><a href=\"http:\/\/www.fraterinternacional.org\/wp-content\/uploads\/2016\/11\/chaco_misao_permanente_lavagem_cabelos_criancas.jpg\"><img decoding=\"async\" class=\"alignleft size-medium wp-image-35805\" src=\"http:\/\/www.fraterinternacional.org\/wp-content\/uploads\/2016\/11\/chaco_misao_permanente_lavagem_cabelos_criancas-300x169.jpg\" alt=\"chaco_misao_permanente_lavagem_cabelos_criancas\" width=\"300\" height=\"169\" srcset=\"https:\/\/www.fraterinternacional.org\/wp-content\/uploads\/2016\/11\/chaco_misao_permanente_lavagem_cabelos_criancas-200x112.jpg 200w, https:\/\/www.fraterinternacional.org\/wp-content\/uploads\/2016\/11\/chaco_misao_permanente_lavagem_cabelos_criancas-300x169.jpg 300w, https:\/\/www.fraterinternacional.org\/wp-content\/uploads\/2016\/11\/chaco_misao_permanente_lavagem_cabelos_criancas-400x225.jpg 400w, https:\/\/www.fraterinternacional.org\/wp-content\/uploads\/2016\/11\/chaco_misao_permanente_lavagem_cabelos_criancas-600x337.jpg 600w, https:\/\/www.fraterinternacional.org\/wp-content\/uploads\/2016\/11\/chaco_misao_permanente_lavagem_cabelos_criancas.jpg 690w\" sizes=\"(max-width: 300px) 100vw, 300px\" \/><\/a>Se compartieron los almuerzos en las comunidades, con mucha alegr\u00eda y con muchas canciones en la lengua del pueblo Qom.<\/p>\n<p style=\"text-align: justify;\">El \u00faltimo encuentro de las Misiones Permanentes en el Chaco Argentino ocurri\u00f3 tres meses atr\u00e1s. \u201cPercibimos que los v\u00ednculos con nuestros hermanos Qom se fortalecen con el transcurso de los meses. Vemos tambi\u00e9n que desde que comenzaron las visitas de la Red-Luz, las comunidades se volvieron m\u00e1s unidas\u201d, dijo Patricia, coordinadora de la Misi\u00f3n Chaco.<\/p>\n\n\t\t<style type=\"text\/css\">\n\t\t\t#gallery-1 {\n\t\t\t\tmargin: auto;\n\t\t\t}\n\t\t\t#gallery-1 .gallery-item {\n\t\t\t\tfloat: left;\n\t\t\t\tmargin-top: 10px;\n\t\t\t\ttext-align: center;\n\t\t\t\twidth: 33%;\n\t\t\t}\n\t\t\t#gallery-1 img {\n\t\t\t\tborder: 2px solid #cfcfcf;\n\t\t\t}\n\t\t\t#gallery-1 .gallery-caption {\n\t\t\t\tmargin-left: 0;\n\t\t\t}\n\t\t\t\/* see gallery_shortcode() in wp-includes\/media.php *\/\n\t\t<\/style>\n\t\t<div id='gallery-1' class='gallery galleryid-35807 gallery-columns-3 gallery-size-medium'><dl class='gallery-item'>\n\t\t\t<dt class='gallery-icon landscape'>\n\t\t\t\t<a data-rel=\"iLightbox[postimages]\" data-title=\"chaco_misao_permanente_4encontro_visita_musica_criancas2\" data-caption=\"\" href='https:\/\/www.fraterinternacional.org\/wp-content\/uploads\/2016\/11\/chaco_misao_permanente_4encontro_visita_musica_criancas2.jpg'><img decoding=\"async\" width=\"300\" height=\"169\" src=\"https:\/\/www.fraterinternacional.org\/wp-content\/uploads\/2016\/11\/chaco_misao_permanente_4encontro_visita_musica_criancas2-300x169.jpg\" class=\"attachment-medium size-medium\" alt=\"\" srcset=\"https:\/\/www.fraterinternacional.org\/wp-content\/uploads\/2016\/11\/chaco_misao_permanente_4encontro_visita_musica_criancas2-200x112.jpg 200w, https:\/\/www.fraterinternacional.org\/wp-content\/uploads\/2016\/11\/chaco_misao_permanente_4encontro_visita_musica_criancas2-300x169.jpg 300w, https:\/\/www.fraterinternacional.org\/wp-content\/uploads\/2016\/11\/chaco_misao_permanente_4encontro_visita_musica_criancas2-400x225.jpg 400w, https:\/\/www.fraterinternacional.org\/wp-content\/uploads\/2016\/11\/chaco_misao_permanente_4encontro_visita_musica_criancas2-600x337.jpg 600w, https:\/\/www.fraterinternacional.org\/wp-content\/uploads\/2016\/11\/chaco_misao_permanente_4encontro_visita_musica_criancas2.jpg 690w\" sizes=\"(max-width: 300px) 100vw, 300px\" \/><\/a>\n\t\t\t<\/dt><\/dl><dl class='gallery-item'>\n\t\t\t<dt class='gallery-icon landscape'>\n\t\t\t\t<a data-rel=\"iLightbox[postimages]\" data-title=\"chaco_misao_permanente_4encontro_visita_casas\" data-caption=\"\" href='https:\/\/www.fraterinternacional.org\/wp-content\/uploads\/2016\/11\/chaco_misao_permanente_4encontro_visita_casas.jpg'><img decoding=\"async\" width=\"300\" height=\"169\" src=\"https:\/\/www.fraterinternacional.org\/wp-content\/uploads\/2016\/11\/chaco_misao_permanente_4encontro_visita_casas-300x169.jpg\" class=\"attachment-medium size-medium\" alt=\"\" srcset=\"https:\/\/www.fraterinternacional.org\/wp-content\/uploads\/2016\/11\/chaco_misao_permanente_4encontro_visita_casas-200x112.jpg 200w, https:\/\/www.fraterinternacional.org\/wp-content\/uploads\/2016\/11\/chaco_misao_permanente_4encontro_visita_casas-300x169.jpg 300w, https:\/\/www.fraterinternacional.org\/wp-content\/uploads\/2016\/11\/chaco_misao_permanente_4encontro_visita_casas-400x225.jpg 400w, https:\/\/www.fraterinternacional.org\/wp-content\/uploads\/2016\/11\/chaco_misao_permanente_4encontro_visita_casas-600x337.jpg 600w, https:\/\/www.fraterinternacional.org\/wp-content\/uploads\/2016\/11\/chaco_misao_permanente_4encontro_visita_casas.jpg 690w\" sizes=\"(max-width: 300px) 100vw, 300px\" \/><\/a>\n\t\t\t<\/dt><\/dl><dl class='gallery-item'>\n\t\t\t<dt class='gallery-icon landscape'>\n\t\t\t\t<a data-rel=\"iLightbox[postimages]\" data-title=\"chaco_misao_permanente_4encontro_pinturas\" data-caption=\"\" href='https:\/\/www.fraterinternacional.org\/wp-content\/uploads\/2016\/11\/chaco_misao_permanente_4encontro_pinturas.jpg'><img decoding=\"async\" width=\"300\" height=\"169\" src=\"https:\/\/www.fraterinternacional.org\/wp-content\/uploads\/2016\/11\/chaco_misao_permanente_4encontro_pinturas-300x169.jpg\" class=\"attachment-medium size-medium\" alt=\"\" srcset=\"https:\/\/www.fraterinternacional.org\/wp-content\/uploads\/2016\/11\/chaco_misao_permanente_4encontro_pinturas-200x112.jpg 200w, https:\/\/www.fraterinternacional.org\/wp-content\/uploads\/2016\/11\/chaco_misao_permanente_4encontro_pinturas-300x169.jpg 300w, https:\/\/www.fraterinternacional.org\/wp-content\/uploads\/2016\/11\/chaco_misao_permanente_4encontro_pinturas-400x225.jpg 400w, https:\/\/www.fraterinternacional.org\/wp-content\/uploads\/2016\/11\/chaco_misao_permanente_4encontro_pinturas-600x337.jpg 600w, https:\/\/www.fraterinternacional.org\/wp-content\/uploads\/2016\/11\/chaco_misao_permanente_4encontro_pinturas.jpg 690w\" sizes=\"(max-width: 300px) 100vw, 300px\" \/><\/a>\n\t\t\t<\/dt><\/dl><br style=\"clear: both\" \/><dl class='gallery-item'>\n\t\t\t<dt class='gallery-icon landscape'>\n\t\t\t\t<a data-rel=\"iLightbox[postimages]\" data-title=\"chaco_misao_permanente_4encontro_brincadeiras3\" data-caption=\"\" href='https:\/\/www.fraterinternacional.org\/wp-content\/uploads\/2016\/11\/chaco_misao_permanente_4encontro_brincadeiras3.jpg'><img decoding=\"async\" width=\"300\" height=\"169\" src=\"https:\/\/www.fraterinternacional.org\/wp-content\/uploads\/2016\/11\/chaco_misao_permanente_4encontro_brincadeiras3-300x169.jpg\" class=\"attachment-medium size-medium\" alt=\"\" srcset=\"https:\/\/www.fraterinternacional.org\/wp-content\/uploads\/2016\/11\/chaco_misao_permanente_4encontro_brincadeiras3-200x112.jpg 200w, https:\/\/www.fraterinternacional.org\/wp-content\/uploads\/2016\/11\/chaco_misao_permanente_4encontro_brincadeiras3-300x169.jpg 300w, https:\/\/www.fraterinternacional.org\/wp-content\/uploads\/2016\/11\/chaco_misao_permanente_4encontro_brincadeiras3-400x225.jpg 400w, https:\/\/www.fraterinternacional.org\/wp-content\/uploads\/2016\/11\/chaco_misao_permanente_4encontro_brincadeiras3-600x337.jpg 600w, https:\/\/www.fraterinternacional.org\/wp-content\/uploads\/2016\/11\/chaco_misao_permanente_4encontro_brincadeiras3.jpg 690w\" sizes=\"(max-width: 300px) 100vw, 300px\" \/><\/a>\n\t\t\t<\/dt><\/dl><dl class='gallery-item'>\n\t\t\t<dt class='gallery-icon landscape'>\n\t\t\t\t<a data-rel=\"iLightbox[postimages]\" data-title=\"chaco_misao_permanente_4encontro_brincadeiras2\" data-caption=\"\" href='https:\/\/www.fraterinternacional.org\/wp-content\/uploads\/2016\/11\/chaco_misao_permanente_4encontro_brincadeiras2.jpg'><img decoding=\"async\" width=\"300\" height=\"169\" src=\"https:\/\/www.fraterinternacional.org\/wp-content\/uploads\/2016\/11\/chaco_misao_permanente_4encontro_brincadeiras2-300x169.jpg\" class=\"attachment-medium size-medium\" alt=\"\" srcset=\"https:\/\/www.fraterinternacional.org\/wp-content\/uploads\/2016\/11\/chaco_misao_permanente_4encontro_brincadeiras2-200x112.jpg 200w, https:\/\/www.fraterinternacional.org\/wp-content\/uploads\/2016\/11\/chaco_misao_permanente_4encontro_brincadeiras2-300x169.jpg 300w, https:\/\/www.fraterinternacional.org\/wp-content\/uploads\/2016\/11\/chaco_misao_permanente_4encontro_brincadeiras2-400x225.jpg 400w, https:\/\/www.fraterinternacional.org\/wp-content\/uploads\/2016\/11\/chaco_misao_permanente_4encontro_brincadeiras2-600x337.jpg 600w, https:\/\/www.fraterinternacional.org\/wp-content\/uploads\/2016\/11\/chaco_misao_permanente_4encontro_brincadeiras2.jpg 690w\" sizes=\"(max-width: 300px) 100vw, 300px\" \/><\/a>\n\t\t\t<\/dt><\/dl><dl class='gallery-item'>\n\t\t\t<dt class='gallery-icon landscape'>\n\t\t\t\t<a data-rel=\"iLightbox[postimages]\" data-title=\"chaco_misao_permanente_4encontro_brincadeiras1\" data-caption=\"\" href='https:\/\/www.fraterinternacional.org\/wp-content\/uploads\/2016\/11\/chaco_misao_permanente_4encontro_brincadeiras1.jpg'><img decoding=\"async\" width=\"300\" height=\"169\" src=\"https:\/\/www.fraterinternacional.org\/wp-content\/uploads\/2016\/11\/chaco_misao_permanente_4encontro_brincadeiras1-300x169.jpg\" class=\"attachment-medium size-medium\" alt=\"\" srcset=\"https:\/\/www.fraterinternacional.org\/wp-content\/uploads\/2016\/11\/chaco_misao_permanente_4encontro_brincadeiras1-200x112.jpg 200w, https:\/\/www.fraterinternacional.org\/wp-content\/uploads\/2016\/11\/chaco_misao_permanente_4encontro_brincadeiras1-300x169.jpg 300w, https:\/\/www.fraterinternacional.org\/wp-content\/uploads\/2016\/11\/chaco_misao_permanente_4encontro_brincadeiras1-400x225.jpg 400w, https:\/\/www.fraterinternacional.org\/wp-content\/uploads\/2016\/11\/chaco_misao_permanente_4encontro_brincadeiras1-600x337.jpg 600w, https:\/\/www.fraterinternacional.org\/wp-content\/uploads\/2016\/11\/chaco_misao_permanente_4encontro_brincadeiras1.jpg 690w\" sizes=\"(max-width: 300px) 100vw, 300px\" \/><\/a>\n\t\t\t<\/dt><\/dl><br style=\"clear: both\" \/><dl class='gallery-item'>\n\t\t\t<dt class='gallery-icon landscape'>\n\t\t\t\t<a data-rel=\"iLightbox[postimages]\" data-title=\"chaco_misao_permanente_4encontro_criancas1\" data-caption=\"\" href='https:\/\/www.fraterinternacional.org\/wp-content\/uploads\/2016\/11\/chaco_misao_permanente_4encontro_criancas1.jpg'><img decoding=\"async\" width=\"300\" height=\"169\" src=\"https:\/\/www.fraterinternacional.org\/wp-content\/uploads\/2016\/11\/chaco_misao_permanente_4encontro_criancas1-300x169.jpg\" class=\"attachment-medium size-medium\" alt=\"\" srcset=\"https:\/\/www.fraterinternacional.org\/wp-content\/uploads\/2016\/11\/chaco_misao_permanente_4encontro_criancas1-200x112.jpg 200w, https:\/\/www.fraterinternacional.org\/wp-content\/uploads\/2016\/11\/chaco_misao_permanente_4encontro_criancas1-300x169.jpg 300w, https:\/\/www.fraterinternacional.org\/wp-content\/uploads\/2016\/11\/chaco_misao_permanente_4encontro_criancas1-400x225.jpg 400w, https:\/\/www.fraterinternacional.org\/wp-content\/uploads\/2016\/11\/chaco_misao_permanente_4encontro_criancas1-600x337.jpg 600w, https:\/\/www.fraterinternacional.org\/wp-content\/uploads\/2016\/11\/chaco_misao_permanente_4encontro_criancas1.jpg 690w\" sizes=\"(max-width: 300px) 100vw, 300px\" \/><\/a>\n\t\t\t<\/dt><\/dl>\n\t\t\t<br style='clear: both' \/>\n\t\t<\/div>\n\n<p style=\"text-align: justify;\">\n","protected":false},"excerpt":{"rendered":"<p>El 4\u00b0 Encuentro de Misiones Permanentes en las comunidades Qom en la provincia del Chaco, Argentina, tuvo lugar entre los [&hellip;]<\/p>\n","protected":false},"author":11,"featured_media":0,"comment_status":"closed","ping_status":"closed","sticky":false,"template":"","format":"standard","meta":{"footnotes":""},"categories":[173,105,120],"tags":[191,97],"class_list":["post-35807","post","type-post","status-publish","format-standard","hentry","category-noticia","category-noticias-de-las-misiones","category-red-luz-es","tag-mision-chaco","tag-servicio-humanitario-es"],"yoast_head":"<!-- This site is optimized with the Yoast SEO Premium plugin v21.0 (Yoast SEO v21.0) - https:\/\/yoast.com\/wordpress\/plugins\/seo\/ -->\n<title>4\u00b0 Encuentro de Misiones Permanentes en el Chaco<\/title>\n<meta name=\"description\" content=\"Grupo de la Red-Luz Argentina y miembros de la Orden Gracia Misericordia trabajaron en comunidades de los pueblos originarios Qom de la provincia del Chaco.\" \/>\n<meta name=\"robots\" content=\"index, follow, max-snippet:-1, max-image-preview:large, max-video-preview:-1\" \/>\n<link rel=\"canonical\" href=\"https:\/\/www.fraterinternacional.org\/es\/4-encuentro-misiones-permanentes-chaco\/\" \/>\n<meta property=\"og:locale\" content=\"es_ES\" \/>\n<meta property=\"og:type\" content=\"article\" \/>\n<meta property=\"og:title\" content=\"4\u00b0 Encuentro de Misiones Permanentes en el Chaco\" \/>\n<meta property=\"og:description\" content=\"Grupo de la Red-Luz Argentina y miembros de la Orden Gracia Misericordia trabajaron en comunidades de los pueblos originarios Qom de la provincia del Chaco.\" \/>\n<meta property=\"og:url\" content=\"https:\/\/www.fraterinternacional.org\/es\/4-encuentro-misiones-permanentes-chaco\/\" \/>\n<meta property=\"og:site_name\" content=\"Fraternidade - Federa\u00e7\u00e3o Humanit\u00e1ria Internacional\" \/>\n<meta property=\"article:publisher\" content=\"https:\/\/www.facebook.com\/fraternidadehumanitaria\" \/>\n<meta property=\"article:published_time\" content=\"2016-11-13T14:46:34+00:00\" \/>\n<meta property=\"article:modified_time\" content=\"2016-11-13T15:14:09+00:00\" \/>\n<meta property=\"og:image\" content=\"https:\/\/www.fraterinternacional.org\/wp-content\/uploads\/2016\/11\/chaco_misao_permanente_4encontro_visita_musica_criancas2-300x169.jpg\" \/>\n<meta name=\"author\" content=\"Nelson Frater\" \/>\n<meta name=\"twitter:card\" content=\"summary_large_image\" \/>\n<meta name=\"twitter:creator\" content=\"@fraternidadeFHI\" \/>\n<meta name=\"twitter:site\" content=\"@fraternidadeFHI\" \/>\n<meta name=\"twitter:label1\" content=\"Escrito por\" \/>\n\t<meta name=\"twitter:data1\" content=\"Nelson Frater\" \/>\n\t<meta name=\"twitter:label2\" content=\"Tiempo de lectura\" \/>\n\t<meta name=\"twitter:data2\" content=\"2 minutos\" \/>\n<script type=\"application\/ld+json\" class=\"yoast-schema-graph\">{\"@context\":\"https:\/\/schema.org\",\"@graph\":[{\"@type\":\"WebPage\",\"@id\":\"https:\/\/www.fraterinternacional.org\/es\/4-encuentro-misiones-permanentes-chaco\/\",\"url\":\"https:\/\/www.fraterinternacional.org\/es\/4-encuentro-misiones-permanentes-chaco\/\",\"name\":\"4\u00b0 Encuentro de Misiones Permanentes en el Chaco\",\"isPartOf\":{\"@id\":\"https:\/\/www.fraterinternacional.org\/es\/#website\"},\"datePublished\":\"2016-11-13T14:46:34+00:00\",\"dateModified\":\"2016-11-13T15:14:09+00:00\",\"author\":{\"@id\":\"https:\/\/www.fraterinternacional.org\/es\/#\/schema\/person\/facd24ae5f7e6b4ee1aeec7ad1b960ae\"},\"description\":\"Grupo de la Red-Luz Argentina y miembros de la Orden Gracia Misericordia trabajaron en comunidades de los pueblos originarios Qom de la provincia del Chaco.\",\"breadcrumb\":{\"@id\":\"https:\/\/www.fraterinternacional.org\/es\/4-encuentro-misiones-permanentes-chaco\/#breadcrumb\"},\"inLanguage\":\"es\",\"potentialAction\":[{\"@type\":\"ReadAction\",\"target\":[\"https:\/\/www.fraterinternacional.org\/es\/4-encuentro-misiones-permanentes-chaco\/\"]}]},{\"@type\":\"BreadcrumbList\",\"@id\":\"https:\/\/www.fraterinternacional.org\/es\/4-encuentro-misiones-permanentes-chaco\/#breadcrumb\",\"itemListElement\":[{\"@type\":\"ListItem\",\"position\":1,\"name\":\"In\u00edcio\",\"item\":\"https:\/\/www.fraterinternacional.org\/es\/\"},{\"@type\":\"ListItem\",\"position\":2,\"name\":\"4\u00b0 Encuentro de Misiones Permanentes en el Chaco\"}]},{\"@type\":\"WebSite\",\"@id\":\"https:\/\/www.fraterinternacional.org\/es\/#website\",\"url\":\"https:\/\/www.fraterinternacional.org\/es\/\",\"name\":\"Fraternidade - Federa\u00e7\u00e3o Humanit\u00e1ria Internacional\",\"description\":\"Fraternidade - Federa\u00e7\u00e3o Humanit\u00e1ria Internacional\",\"potentialAction\":[{\"@type\":\"SearchAction\",\"target\":{\"@type\":\"EntryPoint\",\"urlTemplate\":\"https:\/\/www.fraterinternacional.org\/es\/?s={search_term_string}\"},\"query-input\":\"required name=search_term_string\"}],\"inLanguage\":\"es\"},{\"@type\":\"Person\",\"@id\":\"https:\/\/www.fraterinternacional.org\/es\/#\/schema\/person\/facd24ae5f7e6b4ee1aeec7ad1b960ae\",\"name\":\"Nelson Frater\"}]}<\/script>\n<!-- \/ Yoast SEO Premium plugin. -->","yoast_head_json":{"title":"4\u00b0 Encuentro de Misiones Permanentes en el Chaco","description":"Grupo de la Red-Luz Argentina y miembros de la Orden Gracia Misericordia trabajaron en comunidades de los pueblos originarios Qom de la provincia del Chaco.","robots":{"index":"index","follow":"follow","max-snippet":"max-snippet:-1","max-image-preview":"max-image-preview:large","max-video-preview":"max-video-preview:-1"},"canonical":"https:\/\/www.fraterinternacional.org\/es\/4-encuentro-misiones-permanentes-chaco\/","og_locale":"es_ES","og_type":"article","og_title":"4\u00b0 Encuentro de Misiones Permanentes en el Chaco","og_description":"Grupo de la Red-Luz Argentina y miembros de la Orden Gracia Misericordia trabajaron en comunidades de los pueblos originarios Qom de la provincia del Chaco.","og_url":"https:\/\/www.fraterinternacional.org\/es\/4-encuentro-misiones-permanentes-chaco\/","og_site_name":"Fraternidade - Federa\u00e7\u00e3o Humanit\u00e1ria Internacional","article_publisher":"https:\/\/www.facebook.com\/fraternidadehumanitaria","article_published_time":"2016-11-13T14:46:34+00:00","article_modified_time":"2016-11-13T15:14:09+00:00","og_image":[{"url":"https:\/\/www.fraterinternacional.org\/wp-content\/uploads\/2016\/11\/chaco_misao_permanente_4encontro_visita_musica_criancas2-300x169.jpg"}],"author":"Nelson Frater","twitter_card":"summary_large_image","twitter_creator":"@fraternidadeFHI","twitter_site":"@fraternidadeFHI","twitter_misc":{"Escrito por":"Nelson Frater","Tiempo de lectura":"2 minutos"},"schema":{"@context":"https:\/\/schema.org","@graph":[{"@type":"WebPage","@id":"https:\/\/www.fraterinternacional.org\/es\/4-encuentro-misiones-permanentes-chaco\/","url":"https:\/\/www.fraterinternacional.org\/es\/4-encuentro-misiones-permanentes-chaco\/","name":"4\u00b0 Encuentro de Misiones Permanentes en el Chaco","isPartOf":{"@id":"https:\/\/www.fraterinternacional.org\/es\/#website"},"datePublished":"2016-11-13T14:46:34+00:00","dateModified":"2016-11-13T15:14:09+00:00","author":{"@id":"https:\/\/www.fraterinternacional.org\/es\/#\/schema\/person\/facd24ae5f7e6b4ee1aeec7ad1b960ae"},"description":"Grupo de la Red-Luz Argentina y miembros de la Orden Gracia Misericordia trabajaron en comunidades de los pueblos originarios Qom de la provincia del Chaco.","breadcrumb":{"@id":"https:\/\/www.fraterinternacional.org\/es\/4-encuentro-misiones-permanentes-chaco\/#breadcrumb"},"inLanguage":"es","potentialAction":[{"@type":"ReadAction","target":["https:\/\/www.fraterinternacional.org\/es\/4-encuentro-misiones-permanentes-chaco\/"]}]},{"@type":"BreadcrumbList","@id":"https:\/\/www.fraterinternacional.org\/es\/4-encuentro-misiones-permanentes-chaco\/#breadcrumb","itemListElement":[{"@type":"ListItem","position":1,"name":"In\u00edcio","item":"https:\/\/www.fraterinternacional.org\/es\/"},{"@type":"ListItem","position":2,"name":"4\u00b0 Encuentro de Misiones Permanentes en el Chaco"}]},{"@type":"WebSite","@id":"https:\/\/www.fraterinternacional.org\/es\/#website","url":"https:\/\/www.fraterinternacional.org\/es\/","name":"Fraternidade - Federa\u00e7\u00e3o Humanit\u00e1ria Internacional","description":"Fraternidade - Federa\u00e7\u00e3o Humanit\u00e1ria Internacional","potentialAction":[{"@type":"SearchAction","target":{"@type":"EntryPoint","urlTemplate":"https:\/\/www.fraterinternacional.org\/es\/?s={search_term_string}"},"query-input":"required name=search_term_string"}],"inLanguage":"es"},{"@type":"Person","@id":"https:\/\/www.fraterinternacional.org\/es\/#\/schema\/person\/facd24ae5f7e6b4ee1aeec7ad1b960ae","name":"Nelson Frater"}]}},"_links":{"self":[{"href":"https:\/\/www.fraterinternacional.org\/es\/wp-json\/wp\/v2\/posts\/35807"}],"collection":[{"href":"https:\/\/www.fraterinternacional.org\/es\/wp-json\/wp\/v2\/posts"}],"about":[{"href":"https:\/\/www.fraterinternacional.org\/es\/wp-json\/wp\/v2\/types\/post"}],"author":[{"embeddable":true,"href":"https:\/\/www.fraterinternacional.org\/es\/wp-json\/wp\/v2\/users\/11"}],"replies":[{"embeddable":true,"href":"https:\/\/www.fraterinternacional.org\/es\/wp-json\/wp\/v2\/comments?post=35807"}],"version-history":[{"count":0,"href":"https:\/\/www.fraterinternacional.org\/es\/wp-json\/wp\/v2\/posts\/35807\/revisions"}],"wp:attachment":[{"href":"https:\/\/www.fraterinternacional.org\/es\/wp-json\/wp\/v2\/media?parent=35807"}],"wp:term":[{"taxonomy":"category","embeddable":true,"href":"https:\/\/www.fraterinternacional.org\/es\/wp-json\/wp\/v2\/categories?post=35807"},{"taxonomy":"post_tag","embeddable":true,"href":"https:\/\/www.fraterinternacional.org\/es\/wp-json\/wp\/v2\/tags?post=35807"}],"curies":[{"name":"wp","href":"https:\/\/api.w.org\/{rel}","templated":true}]}}