{"id":34641,"date":"2016-11-02T14:29:38","date_gmt":"2016-11-02T17:29:38","guid":{"rendered":"http:\/\/www.fraterinternacional.org\/es\/?p=34641"},"modified":"2016-11-02T14:29:38","modified_gmt":"2016-11-02T17:29:38","slug":"apoyo-de-casa-luz-de-la-colina-pacientes-con-cancer-llega-por-primera-vez-ilicinea","status":"publish","type":"post","link":"https:\/\/www.fraterinternacional.org\/es\/apoyo-de-casa-luz-de-la-colina-pacientes-con-cancer-llega-por-primera-vez-ilicinea\/","title":{"rendered":"Apoyo de Casa Luz de la Colina a pacientes con c\u00e1ncer llega por primera vez a Ilic\u00ednea"},"content":{"rendered":"<div class=\"fusion-fullwidth fullwidth-box fusion-builder-row-1 nonhundred-percent-fullwidth non-hundred-percent-height-scrolling\" style=\"--awb-border-radius-top-left:0px;--awb-border-radius-top-right:0px;--awb-border-radius-bottom-right:0px;--awb-border-radius-bottom-left:0px;--awb-flex-wrap:wrap;\" ><div class=\"fusion-builder-row fusion-row\"><div class=\"fusion-layout-column fusion_builder_column fusion-builder-column-0 fusion_builder_column_1_1 1_1 fusion-one-full fusion-column-first fusion-column-last\" style=\"--awb-bg-size:cover;--awb-margin-bottom:0px;\"><div class=\"fusion-column-wrapper fusion-flex-column-wrapper-legacy\"><div class=\"fusion-text fusion-text-1\"><p style=\"text-align: justify;\">El apoyo terap\u00e9utico que <a href=\"http:\/\/www.casaluzdacolina.org.br\/\" target=\"_blank\">Casa Luz de la Colina<\/a>, afiliada a la <strong>Fraternidade \u2013 Federaci\u00f3n Humanitaria Internacional<\/strong>, brinda a las comunidades del sur del estado de Minas Gerais, Brasil, lleg\u00f3 por primera vez hasta la ciudad de Ilic\u00ednea, a 125 km de su sede central en Carmo da Cachoeira, Minas Gerais. Fueron atendidas 34 personas, en su mayor\u00eda enfermos de c\u00e1ncer asistidos por la novel organizaci\u00f3n \u00abUniendo Vidas, Casa de Apoyo a Pacientes Oncol\u00f3gicos\u00bb.<\/p>\n<p style=\"text-align: justify;\"><a href=\"http:\/\/www.fraterinternacional.org\/wp-content\/uploads\/2016\/11\/mutirao-terapeutico-pacientes-cancer-ilicinea-20-out-2016_07.jpg\"><img decoding=\"async\" class=\"alignright size-medium wp-image-32886\" src=\"http:\/\/www.fraterinternacional.org\/wp-content\/uploads\/2016\/11\/mutirao-terapeutico-pacientes-cancer-ilicinea-20-out-2016_07-300x169.jpg\" alt=\"mutirao-terapeutico-pacientes-cancer-ilicinea-20-out-2016_07\" width=\"300\" height=\"169\" srcset=\"https:\/\/www.fraterinternacional.org\/wp-content\/uploads\/2016\/11\/mutirao-terapeutico-pacientes-cancer-ilicinea-20-out-2016_07-200x112.jpg 200w, https:\/\/www.fraterinternacional.org\/wp-content\/uploads\/2016\/11\/mutirao-terapeutico-pacientes-cancer-ilicinea-20-out-2016_07-300x169.jpg 300w, https:\/\/www.fraterinternacional.org\/wp-content\/uploads\/2016\/11\/mutirao-terapeutico-pacientes-cancer-ilicinea-20-out-2016_07-400x225.jpg 400w, https:\/\/www.fraterinternacional.org\/wp-content\/uploads\/2016\/11\/mutirao-terapeutico-pacientes-cancer-ilicinea-20-out-2016_07-600x337.jpg 600w, https:\/\/www.fraterinternacional.org\/wp-content\/uploads\/2016\/11\/mutirao-terapeutico-pacientes-cancer-ilicinea-20-out-2016_07.jpg 690w\" sizes=\"(max-width: 300px) 100vw, 300px\" \/><\/a>La colaboraci\u00f3n fue prestada por nueve colaboradores de Casa Luz de la Colina: una m\u00e9dica; un equipo de cuatro terapeutas llegados de la ciudad de Jundiai, estado de San Pablo; dos odont\u00f3logas; y dos asistentes. El trabajo se llev\u00f3 a cabo el jueves 20 de octubre, de 9.00 a 13.00 horas. Se realizaron 18 atenciones m\u00e9dico-terap\u00e9uticas con terapias de acupuntura, cromoterapia, reflexolog\u00eda y homeopat\u00eda. Tambi\u00e9n hubo 16 atenciones odontol\u00f3gicas.<\/p>\n<p style=\"text-align: justify;\">Esta cooperaci\u00f3n surgi\u00f3 tras un pedido de la \u201cAsociaci\u00f3n Vida Viva\u201d de Boa Esperan\u00e7a, entidad que tambi\u00e9n asiste a enfermos de c\u00e1ncer y, con la cual, Casa Luz de la Colina ya trabaja desde el 2012.<\/p>\n<p style=\"text-align: justify;\"><a href=\"http:\/\/www.fraterinternacional.org\/wp-content\/uploads\/2016\/11\/mutirao-terapeutico-pacientes-cancer-ilicinea-20-out-2016_03.jpg\"><img decoding=\"async\" class=\"alignleft size-medium wp-image-32876\" src=\"http:\/\/www.fraterinternacional.org\/wp-content\/uploads\/2016\/11\/mutirao-terapeutico-pacientes-cancer-ilicinea-20-out-2016_03-300x169.jpg\" alt=\"mutirao-terapeutico-pacientes-cancer-ilicinea-20-out-2016_03\" width=\"300\" height=\"169\" srcset=\"https:\/\/www.fraterinternacional.org\/wp-content\/uploads\/2016\/11\/mutirao-terapeutico-pacientes-cancer-ilicinea-20-out-2016_03-200x112.jpg 200w, https:\/\/www.fraterinternacional.org\/wp-content\/uploads\/2016\/11\/mutirao-terapeutico-pacientes-cancer-ilicinea-20-out-2016_03-300x169.jpg 300w, https:\/\/www.fraterinternacional.org\/wp-content\/uploads\/2016\/11\/mutirao-terapeutico-pacientes-cancer-ilicinea-20-out-2016_03-400x225.jpg 400w, https:\/\/www.fraterinternacional.org\/wp-content\/uploads\/2016\/11\/mutirao-terapeutico-pacientes-cancer-ilicinea-20-out-2016_03-600x337.jpg 600w, https:\/\/www.fraterinternacional.org\/wp-content\/uploads\/2016\/11\/mutirao-terapeutico-pacientes-cancer-ilicinea-20-out-2016_03.jpg 690w\" sizes=\"(max-width: 300px) 100vw, 300px\" \/><\/a><\/p>\n<p style=\"text-align: justify;\">Nirvania Gerez Noguero Donadelli es integrante del grupo de Jundiai que colabora con Casa Luz de la Colina desde hace cuatro a\u00f1os. La colaboradora comenta que cuando est\u00e1n frente a un enfermo se sienten \u201cmeros intermediarios: es una acci\u00f3n divina que enciende en el asistido una llama interna, que lo ayuda a encontrar en s\u00ed mismo el camino de la cura\u201d.<\/p>\n<p style=\"text-align: justify;\">Nirvania \u00a0explica que para que una asistencia terap\u00e9utica, como la que brinda Casa Luz de la Colina en sus servicios ambulatorios, a veces por una sola vez, sea efectiva es fundamental que el paciente acuda con mucha fe en Dios. \u201cEst\u00e1 en la Biblia que Jes\u00fas curaba diciendo al enfermo: tu fe te ha salvado\u201d.<\/p>\n<p style=\"text-align: justify;\"><a href=\"http:\/\/www.fraterinternacional.org\/wp-content\/uploads\/2016\/11\/mutirao-terapeutico-pacientes-cancer-ilicinea-20-out-2016_04.jpg\"><img decoding=\"async\" class=\"alignright size-medium wp-image-32889\" src=\"http:\/\/www.fraterinternacional.org\/wp-content\/uploads\/2016\/11\/mutirao-terapeutico-pacientes-cancer-ilicinea-20-out-2016_04-300x169.jpg\" alt=\"mutirao-terapeutico-pacientes-cancer-ilicinea-20-out-2016_04\" width=\"300\" height=\"169\" srcset=\"https:\/\/www.fraterinternacional.org\/wp-content\/uploads\/2016\/11\/mutirao-terapeutico-pacientes-cancer-ilicinea-20-out-2016_04-200x112.jpg 200w, https:\/\/www.fraterinternacional.org\/wp-content\/uploads\/2016\/11\/mutirao-terapeutico-pacientes-cancer-ilicinea-20-out-2016_04-300x169.jpg 300w, https:\/\/www.fraterinternacional.org\/wp-content\/uploads\/2016\/11\/mutirao-terapeutico-pacientes-cancer-ilicinea-20-out-2016_04-400x225.jpg 400w, https:\/\/www.fraterinternacional.org\/wp-content\/uploads\/2016\/11\/mutirao-terapeutico-pacientes-cancer-ilicinea-20-out-2016_04-600x337.jpg 600w, https:\/\/www.fraterinternacional.org\/wp-content\/uploads\/2016\/11\/mutirao-terapeutico-pacientes-cancer-ilicinea-20-out-2016_04.jpg 690w\" sizes=\"(max-width: 300px) 100vw, 300px\" \/><\/a><\/p>\n<p style=\"text-align: justify;\">Nirvania resalta tambi\u00e9n la gratitud y el cari\u00f1o que las personas auxiliadas expresan en forma espont\u00e1nea . \u201cEs lo que nos motiva a participar de estos servicios\u201d, apunta.<\/p>\n<p style=\"text-align: justify;\">\u201cEso nos trabaja mucho internamente, nos ayuda a descubrir aspectos nuestros que desconoc\u00edamos, crecemos mucho con esas experiencias\u201d, complementa Sandro Roberto de Camargo, otro de los terapeutas.<\/p>\n<p style=\"text-align: justify;\">\u201cEse despertar interno en los pacientes, del cual habla Nirvania, se produce tambi\u00e9n en nosotros\u201d, tercia Nevacil Gerez Noguero, quien junto con Luciana Aparecida Gomes Noguero completa el grupo de voluntarios de Jundiai.<\/p>\n<p style=\"text-align: justify;\"><a href=\"http:\/\/www.fraterinternacional.org\/wp-content\/uploads\/2016\/11\/mutirao-terapeutico-pacientes-cancer-ilicinea-20-out-2016_02B.jpg\"><img decoding=\"async\" class=\"alignleft size-medium wp-image-32892\" src=\"http:\/\/www.fraterinternacional.org\/wp-content\/uploads\/2016\/11\/mutirao-terapeutico-pacientes-cancer-ilicinea-20-out-2016_02B-300x169.jpg\" alt=\"mutirao-terapeutico-pacientes-cancer-ilicinea-20-out-2016_02b\" width=\"300\" height=\"169\" srcset=\"https:\/\/www.fraterinternacional.org\/wp-content\/uploads\/2016\/11\/mutirao-terapeutico-pacientes-cancer-ilicinea-20-out-2016_02B-200x112.jpg 200w, https:\/\/www.fraterinternacional.org\/wp-content\/uploads\/2016\/11\/mutirao-terapeutico-pacientes-cancer-ilicinea-20-out-2016_02B-300x169.jpg 300w, https:\/\/www.fraterinternacional.org\/wp-content\/uploads\/2016\/11\/mutirao-terapeutico-pacientes-cancer-ilicinea-20-out-2016_02B-400x225.jpg 400w, https:\/\/www.fraterinternacional.org\/wp-content\/uploads\/2016\/11\/mutirao-terapeutico-pacientes-cancer-ilicinea-20-out-2016_02B-600x337.jpg 600w, https:\/\/www.fraterinternacional.org\/wp-content\/uploads\/2016\/11\/mutirao-terapeutico-pacientes-cancer-ilicinea-20-out-2016_02B.jpg 690w\" sizes=\"(max-width: 300px) 100vw, 300px\" \/><\/a><a href=\"http:\/\/www.trigueirinho.org.br\/es\/\" target=\"_blank\">Jos\u00e9 Trigueirinho Netto<\/a>, fil\u00f3sofo espiritualista y uno de los fundadores de la <strong>Fraternidade \u2013 Federaci\u00f3n Humanitaria Internacional<\/strong>, explica en su obra \u201cL\u00e9xico Esot\u00e9rico\u201d, que el c\u00e1ncer surgi\u00f3 como una forma de equilibrar la carga de maldad engendrada por el ser humano en el transcurso del tiempo. Puntualiza que los seres que contraen c\u00e1ncer equilibran en s\u00ed mismos parte de la maldad individual y colectiva de la humanidad, pues en dicho proceso las c\u00e9lulas del cuerpo se purifican intensamente, liberando la sustancia-luz que cada c\u00e9lula encierra. Durante sus crisis, algunos individuos perciben a su cuerpo f\u00edsico como luz. Despu\u00e9s de esa experiencia aprenden a convivir con el dolor e inclusive a trascenderlo. M\u00e1s informaci\u00f3n sobre el tema puede obtenerse en los libros del mismo autor: \u201cLa Muerte sin Miedo ni Culpa\u201d, \u201cCaminos para la Cura Interior\u201d y \u201c<a href=\"http:\/\/www.irdin.org.br\/acervo\/detalhes\/80\" target=\"_blank\">Hora de Curar<\/a>\u201d.<\/p>\n<p style=\"text-align: justify;\"><a href=\"http:\/\/www.fraterinternacional.org\/wp-content\/uploads\/2016\/11\/mutirao-terapeutico-pacientes-cancer-ilicinea-20-out-2016_06.jpg\"><img decoding=\"async\" class=\"alignleft size-medium wp-image-32879\" src=\"http:\/\/www.fraterinternacional.org\/wp-content\/uploads\/2016\/11\/mutirao-terapeutico-pacientes-cancer-ilicinea-20-out-2016_06-300x169.jpg\" alt=\"mutirao-terapeutico-pacientes-cancer-ilicinea-20-out-2016_06\" width=\"300\" height=\"169\" srcset=\"https:\/\/www.fraterinternacional.org\/wp-content\/uploads\/2016\/11\/mutirao-terapeutico-pacientes-cancer-ilicinea-20-out-2016_06-200x112.jpg 200w, https:\/\/www.fraterinternacional.org\/wp-content\/uploads\/2016\/11\/mutirao-terapeutico-pacientes-cancer-ilicinea-20-out-2016_06-300x169.jpg 300w, https:\/\/www.fraterinternacional.org\/wp-content\/uploads\/2016\/11\/mutirao-terapeutico-pacientes-cancer-ilicinea-20-out-2016_06-400x225.jpg 400w, https:\/\/www.fraterinternacional.org\/wp-content\/uploads\/2016\/11\/mutirao-terapeutico-pacientes-cancer-ilicinea-20-out-2016_06-600x337.jpg 600w, https:\/\/www.fraterinternacional.org\/wp-content\/uploads\/2016\/11\/mutirao-terapeutico-pacientes-cancer-ilicinea-20-out-2016_06.jpg 690w\" sizes=\"(max-width: 300px) 100vw, 300px\" \/><\/a>La ONG \u201cUniendo Vidas\u201d, lugar donde se realiz\u00f3 el <em>mutir\u00e3o<\/em> (servicio grupal voluntario) terap\u00e9utico, fue creada en diciembre de 2014 por la directora de la entidad, D\u00e9bora Abelar, quien se dedica a tiempo completo al servicio. La instituci\u00f3n atiende de lunes a viernes, de 8.00 a 11.00 y de 12.30 a 17.00. Funciona con nueve voluntarios, vive de donaciones y de lo recaudado en las ferias de ropas que organiza los s\u00e1bados. \u201cOfrecemos todo a 2 reales. La idea es ayudar a quien no puede y que ellos tambi\u00e9n puedan ayudarnos\u201d, aclara.<\/p>\n<p style=\"text-align: justify;\"><a href=\"http:\/\/www.fraterinternacional.org\/wp-content\/uploads\/2016\/11\/mutirao-terapeutico-pacientes-cancer-ilicinea-20-out-2016_05B-1.jpg\"><img decoding=\"async\" class=\"alignright size-medium wp-image-32899\" src=\"http:\/\/www.fraterinternacional.org\/wp-content\/uploads\/2016\/11\/mutirao-terapeutico-pacientes-cancer-ilicinea-20-out-2016_05B-1-300x169.jpg\" alt=\"mutirao-terapeutico-pacientes-cancer-ilicinea-20-out-2016_05b\" width=\"300\" height=\"169\" srcset=\"https:\/\/www.fraterinternacional.org\/wp-content\/uploads\/2016\/11\/mutirao-terapeutico-pacientes-cancer-ilicinea-20-out-2016_05B-1-200x112.jpg 200w, https:\/\/www.fraterinternacional.org\/wp-content\/uploads\/2016\/11\/mutirao-terapeutico-pacientes-cancer-ilicinea-20-out-2016_05B-1-300x169.jpg 300w, https:\/\/www.fraterinternacional.org\/wp-content\/uploads\/2016\/11\/mutirao-terapeutico-pacientes-cancer-ilicinea-20-out-2016_05B-1-400x225.jpg 400w, https:\/\/www.fraterinternacional.org\/wp-content\/uploads\/2016\/11\/mutirao-terapeutico-pacientes-cancer-ilicinea-20-out-2016_05B-1-600x337.jpg 600w, https:\/\/www.fraterinternacional.org\/wp-content\/uploads\/2016\/11\/mutirao-terapeutico-pacientes-cancer-ilicinea-20-out-2016_05B-1.jpg 690w\" sizes=\"(max-width: 300px) 100vw, 300px\" \/><\/a>En estos momentos, la organizaci\u00f3n tiene registrados a 51 pacientes y desarrolla campa\u00f1as de concientizaci\u00f3n para llegar a m\u00e1s enfermos. \u201cLamentablemente nos enfrentamos a un gran obst\u00e1culo: el prejuicio de los propios pacientes que ni quieren escuchar hablar de la enfermedad\u201d, pero \u201cTrabajamos con mucha fe en Dios, porque sabemos que en realidad es \u00c9l quien act\u00faa a trav\u00e9s de nosotros\u201d, finaliza la voluntaria.<\/p>\n<\/div><div class=\"fusion-clearfix\"><\/div><\/div><\/div><\/div><\/div>\n","protected":false},"excerpt":{"rendered":"","protected":false},"author":16,"featured_media":32875,"comment_status":"closed","ping_status":"closed","sticky":false,"template":"","format":"standard","meta":{"footnotes":""},"categories":[173],"tags":[111,97],"class_list":["post-34641","post","type-post","status-publish","format-standard","has-post-thumbnail","hentry","category-noticia","tag-asociaciones-de-servicio","tag-servicio-humanitario-es"],"yoast_head":"<!-- This site is optimized with the Yoast SEO Premium plugin v21.0 (Yoast SEO v21.0) - https:\/\/yoast.com\/wordpress\/plugins\/seo\/ -->\n<title>Apoyo de Casa Luz de la Colina a pacientes con c\u00e1ncer llega por primera vez a Ilic\u00ednea<\/title>\n<meta name=\"description\" content=\"Equipo de colaboradores prestaron asistencia m\u00e9dico-odontol\u00f3gica y terap\u00e9utica.ONG \u201cUniendo Vidas\u201d Se realizaron 34 atenciones.\" \/>\n<meta name=\"robots\" content=\"index, follow, max-snippet:-1, max-image-preview:large, max-video-preview:-1\" \/>\n<link rel=\"canonical\" href=\"https:\/\/www.fraterinternacional.org\/es\/apoyo-de-casa-luz-de-la-colina-pacientes-con-cancer-llega-por-primera-vez-ilicinea\/\" \/>\n<meta property=\"og:locale\" content=\"es_ES\" \/>\n<meta property=\"og:type\" content=\"article\" \/>\n<meta property=\"og:title\" content=\"Apoyo de Casa Luz de la Colina a pacientes con c\u00e1ncer llega por primera vez a Ilic\u00ednea\" \/>\n<meta property=\"og:description\" content=\"Equipo de colaboradores prestaron asistencia m\u00e9dico-odontol\u00f3gica y terap\u00e9utica.ONG \u201cUniendo Vidas\u201d Se realizaron 34 atenciones.\" \/>\n<meta property=\"og:url\" content=\"https:\/\/www.fraterinternacional.org\/es\/apoyo-de-casa-luz-de-la-colina-pacientes-con-cancer-llega-por-primera-vez-ilicinea\/\" \/>\n<meta property=\"og:site_name\" content=\"Fraternidade - Federa\u00e7\u00e3o Humanit\u00e1ria Internacional\" \/>\n<meta property=\"article:publisher\" content=\"https:\/\/www.facebook.com\/fraternidadehumanitaria\" \/>\n<meta property=\"article:published_time\" content=\"2016-11-02T17:29:38+00:00\" \/>\n<meta property=\"og:image\" content=\"https:\/\/www.fraterinternacional.org\/wp-content\/uploads\/2016\/11\/mutirao-terapeutico-pacientes-cancer-ilicinea-20-out-2016_01.jpg\" \/>\n\t<meta property=\"og:image:width\" content=\"690\" \/>\n\t<meta property=\"og:image:height\" content=\"388\" \/>\n\t<meta property=\"og:image:type\" content=\"image\/jpeg\" \/>\n<meta name=\"author\" content=\"Sergio Redator Espanhol\" \/>\n<meta name=\"twitter:card\" content=\"summary_large_image\" \/>\n<meta name=\"twitter:creator\" content=\"@fraternidadeFHI\" \/>\n<meta name=\"twitter:site\" content=\"@fraternidadeFHI\" \/>\n<meta name=\"twitter:label1\" content=\"Escrito por\" \/>\n\t<meta name=\"twitter:data1\" content=\"Sergio Redator Espanhol\" \/>\n\t<meta name=\"twitter:label2\" content=\"Tiempo de lectura\" \/>\n\t<meta name=\"twitter:data2\" content=\"4 minutos\" \/>\n<script type=\"application\/ld+json\" class=\"yoast-schema-graph\">{\"@context\":\"https:\/\/schema.org\",\"@graph\":[{\"@type\":\"WebPage\",\"@id\":\"https:\/\/www.fraterinternacional.org\/es\/apoyo-de-casa-luz-de-la-colina-pacientes-con-cancer-llega-por-primera-vez-ilicinea\/\",\"url\":\"https:\/\/www.fraterinternacional.org\/es\/apoyo-de-casa-luz-de-la-colina-pacientes-con-cancer-llega-por-primera-vez-ilicinea\/\",\"name\":\"Apoyo de Casa Luz de la Colina a pacientes con c\u00e1ncer llega por primera vez a Ilic\u00ednea\",\"isPartOf\":{\"@id\":\"https:\/\/www.fraterinternacional.org\/es\/#website\"},\"datePublished\":\"2016-11-02T17:29:38+00:00\",\"dateModified\":\"2016-11-02T17:29:38+00:00\",\"author\":{\"@id\":\"https:\/\/www.fraterinternacional.org\/es\/#\/schema\/person\/cf24d3eac28b0e09714ecb8cbd865c28\"},\"description\":\"Equipo de colaboradores prestaron asistencia m\u00e9dico-odontol\u00f3gica y terap\u00e9utica.ONG \u201cUniendo Vidas\u201d Se realizaron 34 atenciones.\",\"breadcrumb\":{\"@id\":\"https:\/\/www.fraterinternacional.org\/es\/apoyo-de-casa-luz-de-la-colina-pacientes-con-cancer-llega-por-primera-vez-ilicinea\/#breadcrumb\"},\"inLanguage\":\"es\",\"potentialAction\":[{\"@type\":\"ReadAction\",\"target\":[\"https:\/\/www.fraterinternacional.org\/es\/apoyo-de-casa-luz-de-la-colina-pacientes-con-cancer-llega-por-primera-vez-ilicinea\/\"]}]},{\"@type\":\"BreadcrumbList\",\"@id\":\"https:\/\/www.fraterinternacional.org\/es\/apoyo-de-casa-luz-de-la-colina-pacientes-con-cancer-llega-por-primera-vez-ilicinea\/#breadcrumb\",\"itemListElement\":[{\"@type\":\"ListItem\",\"position\":1,\"name\":\"In\u00edcio\",\"item\":\"https:\/\/www.fraterinternacional.org\/es\/\"},{\"@type\":\"ListItem\",\"position\":2,\"name\":\"Apoyo de Casa Luz de la Colina a pacientes con c\u00e1ncer llega por primera vez a Ilic\u00ednea\"}]},{\"@type\":\"WebSite\",\"@id\":\"https:\/\/www.fraterinternacional.org\/es\/#website\",\"url\":\"https:\/\/www.fraterinternacional.org\/es\/\",\"name\":\"Fraternidade - Federa\u00e7\u00e3o Humanit\u00e1ria Internacional\",\"description\":\"Fraternidade - Federa\u00e7\u00e3o Humanit\u00e1ria Internacional\",\"potentialAction\":[{\"@type\":\"SearchAction\",\"target\":{\"@type\":\"EntryPoint\",\"urlTemplate\":\"https:\/\/www.fraterinternacional.org\/es\/?s={search_term_string}\"},\"query-input\":\"required name=search_term_string\"}],\"inLanguage\":\"es\"},{\"@type\":\"Person\",\"@id\":\"https:\/\/www.fraterinternacional.org\/es\/#\/schema\/person\/cf24d3eac28b0e09714ecb8cbd865c28\",\"name\":\"Sergio Redator Espanhol\"}]}<\/script>\n<!-- \/ Yoast SEO Premium plugin. -->","yoast_head_json":{"title":"Apoyo de Casa Luz de la Colina a pacientes con c\u00e1ncer llega por primera vez a Ilic\u00ednea","description":"Equipo de colaboradores prestaron asistencia m\u00e9dico-odontol\u00f3gica y terap\u00e9utica.ONG \u201cUniendo Vidas\u201d Se realizaron 34 atenciones.","robots":{"index":"index","follow":"follow","max-snippet":"max-snippet:-1","max-image-preview":"max-image-preview:large","max-video-preview":"max-video-preview:-1"},"canonical":"https:\/\/www.fraterinternacional.org\/es\/apoyo-de-casa-luz-de-la-colina-pacientes-con-cancer-llega-por-primera-vez-ilicinea\/","og_locale":"es_ES","og_type":"article","og_title":"Apoyo de Casa Luz de la Colina a pacientes con c\u00e1ncer llega por primera vez a Ilic\u00ednea","og_description":"Equipo de colaboradores prestaron asistencia m\u00e9dico-odontol\u00f3gica y terap\u00e9utica.ONG \u201cUniendo Vidas\u201d Se realizaron 34 atenciones.","og_url":"https:\/\/www.fraterinternacional.org\/es\/apoyo-de-casa-luz-de-la-colina-pacientes-con-cancer-llega-por-primera-vez-ilicinea\/","og_site_name":"Fraternidade - Federa\u00e7\u00e3o Humanit\u00e1ria Internacional","article_publisher":"https:\/\/www.facebook.com\/fraternidadehumanitaria","article_published_time":"2016-11-02T17:29:38+00:00","og_image":[{"width":690,"height":388,"url":"https:\/\/www.fraterinternacional.org\/wp-content\/uploads\/2016\/11\/mutirao-terapeutico-pacientes-cancer-ilicinea-20-out-2016_01.jpg","type":"image\/jpeg"}],"author":"Sergio Redator Espanhol","twitter_card":"summary_large_image","twitter_creator":"@fraternidadeFHI","twitter_site":"@fraternidadeFHI","twitter_misc":{"Escrito por":"Sergio Redator Espanhol","Tiempo de lectura":"4 minutos"},"schema":{"@context":"https:\/\/schema.org","@graph":[{"@type":"WebPage","@id":"https:\/\/www.fraterinternacional.org\/es\/apoyo-de-casa-luz-de-la-colina-pacientes-con-cancer-llega-por-primera-vez-ilicinea\/","url":"https:\/\/www.fraterinternacional.org\/es\/apoyo-de-casa-luz-de-la-colina-pacientes-con-cancer-llega-por-primera-vez-ilicinea\/","name":"Apoyo de Casa Luz de la Colina a pacientes con c\u00e1ncer llega por primera vez a Ilic\u00ednea","isPartOf":{"@id":"https:\/\/www.fraterinternacional.org\/es\/#website"},"datePublished":"2016-11-02T17:29:38+00:00","dateModified":"2016-11-02T17:29:38+00:00","author":{"@id":"https:\/\/www.fraterinternacional.org\/es\/#\/schema\/person\/cf24d3eac28b0e09714ecb8cbd865c28"},"description":"Equipo de colaboradores prestaron asistencia m\u00e9dico-odontol\u00f3gica y terap\u00e9utica.ONG \u201cUniendo Vidas\u201d Se realizaron 34 atenciones.","breadcrumb":{"@id":"https:\/\/www.fraterinternacional.org\/es\/apoyo-de-casa-luz-de-la-colina-pacientes-con-cancer-llega-por-primera-vez-ilicinea\/#breadcrumb"},"inLanguage":"es","potentialAction":[{"@type":"ReadAction","target":["https:\/\/www.fraterinternacional.org\/es\/apoyo-de-casa-luz-de-la-colina-pacientes-con-cancer-llega-por-primera-vez-ilicinea\/"]}]},{"@type":"BreadcrumbList","@id":"https:\/\/www.fraterinternacional.org\/es\/apoyo-de-casa-luz-de-la-colina-pacientes-con-cancer-llega-por-primera-vez-ilicinea\/#breadcrumb","itemListElement":[{"@type":"ListItem","position":1,"name":"In\u00edcio","item":"https:\/\/www.fraterinternacional.org\/es\/"},{"@type":"ListItem","position":2,"name":"Apoyo de Casa Luz de la Colina a pacientes con c\u00e1ncer llega por primera vez a Ilic\u00ednea"}]},{"@type":"WebSite","@id":"https:\/\/www.fraterinternacional.org\/es\/#website","url":"https:\/\/www.fraterinternacional.org\/es\/","name":"Fraternidade - Federa\u00e7\u00e3o Humanit\u00e1ria Internacional","description":"Fraternidade - Federa\u00e7\u00e3o Humanit\u00e1ria Internacional","potentialAction":[{"@type":"SearchAction","target":{"@type":"EntryPoint","urlTemplate":"https:\/\/www.fraterinternacional.org\/es\/?s={search_term_string}"},"query-input":"required name=search_term_string"}],"inLanguage":"es"},{"@type":"Person","@id":"https:\/\/www.fraterinternacional.org\/es\/#\/schema\/person\/cf24d3eac28b0e09714ecb8cbd865c28","name":"Sergio Redator Espanhol"}]}},"_links":{"self":[{"href":"https:\/\/www.fraterinternacional.org\/es\/wp-json\/wp\/v2\/posts\/34641"}],"collection":[{"href":"https:\/\/www.fraterinternacional.org\/es\/wp-json\/wp\/v2\/posts"}],"about":[{"href":"https:\/\/www.fraterinternacional.org\/es\/wp-json\/wp\/v2\/types\/post"}],"author":[{"embeddable":true,"href":"https:\/\/www.fraterinternacional.org\/es\/wp-json\/wp\/v2\/users\/16"}],"replies":[{"embeddable":true,"href":"https:\/\/www.fraterinternacional.org\/es\/wp-json\/wp\/v2\/comments?post=34641"}],"version-history":[{"count":0,"href":"https:\/\/www.fraterinternacional.org\/es\/wp-json\/wp\/v2\/posts\/34641\/revisions"}],"wp:featuredmedia":[{"embeddable":true,"href":"https:\/\/www.fraterinternacional.org\/es\/wp-json\/wp\/v2\/media\/32875"}],"wp:attachment":[{"href":"https:\/\/www.fraterinternacional.org\/es\/wp-json\/wp\/v2\/media?parent=34641"}],"wp:term":[{"taxonomy":"category","embeddable":true,"href":"https:\/\/www.fraterinternacional.org\/es\/wp-json\/wp\/v2\/categories?post=34641"},{"taxonomy":"post_tag","embeddable":true,"href":"https:\/\/www.fraterinternacional.org\/es\/wp-json\/wp\/v2\/tags?post=34641"}],"curies":[{"name":"wp","href":"https:\/\/api.w.org\/{rel}","templated":true}]}}