{"id":32322,"date":"2016-10-27T17:04:04","date_gmt":"2016-10-27T20:04:04","guid":{"rendered":"http:\/\/www.fraterinternacional.org\/es\/?p=32322"},"modified":"2016-11-01T19:20:58","modified_gmt":"2016-11-01T22:20:58","slug":"red-luz-argentina-realizara-servicio-region-chaco","status":"publish","type":"post","link":"https:\/\/www.fraterinternacional.org\/es\/red-luz-argentina-realizara-servicio-region-chaco\/","title":{"rendered":"Red-Luz Argentina realizar\u00e1 servicio en la regi\u00f3n del Chaco"},"content":{"rendered":"<p style=\"text-align: justify;\">La Red-Luz Argentina Norte realizar\u00e1 del 8 al 10 de octubre, un Encuentro de Servicio en las Comunidades de los pueblos originarios del Chaco. Las actividades se har\u00e1n dentro de las comunidades de la etnia Qom.<\/p>\n<p style=\"text-align: justify;\"><a href=\"http:\/\/www.fraterinternacional.org\/wp-content\/uploads\/2016\/07\/chaco_3encontro_bebe_julho_2016.jpg\"><img decoding=\"async\" class=\"alignleft size-medium wp-image-24716\" src=\"http:\/\/www.fraterinternacional.org\/wp-content\/uploads\/2016\/07\/chaco_3encontro_bebe_julho_2016-300x169.jpg\" alt=\"chaco_3encontro_bebe_julho_2016\" width=\"300\" height=\"169\" srcset=\"https:\/\/www.fraterinternacional.org\/wp-content\/uploads\/2016\/07\/chaco_3encontro_bebe_julho_2016-200x112.jpg 200w, https:\/\/www.fraterinternacional.org\/wp-content\/uploads\/2016\/07\/chaco_3encontro_bebe_julho_2016-300x169.jpg 300w, https:\/\/www.fraterinternacional.org\/wp-content\/uploads\/2016\/07\/chaco_3encontro_bebe_julho_2016-400x225.jpg 400w, https:\/\/www.fraterinternacional.org\/wp-content\/uploads\/2016\/07\/chaco_3encontro_bebe_julho_2016-600x337.jpg 600w, https:\/\/www.fraterinternacional.org\/wp-content\/uploads\/2016\/07\/chaco_3encontro_bebe_julho_2016.jpg 690w\" sizes=\"(max-width: 300px) 100vw, 300px\" \/><\/a>La actividad forma parte de las <a href=\"http:\/\/www.fraterinternacional.org\/es\/missoes-permanentes\/\">Misiones Permanentes<\/a> realizadas por el grupo de la <a href=\"http:\/\/www.fraterinternacional.org\/es\/red-luz\/\">Red-Luz<\/a> Argentina Norte apoyando al grupo local de la provincia de Chaco en los trabajos realizados en las Comunidades de los pueblos originarios de la regi\u00f3n.<\/p>\n<p style=\"text-align: justify;\">El lugar del encuentro y donde el grupo se hospedar\u00e1, ser\u00e1 la Casa de la Sagrada Familia de Burdeos. Se esperan 26 personas que vendr\u00e1n de distintas provincias de la Argentina, como Misiones, Formosa, Tucum\u00e1n, Salta, C\u00f3rdoba y Buenos Aires. Este grupo se reunir\u00e1 a los grupos de la Red-Luz del Chaco y de Corrientes y con miembros de la <a href=\"http:\/\/www.fraterinternacional.org\/es\/comunidades-luz\/\">Comunidad-Luz<\/a> y del Monasterio de la Hermandad.<\/p>\n<p style=\"text-align: justify;\"><a href=\"http:\/\/www.fraterinternacional.org\/wp-content\/uploads\/2016\/02\/Chaco_Mapic_crianca_cumprimento-1.jpg\"><img decoding=\"async\" class=\"alignright size-medium wp-image-21442\" src=\"http:\/\/www.fraterinternacional.org\/wp-content\/uploads\/2016\/02\/Chaco_Mapic_crianca_cumprimento-1-300x169.jpg\" alt=\"Chaco_Mapic_crianca_cumprimento\" width=\"300\" height=\"169\" srcset=\"https:\/\/www.fraterinternacional.org\/wp-content\/uploads\/2016\/02\/Chaco_Mapic_crianca_cumprimento-1-200x113.jpg 200w, https:\/\/www.fraterinternacional.org\/wp-content\/uploads\/2016\/02\/Chaco_Mapic_crianca_cumprimento-1-300x169.jpg 300w, https:\/\/www.fraterinternacional.org\/wp-content\/uploads\/2016\/02\/Chaco_Mapic_crianca_cumprimento-1-400x225.jpg 400w, https:\/\/www.fraterinternacional.org\/wp-content\/uploads\/2016\/02\/Chaco_Mapic_crianca_cumprimento-1-600x338.jpg 600w, https:\/\/www.fraterinternacional.org\/wp-content\/uploads\/2016\/02\/Chaco_Mapic_crianca_cumprimento-1.jpg 700w\" sizes=\"(max-width: 300px) 100vw, 300px\" \/><\/a>En el primer d\u00eda se har\u00e1n sinton\u00edas y oraci\u00f3n coordinados por los miembros del Monasterio de la Hermandad. Se organizar\u00e1n los grupos de trabajo y los materiales necesarios para las tareas en las comunidades de los pueblos originarios.<\/p>\n<p style=\"text-align: justify;\">En el domingo 9, las actividades se llevar\u00e1n a cabo en el Barrio Mapic de la ciudad de Resistencia. El 10 ser\u00e1 en Margarita Bel\u00e9n, a unos 26 kil\u00f3metros de la ciudad de Resistencia.<\/p>\n<p style=\"text-align: justify;\"><a href=\"http:\/\/www.fraterinternacional.org\/wp-content\/uploads\/2016\/02\/missao_chaco_criancas.jpg\"><img decoding=\"async\" class=\"size-medium wp-image-12105 alignleft\" src=\"http:\/\/www.fraterinternacional.org\/wp-content\/uploads\/2016\/02\/missao_chaco_criancas-300x169.jpg\" alt=\"missao_chaco_criancas\" width=\"300\" height=\"169\" srcset=\"https:\/\/www.fraterinternacional.org\/wp-content\/uploads\/2016\/02\/missao_chaco_criancas-200x113.jpg 200w, https:\/\/www.fraterinternacional.org\/wp-content\/uploads\/2016\/02\/missao_chaco_criancas-300x169.jpg 300w, https:\/\/www.fraterinternacional.org\/wp-content\/uploads\/2016\/02\/missao_chaco_criancas-400x225.jpg 400w, https:\/\/www.fraterinternacional.org\/wp-content\/uploads\/2016\/02\/missao_chaco_criancas-600x338.jpg 600w, https:\/\/www.fraterinternacional.org\/wp-content\/uploads\/2016\/02\/missao_chaco_criancas.jpg 700w\" sizes=\"(max-width: 300px) 100vw, 300px\" \/><\/a>En las actividades diarias el grupo trabajar\u00e1 con los ni\u00f1os y las ni\u00f1as por medio de juegos, actividades recreativas y canciones, adem\u00e1s de hacer los correspondientes lavados de cabellos y retirada de los piojos. En cuanto al <a href=\"http:\/\/www.fraterinternacional.org\/es\/amor-y-servicio-los-reinos\/\">Reino<\/a> Animal el grupo continuar\u00e1 atendiendo a los perros y gatos desparasit\u00e1ndolos interna y externamente.<\/p>\n<p style=\"text-align: justify;\">Tanto en la Comunidad de Mapic como en Margarita Bel\u00e9n se compartir\u00e1 el almuerzo con los Qom.<\/p>\n<p style=\"text-align: justify;\">\u201cLlevaremos en nuestros corazones a todos los hermanos de la Red-Luz Planetaria y agradecemos la oportunidad que el Universo nos da, de podernos encontrar con nuestros hermanos de las Comunidades de los pueblos originarios\u201d, dijo Mabel, coordinadora de la Red-Luz Argentina Norte.<\/p>\n<p class=\"p1\" style=\"text-align: justify;\"><span class=\"s1\">Para conocer m\u00e1s sobre la Campa\u00f1a \u00abMisi\u00f3n junto a los Pueblos Originarios\u00bb, de la <b>Fraternidade &#8211;<\/b> <b>Federaci\u00f3n Humanitaria Internacional<\/b>, haga clic <a href=\"http:\/\/www.fraterinternacional.org\/es\/campanhas-ffhi\/mision-pueblos-originarios\/\">aqu\u00ed<\/a><\/span><\/p>\n","protected":false},"excerpt":{"rendered":"<p>La Red-Luz Argentina Norte realizar\u00e1 del 8 al 10 de octubre, un Encuentro de Servicio en las Comunidades de los [&hellip;]<\/p>\n","protected":false},"author":11,"featured_media":12498,"comment_status":"closed","ping_status":"closed","sticky":false,"template":"","format":"standard","meta":{"footnotes":""},"categories":[173,105,120],"tags":[191,97],"class_list":["post-32322","post","type-post","status-publish","format-standard","has-post-thumbnail","hentry","category-noticia","category-noticias-de-las-misiones","category-red-luz-es","tag-mision-chaco","tag-servicio-humanitario-es"],"yoast_head":"<!-- This site is optimized with the Yoast SEO Premium plugin v21.0 (Yoast SEO v21.0) - https:\/\/yoast.com\/wordpress\/plugins\/seo\/ -->\n<title>Red-Luz Argentina realizar\u00e1 servicio en la regi\u00f3n del Chaco<\/title>\n<meta name=\"description\" content=\"La actividad forma parte de las Misiones Permanentes realizadas por el grupo de la regi\u00f3n. El trabajo ser\u00e1 con los pueblos originarios de etnia Qom.\" \/>\n<meta name=\"robots\" content=\"index, follow, max-snippet:-1, max-image-preview:large, max-video-preview:-1\" \/>\n<link rel=\"canonical\" href=\"https:\/\/www.fraterinternacional.org\/es\/red-luz-argentina-realizara-servicio-region-chaco\/\" \/>\n<meta property=\"og:locale\" content=\"es_ES\" \/>\n<meta property=\"og:type\" content=\"article\" \/>\n<meta property=\"og:title\" content=\"Red-Luz Argentina realizar\u00e1 servicio en la regi\u00f3n del Chaco\" \/>\n<meta property=\"og:description\" content=\"La actividad forma parte de las Misiones Permanentes realizadas por el grupo de la regi\u00f3n. El trabajo ser\u00e1 con los pueblos originarios de etnia Qom.\" \/>\n<meta property=\"og:url\" content=\"https:\/\/www.fraterinternacional.org\/es\/red-luz-argentina-realizara-servicio-region-chaco\/\" \/>\n<meta property=\"og:site_name\" content=\"Fraternidade - Federa\u00e7\u00e3o Humanit\u00e1ria Internacional\" \/>\n<meta property=\"article:publisher\" content=\"https:\/\/www.facebook.com\/fraternidadehumanitaria\" \/>\n<meta property=\"article:published_time\" content=\"2016-10-27T20:04:04+00:00\" \/>\n<meta property=\"article:modified_time\" content=\"2016-11-01T22:20:58+00:00\" \/>\n<meta property=\"og:image\" content=\"https:\/\/www.fraterinternacional.org\/wp-content\/uploads\/2016\/02\/Chaco_Mapic_domicilio.jpg\" \/>\n\t<meta property=\"og:image:width\" content=\"700\" \/>\n\t<meta property=\"og:image:height\" content=\"394\" \/>\n\t<meta property=\"og:image:type\" content=\"image\/jpeg\" \/>\n<meta name=\"author\" content=\"Nelson Frater\" \/>\n<meta name=\"twitter:card\" content=\"summary_large_image\" \/>\n<meta name=\"twitter:creator\" content=\"@fraternidadeFHI\" \/>\n<meta name=\"twitter:site\" content=\"@fraternidadeFHI\" \/>\n<meta name=\"twitter:label1\" content=\"Escrito por\" \/>\n\t<meta name=\"twitter:data1\" content=\"Nelson Frater\" \/>\n\t<meta name=\"twitter:label2\" content=\"Tiempo de lectura\" \/>\n\t<meta name=\"twitter:data2\" content=\"2 minutos\" \/>\n<script type=\"application\/ld+json\" class=\"yoast-schema-graph\">{\"@context\":\"https:\/\/schema.org\",\"@graph\":[{\"@type\":\"WebPage\",\"@id\":\"https:\/\/www.fraterinternacional.org\/es\/red-luz-argentina-realizara-servicio-region-chaco\/\",\"url\":\"https:\/\/www.fraterinternacional.org\/es\/red-luz-argentina-realizara-servicio-region-chaco\/\",\"name\":\"Red-Luz Argentina realizar\u00e1 servicio en la regi\u00f3n del Chaco\",\"isPartOf\":{\"@id\":\"https:\/\/www.fraterinternacional.org\/es\/#website\"},\"datePublished\":\"2016-10-27T20:04:04+00:00\",\"dateModified\":\"2016-11-01T22:20:58+00:00\",\"author\":{\"@id\":\"https:\/\/www.fraterinternacional.org\/es\/#\/schema\/person\/facd24ae5f7e6b4ee1aeec7ad1b960ae\"},\"description\":\"La actividad forma parte de las Misiones Permanentes realizadas por el grupo de la regi\u00f3n. El trabajo ser\u00e1 con los pueblos originarios de etnia Qom.\",\"breadcrumb\":{\"@id\":\"https:\/\/www.fraterinternacional.org\/es\/red-luz-argentina-realizara-servicio-region-chaco\/#breadcrumb\"},\"inLanguage\":\"es\",\"potentialAction\":[{\"@type\":\"ReadAction\",\"target\":[\"https:\/\/www.fraterinternacional.org\/es\/red-luz-argentina-realizara-servicio-region-chaco\/\"]}]},{\"@type\":\"BreadcrumbList\",\"@id\":\"https:\/\/www.fraterinternacional.org\/es\/red-luz-argentina-realizara-servicio-region-chaco\/#breadcrumb\",\"itemListElement\":[{\"@type\":\"ListItem\",\"position\":1,\"name\":\"In\u00edcio\",\"item\":\"https:\/\/www.fraterinternacional.org\/es\/\"},{\"@type\":\"ListItem\",\"position\":2,\"name\":\"Red-Luz Argentina realizar\u00e1 servicio en la regi\u00f3n del Chaco\"}]},{\"@type\":\"WebSite\",\"@id\":\"https:\/\/www.fraterinternacional.org\/es\/#website\",\"url\":\"https:\/\/www.fraterinternacional.org\/es\/\",\"name\":\"Fraternidade - Federa\u00e7\u00e3o Humanit\u00e1ria Internacional\",\"description\":\"Fraternidade - Federa\u00e7\u00e3o Humanit\u00e1ria Internacional\",\"potentialAction\":[{\"@type\":\"SearchAction\",\"target\":{\"@type\":\"EntryPoint\",\"urlTemplate\":\"https:\/\/www.fraterinternacional.org\/es\/?s={search_term_string}\"},\"query-input\":\"required name=search_term_string\"}],\"inLanguage\":\"es\"},{\"@type\":\"Person\",\"@id\":\"https:\/\/www.fraterinternacional.org\/es\/#\/schema\/person\/facd24ae5f7e6b4ee1aeec7ad1b960ae\",\"name\":\"Nelson Frater\"}]}<\/script>\n<!-- \/ Yoast SEO Premium plugin. -->","yoast_head_json":{"title":"Red-Luz Argentina realizar\u00e1 servicio en la regi\u00f3n del Chaco","description":"La actividad forma parte de las Misiones Permanentes realizadas por el grupo de la regi\u00f3n. El trabajo ser\u00e1 con los pueblos originarios de etnia Qom.","robots":{"index":"index","follow":"follow","max-snippet":"max-snippet:-1","max-image-preview":"max-image-preview:large","max-video-preview":"max-video-preview:-1"},"canonical":"https:\/\/www.fraterinternacional.org\/es\/red-luz-argentina-realizara-servicio-region-chaco\/","og_locale":"es_ES","og_type":"article","og_title":"Red-Luz Argentina realizar\u00e1 servicio en la regi\u00f3n del Chaco","og_description":"La actividad forma parte de las Misiones Permanentes realizadas por el grupo de la regi\u00f3n. El trabajo ser\u00e1 con los pueblos originarios de etnia Qom.","og_url":"https:\/\/www.fraterinternacional.org\/es\/red-luz-argentina-realizara-servicio-region-chaco\/","og_site_name":"Fraternidade - Federa\u00e7\u00e3o Humanit\u00e1ria Internacional","article_publisher":"https:\/\/www.facebook.com\/fraternidadehumanitaria","article_published_time":"2016-10-27T20:04:04+00:00","article_modified_time":"2016-11-01T22:20:58+00:00","og_image":[{"width":700,"height":394,"url":"https:\/\/www.fraterinternacional.org\/wp-content\/uploads\/2016\/02\/Chaco_Mapic_domicilio.jpg","type":"image\/jpeg"}],"author":"Nelson Frater","twitter_card":"summary_large_image","twitter_creator":"@fraternidadeFHI","twitter_site":"@fraternidadeFHI","twitter_misc":{"Escrito por":"Nelson Frater","Tiempo de lectura":"2 minutos"},"schema":{"@context":"https:\/\/schema.org","@graph":[{"@type":"WebPage","@id":"https:\/\/www.fraterinternacional.org\/es\/red-luz-argentina-realizara-servicio-region-chaco\/","url":"https:\/\/www.fraterinternacional.org\/es\/red-luz-argentina-realizara-servicio-region-chaco\/","name":"Red-Luz Argentina realizar\u00e1 servicio en la regi\u00f3n del Chaco","isPartOf":{"@id":"https:\/\/www.fraterinternacional.org\/es\/#website"},"datePublished":"2016-10-27T20:04:04+00:00","dateModified":"2016-11-01T22:20:58+00:00","author":{"@id":"https:\/\/www.fraterinternacional.org\/es\/#\/schema\/person\/facd24ae5f7e6b4ee1aeec7ad1b960ae"},"description":"La actividad forma parte de las Misiones Permanentes realizadas por el grupo de la regi\u00f3n. El trabajo ser\u00e1 con los pueblos originarios de etnia Qom.","breadcrumb":{"@id":"https:\/\/www.fraterinternacional.org\/es\/red-luz-argentina-realizara-servicio-region-chaco\/#breadcrumb"},"inLanguage":"es","potentialAction":[{"@type":"ReadAction","target":["https:\/\/www.fraterinternacional.org\/es\/red-luz-argentina-realizara-servicio-region-chaco\/"]}]},{"@type":"BreadcrumbList","@id":"https:\/\/www.fraterinternacional.org\/es\/red-luz-argentina-realizara-servicio-region-chaco\/#breadcrumb","itemListElement":[{"@type":"ListItem","position":1,"name":"In\u00edcio","item":"https:\/\/www.fraterinternacional.org\/es\/"},{"@type":"ListItem","position":2,"name":"Red-Luz Argentina realizar\u00e1 servicio en la regi\u00f3n del Chaco"}]},{"@type":"WebSite","@id":"https:\/\/www.fraterinternacional.org\/es\/#website","url":"https:\/\/www.fraterinternacional.org\/es\/","name":"Fraternidade - Federa\u00e7\u00e3o Humanit\u00e1ria Internacional","description":"Fraternidade - Federa\u00e7\u00e3o Humanit\u00e1ria Internacional","potentialAction":[{"@type":"SearchAction","target":{"@type":"EntryPoint","urlTemplate":"https:\/\/www.fraterinternacional.org\/es\/?s={search_term_string}"},"query-input":"required name=search_term_string"}],"inLanguage":"es"},{"@type":"Person","@id":"https:\/\/www.fraterinternacional.org\/es\/#\/schema\/person\/facd24ae5f7e6b4ee1aeec7ad1b960ae","name":"Nelson Frater"}]}},"_links":{"self":[{"href":"https:\/\/www.fraterinternacional.org\/es\/wp-json\/wp\/v2\/posts\/32322"}],"collection":[{"href":"https:\/\/www.fraterinternacional.org\/es\/wp-json\/wp\/v2\/posts"}],"about":[{"href":"https:\/\/www.fraterinternacional.org\/es\/wp-json\/wp\/v2\/types\/post"}],"author":[{"embeddable":true,"href":"https:\/\/www.fraterinternacional.org\/es\/wp-json\/wp\/v2\/users\/11"}],"replies":[{"embeddable":true,"href":"https:\/\/www.fraterinternacional.org\/es\/wp-json\/wp\/v2\/comments?post=32322"}],"version-history":[{"count":0,"href":"https:\/\/www.fraterinternacional.org\/es\/wp-json\/wp\/v2\/posts\/32322\/revisions"}],"wp:featuredmedia":[{"embeddable":true,"href":"https:\/\/www.fraterinternacional.org\/es\/wp-json\/wp\/v2\/media\/12498"}],"wp:attachment":[{"href":"https:\/\/www.fraterinternacional.org\/es\/wp-json\/wp\/v2\/media?parent=32322"}],"wp:term":[{"taxonomy":"category","embeddable":true,"href":"https:\/\/www.fraterinternacional.org\/es\/wp-json\/wp\/v2\/categories?post=32322"},{"taxonomy":"post_tag","embeddable":true,"href":"https:\/\/www.fraterinternacional.org\/es\/wp-json\/wp\/v2\/tags?post=32322"}],"curies":[{"name":"wp","href":"https:\/\/api.w.org\/{rel}","templated":true}]}}