{"id":31634,"date":"2016-10-20T22:02:17","date_gmt":"2016-10-21T01:02:17","guid":{"rendered":"http:\/\/www.fraterinternacional.org\/es\/?p=31634"},"modified":"2016-11-01T19:21:12","modified_gmt":"2016-11-01T22:21:12","slug":"cursos-primeros-auxilios-comunidad-luz-nueva-tierra","status":"publish","type":"post","link":"https:\/\/www.fraterinternacional.org\/es\/cursos-primeros-auxilios-comunidad-luz-nueva-tierra\/","title":{"rendered":"Cursos de Primeros Auxilios en la Comunidad-Luz Nueva Tierra"},"content":{"rendered":"<p style=\"text-align: justify;\"><strong><em>La uni\u00f3n entre los grupos de acci\u00f3n y de j\u00f3venes fortalece la voluntad de servir en cualquier situaci\u00f3n.<\/em><\/strong><\/p>\n<p style=\"text-align: justify;\">Veinte j\u00f3venes de la <a href=\"http:\/\/www.comunidadenovaterra.org\/novaterra\/\" target=\"_blank\">Comunidad-Luz Nueva Tierra<\/a>, ubicada en Teres\u00f3polis, R\u00edo de Janeiro, Brasil, participaron del Curso de Primeros Auxilios del 13 al 16 de octubre. El grupo recibi\u00f3 la instrucci\u00f3n en t\u00e9cnicas b\u00e1sicas de primeros auxilios y de supervivencia.<\/p>\n<p style=\"text-align: justify;\"><a href=\"http:\/\/www.fraterinternacional.org\/wp-content\/uploads\/2016\/10\/primeiros_socorros_comunidade_nova_terra_grupo_solar_outubro_2016_imobilizacao.jpg\"><img decoding=\"async\" class=\"alignleft wp-image-31187\" src=\"http:\/\/www.fraterinternacional.org\/wp-content\/uploads\/2016\/10\/primeiros_socorros_comunidade_nova_terra_grupo_solar_outubro_2016_imobilizacao-212x300.jpg\" alt=\"primeiros_socorros_comunidade_nova_terra_grupo_solar_outubro_2016_imobilizacao\" width=\"192\" height=\"272\" srcset=\"https:\/\/www.fraterinternacional.org\/wp-content\/uploads\/2016\/10\/primeiros_socorros_comunidade_nova_terra_grupo_solar_outubro_2016_imobilizacao-200x283.jpg 200w, https:\/\/www.fraterinternacional.org\/wp-content\/uploads\/2016\/10\/primeiros_socorros_comunidade_nova_terra_grupo_solar_outubro_2016_imobilizacao-212x300.jpg 212w, https:\/\/www.fraterinternacional.org\/wp-content\/uploads\/2016\/10\/primeiros_socorros_comunidade_nova_terra_grupo_solar_outubro_2016_imobilizacao.jpg 400w\" sizes=\"(max-width: 192px) 100vw, 192px\" \/><\/a><\/p>\n<p style=\"text-align: justify;\">El evento tuvo como instructor al m\u00e9dico emergent\u00f3logo Dr. Vitor S\u00e1, con el apoyo de los miembros del <a href=\"http:\/\/www.fraterinternacional.org\/es\/emergencias\/\">Grupo Solar<\/a>, de la <strong>Fraternidade &#8211; Federaci\u00f3n Humanitaria Internacional.<\/strong><\/p>\n<p style=\"text-align: justify;\">Durante el curso de tres d\u00edas, los j\u00f3venes recibieron instrucci\u00f3n en t\u00e9cnicas b\u00e1sicas de primeros auxilios, supervivencia en casos de emergencias y en los procedimientos de emergencia en casos de desastre. Durante las actividades se utilizaron los espacios de la <a href=\"http:\/\/www.fraterinternacional.org\/es\/comunidades-luz\/\">Comunidad-Luz<\/a> para el entrenamiento en diversas situaciones, tal como el del aprendizaje para la inmovilizaci\u00f3n y el transporte de heridos.<\/p>\n<p style=\"text-align: justify;\">Raquel forma parte del GAAP (Grupo de Amor y Acci\u00f3n Preventiva) de la Comunidad-Luz Nueva Tierra y tambi\u00e9n particip\u00f3 del curso. \u00abFue un curso muy importante en este momento. Este primer m\u00f3dulo estuvo muy completo en varios sentidos. Hemos visto la unidad del Grupo solar con los GAAP y el esfuerzo de los j\u00f3venes durante el evento. Todo esto fortalece nuestra voluntad para ser \u00fatiles en cualquier situaci\u00f3n \u00ab, dijo Raquel.<\/p>\n<p style=\"text-align: justify;\"><strong>Grupos de Servicio<br \/>\n<\/strong><strong> <a href=\"http:\/\/www.fraterinternacional.org\/wp-content\/uploads\/2016\/10\/primeiros_socorros_comunidade_nova_terra_grupo_solar_outubro_2016_3.jpg\"><img decoding=\"async\" class=\"alignright size-medium wp-image-31178\" src=\"http:\/\/www.fraterinternacional.org\/wp-content\/uploads\/2016\/10\/primeiros_socorros_comunidade_nova_terra_grupo_solar_outubro_2016_3-300x169.jpg\" alt=\"primeiros_socorros_comunidade_nova_terra_grupo_solar_outubro_2016_3\" width=\"300\" height=\"169\" srcset=\"https:\/\/www.fraterinternacional.org\/wp-content\/uploads\/2016\/10\/primeiros_socorros_comunidade_nova_terra_grupo_solar_outubro_2016_3-200x112.jpg 200w, https:\/\/www.fraterinternacional.org\/wp-content\/uploads\/2016\/10\/primeiros_socorros_comunidade_nova_terra_grupo_solar_outubro_2016_3-300x169.jpg 300w, https:\/\/www.fraterinternacional.org\/wp-content\/uploads\/2016\/10\/primeiros_socorros_comunidade_nova_terra_grupo_solar_outubro_2016_3-400x225.jpg 400w, https:\/\/www.fraterinternacional.org\/wp-content\/uploads\/2016\/10\/primeiros_socorros_comunidade_nova_terra_grupo_solar_outubro_2016_3-600x337.jpg 600w, https:\/\/www.fraterinternacional.org\/wp-content\/uploads\/2016\/10\/primeiros_socorros_comunidade_nova_terra_grupo_solar_outubro_2016_3.jpg 690w\" sizes=\"(max-width: 300px) 100vw, 300px\" \/><\/a><\/strong>Tanto el GAAP como el Grupo Solar<br \/>\ne incluso el propio grupo formado durante el curso son considerados como Grupos de Servicio. Seg\u00fan el <a href=\"http:\/\/www.irdin.org.br\/acervo\/detalhes\/53\" target=\"_blank\">libro<\/a>\u00a0\u00abL\u00e9xico Esot\u00e9rico\u00bb de la Obra de de <a href=\"http:\/\/www.trigueirinho.org.br\/web\/php\/index.php?lang=esp\" target=\"_blank\">Trigueirinho<\/a>, cada individuo que forma parte de un grupo de servicio tiene como tarea principal la expansi\u00f3n de su propia consciencia, lo que se refleja en la calidad del servicio que pueden proporcionar. El texto tambi\u00e9n explica que un grupo sintonizado correctamente con la Jerarqu\u00eda, aunque no sea numeroso, puede dar lugar a transformaciones significativas a nivel planetario o m\u00e1s all\u00e1.<\/p>\n<div class=\"fusion-fullwidth fullwidth-box fusion-builder-row-1 hundred-percent-fullwidth non-hundred-percent-height-scrolling\" style=\"--awb-border-radius-top-left:0px;--awb-border-radius-top-right:0px;--awb-border-radius-bottom-right:0px;--awb-border-radius-bottom-left:0px;--awb-overflow:visible;--awb-flex-wrap:wrap;\" ><div class=\"fusion-builder-row fusion-row\"><div class=\"fusion-layout-column fusion_builder_column fusion-builder-column-0 fusion_builder_column_1_1 1_1 fusion-one-full fusion-column-first fusion-column-last fusion-column-no-min-height\" style=\"--awb-bg-size:cover;--awb-margin-bottom:0px;\"><div class=\"fusion-column-wrapper fusion-flex-column-wrapper-legacy\">\n\t\t<style type=\"text\/css\">\n\t\t\t#gallery-1 {\n\t\t\t\tmargin: auto;\n\t\t\t}\n\t\t\t#gallery-1 .gallery-item {\n\t\t\t\tfloat: left;\n\t\t\t\tmargin-top: 10px;\n\t\t\t\ttext-align: center;\n\t\t\t\twidth: 50%;\n\t\t\t}\n\t\t\t#gallery-1 img {\n\t\t\t\tborder: 2px solid #cfcfcf;\n\t\t\t}\n\t\t\t#gallery-1 .gallery-caption {\n\t\t\t\tmargin-left: 0;\n\t\t\t}\n\t\t\t\/* see gallery_shortcode() in wp-includes\/media.php *\/\n\t\t<\/style>\n\t\t<div id='gallery-1' class='gallery galleryid-31634 gallery-columns-2 gallery-size-medium'><dl class='gallery-item'>\n\t\t\t<dt class='gallery-icon portrait'>\n\t\t\t\t<a data-rel=\"iLightbox[postimages]\" data-title=\"primeiros_socorros_comunidade_nova_terra_grupo_solar_outubro_2016_2\" data-caption=\"\" href='https:\/\/www.fraterinternacional.org\/wp-content\/uploads\/2016\/10\/primeiros_socorros_comunidade_nova_terra_grupo_solar_outubro_2016_2.jpg'><img decoding=\"async\" width=\"182\" height=\"300\" src=\"https:\/\/www.fraterinternacional.org\/wp-content\/uploads\/2016\/10\/primeiros_socorros_comunidade_nova_terra_grupo_solar_outubro_2016_2-182x300.jpg\" class=\"attachment-medium size-medium\" alt=\"\" srcset=\"https:\/\/www.fraterinternacional.org\/wp-content\/uploads\/2016\/10\/primeiros_socorros_comunidade_nova_terra_grupo_solar_outubro_2016_2-182x300.jpg 182w, https:\/\/www.fraterinternacional.org\/wp-content\/uploads\/2016\/10\/primeiros_socorros_comunidade_nova_terra_grupo_solar_outubro_2016_2-200x329.jpg 200w, https:\/\/www.fraterinternacional.org\/wp-content\/uploads\/2016\/10\/primeiros_socorros_comunidade_nova_terra_grupo_solar_outubro_2016_2-400x658.jpg 400w, https:\/\/www.fraterinternacional.org\/wp-content\/uploads\/2016\/10\/primeiros_socorros_comunidade_nova_terra_grupo_solar_outubro_2016_2.jpg 500w\" sizes=\"(max-width: 182px) 100vw, 182px\" \/><\/a>\n\t\t\t<\/dt><\/dl><dl class='gallery-item'>\n\t\t\t<dt class='gallery-icon landscape'>\n\t\t\t\t<a data-rel=\"iLightbox[postimages]\" data-title=\"primeiros_socorros_comunidade_nova_terra_grupo_solar_outubro_2016_4\" data-caption=\"\" href='https:\/\/www.fraterinternacional.org\/wp-content\/uploads\/2016\/10\/primeiros_socorros_comunidade_nova_terra_grupo_solar_outubro_2016_4.jpg'><img decoding=\"async\" width=\"300\" height=\"169\" src=\"https:\/\/www.fraterinternacional.org\/wp-content\/uploads\/2016\/10\/primeiros_socorros_comunidade_nova_terra_grupo_solar_outubro_2016_4-300x169.jpg\" class=\"attachment-medium size-medium\" alt=\"\" srcset=\"https:\/\/www.fraterinternacional.org\/wp-content\/uploads\/2016\/10\/primeiros_socorros_comunidade_nova_terra_grupo_solar_outubro_2016_4-200x112.jpg 200w, https:\/\/www.fraterinternacional.org\/wp-content\/uploads\/2016\/10\/primeiros_socorros_comunidade_nova_terra_grupo_solar_outubro_2016_4-300x169.jpg 300w, https:\/\/www.fraterinternacional.org\/wp-content\/uploads\/2016\/10\/primeiros_socorros_comunidade_nova_terra_grupo_solar_outubro_2016_4-400x225.jpg 400w, https:\/\/www.fraterinternacional.org\/wp-content\/uploads\/2016\/10\/primeiros_socorros_comunidade_nova_terra_grupo_solar_outubro_2016_4-600x337.jpg 600w, https:\/\/www.fraterinternacional.org\/wp-content\/uploads\/2016\/10\/primeiros_socorros_comunidade_nova_terra_grupo_solar_outubro_2016_4.jpg 690w\" sizes=\"(max-width: 300px) 100vw, 300px\" \/><\/a>\n\t\t\t<\/dt><\/dl><br style=\"clear: both\" \/>\n\t\t<\/div>\n<div class=\"fusion-clearfix\"><\/div><\/div><\/div><\/div><\/div>\n","protected":false},"excerpt":{"rendered":"<p>La uni\u00f3n entre los grupos de acci\u00f3n y de j\u00f3venes fortalece la voluntad de servir en cualquier situaci\u00f3n. Veinte j\u00f3venes [&hellip;]<\/p>\n","protected":false},"author":11,"featured_media":31186,"comment_status":"closed","ping_status":"closed","sticky":false,"template":"","format":"standard","meta":{"footnotes":""},"categories":[173],"tags":[117,109],"class_list":["post-31634","post","type-post","status-publish","format-standard","has-post-thumbnail","hentry","category-noticia","tag-comunidades-luz-es","tag-emergencias-es"],"yoast_head":"<!-- This site is optimized with the Yoast SEO Premium plugin v21.0 (Yoast SEO v21.0) - https:\/\/yoast.com\/wordpress\/plugins\/seo\/ -->\n<title>Cursos de Primeros Auxilios en la Comunidad-Luz Nueva Tierra<\/title>\n<meta name=\"description\" content=\"Jovens tiveram instru\u00e7\u00f5es em primeiros socorros e t\u00e9cnicas b\u00e1sicas de sobreviv\u00eancia. Uni\u00e3o de grupos de a\u00e7\u00e3o e jovens fortaleceu vontade de servir.\" \/>\n<meta name=\"robots\" content=\"index, follow, max-snippet:-1, max-image-preview:large, max-video-preview:-1\" \/>\n<link rel=\"canonical\" href=\"https:\/\/www.fraterinternacional.org\/es\/cursos-primeros-auxilios-comunidad-luz-nueva-tierra\/\" \/>\n<meta property=\"og:locale\" content=\"es_ES\" \/>\n<meta property=\"og:type\" content=\"article\" \/>\n<meta property=\"og:title\" content=\"Cursos de Primeros Auxilios en la Comunidad-Luz Nueva Tierra\" \/>\n<meta property=\"og:description\" content=\"Jovens tiveram instru\u00e7\u00f5es em primeiros socorros e t\u00e9cnicas b\u00e1sicas de sobreviv\u00eancia. Uni\u00e3o de grupos de a\u00e7\u00e3o e jovens fortaleceu vontade de servir.\" \/>\n<meta property=\"og:url\" content=\"https:\/\/www.fraterinternacional.org\/es\/cursos-primeros-auxilios-comunidad-luz-nueva-tierra\/\" \/>\n<meta property=\"og:site_name\" content=\"Fraternidade - Federa\u00e7\u00e3o Humanit\u00e1ria Internacional\" \/>\n<meta property=\"article:publisher\" content=\"https:\/\/www.facebook.com\/fraternidadehumanitaria\" \/>\n<meta property=\"article:published_time\" content=\"2016-10-21T01:02:17+00:00\" \/>\n<meta property=\"article:modified_time\" content=\"2016-11-01T22:21:12+00:00\" \/>\n<meta property=\"og:image\" content=\"https:\/\/www.fraterinternacional.org\/wp-content\/uploads\/2016\/10\/primeiros_socorros_comunidade_nova_terra_grupo_solar_outubro_2016_grupo.jpg\" \/>\n\t<meta property=\"og:image:width\" content=\"690\" \/>\n\t<meta property=\"og:image:height\" content=\"388\" \/>\n\t<meta property=\"og:image:type\" content=\"image\/jpeg\" \/>\n<meta name=\"author\" content=\"Nelson Frater\" \/>\n<meta name=\"twitter:card\" content=\"summary_large_image\" \/>\n<meta name=\"twitter:creator\" content=\"@fraternidadeFHI\" \/>\n<meta name=\"twitter:site\" content=\"@fraternidadeFHI\" \/>\n<meta name=\"twitter:label1\" content=\"Escrito por\" \/>\n\t<meta name=\"twitter:data1\" content=\"Nelson Frater\" \/>\n\t<meta name=\"twitter:label2\" content=\"Tiempo de lectura\" \/>\n\t<meta name=\"twitter:data2\" content=\"2 minutos\" \/>\n<script type=\"application\/ld+json\" class=\"yoast-schema-graph\">{\"@context\":\"https:\/\/schema.org\",\"@graph\":[{\"@type\":\"WebPage\",\"@id\":\"https:\/\/www.fraterinternacional.org\/es\/cursos-primeros-auxilios-comunidad-luz-nueva-tierra\/\",\"url\":\"https:\/\/www.fraterinternacional.org\/es\/cursos-primeros-auxilios-comunidad-luz-nueva-tierra\/\",\"name\":\"Cursos de Primeros Auxilios en la Comunidad-Luz Nueva Tierra\",\"isPartOf\":{\"@id\":\"https:\/\/www.fraterinternacional.org\/es\/#website\"},\"datePublished\":\"2016-10-21T01:02:17+00:00\",\"dateModified\":\"2016-11-01T22:21:12+00:00\",\"author\":{\"@id\":\"https:\/\/www.fraterinternacional.org\/es\/#\/schema\/person\/facd24ae5f7e6b4ee1aeec7ad1b960ae\"},\"description\":\"Jovens tiveram instru\u00e7\u00f5es em primeiros socorros e t\u00e9cnicas b\u00e1sicas de sobreviv\u00eancia. Uni\u00e3o de grupos de a\u00e7\u00e3o e jovens fortaleceu vontade de servir.\",\"breadcrumb\":{\"@id\":\"https:\/\/www.fraterinternacional.org\/es\/cursos-primeros-auxilios-comunidad-luz-nueva-tierra\/#breadcrumb\"},\"inLanguage\":\"es\",\"potentialAction\":[{\"@type\":\"ReadAction\",\"target\":[\"https:\/\/www.fraterinternacional.org\/es\/cursos-primeros-auxilios-comunidad-luz-nueva-tierra\/\"]}]},{\"@type\":\"BreadcrumbList\",\"@id\":\"https:\/\/www.fraterinternacional.org\/es\/cursos-primeros-auxilios-comunidad-luz-nueva-tierra\/#breadcrumb\",\"itemListElement\":[{\"@type\":\"ListItem\",\"position\":1,\"name\":\"In\u00edcio\",\"item\":\"https:\/\/www.fraterinternacional.org\/es\/\"},{\"@type\":\"ListItem\",\"position\":2,\"name\":\"Cursos de Primeros Auxilios en la Comunidad-Luz Nueva Tierra\"}]},{\"@type\":\"WebSite\",\"@id\":\"https:\/\/www.fraterinternacional.org\/es\/#website\",\"url\":\"https:\/\/www.fraterinternacional.org\/es\/\",\"name\":\"Fraternidade - Federa\u00e7\u00e3o Humanit\u00e1ria Internacional\",\"description\":\"Fraternidade - Federa\u00e7\u00e3o Humanit\u00e1ria Internacional\",\"potentialAction\":[{\"@type\":\"SearchAction\",\"target\":{\"@type\":\"EntryPoint\",\"urlTemplate\":\"https:\/\/www.fraterinternacional.org\/es\/?s={search_term_string}\"},\"query-input\":\"required name=search_term_string\"}],\"inLanguage\":\"es\"},{\"@type\":\"Person\",\"@id\":\"https:\/\/www.fraterinternacional.org\/es\/#\/schema\/person\/facd24ae5f7e6b4ee1aeec7ad1b960ae\",\"name\":\"Nelson Frater\"}]}<\/script>\n<!-- \/ Yoast SEO Premium plugin. -->","yoast_head_json":{"title":"Cursos de Primeros Auxilios en la Comunidad-Luz Nueva Tierra","description":"Jovens tiveram instru\u00e7\u00f5es em primeiros socorros e t\u00e9cnicas b\u00e1sicas de sobreviv\u00eancia. Uni\u00e3o de grupos de a\u00e7\u00e3o e jovens fortaleceu vontade de servir.","robots":{"index":"index","follow":"follow","max-snippet":"max-snippet:-1","max-image-preview":"max-image-preview:large","max-video-preview":"max-video-preview:-1"},"canonical":"https:\/\/www.fraterinternacional.org\/es\/cursos-primeros-auxilios-comunidad-luz-nueva-tierra\/","og_locale":"es_ES","og_type":"article","og_title":"Cursos de Primeros Auxilios en la Comunidad-Luz Nueva Tierra","og_description":"Jovens tiveram instru\u00e7\u00f5es em primeiros socorros e t\u00e9cnicas b\u00e1sicas de sobreviv\u00eancia. Uni\u00e3o de grupos de a\u00e7\u00e3o e jovens fortaleceu vontade de servir.","og_url":"https:\/\/www.fraterinternacional.org\/es\/cursos-primeros-auxilios-comunidad-luz-nueva-tierra\/","og_site_name":"Fraternidade - Federa\u00e7\u00e3o Humanit\u00e1ria Internacional","article_publisher":"https:\/\/www.facebook.com\/fraternidadehumanitaria","article_published_time":"2016-10-21T01:02:17+00:00","article_modified_time":"2016-11-01T22:21:12+00:00","og_image":[{"width":690,"height":388,"url":"https:\/\/www.fraterinternacional.org\/wp-content\/uploads\/2016\/10\/primeiros_socorros_comunidade_nova_terra_grupo_solar_outubro_2016_grupo.jpg","type":"image\/jpeg"}],"author":"Nelson Frater","twitter_card":"summary_large_image","twitter_creator":"@fraternidadeFHI","twitter_site":"@fraternidadeFHI","twitter_misc":{"Escrito por":"Nelson Frater","Tiempo de lectura":"2 minutos"},"schema":{"@context":"https:\/\/schema.org","@graph":[{"@type":"WebPage","@id":"https:\/\/www.fraterinternacional.org\/es\/cursos-primeros-auxilios-comunidad-luz-nueva-tierra\/","url":"https:\/\/www.fraterinternacional.org\/es\/cursos-primeros-auxilios-comunidad-luz-nueva-tierra\/","name":"Cursos de Primeros Auxilios en la Comunidad-Luz Nueva Tierra","isPartOf":{"@id":"https:\/\/www.fraterinternacional.org\/es\/#website"},"datePublished":"2016-10-21T01:02:17+00:00","dateModified":"2016-11-01T22:21:12+00:00","author":{"@id":"https:\/\/www.fraterinternacional.org\/es\/#\/schema\/person\/facd24ae5f7e6b4ee1aeec7ad1b960ae"},"description":"Jovens tiveram instru\u00e7\u00f5es em primeiros socorros e t\u00e9cnicas b\u00e1sicas de sobreviv\u00eancia. Uni\u00e3o de grupos de a\u00e7\u00e3o e jovens fortaleceu vontade de servir.","breadcrumb":{"@id":"https:\/\/www.fraterinternacional.org\/es\/cursos-primeros-auxilios-comunidad-luz-nueva-tierra\/#breadcrumb"},"inLanguage":"es","potentialAction":[{"@type":"ReadAction","target":["https:\/\/www.fraterinternacional.org\/es\/cursos-primeros-auxilios-comunidad-luz-nueva-tierra\/"]}]},{"@type":"BreadcrumbList","@id":"https:\/\/www.fraterinternacional.org\/es\/cursos-primeros-auxilios-comunidad-luz-nueva-tierra\/#breadcrumb","itemListElement":[{"@type":"ListItem","position":1,"name":"In\u00edcio","item":"https:\/\/www.fraterinternacional.org\/es\/"},{"@type":"ListItem","position":2,"name":"Cursos de Primeros Auxilios en la Comunidad-Luz Nueva Tierra"}]},{"@type":"WebSite","@id":"https:\/\/www.fraterinternacional.org\/es\/#website","url":"https:\/\/www.fraterinternacional.org\/es\/","name":"Fraternidade - Federa\u00e7\u00e3o Humanit\u00e1ria Internacional","description":"Fraternidade - Federa\u00e7\u00e3o Humanit\u00e1ria Internacional","potentialAction":[{"@type":"SearchAction","target":{"@type":"EntryPoint","urlTemplate":"https:\/\/www.fraterinternacional.org\/es\/?s={search_term_string}"},"query-input":"required name=search_term_string"}],"inLanguage":"es"},{"@type":"Person","@id":"https:\/\/www.fraterinternacional.org\/es\/#\/schema\/person\/facd24ae5f7e6b4ee1aeec7ad1b960ae","name":"Nelson Frater"}]}},"_links":{"self":[{"href":"https:\/\/www.fraterinternacional.org\/es\/wp-json\/wp\/v2\/posts\/31634"}],"collection":[{"href":"https:\/\/www.fraterinternacional.org\/es\/wp-json\/wp\/v2\/posts"}],"about":[{"href":"https:\/\/www.fraterinternacional.org\/es\/wp-json\/wp\/v2\/types\/post"}],"author":[{"embeddable":true,"href":"https:\/\/www.fraterinternacional.org\/es\/wp-json\/wp\/v2\/users\/11"}],"replies":[{"embeddable":true,"href":"https:\/\/www.fraterinternacional.org\/es\/wp-json\/wp\/v2\/comments?post=31634"}],"version-history":[{"count":0,"href":"https:\/\/www.fraterinternacional.org\/es\/wp-json\/wp\/v2\/posts\/31634\/revisions"}],"wp:featuredmedia":[{"embeddable":true,"href":"https:\/\/www.fraterinternacional.org\/es\/wp-json\/wp\/v2\/media\/31186"}],"wp:attachment":[{"href":"https:\/\/www.fraterinternacional.org\/es\/wp-json\/wp\/v2\/media?parent=31634"}],"wp:term":[{"taxonomy":"category","embeddable":true,"href":"https:\/\/www.fraterinternacional.org\/es\/wp-json\/wp\/v2\/categories?post=31634"},{"taxonomy":"post_tag","embeddable":true,"href":"https:\/\/www.fraterinternacional.org\/es\/wp-json\/wp\/v2\/tags?post=31634"}],"curies":[{"name":"wp","href":"https:\/\/api.w.org\/{rel}","templated":true}]}}