{"id":31603,"date":"2016-10-20T20:40:06","date_gmt":"2016-10-20T23:40:06","guid":{"rendered":"http:\/\/www.fraterinternacional.org\/es\/?p=31603"},"modified":"2016-11-01T19:21:13","modified_gmt":"2016-11-01T22:21:13","slug":"ninos-tomaron-contacto-con-la-musica-clasica-en-la-casa-luz-de-la-colina","status":"publish","type":"post","link":"https:\/\/www.fraterinternacional.org\/es\/ninos-tomaron-contacto-con-la-musica-clasica-en-la-casa-luz-de-la-colina\/","title":{"rendered":"Ni\u00f1os tomaron contacto con la m\u00fasica cl\u00e1sica en Casa Luz de la Colina"},"content":{"rendered":"<p style=\"text-align: justify;\"><a href=\"http:\/\/www.fraterinternacional.org\/wp-content\/uploads\/2016\/10\/casa-luz-colina-musica-classica-criancas-carentes-07.jpg\"><img decoding=\"async\" class=\"alignright size-medium wp-image-31586\" src=\"http:\/\/www.fraterinternacional.org\/wp-content\/uploads\/2016\/10\/casa-luz-colina-musica-classica-criancas-carentes-07-300x169.jpg\" alt=\"casa-luz-colina-musica-classica-criancas-carentes-07\" width=\"300\" height=\"169\" srcset=\"https:\/\/www.fraterinternacional.org\/wp-content\/uploads\/2016\/10\/casa-luz-colina-musica-classica-criancas-carentes-07-200x112.jpg 200w, https:\/\/www.fraterinternacional.org\/wp-content\/uploads\/2016\/10\/casa-luz-colina-musica-classica-criancas-carentes-07-300x169.jpg 300w, https:\/\/www.fraterinternacional.org\/wp-content\/uploads\/2016\/10\/casa-luz-colina-musica-classica-criancas-carentes-07-400x225.jpg 400w, https:\/\/www.fraterinternacional.org\/wp-content\/uploads\/2016\/10\/casa-luz-colina-musica-classica-criancas-carentes-07-600x337.jpg 600w, https:\/\/www.fraterinternacional.org\/wp-content\/uploads\/2016\/10\/casa-luz-colina-musica-classica-criancas-carentes-07.jpg 690w\" sizes=\"(max-width: 300px) 100vw, 300px\" \/><\/a><a href=\"http:\/\/www.casaluzdacolina.org.br\/\" target=\"_blank\">Casa Luz de la Colina<\/a>, afiliada a la\u00a0<strong>Fraternidade \u2013 Federaci\u00f3n Humanitaria Internacional<\/strong>,\u00a0ofreci\u00f3 a ni\u00f1os de escasos recursos del barrio Bom Retiro de Carmo da Cachoeira, Minas Gerais, Brasil, la oportunidad de tomar contacto con la m\u00fasica cl\u00e1sica. Para ello reuni\u00f3 en su sede a un grupo de 40 criaturas, quienes participaron de un \u201cEncuentro con la Armon\u00eda\u201d, que incluy\u00f3 actividades l\u00fadicas con sonidos, pl\u00e1stica y una clase introductoria de piano.<\/p>\n<p style=\"text-align: justify;\"><a href=\"http:\/\/www.fraterinternacional.org\/wp-content\/uploads\/2016\/10\/casa-luz-colina-musica-classica-criancas-carentes-03.jpg\"><img decoding=\"async\" class=\"size-medium wp-image-31574 alignright\" src=\"http:\/\/www.fraterinternacional.org\/wp-content\/uploads\/2016\/10\/casa-luz-colina-musica-classica-criancas-carentes-03-300x169.jpg\" alt=\"casa-luz-colina-musica-classica-criancas-carentes-03\" width=\"300\" height=\"169\" srcset=\"https:\/\/www.fraterinternacional.org\/wp-content\/uploads\/2016\/10\/casa-luz-colina-musica-classica-criancas-carentes-03-200x112.jpg 200w, https:\/\/www.fraterinternacional.org\/wp-content\/uploads\/2016\/10\/casa-luz-colina-musica-classica-criancas-carentes-03-300x169.jpg 300w, https:\/\/www.fraterinternacional.org\/wp-content\/uploads\/2016\/10\/casa-luz-colina-musica-classica-criancas-carentes-03-400x225.jpg 400w, https:\/\/www.fraterinternacional.org\/wp-content\/uploads\/2016\/10\/casa-luz-colina-musica-classica-criancas-carentes-03-600x337.jpg 600w, https:\/\/www.fraterinternacional.org\/wp-content\/uploads\/2016\/10\/casa-luz-colina-musica-classica-criancas-carentes-03.jpg 690w\" sizes=\"(max-width: 300px) 100vw, 300px\" \/><\/a><\/p>\n<p style=\"text-align: justify;\">El evento cont\u00f3 con la colaboraci\u00f3n especial de Francis Vilela, profesor de piano en el Conservatorio de M\u00fasica de Varginha, Minas Gerais. Vali\u00e9ndose de composiciones de Beethoven, Mozart y otros cl\u00e1sicos, el profesional consigui\u00f3 despertar el asombro y el inter\u00e9s de varios de los asistentes. Durante el encuentro los ni\u00f1os aprendieron y conversaron sobre m\u00fasica cl\u00e1sica, conocieron el piano e hicieron ejercicios de percepci\u00f3n musical.<\/p>\n<p style=\"text-align: justify;\">La parte introductoria comenz\u00f3 a las 10 de la ma\u00f1ana. \u201cTrabajamos primero la armon\u00eda interior de los mismos, usamos t\u00e9cnicas de sonido, ritmo y abrimos la posibilidad de que cada participante colocase un atributo, un sonido del coraz\u00f3n, para formar un arco\u00edris y de esa forma expresar el amor de cada uno\u201d, cont\u00f3 la hermana Mar\u00eda Inmaculada, monja de la <a href=\"http:\/\/www.fraterinternacional.org\/es\/orden-gracia-misericordia\/\">Orden Gracia Misericordia<\/a>, y coordinadora de los servicios que Casa Luz de la Colina brinda a los ni\u00f1os<\/p>\n<p style=\"text-align: justify;\"><a href=\"http:\/\/www.fraterinternacional.org\/wp-content\/uploads\/2016\/10\/casa-luz-colina-musica-classica-criancas-carentes-05.jpg\"><img decoding=\"async\" class=\"size-medium wp-image-31580 alignright\" src=\"http:\/\/www.fraterinternacional.org\/wp-content\/uploads\/2016\/10\/casa-luz-colina-musica-classica-criancas-carentes-05-300x169.jpg\" alt=\"casa-luz-colina-musica-classica-criancas-carentes-05\" width=\"300\" height=\"169\" srcset=\"https:\/\/www.fraterinternacional.org\/wp-content\/uploads\/2016\/10\/casa-luz-colina-musica-classica-criancas-carentes-05-200x112.jpg 200w, https:\/\/www.fraterinternacional.org\/wp-content\/uploads\/2016\/10\/casa-luz-colina-musica-classica-criancas-carentes-05-300x169.jpg 300w, https:\/\/www.fraterinternacional.org\/wp-content\/uploads\/2016\/10\/casa-luz-colina-musica-classica-criancas-carentes-05-400x225.jpg 400w, https:\/\/www.fraterinternacional.org\/wp-content\/uploads\/2016\/10\/casa-luz-colina-musica-classica-criancas-carentes-05-600x337.jpg 600w, https:\/\/www.fraterinternacional.org\/wp-content\/uploads\/2016\/10\/casa-luz-colina-musica-classica-criancas-carentes-05.jpg 690w\" sizes=\"(max-width: 300px) 100vw, 300px\" \/><\/a><\/p>\n<p style=\"text-align: justify;\">Despu\u00e9s \u00a0del almuerzo los chicos participaron de una sesi\u00f3n de mandala y finalmente de la clase de piano, donde tuvieron la oportunidad de sentirse un poco artistas.al sentarse y acompa\u00f1ar al profesor en el teclado, ejecutando algunas notas musicales. A pesar del inter\u00e9s demostrado en varios momentos del encuentro los ni\u00f1os se mostraron dispersos \u00abComo primera experiencia, la actividad sirvi\u00f3 para plantar una semilla en esos corazoncitos y despertar la belleza interior que todos tienen\u00bb, destac\u00f3 la hermana Mar\u00eda Inmaculada.<\/p>\n<p style=\"text-align: justify;\">\u00abLos ni\u00f1os est\u00e1n dotados de mucha inteligencia, de mucha sensibilidad, y merecen tener una continuidad en este estudio de m\u00fasica, me parece importante para la formaci\u00f3n del ser humano\u00bb, dijo el profesor Vilela.<\/p>\n<p style=\"text-align: justify;\">El grupo infantil que vivi\u00f3 el \u201cEncuentro con la Armon\u00eda\u201d ya es acompa\u00f1ado por Casa Luz de la Colina desde hace tres a\u00f1os, con encuentros l\u00fadicos que se realizan en su sede tres veces por semana.<\/p>\n<div class=\"fusion-fullwidth fullwidth-box fusion-builder-row-1 hundred-percent-fullwidth non-hundred-percent-height-scrolling\" style=\"--awb-border-radius-top-left:0px;--awb-border-radius-top-right:0px;--awb-border-radius-bottom-right:0px;--awb-border-radius-bottom-left:0px;--awb-overflow:visible;--awb-flex-wrap:wrap;\" ><div class=\"fusion-builder-row fusion-row\"><div class=\"fusion-layout-column fusion_builder_column fusion-builder-column-0 fusion_builder_column_1_1 1_1 fusion-one-full fusion-column-first fusion-column-last fusion-column-no-min-height\" style=\"--awb-bg-size:cover;--awb-margin-bottom:0px;\"><div class=\"fusion-column-wrapper fusion-flex-column-wrapper-legacy\">\n\t\t<style type=\"text\/css\">\n\t\t\t#gallery-1 {\n\t\t\t\tmargin: auto;\n\t\t\t}\n\t\t\t#gallery-1 .gallery-item {\n\t\t\t\tfloat: left;\n\t\t\t\tmargin-top: 10px;\n\t\t\t\ttext-align: center;\n\t\t\t\twidth: 33%;\n\t\t\t}\n\t\t\t#gallery-1 img {\n\t\t\t\tborder: 2px solid #cfcfcf;\n\t\t\t}\n\t\t\t#gallery-1 .gallery-caption {\n\t\t\t\tmargin-left: 0;\n\t\t\t}\n\t\t\t\/* see gallery_shortcode() in wp-includes\/media.php *\/\n\t\t<\/style>\n\t\t<div id='gallery-1' class='gallery galleryid-31603 gallery-columns-3 gallery-size-medium'><dl class='gallery-item'>\n\t\t\t<dt class='gallery-icon landscape'>\n\t\t\t\t<a data-rel=\"iLightbox[postimages]\" data-title=\"casa-luz-colina-musica-classica-criancas-carentes-08\" data-caption=\"\" href='https:\/\/www.fraterinternacional.org\/wp-content\/uploads\/2016\/10\/casa-luz-colina-musica-classica-criancas-carentes-08.jpg'><img decoding=\"async\" width=\"300\" height=\"169\" src=\"https:\/\/www.fraterinternacional.org\/wp-content\/uploads\/2016\/10\/casa-luz-colina-musica-classica-criancas-carentes-08-300x169.jpg\" class=\"attachment-medium size-medium\" alt=\"\" srcset=\"https:\/\/www.fraterinternacional.org\/wp-content\/uploads\/2016\/10\/casa-luz-colina-musica-classica-criancas-carentes-08-200x112.jpg 200w, https:\/\/www.fraterinternacional.org\/wp-content\/uploads\/2016\/10\/casa-luz-colina-musica-classica-criancas-carentes-08-300x169.jpg 300w, https:\/\/www.fraterinternacional.org\/wp-content\/uploads\/2016\/10\/casa-luz-colina-musica-classica-criancas-carentes-08-400x225.jpg 400w, https:\/\/www.fraterinternacional.org\/wp-content\/uploads\/2016\/10\/casa-luz-colina-musica-classica-criancas-carentes-08-600x337.jpg 600w, https:\/\/www.fraterinternacional.org\/wp-content\/uploads\/2016\/10\/casa-luz-colina-musica-classica-criancas-carentes-08.jpg 690w\" sizes=\"(max-width: 300px) 100vw, 300px\" \/><\/a>\n\t\t\t<\/dt><\/dl><dl class='gallery-item'>\n\t\t\t<dt class='gallery-icon landscape'>\n\t\t\t\t<a data-rel=\"iLightbox[postimages]\" data-title=\"casa-luz-colina-musica-classica-criancas-carentes-06\" data-caption=\"\" href='https:\/\/www.fraterinternacional.org\/wp-content\/uploads\/2016\/10\/casa-luz-colina-musica-classica-criancas-carentes-06.jpg'><img decoding=\"async\" width=\"300\" height=\"169\" src=\"https:\/\/www.fraterinternacional.org\/wp-content\/uploads\/2016\/10\/casa-luz-colina-musica-classica-criancas-carentes-06-300x169.jpg\" class=\"attachment-medium size-medium\" alt=\"\" srcset=\"https:\/\/www.fraterinternacional.org\/wp-content\/uploads\/2016\/10\/casa-luz-colina-musica-classica-criancas-carentes-06-200x112.jpg 200w, https:\/\/www.fraterinternacional.org\/wp-content\/uploads\/2016\/10\/casa-luz-colina-musica-classica-criancas-carentes-06-300x169.jpg 300w, https:\/\/www.fraterinternacional.org\/wp-content\/uploads\/2016\/10\/casa-luz-colina-musica-classica-criancas-carentes-06-400x225.jpg 400w, https:\/\/www.fraterinternacional.org\/wp-content\/uploads\/2016\/10\/casa-luz-colina-musica-classica-criancas-carentes-06-600x337.jpg 600w, https:\/\/www.fraterinternacional.org\/wp-content\/uploads\/2016\/10\/casa-luz-colina-musica-classica-criancas-carentes-06.jpg 690w\" sizes=\"(max-width: 300px) 100vw, 300px\" \/><\/a>\n\t\t\t<\/dt><\/dl><dl class='gallery-item'>\n\t\t\t<dt class='gallery-icon landscape'>\n\t\t\t\t<a data-rel=\"iLightbox[postimages]\" data-title=\"casa-luz-colina-musica-classica-criancas-carentes-02\" data-caption=\"\" href='https:\/\/www.fraterinternacional.org\/wp-content\/uploads\/2016\/10\/casa-luz-colina-musica-classica-criancas-carentes-02.jpg'><img decoding=\"async\" width=\"300\" height=\"169\" src=\"https:\/\/www.fraterinternacional.org\/wp-content\/uploads\/2016\/10\/casa-luz-colina-musica-classica-criancas-carentes-02-300x169.jpg\" class=\"attachment-medium size-medium\" alt=\"\" srcset=\"https:\/\/www.fraterinternacional.org\/wp-content\/uploads\/2016\/10\/casa-luz-colina-musica-classica-criancas-carentes-02-200x112.jpg 200w, https:\/\/www.fraterinternacional.org\/wp-content\/uploads\/2016\/10\/casa-luz-colina-musica-classica-criancas-carentes-02-300x169.jpg 300w, https:\/\/www.fraterinternacional.org\/wp-content\/uploads\/2016\/10\/casa-luz-colina-musica-classica-criancas-carentes-02-400x225.jpg 400w, https:\/\/www.fraterinternacional.org\/wp-content\/uploads\/2016\/10\/casa-luz-colina-musica-classica-criancas-carentes-02-600x337.jpg 600w, https:\/\/www.fraterinternacional.org\/wp-content\/uploads\/2016\/10\/casa-luz-colina-musica-classica-criancas-carentes-02.jpg 690w\" sizes=\"(max-width: 300px) 100vw, 300px\" \/><\/a>\n\t\t\t<\/dt><\/dl><br style=\"clear: both\" \/><dl class='gallery-item'>\n\t\t\t<dt class='gallery-icon landscape'>\n\t\t\t\t<a data-rel=\"iLightbox[postimages]\" data-title=\"casa-luz-colina-musica-classica-criancas-carentes-09\" data-caption=\"\" href='https:\/\/www.fraterinternacional.org\/wp-content\/uploads\/2016\/10\/casa-luz-colina-musica-classica-criancas-carentes-09.jpg'><img decoding=\"async\" width=\"300\" height=\"169\" src=\"https:\/\/www.fraterinternacional.org\/wp-content\/uploads\/2016\/10\/casa-luz-colina-musica-classica-criancas-carentes-09-300x169.jpg\" class=\"attachment-medium size-medium\" alt=\"\" srcset=\"https:\/\/www.fraterinternacional.org\/wp-content\/uploads\/2016\/10\/casa-luz-colina-musica-classica-criancas-carentes-09-200x112.jpg 200w, https:\/\/www.fraterinternacional.org\/wp-content\/uploads\/2016\/10\/casa-luz-colina-musica-classica-criancas-carentes-09-300x169.jpg 300w, https:\/\/www.fraterinternacional.org\/wp-content\/uploads\/2016\/10\/casa-luz-colina-musica-classica-criancas-carentes-09-400x225.jpg 400w, https:\/\/www.fraterinternacional.org\/wp-content\/uploads\/2016\/10\/casa-luz-colina-musica-classica-criancas-carentes-09-600x337.jpg 600w, https:\/\/www.fraterinternacional.org\/wp-content\/uploads\/2016\/10\/casa-luz-colina-musica-classica-criancas-carentes-09.jpg 690w\" sizes=\"(max-width: 300px) 100vw, 300px\" \/><\/a>\n\t\t\t<\/dt><\/dl><dl class='gallery-item'>\n\t\t\t<dt class='gallery-icon landscape'>\n\t\t\t\t<a data-rel=\"iLightbox[postimages]\" data-title=\"casa-luz-colina-musica-classica-criancas-carentes-04b\" data-caption=\"?\" href='https:\/\/www.fraterinternacional.org\/wp-content\/uploads\/2016\/10\/casa-luz-colina-musica-classica-criancas-carentes-04B.jpg'><img decoding=\"async\" width=\"300\" height=\"178\" src=\"https:\/\/www.fraterinternacional.org\/wp-content\/uploads\/2016\/10\/casa-luz-colina-musica-classica-criancas-carentes-04B-300x178.jpg\" class=\"attachment-medium size-medium\" alt=\"\" aria-describedby=\"gallery-1-31600\" srcset=\"https:\/\/www.fraterinternacional.org\/wp-content\/uploads\/2016\/10\/casa-luz-colina-musica-classica-criancas-carentes-04B-200x119.jpg 200w, https:\/\/www.fraterinternacional.org\/wp-content\/uploads\/2016\/10\/casa-luz-colina-musica-classica-criancas-carentes-04B-300x178.jpg 300w, https:\/\/www.fraterinternacional.org\/wp-content\/uploads\/2016\/10\/casa-luz-colina-musica-classica-criancas-carentes-04B-400x237.jpg 400w, https:\/\/www.fraterinternacional.org\/wp-content\/uploads\/2016\/10\/casa-luz-colina-musica-classica-criancas-carentes-04B-600x356.jpg 600w, https:\/\/www.fraterinternacional.org\/wp-content\/uploads\/2016\/10\/casa-luz-colina-musica-classica-criancas-carentes-04B.jpg 690w\" sizes=\"(max-width: 300px) 100vw, 300px\" \/><\/a>\n\t\t\t<\/dt>\n\t\t\t\t<dd class='wp-caption-text gallery-caption' id='gallery-1-31600'>\n\t\t\t\t?\n\t\t\t\t<\/dd><\/dl>\n\t\t\t<br style='clear: both' \/>\n\t\t<\/div>\n<div class=\"fusion-clearfix\"><\/div><\/div><\/div><\/div><\/div>\n","protected":false},"excerpt":{"rendered":"<p>Casa Luz de la Colina, afiliada a la\u00a0Fraternidade \u2013 Federaci\u00f3n Humanitaria Internacional,\u00a0ofreci\u00f3 a ni\u00f1os de escasos recursos del barrio Bom [&hellip;]<\/p>\n","protected":false},"author":16,"featured_media":31570,"comment_status":"closed","ping_status":"closed","sticky":false,"template":"","format":"standard","meta":{"footnotes":""},"categories":[173],"tags":[111],"class_list":["post-31603","post","type-post","status-publish","format-standard","has-post-thumbnail","hentry","category-noticia","tag-asociaciones-de-servicio"],"yoast_head":"<!-- This site is optimized with the Yoast SEO Premium plugin v21.0 (Yoast SEO v21.0) - https:\/\/yoast.com\/wordpress\/plugins\/seo\/ -->\n<title>Ni\u00f1os tomaron contacto con la m\u00fasica cl\u00e1sica en la Casa Luz de la Colina<\/title>\n<meta name=\"description\" content=\"Ni\u00f1os participaron de un &quot;Encuentro con la Armon\u00eda&quot;, que incluy\u00f3 actividades l\u00fadicas con sonidos, pl\u00e1stica y clase de piano con m\u00fasica cl\u00e1sica.\" \/>\n<meta name=\"robots\" content=\"index, follow, max-snippet:-1, max-image-preview:large, max-video-preview:-1\" \/>\n<link rel=\"canonical\" href=\"https:\/\/www.fraterinternacional.org\/es\/ninos-tomaron-contacto-con-la-musica-clasica-en-la-casa-luz-de-la-colina\/\" \/>\n<meta property=\"og:locale\" content=\"es_ES\" \/>\n<meta property=\"og:type\" content=\"article\" \/>\n<meta property=\"og:title\" content=\"Ni\u00f1os tomaron contacto con la m\u00fasica cl\u00e1sica en Casa Luz de la Colina\" \/>\n<meta property=\"og:description\" content=\"Ni\u00f1os participaron de un &quot;Encuentro con la Armon\u00eda&quot;, que incluy\u00f3 actividades l\u00fadicas con sonidos, pl\u00e1stica y clase de piano con m\u00fasica cl\u00e1sica.\" \/>\n<meta property=\"og:url\" content=\"https:\/\/www.fraterinternacional.org\/es\/ninos-tomaron-contacto-con-la-musica-clasica-en-la-casa-luz-de-la-colina\/\" \/>\n<meta property=\"og:site_name\" content=\"Fraternidade - Federa\u00e7\u00e3o Humanit\u00e1ria Internacional\" \/>\n<meta property=\"article:publisher\" content=\"https:\/\/www.facebook.com\/fraternidadehumanitaria\" \/>\n<meta property=\"article:published_time\" content=\"2016-10-20T23:40:06+00:00\" \/>\n<meta property=\"article:modified_time\" content=\"2016-11-01T22:21:13+00:00\" \/>\n<meta property=\"og:image\" content=\"https:\/\/www.fraterinternacional.org\/wp-content\/uploads\/2016\/10\/casa-luz-colina-musica-classica-criancas-carentes-01.jpg\" \/>\n\t<meta property=\"og:image:width\" content=\"690\" \/>\n\t<meta property=\"og:image:height\" content=\"388\" \/>\n\t<meta property=\"og:image:type\" content=\"image\/jpeg\" \/>\n<meta name=\"author\" content=\"Sergio Redator Espanhol\" \/>\n<meta name=\"twitter:card\" content=\"summary_large_image\" \/>\n<meta name=\"twitter:creator\" content=\"@fraternidadeFHI\" \/>\n<meta name=\"twitter:site\" content=\"@fraternidadeFHI\" \/>\n<meta name=\"twitter:label1\" content=\"Escrito por\" \/>\n\t<meta name=\"twitter:data1\" content=\"Sergio Redator Espanhol\" \/>\n\t<meta name=\"twitter:label2\" content=\"Tiempo de lectura\" \/>\n\t<meta name=\"twitter:data2\" content=\"2 minutos\" \/>\n<script type=\"application\/ld+json\" class=\"yoast-schema-graph\">{\"@context\":\"https:\/\/schema.org\",\"@graph\":[{\"@type\":\"WebPage\",\"@id\":\"https:\/\/www.fraterinternacional.org\/es\/ninos-tomaron-contacto-con-la-musica-clasica-en-la-casa-luz-de-la-colina\/\",\"url\":\"https:\/\/www.fraterinternacional.org\/es\/ninos-tomaron-contacto-con-la-musica-clasica-en-la-casa-luz-de-la-colina\/\",\"name\":\"Ni\u00f1os tomaron contacto con la m\u00fasica cl\u00e1sica en la Casa Luz de la Colina\",\"isPartOf\":{\"@id\":\"https:\/\/www.fraterinternacional.org\/es\/#website\"},\"datePublished\":\"2016-10-20T23:40:06+00:00\",\"dateModified\":\"2016-11-01T22:21:13+00:00\",\"author\":{\"@id\":\"https:\/\/www.fraterinternacional.org\/es\/#\/schema\/person\/cf24d3eac28b0e09714ecb8cbd865c28\"},\"description\":\"Ni\u00f1os participaron de un \\\"Encuentro con la Armon\u00eda\\\", que incluy\u00f3 actividades l\u00fadicas con sonidos, pl\u00e1stica y clase de piano con m\u00fasica cl\u00e1sica.\",\"breadcrumb\":{\"@id\":\"https:\/\/www.fraterinternacional.org\/es\/ninos-tomaron-contacto-con-la-musica-clasica-en-la-casa-luz-de-la-colina\/#breadcrumb\"},\"inLanguage\":\"es\",\"potentialAction\":[{\"@type\":\"ReadAction\",\"target\":[\"https:\/\/www.fraterinternacional.org\/es\/ninos-tomaron-contacto-con-la-musica-clasica-en-la-casa-luz-de-la-colina\/\"]}]},{\"@type\":\"BreadcrumbList\",\"@id\":\"https:\/\/www.fraterinternacional.org\/es\/ninos-tomaron-contacto-con-la-musica-clasica-en-la-casa-luz-de-la-colina\/#breadcrumb\",\"itemListElement\":[{\"@type\":\"ListItem\",\"position\":1,\"name\":\"In\u00edcio\",\"item\":\"https:\/\/www.fraterinternacional.org\/es\/\"},{\"@type\":\"ListItem\",\"position\":2,\"name\":\"Ni\u00f1os tomaron contacto con la m\u00fasica cl\u00e1sica en Casa Luz de la Colina\"}]},{\"@type\":\"WebSite\",\"@id\":\"https:\/\/www.fraterinternacional.org\/es\/#website\",\"url\":\"https:\/\/www.fraterinternacional.org\/es\/\",\"name\":\"Fraternidade - Federa\u00e7\u00e3o Humanit\u00e1ria Internacional\",\"description\":\"Fraternidade - Federa\u00e7\u00e3o Humanit\u00e1ria Internacional\",\"potentialAction\":[{\"@type\":\"SearchAction\",\"target\":{\"@type\":\"EntryPoint\",\"urlTemplate\":\"https:\/\/www.fraterinternacional.org\/es\/?s={search_term_string}\"},\"query-input\":\"required name=search_term_string\"}],\"inLanguage\":\"es\"},{\"@type\":\"Person\",\"@id\":\"https:\/\/www.fraterinternacional.org\/es\/#\/schema\/person\/cf24d3eac28b0e09714ecb8cbd865c28\",\"name\":\"Sergio Redator Espanhol\"}]}<\/script>\n<!-- \/ Yoast SEO Premium plugin. -->","yoast_head_json":{"title":"Ni\u00f1os tomaron contacto con la m\u00fasica cl\u00e1sica en la Casa Luz de la Colina","description":"Ni\u00f1os participaron de un \"Encuentro con la Armon\u00eda\", que incluy\u00f3 actividades l\u00fadicas con sonidos, pl\u00e1stica y clase de piano con m\u00fasica cl\u00e1sica.","robots":{"index":"index","follow":"follow","max-snippet":"max-snippet:-1","max-image-preview":"max-image-preview:large","max-video-preview":"max-video-preview:-1"},"canonical":"https:\/\/www.fraterinternacional.org\/es\/ninos-tomaron-contacto-con-la-musica-clasica-en-la-casa-luz-de-la-colina\/","og_locale":"es_ES","og_type":"article","og_title":"Ni\u00f1os tomaron contacto con la m\u00fasica cl\u00e1sica en Casa Luz de la Colina","og_description":"Ni\u00f1os participaron de un \"Encuentro con la Armon\u00eda\", que incluy\u00f3 actividades l\u00fadicas con sonidos, pl\u00e1stica y clase de piano con m\u00fasica cl\u00e1sica.","og_url":"https:\/\/www.fraterinternacional.org\/es\/ninos-tomaron-contacto-con-la-musica-clasica-en-la-casa-luz-de-la-colina\/","og_site_name":"Fraternidade - Federa\u00e7\u00e3o Humanit\u00e1ria Internacional","article_publisher":"https:\/\/www.facebook.com\/fraternidadehumanitaria","article_published_time":"2016-10-20T23:40:06+00:00","article_modified_time":"2016-11-01T22:21:13+00:00","og_image":[{"width":690,"height":388,"url":"https:\/\/www.fraterinternacional.org\/wp-content\/uploads\/2016\/10\/casa-luz-colina-musica-classica-criancas-carentes-01.jpg","type":"image\/jpeg"}],"author":"Sergio Redator Espanhol","twitter_card":"summary_large_image","twitter_creator":"@fraternidadeFHI","twitter_site":"@fraternidadeFHI","twitter_misc":{"Escrito por":"Sergio Redator Espanhol","Tiempo de lectura":"2 minutos"},"schema":{"@context":"https:\/\/schema.org","@graph":[{"@type":"WebPage","@id":"https:\/\/www.fraterinternacional.org\/es\/ninos-tomaron-contacto-con-la-musica-clasica-en-la-casa-luz-de-la-colina\/","url":"https:\/\/www.fraterinternacional.org\/es\/ninos-tomaron-contacto-con-la-musica-clasica-en-la-casa-luz-de-la-colina\/","name":"Ni\u00f1os tomaron contacto con la m\u00fasica cl\u00e1sica en la Casa Luz de la Colina","isPartOf":{"@id":"https:\/\/www.fraterinternacional.org\/es\/#website"},"datePublished":"2016-10-20T23:40:06+00:00","dateModified":"2016-11-01T22:21:13+00:00","author":{"@id":"https:\/\/www.fraterinternacional.org\/es\/#\/schema\/person\/cf24d3eac28b0e09714ecb8cbd865c28"},"description":"Ni\u00f1os participaron de un \"Encuentro con la Armon\u00eda\", que incluy\u00f3 actividades l\u00fadicas con sonidos, pl\u00e1stica y clase de piano con m\u00fasica cl\u00e1sica.","breadcrumb":{"@id":"https:\/\/www.fraterinternacional.org\/es\/ninos-tomaron-contacto-con-la-musica-clasica-en-la-casa-luz-de-la-colina\/#breadcrumb"},"inLanguage":"es","potentialAction":[{"@type":"ReadAction","target":["https:\/\/www.fraterinternacional.org\/es\/ninos-tomaron-contacto-con-la-musica-clasica-en-la-casa-luz-de-la-colina\/"]}]},{"@type":"BreadcrumbList","@id":"https:\/\/www.fraterinternacional.org\/es\/ninos-tomaron-contacto-con-la-musica-clasica-en-la-casa-luz-de-la-colina\/#breadcrumb","itemListElement":[{"@type":"ListItem","position":1,"name":"In\u00edcio","item":"https:\/\/www.fraterinternacional.org\/es\/"},{"@type":"ListItem","position":2,"name":"Ni\u00f1os tomaron contacto con la m\u00fasica cl\u00e1sica en Casa Luz de la Colina"}]},{"@type":"WebSite","@id":"https:\/\/www.fraterinternacional.org\/es\/#website","url":"https:\/\/www.fraterinternacional.org\/es\/","name":"Fraternidade - Federa\u00e7\u00e3o Humanit\u00e1ria Internacional","description":"Fraternidade - Federa\u00e7\u00e3o Humanit\u00e1ria Internacional","potentialAction":[{"@type":"SearchAction","target":{"@type":"EntryPoint","urlTemplate":"https:\/\/www.fraterinternacional.org\/es\/?s={search_term_string}"},"query-input":"required name=search_term_string"}],"inLanguage":"es"},{"@type":"Person","@id":"https:\/\/www.fraterinternacional.org\/es\/#\/schema\/person\/cf24d3eac28b0e09714ecb8cbd865c28","name":"Sergio Redator Espanhol"}]}},"_links":{"self":[{"href":"https:\/\/www.fraterinternacional.org\/es\/wp-json\/wp\/v2\/posts\/31603"}],"collection":[{"href":"https:\/\/www.fraterinternacional.org\/es\/wp-json\/wp\/v2\/posts"}],"about":[{"href":"https:\/\/www.fraterinternacional.org\/es\/wp-json\/wp\/v2\/types\/post"}],"author":[{"embeddable":true,"href":"https:\/\/www.fraterinternacional.org\/es\/wp-json\/wp\/v2\/users\/16"}],"replies":[{"embeddable":true,"href":"https:\/\/www.fraterinternacional.org\/es\/wp-json\/wp\/v2\/comments?post=31603"}],"version-history":[{"count":0,"href":"https:\/\/www.fraterinternacional.org\/es\/wp-json\/wp\/v2\/posts\/31603\/revisions"}],"wp:featuredmedia":[{"embeddable":true,"href":"https:\/\/www.fraterinternacional.org\/es\/wp-json\/wp\/v2\/media\/31570"}],"wp:attachment":[{"href":"https:\/\/www.fraterinternacional.org\/es\/wp-json\/wp\/v2\/media?parent=31603"}],"wp:term":[{"taxonomy":"category","embeddable":true,"href":"https:\/\/www.fraterinternacional.org\/es\/wp-json\/wp\/v2\/categories?post=31603"},{"taxonomy":"post_tag","embeddable":true,"href":"https:\/\/www.fraterinternacional.org\/es\/wp-json\/wp\/v2\/tags?post=31603"}],"curies":[{"name":"wp","href":"https:\/\/api.w.org\/{rel}","templated":true}]}}