{"id":31352,"date":"2016-11-07T13:57:45","date_gmt":"2016-11-07T16:57:45","guid":{"rendered":"http:\/\/www.fraterinternacional.org\/es\/?p=31352"},"modified":"2016-11-07T13:57:45","modified_gmt":"2016-11-07T16:57:45","slug":"la-busqueda-espiritual-y-el-servicio-disuelven-el-miedo","status":"publish","type":"post","link":"https:\/\/www.fraterinternacional.org\/es\/la-busqueda-espiritual-y-el-servicio-disuelven-el-miedo\/","title":{"rendered":"La b\u00fasqueda espiritual y el servicio disuelven el miedo"},"content":{"rendered":"<h3>Escuche el audio de Trigueirinho sobre el tema <img decoding=\"async\" class=\"alignnone wp-image-3635\" src=\"http:\/\/www.fraterinternacional.org\/wp-content\/uploads\/2015\/09\/icone-audio.png\" alt=\"icone-audio\" width=\"33\" height=\"23\" \/><\/h3>\n<div style=\"width: 720px;\" class=\"wp-video\"><!--[if lt IE 9]><script>document.createElement('video');<\/script><![endif]-->\n<video class=\"wp-video-shortcode\" id=\"video-31352-1\" width=\"720\" height=\"100\" preload=\"metadata\" controls=\"controls\"><source type=\"video\/mp4\" src=\"http:\/\/www.fraterinternacional.org\/wp-content\/uploads\/2016\/11\/impulsos_instrucao_3_busca-espiritual_servi\u00e7o_dissolvem_medo_es.mp4?_=1\" \/><a href=\"http:\/\/www.fraterinternacional.org\/wp-content\/uploads\/2016\/11\/impulsos_instrucao_3_busca-espiritual_servi\u00e7o_dissolvem_medo_es.mp4\">http:\/\/www.fraterinternacional.org\/wp-content\/uploads\/2016\/11\/impulsos_instrucao_3_busca-espiritual_servi\u00e7o_dissolvem_medo_es.mp4<\/a><\/video><\/div>\n<p>&nbsp;<\/p>\n<p style=\"text-align: justify;\"><img decoding=\"async\" class=\"size-medium wp-image-31320 alignleft\" src=\"http:\/\/www.fraterinternacional.org\/wp-content\/uploads\/2016\/10\/busca-espiritual-dissolve-medo-300x169.jpg\" alt=\"A busca espiritual e o servi\u00e7o dissolvem o medo\" width=\"300\" height=\"169\" srcset=\"https:\/\/www.fraterinternacional.org\/wp-content\/uploads\/2016\/10\/busca-espiritual-dissolve-medo-200x112.jpg 200w, https:\/\/www.fraterinternacional.org\/wp-content\/uploads\/2016\/10\/busca-espiritual-dissolve-medo-300x169.jpg 300w, https:\/\/www.fraterinternacional.org\/wp-content\/uploads\/2016\/10\/busca-espiritual-dissolve-medo-400x225.jpg 400w, https:\/\/www.fraterinternacional.org\/wp-content\/uploads\/2016\/10\/busca-espiritual-dissolve-medo-600x337.jpg 600w, https:\/\/www.fraterinternacional.org\/wp-content\/uploads\/2016\/10\/busca-espiritual-dissolve-medo.jpg 690w\" sizes=\"(max-width: 300px) 100vw, 300px\" \/><\/p>\n<p style=\"text-align: justify;\">El miedo es entre otras cosas, el resultado de la actividad mental mal dirigida. Cuando la mente es orientada hacia la meta superior de la existencia, ella se aplaca o ni siquiera surge. Podr\u00edamos decir que la ignorancia acerca de lo que realmente somos en esencia es lo que hace que el miedo surja. Casi siempre nos vemos como individuos aislados y no como c\u00e9lulas de una \u00fanica Vida. Pero a medida que por amor nos donamos a alguna causa o servicio altruista, vamos tomando consciencia de la existencia de un Universo Mayor y el miedo comienza a disolverse.<\/p>\n<p style=\"text-align: justify;\">Es importante saber que los miedos y sentimientos negativos ajenos, pueden incorporarse a nuestra aura sensitiva y ser considerados como propios. La mente individual tiene la capacidad para captar elementos del nivel mental colectivo y transferirlos para s\u00ed misma. Tambi\u00e9n podemos manifestar aprensiones por lo que est\u00e1 ocurriendo, no espec\u00edficamente con nosotros, pero de modo generalizado.<\/p>\n<p style=\"text-align: justify;\">La humanidad actual sufre de un miedo bastante com\u00fan: el miedo al fracaso. Ese miedo, surge cuando estamos identificados excesivamente con la personalidad y vivimos en ambientes que nos desvalorizan. Acostumbrados por la educaci\u00f3n normal a compararnos y a confrontarnos con nuestros semejantes, es com\u00fan que nos quedemos insatisfechos con nuestras posibilidades. Realmente, cada uno es \u00fatil con sus propias cualidades y virtudes y las cualidades de los dem\u00e1s, tienen otra aplicaci\u00f3n.<\/p>\n<p style=\"text-align: justify;\"><strong>Art\u00edculo de referencia:<\/strong> Diario El Tiempo, de 18\/mayo\/2014<br \/>\n<strong>Nombre del art\u00edculo<\/strong>: Aspira\u00e7\u00e3o \u00e0 busca espiritual e ao servi\u00e7o altru\u00edsta anula o medo (La aspiraci\u00f3n a la b\u00fasqueda espiritual y al servicio altruista anula el miedo)<br \/>\n<strong>Audio de Irdin<\/strong>: A prop\u00f3sito do medo (A prop\u00f3sito del miedo)<br \/>\n<strong>Grabaci\u00f3n en<\/strong>: 11\/05\/2011<br \/>\n<strong>Serie:<\/strong> Para viver em equil\u00edbrio (Para vivir en equilibrio)<br \/>\n<strong>Audio completo:<\/strong> <a href=\"http:\/\/www.irdin.org.br\/acervo\/detalhes\/12118\" target=\"_blank\">http:\/\/www.irdin.org.br\/acervo\/detalhes\/12118<\/a><\/p>\n","protected":false},"excerpt":{"rendered":"<p>Escuche el audio de Trigueirinho sobre el tema &nbsp; El miedo es entre otras cosas, el resultado de la actividad [&hellip;]<\/p>\n","protected":false},"author":4,"featured_media":31322,"comment_status":"closed","ping_status":"closed","sticky":false,"template":"","format":"standard","meta":{"footnotes":""},"categories":[3237],"tags":[3239],"class_list":["post-31352","post","type-post","status-publish","format-standard","has-post-thumbnail","hentry","category-impulsos-para-la-semana","tag-instruccion-es"],"yoast_head":"<!-- This site is optimized with the Yoast SEO Premium plugin v21.0 (Yoast SEO v21.0) - https:\/\/yoast.com\/wordpress\/plugins\/seo\/ -->\n<title>La b\u00fasqueda espiritual y el servicio disuelven el miedo -<\/title>\n<meta name=\"robots\" content=\"index, follow, max-snippet:-1, max-image-preview:large, max-video-preview:-1\" \/>\n<link rel=\"canonical\" href=\"https:\/\/www.fraterinternacional.org\/es\/la-busqueda-espiritual-y-el-servicio-disuelven-el-miedo\/\" \/>\n<meta property=\"og:locale\" content=\"es_ES\" \/>\n<meta property=\"og:type\" content=\"article\" \/>\n<meta property=\"og:title\" content=\"La b\u00fasqueda espiritual y el servicio disuelven el miedo\" \/>\n<meta property=\"og:description\" content=\"Escuche el audio de Trigueirinho sobre el tema &nbsp; El miedo es entre otras cosas, el resultado de la actividad [&hellip;]\" \/>\n<meta property=\"og:url\" content=\"https:\/\/www.fraterinternacional.org\/es\/la-busqueda-espiritual-y-el-servicio-disuelven-el-miedo\/\" \/>\n<meta property=\"og:site_name\" content=\"Fraternidade - Federa\u00e7\u00e3o Humanit\u00e1ria Internacional\" \/>\n<meta property=\"article:publisher\" content=\"https:\/\/www.facebook.com\/fraternidadehumanitaria\" \/>\n<meta property=\"article:published_time\" content=\"2016-11-07T16:57:45+00:00\" \/>\n<meta property=\"og:image\" content=\"https:\/\/www.fraterinternacional.org\/wp-content\/uploads\/2016\/10\/busca-espiritual-dissolve-medo.jpg\" \/>\n\t<meta property=\"og:image:width\" content=\"690\" \/>\n\t<meta property=\"og:image:height\" content=\"388\" \/>\n\t<meta property=\"og:image:type\" content=\"image\/jpeg\" \/>\n<meta name=\"author\" content=\"maducato_admin\" \/>\n<meta name=\"twitter:card\" content=\"summary_large_image\" \/>\n<meta name=\"twitter:creator\" content=\"@fraternidadeFHI\" \/>\n<meta name=\"twitter:site\" content=\"@fraternidadeFHI\" \/>\n<meta name=\"twitter:label1\" content=\"Escrito por\" \/>\n\t<meta name=\"twitter:data1\" content=\"maducato_admin\" \/>\n\t<meta name=\"twitter:label2\" content=\"Tiempo de lectura\" \/>\n\t<meta name=\"twitter:data2\" content=\"2 minutos\" \/>\n<script type=\"application\/ld+json\" class=\"yoast-schema-graph\">{\"@context\":\"https:\/\/schema.org\",\"@graph\":[{\"@type\":\"WebPage\",\"@id\":\"https:\/\/www.fraterinternacional.org\/es\/la-busqueda-espiritual-y-el-servicio-disuelven-el-miedo\/\",\"url\":\"https:\/\/www.fraterinternacional.org\/es\/la-busqueda-espiritual-y-el-servicio-disuelven-el-miedo\/\",\"name\":\"La b\u00fasqueda espiritual y el servicio disuelven el miedo -\",\"isPartOf\":{\"@id\":\"https:\/\/www.fraterinternacional.org\/es\/#website\"},\"datePublished\":\"2016-11-07T16:57:45+00:00\",\"dateModified\":\"2016-11-07T16:57:45+00:00\",\"author\":{\"@id\":\"https:\/\/www.fraterinternacional.org\/es\/#\/schema\/person\/19cb7a5541fd019768c7fe255d72701e\"},\"breadcrumb\":{\"@id\":\"https:\/\/www.fraterinternacional.org\/es\/la-busqueda-espiritual-y-el-servicio-disuelven-el-miedo\/#breadcrumb\"},\"inLanguage\":\"es\",\"potentialAction\":[{\"@type\":\"ReadAction\",\"target\":[\"https:\/\/www.fraterinternacional.org\/es\/la-busqueda-espiritual-y-el-servicio-disuelven-el-miedo\/\"]}]},{\"@type\":\"BreadcrumbList\",\"@id\":\"https:\/\/www.fraterinternacional.org\/es\/la-busqueda-espiritual-y-el-servicio-disuelven-el-miedo\/#breadcrumb\",\"itemListElement\":[{\"@type\":\"ListItem\",\"position\":1,\"name\":\"In\u00edcio\",\"item\":\"https:\/\/www.fraterinternacional.org\/es\/\"},{\"@type\":\"ListItem\",\"position\":2,\"name\":\"La b\u00fasqueda espiritual y el servicio disuelven el miedo\"}]},{\"@type\":\"WebSite\",\"@id\":\"https:\/\/www.fraterinternacional.org\/es\/#website\",\"url\":\"https:\/\/www.fraterinternacional.org\/es\/\",\"name\":\"Fraternidade - Federa\u00e7\u00e3o Humanit\u00e1ria Internacional\",\"description\":\"Fraternidade - Federa\u00e7\u00e3o Humanit\u00e1ria Internacional\",\"potentialAction\":[{\"@type\":\"SearchAction\",\"target\":{\"@type\":\"EntryPoint\",\"urlTemplate\":\"https:\/\/www.fraterinternacional.org\/es\/?s={search_term_string}\"},\"query-input\":\"required name=search_term_string\"}],\"inLanguage\":\"es\"},{\"@type\":\"Person\",\"@id\":\"https:\/\/www.fraterinternacional.org\/es\/#\/schema\/person\/19cb7a5541fd019768c7fe255d72701e\",\"name\":\"maducato_admin\"}]}<\/script>\n<!-- \/ Yoast SEO Premium plugin. -->","yoast_head_json":{"title":"La b\u00fasqueda espiritual y el servicio disuelven el miedo -","robots":{"index":"index","follow":"follow","max-snippet":"max-snippet:-1","max-image-preview":"max-image-preview:large","max-video-preview":"max-video-preview:-1"},"canonical":"https:\/\/www.fraterinternacional.org\/es\/la-busqueda-espiritual-y-el-servicio-disuelven-el-miedo\/","og_locale":"es_ES","og_type":"article","og_title":"La b\u00fasqueda espiritual y el servicio disuelven el miedo","og_description":"Escuche el audio de Trigueirinho sobre el tema &nbsp; El miedo es entre otras cosas, el resultado de la actividad [&hellip;]","og_url":"https:\/\/www.fraterinternacional.org\/es\/la-busqueda-espiritual-y-el-servicio-disuelven-el-miedo\/","og_site_name":"Fraternidade - Federa\u00e7\u00e3o Humanit\u00e1ria Internacional","article_publisher":"https:\/\/www.facebook.com\/fraternidadehumanitaria","article_published_time":"2016-11-07T16:57:45+00:00","og_image":[{"width":690,"height":388,"url":"https:\/\/www.fraterinternacional.org\/wp-content\/uploads\/2016\/10\/busca-espiritual-dissolve-medo.jpg","type":"image\/jpeg"}],"author":"maducato_admin","twitter_card":"summary_large_image","twitter_creator":"@fraternidadeFHI","twitter_site":"@fraternidadeFHI","twitter_misc":{"Escrito por":"maducato_admin","Tiempo de lectura":"2 minutos"},"schema":{"@context":"https:\/\/schema.org","@graph":[{"@type":"WebPage","@id":"https:\/\/www.fraterinternacional.org\/es\/la-busqueda-espiritual-y-el-servicio-disuelven-el-miedo\/","url":"https:\/\/www.fraterinternacional.org\/es\/la-busqueda-espiritual-y-el-servicio-disuelven-el-miedo\/","name":"La b\u00fasqueda espiritual y el servicio disuelven el miedo -","isPartOf":{"@id":"https:\/\/www.fraterinternacional.org\/es\/#website"},"datePublished":"2016-11-07T16:57:45+00:00","dateModified":"2016-11-07T16:57:45+00:00","author":{"@id":"https:\/\/www.fraterinternacional.org\/es\/#\/schema\/person\/19cb7a5541fd019768c7fe255d72701e"},"breadcrumb":{"@id":"https:\/\/www.fraterinternacional.org\/es\/la-busqueda-espiritual-y-el-servicio-disuelven-el-miedo\/#breadcrumb"},"inLanguage":"es","potentialAction":[{"@type":"ReadAction","target":["https:\/\/www.fraterinternacional.org\/es\/la-busqueda-espiritual-y-el-servicio-disuelven-el-miedo\/"]}]},{"@type":"BreadcrumbList","@id":"https:\/\/www.fraterinternacional.org\/es\/la-busqueda-espiritual-y-el-servicio-disuelven-el-miedo\/#breadcrumb","itemListElement":[{"@type":"ListItem","position":1,"name":"In\u00edcio","item":"https:\/\/www.fraterinternacional.org\/es\/"},{"@type":"ListItem","position":2,"name":"La b\u00fasqueda espiritual y el servicio disuelven el miedo"}]},{"@type":"WebSite","@id":"https:\/\/www.fraterinternacional.org\/es\/#website","url":"https:\/\/www.fraterinternacional.org\/es\/","name":"Fraternidade - Federa\u00e7\u00e3o Humanit\u00e1ria Internacional","description":"Fraternidade - Federa\u00e7\u00e3o Humanit\u00e1ria Internacional","potentialAction":[{"@type":"SearchAction","target":{"@type":"EntryPoint","urlTemplate":"https:\/\/www.fraterinternacional.org\/es\/?s={search_term_string}"},"query-input":"required name=search_term_string"}],"inLanguage":"es"},{"@type":"Person","@id":"https:\/\/www.fraterinternacional.org\/es\/#\/schema\/person\/19cb7a5541fd019768c7fe255d72701e","name":"maducato_admin"}]}},"_links":{"self":[{"href":"https:\/\/www.fraterinternacional.org\/es\/wp-json\/wp\/v2\/posts\/31352"}],"collection":[{"href":"https:\/\/www.fraterinternacional.org\/es\/wp-json\/wp\/v2\/posts"}],"about":[{"href":"https:\/\/www.fraterinternacional.org\/es\/wp-json\/wp\/v2\/types\/post"}],"author":[{"embeddable":true,"href":"https:\/\/www.fraterinternacional.org\/es\/wp-json\/wp\/v2\/users\/4"}],"replies":[{"embeddable":true,"href":"https:\/\/www.fraterinternacional.org\/es\/wp-json\/wp\/v2\/comments?post=31352"}],"version-history":[{"count":0,"href":"https:\/\/www.fraterinternacional.org\/es\/wp-json\/wp\/v2\/posts\/31352\/revisions"}],"wp:featuredmedia":[{"embeddable":true,"href":"https:\/\/www.fraterinternacional.org\/es\/wp-json\/wp\/v2\/media\/31322"}],"wp:attachment":[{"href":"https:\/\/www.fraterinternacional.org\/es\/wp-json\/wp\/v2\/media?parent=31352"}],"wp:term":[{"taxonomy":"category","embeddable":true,"href":"https:\/\/www.fraterinternacional.org\/es\/wp-json\/wp\/v2\/categories?post=31352"},{"taxonomy":"post_tag","embeddable":true,"href":"https:\/\/www.fraterinternacional.org\/es\/wp-json\/wp\/v2\/tags?post=31352"}],"curies":[{"name":"wp","href":"https:\/\/api.w.org\/{rel}","templated":true}]}}