{"id":26485,"date":"2016-08-15T21:43:19","date_gmt":"2016-08-16T00:43:19","guid":{"rendered":"http:\/\/www.fraterinternacional.org\/es\/?p=26485"},"modified":"2017-01-15T16:23:08","modified_gmt":"2017-01-15T19:23:08","slug":"personas-atendidas-por-casa-acogimiento-san-jose-sorprenden-por-significativas-mejorias","status":"publish","type":"post","link":"https:\/\/www.fraterinternacional.org\/es\/personas-atendidas-por-casa-acogimiento-san-jose-sorprenden-por-significativas-mejorias\/","title":{"rendered":"Personas atendidas por la Casa de Acogimiento de San Jos\u00e9 sorprenden por significativas mejor\u00edas"},"content":{"rendered":"<p style=\"text-align: justify;\"><a href=\"http:\/\/www.fraterinternacional.org\/wp-content\/uploads\/2016\/08\/Casa_Acolhimento-09-08-2016_02.jpg\"><img decoding=\"async\" class=\"alignleft size-medium wp-image-26387\" src=\"http:\/\/www.fraterinternacional.org\/wp-content\/uploads\/2016\/08\/Casa_Acolhimento-09-08-2016_02-169x300.jpg\" alt=\"Casa_Acolhimento-09-08-2016_02\" width=\"169\" height=\"300\" srcset=\"https:\/\/www.fraterinternacional.org\/wp-content\/uploads\/2016\/08\/Casa_Acolhimento-09-08-2016_02-169x300.jpg 169w, https:\/\/www.fraterinternacional.org\/wp-content\/uploads\/2016\/08\/Casa_Acolhimento-09-08-2016_02-200x356.jpg 200w, https:\/\/www.fraterinternacional.org\/wp-content\/uploads\/2016\/08\/Casa_Acolhimento-09-08-2016_02.jpg 388w\" sizes=\"(max-width: 169px) 100vw, 169px\" \/><\/a><\/p>\n<p style=\"text-align: justify;\">La Casa de Acogimiento de San Jos\u00e9, local administrado por los <a href=\"http:\/\/www.fraterinternacional.org\/es\/misiones-humanitarias\/\">misioneros<\/a> de la <strong>Fraternidade Federaci\u00f3n Humanitaria Internacional,<\/strong> en Carmo da Cachoeira,\u00a0 Minas Gerais, Brasil, comienza a abrir oportunidades para que las personas que reciben su ayuda puedan ocupar su tiempo en actividades positivas y de esa forma mantener\u00a0su proceso de recuperaci\u00f3n. La mayor\u00eda viene de largos a\u00f1os en la calle y sufre problemas de alcoholismo o drogadicci\u00f3n.<\/p>\n<p style=\"text-align: justify;\">Algunos iniciaron tareas de mejoras en el local, con arreglos y pintura de paredes as\u00ed como construcci\u00f3n de murallas dentro de la Casa de Acogimiento de San Jos\u00e9. Otros comenzaron a descomprimir el suelo y a remover escombros, con ayuda de un tractor de la Prefectura, mientras que algunos ya se pusieron a preparar canteros para crear\u00a0una huerta. \u201cDesde el inicio de su funcionamiento, el 12 de julio pasado, m\u00e1s o menos 50 hermanos se han aproximado a la casa. De esa cifra, 10 crearon un v\u00ednculo con nosotros y vienen todos los d\u00edas. Dos de ellos aceptaron ser encaminados para cl\u00ednicas de recuperaci\u00f3n, otros pararon espontaneamente y hoy viven sobrios, sin ninguna acci\u00f3n espec\u00edfica de nuestra parte. Algunos decidieron volver para sus casas, se reconciliaron con sus familiares y hoy viven procesos individuales de recuperaci\u00f3n\u201d, cont\u00f3 Bento, uno de los misioneros encargados\u00a0del funcionamiento de la Casa de Acogimiento de San Jos\u00e9.<\/p>\n<div class=\"fusion-fullwidth fullwidth-box fusion-builder-row-1 hundred-percent-fullwidth non-hundred-percent-height-scrolling\" style=\"--awb-border-radius-top-left:0px;--awb-border-radius-top-right:0px;--awb-border-radius-bottom-right:0px;--awb-border-radius-bottom-left:0px;--awb-overflow:visible;--awb-flex-wrap:wrap;\" ><div class=\"fusion-builder-row fusion-row\"><div class=\"fusion-layout-column fusion_builder_column fusion-builder-column-0 fusion_builder_column_1_1 1_1 fusion-one-full fusion-column-first fusion-column-last fusion-column-no-min-height\" style=\"--awb-bg-size:cover;--awb-margin-bottom:0px;\"><div class=\"fusion-column-wrapper fusion-flex-column-wrapper-legacy\">\n<div id=\"attachment_26460\" style=\"width: 310px\" class=\"wp-caption alignleft\"><a href=\"http:\/\/www.fraterinternacional.org\/wp-content\/uploads\/2016\/08\/Casa_Acolhimento-09-08-2016_04.jpg\"><img decoding=\"async\" aria-describedby=\"caption-attachment-26460\" class=\"wp-image-26460 size-medium\" src=\"http:\/\/www.fraterinternacional.org\/wp-content\/uploads\/2016\/08\/Casa_Acolhimento-09-08-2016_04-300x169.jpg\" alt=\"Casa_Acolhimento-09-08-2016_04\" width=\"300\" height=\"169\" srcset=\"https:\/\/www.fraterinternacional.org\/wp-content\/uploads\/2016\/08\/Casa_Acolhimento-09-08-2016_04-200x112.jpg 200w, https:\/\/www.fraterinternacional.org\/wp-content\/uploads\/2016\/08\/Casa_Acolhimento-09-08-2016_04-300x169.jpg 300w, https:\/\/www.fraterinternacional.org\/wp-content\/uploads\/2016\/08\/Casa_Acolhimento-09-08-2016_04-400x225.jpg 400w, https:\/\/www.fraterinternacional.org\/wp-content\/uploads\/2016\/08\/Casa_Acolhimento-09-08-2016_04-600x337.jpg 600w, https:\/\/www.fraterinternacional.org\/wp-content\/uploads\/2016\/08\/Casa_Acolhimento-09-08-2016_04.jpg 690w\" sizes=\"(max-width: 300px) 100vw, 300px\" \/><\/a><p id=\"caption-attachment-26460\" class=\"wp-caption-text\">Ropas limpias para los acogidos.<\/p><\/div>\n<p style=\"text-align: justify;\">\u201cNosotros les brindamos las tres comidas del d\u00eda, pero les ponemos como condici\u00f3n que empiecen a mostrar cambios de conducta porque la idea no es apuntalarlos en el vicio\u201d, prosigui\u00f3. Los horarios de los alimentos son: desayuno, 8.00 a 9.00; almuerzo, 12.00 a 13.00; y cena, 18.00 a 19.00. Tambi\u00e9n hay un horario de ba\u00f1o, de 11.00 a 12.00. Ellos llegan, toman un ba\u00f1o, se cambian de ropa y luego se sientan a la mesa. \u201cNosotros comemos con ellos, hacemos una oraci\u00f3n y luego nos alimentamos, en silencio. En la casa no est\u00e1n permitidas conversaciones inarmoniosas, ellos comprenden y se adaptan perfectamente. Despu\u00e9s del almuerzo lavan sus ropas y al d\u00eda siguiente ya tienen nuevamente qu\u00e9 ponerse\u201d, apunt\u00f3 Bento.<\/p>\n<p style=\"text-align: justify;\">En su opini\u00f3n, la Casa de Acogimiento de San Jos\u00e9 debe dar ahora otro paso: buscar la forma de reinsertar en la sociedad a las personas que est\u00e1n respondiendo a los est\u00edmulos y apoyo que est\u00e1n recibiendo. \u201cTuvimos una reuni\u00f3n con las pastorales de la Iglesia Cat\u00f3lica, m\u00e1s o menos 40 personas, y ellos se mostraron dispuestos a ayudar. El p\u00e1rroco de la ciudad nos apoya, ya nos visit\u00f3 y est\u00e1 muy contento con nuestro trabajo. Gente de la Pastoral de Salud tambi\u00e9n ya vino y se puso a las \u00f3rdenes. Creo que con ellos podr\u00edamos crear una especie de bolsa de empleo para las personas que entran en proceso de recuperaci\u00f3n\u201d, consider\u00f3 Bento.<\/p>\n<div class=\"fusion-clearfix\"><\/div><\/div><\/div><div class=\"fusion-layout-column fusion_builder_column fusion-builder-column-1 fusion_builder_column_1_1 1_1 fusion-one-full fusion-column-first fusion-column-last fusion-column-no-min-height\" style=\"--awb-bg-size:cover;--awb-margin-bottom:0px;\"><div class=\"fusion-column-wrapper fusion-flex-column-wrapper-legacy\">\n<div id=\"attachment_26407\" style=\"width: 310px\" class=\"wp-caption alignright\"><a href=\"http:\/\/www.fraterinternacional.org\/wp-content\/uploads\/2016\/08\/casa_acolhimento_sao_jose-09-08-2016_03.jpg\"><img decoding=\"async\" aria-describedby=\"caption-attachment-26407\" class=\"wp-image-26407 size-medium\" src=\"http:\/\/www.fraterinternacional.org\/wp-content\/uploads\/2016\/08\/casa_acolhimento_sao_jose-09-08-2016_03-300x168.jpg\" alt=\"casa_acolhimento_sao_jose-09-08-2016_03\" width=\"300\" height=\"168\" srcset=\"https:\/\/www.fraterinternacional.org\/wp-content\/uploads\/2016\/08\/casa_acolhimento_sao_jose-09-08-2016_03-200x112.jpg 200w, https:\/\/www.fraterinternacional.org\/wp-content\/uploads\/2016\/08\/casa_acolhimento_sao_jose-09-08-2016_03-300x168.jpg 300w, https:\/\/www.fraterinternacional.org\/wp-content\/uploads\/2016\/08\/casa_acolhimento_sao_jose-09-08-2016_03-400x224.jpg 400w, https:\/\/www.fraterinternacional.org\/wp-content\/uploads\/2016\/08\/casa_acolhimento_sao_jose-09-08-2016_03-600x337.jpg 600w, https:\/\/www.fraterinternacional.org\/wp-content\/uploads\/2016\/08\/casa_acolhimento_sao_jose-09-08-2016_03.jpg 690w\" sizes=\"(max-width: 300px) 100vw, 300px\" \/><\/a><p id=\"caption-attachment-26407\" class=\"wp-caption-text\">Remoci\u00f3n de escombros para preparar canteros.<\/p><\/div>\n<p style=\"text-align: justify;\">\u201cValoro mucho la hospitalidad que me dan en esta casa, la calidez con la que me tratan, aqui yo siento la presencia de Dios. El te da una oportunidad y tienes\u00a0que saber aprovecharla, ahora yo estoy dispuesto a hacer el esfuerzo para cambiar de vida, para salir de la calle, tengo nuevamente esperanza para luchar, con el apoyo de estos hermanos que son tan buenos conmigo\u201d, comenta Ailton\u00a0durante una breve pausa que se da para tomar un caf\u00e9 y as\u00ed aliviar la presi\u00f3n del organismo habituado al alcohol. Ante una pregunta prosigue: \u201cDe ahora en adelante\u00a0quiero conseguir un empleo, un trabajo que me permita pagar un peque\u00f1o cuarto donde vivir y as\u00ed poder salir de la calle. Por el momento, estoy haciendo algunos servicios aqu\u00ed porque uno no puede solamente recibir, tambi\u00e9n tiene que dar, no es solo poner la mano todo el tiempo\u201d, afirma. \u201cAl principio ven\u00eda aqu\u00ed solo en la hora de las comidas pero ahora paso todo el d\u00eda haciendo algunos servicios. No tengo familia en Carmo da Cachoeira, soy de otra ciudad\u201d, agrega. Luego, en silencio retorna a su actividad de reboque y pintura de una de las paredes.<\/p>\n<p style=\"text-align: justify;\"><a href=\"http:\/\/www.fraterinternacional.org\/wp-content\/uploads\/2016\/08\/Casa_Acolhimento-09-08-2016_05.jpg\"><img decoding=\"async\" class=\"size-medium wp-image-26463 alignright\" src=\"http:\/\/www.fraterinternacional.org\/wp-content\/uploads\/2016\/08\/Casa_Acolhimento-09-08-2016_05-300x169.jpg\" alt=\"Casa_Acolhimento-09-08-2016_05\" width=\"300\" height=\"169\" srcset=\"https:\/\/www.fraterinternacional.org\/wp-content\/uploads\/2016\/08\/Casa_Acolhimento-09-08-2016_05-200x112.jpg 200w, https:\/\/www.fraterinternacional.org\/wp-content\/uploads\/2016\/08\/Casa_Acolhimento-09-08-2016_05-300x169.jpg 300w, https:\/\/www.fraterinternacional.org\/wp-content\/uploads\/2016\/08\/Casa_Acolhimento-09-08-2016_05-400x225.jpg 400w, https:\/\/www.fraterinternacional.org\/wp-content\/uploads\/2016\/08\/Casa_Acolhimento-09-08-2016_05-600x337.jpg 600w, https:\/\/www.fraterinternacional.org\/wp-content\/uploads\/2016\/08\/Casa_Acolhimento-09-08-2016_05.jpg 690w\" sizes=\"(max-width: 300px) 100vw, 300px\" \/><\/a><\/p>\n<p style=\"text-align: justify;\">La Casa de Acogimiento de San Jos\u00e9 est\u00e1 abierta todos los d\u00edas, vive de donaciones y recibe la colaboraci\u00f3n de todas las personas que est\u00e9n dispuestas a ayudar, con servicios o apoyo material. Las principales necesidades son alimentos, ropas, elementos de aseo personal y de limpieza de la casa.<\/p>\n<div class=\"fusion-clearfix\"><\/div><\/div><\/div><\/div><\/div>\n","protected":false},"excerpt":{"rendered":"<p>La Casa de Acogimiento de San Jos\u00e9, local administrado por los misioneros de la Fraternidade Federaci\u00f3n Humanitaria Internacional, en Carmo [&hellip;]<\/p>\n","protected":false},"author":16,"featured_media":26474,"comment_status":"closed","ping_status":"closed","sticky":false,"template":"","format":"standard","meta":{"footnotes":""},"categories":[173],"tags":[196,320,97],"class_list":["post-26485","post","type-post","status-publish","format-standard","has-post-thumbnail","hentry","category-noticia","tag-cura-y-transformacion","tag-sembrando-el-amor-en-la-humanidad","tag-servicio-humanitario-es"],"yoast_head":"<!-- This site is optimized with the Yoast SEO Premium plugin v21.0 (Yoast SEO v21.0) - https:\/\/yoast.com\/wordpress\/plugins\/seo\/ -->\n<title>Personas atendidas por la Casa de Acogimiento de San Jos\u00e9 sorprenden por significativas mejor\u00edas<\/title>\n<meta name=\"description\" content=\"Local ofrece alimentos y reeducaci\u00f3n para apoyar la recuperaci\u00f3n de alcoh\u00f3licos y dragadictos. Varios inician tareas de mejora del lugar.\" \/>\n<meta name=\"robots\" content=\"index, follow, max-snippet:-1, max-image-preview:large, max-video-preview:-1\" \/>\n<link rel=\"canonical\" href=\"https:\/\/www.fraterinternacional.org\/es\/personas-atendidas-por-casa-acogimiento-san-jose-sorprenden-por-significativas-mejorias\/\" \/>\n<meta property=\"og:locale\" content=\"es_ES\" \/>\n<meta property=\"og:type\" content=\"article\" \/>\n<meta property=\"og:title\" content=\"Personas atendidas por la Casa de Acogimiento de San Jos\u00e9 sorprenden por significativas mejor\u00edas\" \/>\n<meta property=\"og:description\" content=\"Local ofrece alimentos y reeducaci\u00f3n para apoyar la recuperaci\u00f3n de alcoh\u00f3licos y dragadictos. Varios inician tareas de mejora del lugar.\" \/>\n<meta property=\"og:url\" content=\"https:\/\/www.fraterinternacional.org\/es\/personas-atendidas-por-casa-acogimiento-san-jose-sorprenden-por-significativas-mejorias\/\" \/>\n<meta property=\"og:site_name\" content=\"Fraternidade - Federa\u00e7\u00e3o Humanit\u00e1ria Internacional\" \/>\n<meta property=\"article:publisher\" content=\"https:\/\/www.facebook.com\/fraternidadehumanitaria\" \/>\n<meta property=\"article:published_time\" content=\"2016-08-16T00:43:19+00:00\" \/>\n<meta property=\"article:modified_time\" content=\"2017-01-15T19:23:08+00:00\" \/>\n<meta property=\"og:image\" content=\"https:\/\/www.fraterinternacional.org\/wp-content\/uploads\/2016\/08\/casa_acolhimento_sao_jose-09-08-2016_01.jpg\" \/>\n\t<meta property=\"og:image:width\" content=\"690\" \/>\n\t<meta property=\"og:image:height\" content=\"388\" \/>\n\t<meta property=\"og:image:type\" content=\"image\/jpeg\" \/>\n<meta name=\"author\" content=\"Sergio Redator Espanhol\" \/>\n<meta name=\"twitter:card\" content=\"summary_large_image\" \/>\n<meta name=\"twitter:creator\" content=\"@fraternidadeFHI\" \/>\n<meta name=\"twitter:site\" content=\"@fraternidadeFHI\" \/>\n<meta name=\"twitter:label1\" content=\"Escrito por\" \/>\n\t<meta name=\"twitter:data1\" content=\"Sergio Redator Espanhol\" \/>\n\t<meta name=\"twitter:label2\" content=\"Tiempo de lectura\" \/>\n\t<meta name=\"twitter:data2\" content=\"4 minutos\" \/>\n<script type=\"application\/ld+json\" class=\"yoast-schema-graph\">{\"@context\":\"https:\/\/schema.org\",\"@graph\":[{\"@type\":\"WebPage\",\"@id\":\"https:\/\/www.fraterinternacional.org\/es\/personas-atendidas-por-casa-acogimiento-san-jose-sorprenden-por-significativas-mejorias\/\",\"url\":\"https:\/\/www.fraterinternacional.org\/es\/personas-atendidas-por-casa-acogimiento-san-jose-sorprenden-por-significativas-mejorias\/\",\"name\":\"Personas atendidas por la Casa de Acogimiento de San Jos\u00e9 sorprenden por significativas mejor\u00edas\",\"isPartOf\":{\"@id\":\"https:\/\/www.fraterinternacional.org\/es\/#website\"},\"datePublished\":\"2016-08-16T00:43:19+00:00\",\"dateModified\":\"2017-01-15T19:23:08+00:00\",\"author\":{\"@id\":\"https:\/\/www.fraterinternacional.org\/es\/#\/schema\/person\/cf24d3eac28b0e09714ecb8cbd865c28\"},\"description\":\"Local ofrece alimentos y reeducaci\u00f3n para apoyar la recuperaci\u00f3n de alcoh\u00f3licos y dragadictos. Varios inician tareas de mejora del lugar.\",\"breadcrumb\":{\"@id\":\"https:\/\/www.fraterinternacional.org\/es\/personas-atendidas-por-casa-acogimiento-san-jose-sorprenden-por-significativas-mejorias\/#breadcrumb\"},\"inLanguage\":\"es\",\"potentialAction\":[{\"@type\":\"ReadAction\",\"target\":[\"https:\/\/www.fraterinternacional.org\/es\/personas-atendidas-por-casa-acogimiento-san-jose-sorprenden-por-significativas-mejorias\/\"]}]},{\"@type\":\"BreadcrumbList\",\"@id\":\"https:\/\/www.fraterinternacional.org\/es\/personas-atendidas-por-casa-acogimiento-san-jose-sorprenden-por-significativas-mejorias\/#breadcrumb\",\"itemListElement\":[{\"@type\":\"ListItem\",\"position\":1,\"name\":\"In\u00edcio\",\"item\":\"https:\/\/www.fraterinternacional.org\/es\/\"},{\"@type\":\"ListItem\",\"position\":2,\"name\":\"Personas atendidas por la Casa de Acogimiento de San Jos\u00e9 sorprenden por significativas mejor\u00edas\"}]},{\"@type\":\"WebSite\",\"@id\":\"https:\/\/www.fraterinternacional.org\/es\/#website\",\"url\":\"https:\/\/www.fraterinternacional.org\/es\/\",\"name\":\"Fraternidade - Federa\u00e7\u00e3o Humanit\u00e1ria Internacional\",\"description\":\"Fraternidade - Federa\u00e7\u00e3o Humanit\u00e1ria Internacional\",\"potentialAction\":[{\"@type\":\"SearchAction\",\"target\":{\"@type\":\"EntryPoint\",\"urlTemplate\":\"https:\/\/www.fraterinternacional.org\/es\/?s={search_term_string}\"},\"query-input\":\"required name=search_term_string\"}],\"inLanguage\":\"es\"},{\"@type\":\"Person\",\"@id\":\"https:\/\/www.fraterinternacional.org\/es\/#\/schema\/person\/cf24d3eac28b0e09714ecb8cbd865c28\",\"name\":\"Sergio Redator Espanhol\"}]}<\/script>\n<!-- \/ Yoast SEO Premium plugin. -->","yoast_head_json":{"title":"Personas atendidas por la Casa de Acogimiento de San Jos\u00e9 sorprenden por significativas mejor\u00edas","description":"Local ofrece alimentos y reeducaci\u00f3n para apoyar la recuperaci\u00f3n de alcoh\u00f3licos y dragadictos. Varios inician tareas de mejora del lugar.","robots":{"index":"index","follow":"follow","max-snippet":"max-snippet:-1","max-image-preview":"max-image-preview:large","max-video-preview":"max-video-preview:-1"},"canonical":"https:\/\/www.fraterinternacional.org\/es\/personas-atendidas-por-casa-acogimiento-san-jose-sorprenden-por-significativas-mejorias\/","og_locale":"es_ES","og_type":"article","og_title":"Personas atendidas por la Casa de Acogimiento de San Jos\u00e9 sorprenden por significativas mejor\u00edas","og_description":"Local ofrece alimentos y reeducaci\u00f3n para apoyar la recuperaci\u00f3n de alcoh\u00f3licos y dragadictos. Varios inician tareas de mejora del lugar.","og_url":"https:\/\/www.fraterinternacional.org\/es\/personas-atendidas-por-casa-acogimiento-san-jose-sorprenden-por-significativas-mejorias\/","og_site_name":"Fraternidade - Federa\u00e7\u00e3o Humanit\u00e1ria Internacional","article_publisher":"https:\/\/www.facebook.com\/fraternidadehumanitaria","article_published_time":"2016-08-16T00:43:19+00:00","article_modified_time":"2017-01-15T19:23:08+00:00","og_image":[{"width":690,"height":388,"url":"https:\/\/www.fraterinternacional.org\/wp-content\/uploads\/2016\/08\/casa_acolhimento_sao_jose-09-08-2016_01.jpg","type":"image\/jpeg"}],"author":"Sergio Redator Espanhol","twitter_card":"summary_large_image","twitter_creator":"@fraternidadeFHI","twitter_site":"@fraternidadeFHI","twitter_misc":{"Escrito por":"Sergio Redator Espanhol","Tiempo de lectura":"4 minutos"},"schema":{"@context":"https:\/\/schema.org","@graph":[{"@type":"WebPage","@id":"https:\/\/www.fraterinternacional.org\/es\/personas-atendidas-por-casa-acogimiento-san-jose-sorprenden-por-significativas-mejorias\/","url":"https:\/\/www.fraterinternacional.org\/es\/personas-atendidas-por-casa-acogimiento-san-jose-sorprenden-por-significativas-mejorias\/","name":"Personas atendidas por la Casa de Acogimiento de San Jos\u00e9 sorprenden por significativas mejor\u00edas","isPartOf":{"@id":"https:\/\/www.fraterinternacional.org\/es\/#website"},"datePublished":"2016-08-16T00:43:19+00:00","dateModified":"2017-01-15T19:23:08+00:00","author":{"@id":"https:\/\/www.fraterinternacional.org\/es\/#\/schema\/person\/cf24d3eac28b0e09714ecb8cbd865c28"},"description":"Local ofrece alimentos y reeducaci\u00f3n para apoyar la recuperaci\u00f3n de alcoh\u00f3licos y dragadictos. Varios inician tareas de mejora del lugar.","breadcrumb":{"@id":"https:\/\/www.fraterinternacional.org\/es\/personas-atendidas-por-casa-acogimiento-san-jose-sorprenden-por-significativas-mejorias\/#breadcrumb"},"inLanguage":"es","potentialAction":[{"@type":"ReadAction","target":["https:\/\/www.fraterinternacional.org\/es\/personas-atendidas-por-casa-acogimiento-san-jose-sorprenden-por-significativas-mejorias\/"]}]},{"@type":"BreadcrumbList","@id":"https:\/\/www.fraterinternacional.org\/es\/personas-atendidas-por-casa-acogimiento-san-jose-sorprenden-por-significativas-mejorias\/#breadcrumb","itemListElement":[{"@type":"ListItem","position":1,"name":"In\u00edcio","item":"https:\/\/www.fraterinternacional.org\/es\/"},{"@type":"ListItem","position":2,"name":"Personas atendidas por la Casa de Acogimiento de San Jos\u00e9 sorprenden por significativas mejor\u00edas"}]},{"@type":"WebSite","@id":"https:\/\/www.fraterinternacional.org\/es\/#website","url":"https:\/\/www.fraterinternacional.org\/es\/","name":"Fraternidade - Federa\u00e7\u00e3o Humanit\u00e1ria Internacional","description":"Fraternidade - Federa\u00e7\u00e3o Humanit\u00e1ria Internacional","potentialAction":[{"@type":"SearchAction","target":{"@type":"EntryPoint","urlTemplate":"https:\/\/www.fraterinternacional.org\/es\/?s={search_term_string}"},"query-input":"required name=search_term_string"}],"inLanguage":"es"},{"@type":"Person","@id":"https:\/\/www.fraterinternacional.org\/es\/#\/schema\/person\/cf24d3eac28b0e09714ecb8cbd865c28","name":"Sergio Redator Espanhol"}]}},"_links":{"self":[{"href":"https:\/\/www.fraterinternacional.org\/es\/wp-json\/wp\/v2\/posts\/26485"}],"collection":[{"href":"https:\/\/www.fraterinternacional.org\/es\/wp-json\/wp\/v2\/posts"}],"about":[{"href":"https:\/\/www.fraterinternacional.org\/es\/wp-json\/wp\/v2\/types\/post"}],"author":[{"embeddable":true,"href":"https:\/\/www.fraterinternacional.org\/es\/wp-json\/wp\/v2\/users\/16"}],"replies":[{"embeddable":true,"href":"https:\/\/www.fraterinternacional.org\/es\/wp-json\/wp\/v2\/comments?post=26485"}],"version-history":[{"count":0,"href":"https:\/\/www.fraterinternacional.org\/es\/wp-json\/wp\/v2\/posts\/26485\/revisions"}],"wp:featuredmedia":[{"embeddable":true,"href":"https:\/\/www.fraterinternacional.org\/es\/wp-json\/wp\/v2\/media\/26474"}],"wp:attachment":[{"href":"https:\/\/www.fraterinternacional.org\/es\/wp-json\/wp\/v2\/media?parent=26485"}],"wp:term":[{"taxonomy":"category","embeddable":true,"href":"https:\/\/www.fraterinternacional.org\/es\/wp-json\/wp\/v2\/categories?post=26485"},{"taxonomy":"post_tag","embeddable":true,"href":"https:\/\/www.fraterinternacional.org\/es\/wp-json\/wp\/v2\/tags?post=26485"}],"curies":[{"name":"wp","href":"https:\/\/api.w.org\/{rel}","templated":true}]}}