{"id":26008,"date":"2016-08-05T09:31:30","date_gmt":"2016-08-05T12:31:30","guid":{"rendered":"http:\/\/www.fraterinternacional.org\/es\/?p=26008"},"modified":"2017-01-15T16:25:51","modified_gmt":"2017-01-15T19:25:51","slug":"grupo-red-luz-campinas-colaboro-perrera","status":"publish","type":"post","link":"https:\/\/www.fraterinternacional.org\/es\/grupo-red-luz-campinas-colaboro-perrera\/","title":{"rendered":"Grupo Red-Luz de Campinas colabor\u00f3 en perrera"},"content":{"rendered":"<p style=\"text-align: justify;\">El grupo Red-Luz de Campinas, estado de San Paulo, Brasil, realiz\u00f3 del 25 al 30 de julio pasados un servicio grupal voluntario en la perrera en donde ofrecen servicios desde el a\u00f1o 2011. La perrera est\u00e1 ubicada en un barrio perif\u00e9rico de la ciudad, pr\u00f3ximo a un grupo de familias carentes, y brinda amparo a 210 perros.<\/p>\n<p style=\"text-align: justify;\"><a href=\"http:\/\/www.fraterinternacional.org\/wp-content\/uploads\/2016\/08\/caes_canil_campinas_mutirao_1_rede_luz_julho_2016.jpg\"><img decoding=\"async\" class=\"alignleft size-medium wp-image-25982\" src=\"http:\/\/www.fraterinternacional.org\/wp-content\/uploads\/2016\/08\/caes_canil_campinas_mutirao_1_rede_luz_julho_2016-300x169.jpg\" alt=\"caes_canil_campinas_mutirao_1_rede_luz_julho_2016\" width=\"300\" height=\"169\" srcset=\"https:\/\/www.fraterinternacional.org\/wp-content\/uploads\/2016\/08\/caes_canil_campinas_mutirao_1_rede_luz_julho_2016-200x112.jpg 200w, https:\/\/www.fraterinternacional.org\/wp-content\/uploads\/2016\/08\/caes_canil_campinas_mutirao_1_rede_luz_julho_2016-300x169.jpg 300w, https:\/\/www.fraterinternacional.org\/wp-content\/uploads\/2016\/08\/caes_canil_campinas_mutirao_1_rede_luz_julho_2016-400x225.jpg 400w, https:\/\/www.fraterinternacional.org\/wp-content\/uploads\/2016\/08\/caes_canil_campinas_mutirao_1_rede_luz_julho_2016-600x337.jpg 600w, https:\/\/www.fraterinternacional.org\/wp-content\/uploads\/2016\/08\/caes_canil_campinas_mutirao_1_rede_luz_julho_2016.jpg 690w\" sizes=\"(max-width: 300px) 100vw, 300px\" \/><\/a>Participaron de la actividad miembros de la <a href=\"http:\/\/www.fraterinternacional.org\/es\/red-luz\/\">Red-Luz<\/a> de las ciudades de Ja\u00fa, Piracicaba, Pirassununga, Porto Ferreira y San Carlos. Fueron efectuadas tareas como reparaci\u00f3n de puertas, portones, gradas, pisos, techos y corredores. Tambi\u00e9n llevaron a cabo una importante actividad de limpieza en los alrededores de la perrera, dejando espacios libres para una buena circulaci\u00f3n.<\/p>\n<p style=\"text-align: justify;\">\u201cEste servicio surgi\u00f3 de la necesidad de dar al albergue un impulso mayor para que pudi\u00e9ramos resolver diversas situaciones estructurales y de esa forma crear mejores condiciones de trabajo y m\u00e1s calidad de vida para los animales. La participaci\u00f3n del grupo fue bastante fluida y esencial para la concreci\u00f3n de toda la tarea prevista\u201d, relat\u00f3 Renato Goshima, miembro del grupo Red-Luz de Campinas y coordinador del servicio.<\/p>\n<p style=\"text-align: justify;\">En la \u00faltima etapa del trabajo, el grupo higieniz\u00f3 a los animales.<\/p>\n<p style=\"text-align: justify;\"><a href=\"http:\/\/www.fraterinternacional.org\/wp-content\/uploads\/2016\/08\/caes_canil_campinas_mutirao_1_rede_luz_julho_2016_grupo.jpg\"><img decoding=\"async\" class=\"alignright size-medium wp-image-25976\" src=\"http:\/\/www.fraterinternacional.org\/wp-content\/uploads\/2016\/08\/caes_canil_campinas_mutirao_1_rede_luz_julho_2016_grupo-300x169.jpg\" alt=\"caes_canil_campinas_mutirao_1_rede_luz_julho_2016_grupo\" width=\"300\" height=\"169\" srcset=\"https:\/\/www.fraterinternacional.org\/wp-content\/uploads\/2016\/08\/caes_canil_campinas_mutirao_1_rede_luz_julho_2016_grupo-200x112.jpg 200w, https:\/\/www.fraterinternacional.org\/wp-content\/uploads\/2016\/08\/caes_canil_campinas_mutirao_1_rede_luz_julho_2016_grupo-300x169.jpg 300w, https:\/\/www.fraterinternacional.org\/wp-content\/uploads\/2016\/08\/caes_canil_campinas_mutirao_1_rede_luz_julho_2016_grupo-400x225.jpg 400w, https:\/\/www.fraterinternacional.org\/wp-content\/uploads\/2016\/08\/caes_canil_campinas_mutirao_1_rede_luz_julho_2016_grupo-600x337.jpg 600w, https:\/\/www.fraterinternacional.org\/wp-content\/uploads\/2016\/08\/caes_canil_campinas_mutirao_1_rede_luz_julho_2016_grupo.jpg 690w\" sizes=\"(max-width: 300px) 100vw, 300px\" \/><\/a><\/p>\n<p style=\"text-align: justify;\">\u201cEste trabajo es una peque\u00f1a oferta para equilibrar la situaci\u00f3n del Reino Animal, dentro del cual la especie canina ejerce una funci\u00f3n primordial, especialmente con el Reino Humano. Una perrera concentra animales que son v\u00edctimas de malos tratos y abandono y es un reflejo de la falta de consciencia humana sobre el cuidado que se debe a los animales. El trabajo en estos locales constituye una oferta de transmutaci\u00f3n y de fraternidad para aliviar, aunque sea un poco, el sufrimiento animal; y tambi\u00e9n una oportunidad de aprendizaje sobre el amor incondicional y la fidelidad que nos brindan los perros\u201d, concluy\u00f3 Renato.<\/p>\n<p><a href=\"http:\/\/www.fraterinternacional.org\/wp-content\/uploads\/2016\/08\/caes_canil_campinas_mutirao_1_rede_luz_julho_2016_cao_voluntario.jpg\"><img decoding=\"async\" class=\"alignleft size-medium wp-image-25975\" src=\"http:\/\/www.fraterinternacional.org\/wp-content\/uploads\/2016\/08\/caes_canil_campinas_mutirao_1_rede_luz_julho_2016_cao_voluntario-300x169.jpg\" alt=\"caes_canil_campinas_mutirao_1_rede_luz_julho_2016_cao_voluntario\" width=\"300\" height=\"169\" srcset=\"https:\/\/www.fraterinternacional.org\/wp-content\/uploads\/2016\/08\/caes_canil_campinas_mutirao_1_rede_luz_julho_2016_cao_voluntario-200x112.jpg 200w, https:\/\/www.fraterinternacional.org\/wp-content\/uploads\/2016\/08\/caes_canil_campinas_mutirao_1_rede_luz_julho_2016_cao_voluntario-300x169.jpg 300w, https:\/\/www.fraterinternacional.org\/wp-content\/uploads\/2016\/08\/caes_canil_campinas_mutirao_1_rede_luz_julho_2016_cao_voluntario-400x225.jpg 400w, https:\/\/www.fraterinternacional.org\/wp-content\/uploads\/2016\/08\/caes_canil_campinas_mutirao_1_rede_luz_julho_2016_cao_voluntario-600x337.jpg 600w, https:\/\/www.fraterinternacional.org\/wp-content\/uploads\/2016\/08\/caes_canil_campinas_mutirao_1_rede_luz_julho_2016_cao_voluntario.jpg 690w\" sizes=\"(max-width: 300px) 100vw, 300px\" \/><\/a><\/p>\n","protected":false},"excerpt":{"rendered":"<p>El grupo Red-Luz de Campinas, estado de San Paulo, Brasil, realiz\u00f3 del 25 al 30 de julio pasados un servicio [&hellip;]<\/p>\n","protected":false},"author":11,"featured_media":25981,"comment_status":"closed","ping_status":"closed","sticky":false,"template":"","format":"standard","meta":{"footnotes":""},"categories":[173,120],"tags":[103],"class_list":["post-26008","post","type-post","status-publish","format-standard","has-post-thumbnail","hentry","category-noticia","category-red-luz-es","tag-amor-y-servicio-a-los-reinos"],"yoast_head":"<!-- This site is optimized with the Yoast SEO Premium plugin v21.0 (Yoast SEO v21.0) - https:\/\/yoast.com\/wordpress\/plugins\/seo\/ -->\n<title>Grupo Red-Luz de Campinas colabor\u00f3 en perrera<\/title>\n<meta name=\"description\" content=\"Del 25 al 30 de julio de 2016, miembros de varios grupos de la Red-Luz de la regi\u00f3n de Campinas prestaron un servicio grupal que atendi\u00f3 a 210 perros.\" \/>\n<meta name=\"robots\" content=\"index, follow, max-snippet:-1, max-image-preview:large, max-video-preview:-1\" \/>\n<link rel=\"canonical\" href=\"https:\/\/www.fraterinternacional.org\/es\/grupo-red-luz-campinas-colaboro-perrera\/\" \/>\n<meta property=\"og:locale\" content=\"es_ES\" \/>\n<meta property=\"og:type\" content=\"article\" \/>\n<meta property=\"og:title\" content=\"Grupo Red-Luz de Campinas colabor\u00f3 en perrera\" \/>\n<meta property=\"og:description\" content=\"Del 25 al 30 de julio de 2016, miembros de varios grupos de la Red-Luz de la regi\u00f3n de Campinas prestaron un servicio grupal que atendi\u00f3 a 210 perros.\" \/>\n<meta property=\"og:url\" content=\"https:\/\/www.fraterinternacional.org\/es\/grupo-red-luz-campinas-colaboro-perrera\/\" \/>\n<meta property=\"og:site_name\" content=\"Fraternidade - Federa\u00e7\u00e3o Humanit\u00e1ria Internacional\" \/>\n<meta property=\"article:publisher\" content=\"https:\/\/www.facebook.com\/fraternidadehumanitaria\" \/>\n<meta property=\"article:published_time\" content=\"2016-08-05T12:31:30+00:00\" \/>\n<meta property=\"article:modified_time\" content=\"2017-01-15T19:25:51+00:00\" \/>\n<meta property=\"og:image\" content=\"https:\/\/www.fraterinternacional.org\/wp-content\/uploads\/2016\/08\/caes_canil_campinas_mutirao_1_rede_luz_julho_2016_orandio.jpg\" \/>\n\t<meta property=\"og:image:width\" content=\"690\" \/>\n\t<meta property=\"og:image:height\" content=\"388\" \/>\n\t<meta property=\"og:image:type\" content=\"image\/jpeg\" \/>\n<meta name=\"author\" content=\"Nelson Frater\" \/>\n<meta name=\"twitter:card\" content=\"summary_large_image\" \/>\n<meta name=\"twitter:creator\" content=\"@fraternidadeFHI\" \/>\n<meta name=\"twitter:site\" content=\"@fraternidadeFHI\" \/>\n<meta name=\"twitter:label1\" content=\"Escrito por\" \/>\n\t<meta name=\"twitter:data1\" content=\"Nelson Frater\" \/>\n\t<meta name=\"twitter:label2\" content=\"Tiempo de lectura\" \/>\n\t<meta name=\"twitter:data2\" content=\"2 minutos\" \/>\n<script type=\"application\/ld+json\" class=\"yoast-schema-graph\">{\"@context\":\"https:\/\/schema.org\",\"@graph\":[{\"@type\":\"WebPage\",\"@id\":\"https:\/\/www.fraterinternacional.org\/es\/grupo-red-luz-campinas-colaboro-perrera\/\",\"url\":\"https:\/\/www.fraterinternacional.org\/es\/grupo-red-luz-campinas-colaboro-perrera\/\",\"name\":\"Grupo Red-Luz de Campinas colabor\u00f3 en perrera\",\"isPartOf\":{\"@id\":\"https:\/\/www.fraterinternacional.org\/es\/#website\"},\"datePublished\":\"2016-08-05T12:31:30+00:00\",\"dateModified\":\"2017-01-15T19:25:51+00:00\",\"author\":{\"@id\":\"https:\/\/www.fraterinternacional.org\/es\/#\/schema\/person\/facd24ae5f7e6b4ee1aeec7ad1b960ae\"},\"description\":\"Del 25 al 30 de julio de 2016, miembros de varios grupos de la Red-Luz de la regi\u00f3n de Campinas prestaron un servicio grupal que atendi\u00f3 a 210 perros.\",\"breadcrumb\":{\"@id\":\"https:\/\/www.fraterinternacional.org\/es\/grupo-red-luz-campinas-colaboro-perrera\/#breadcrumb\"},\"inLanguage\":\"es\",\"potentialAction\":[{\"@type\":\"ReadAction\",\"target\":[\"https:\/\/www.fraterinternacional.org\/es\/grupo-red-luz-campinas-colaboro-perrera\/\"]}]},{\"@type\":\"BreadcrumbList\",\"@id\":\"https:\/\/www.fraterinternacional.org\/es\/grupo-red-luz-campinas-colaboro-perrera\/#breadcrumb\",\"itemListElement\":[{\"@type\":\"ListItem\",\"position\":1,\"name\":\"In\u00edcio\",\"item\":\"https:\/\/www.fraterinternacional.org\/es\/\"},{\"@type\":\"ListItem\",\"position\":2,\"name\":\"Grupo Red-Luz de Campinas colabor\u00f3 en perrera\"}]},{\"@type\":\"WebSite\",\"@id\":\"https:\/\/www.fraterinternacional.org\/es\/#website\",\"url\":\"https:\/\/www.fraterinternacional.org\/es\/\",\"name\":\"Fraternidade - Federa\u00e7\u00e3o Humanit\u00e1ria Internacional\",\"description\":\"Fraternidade - Federa\u00e7\u00e3o Humanit\u00e1ria Internacional\",\"potentialAction\":[{\"@type\":\"SearchAction\",\"target\":{\"@type\":\"EntryPoint\",\"urlTemplate\":\"https:\/\/www.fraterinternacional.org\/es\/?s={search_term_string}\"},\"query-input\":\"required name=search_term_string\"}],\"inLanguage\":\"es\"},{\"@type\":\"Person\",\"@id\":\"https:\/\/www.fraterinternacional.org\/es\/#\/schema\/person\/facd24ae5f7e6b4ee1aeec7ad1b960ae\",\"name\":\"Nelson Frater\"}]}<\/script>\n<!-- \/ Yoast SEO Premium plugin. -->","yoast_head_json":{"title":"Grupo Red-Luz de Campinas colabor\u00f3 en perrera","description":"Del 25 al 30 de julio de 2016, miembros de varios grupos de la Red-Luz de la regi\u00f3n de Campinas prestaron un servicio grupal que atendi\u00f3 a 210 perros.","robots":{"index":"index","follow":"follow","max-snippet":"max-snippet:-1","max-image-preview":"max-image-preview:large","max-video-preview":"max-video-preview:-1"},"canonical":"https:\/\/www.fraterinternacional.org\/es\/grupo-red-luz-campinas-colaboro-perrera\/","og_locale":"es_ES","og_type":"article","og_title":"Grupo Red-Luz de Campinas colabor\u00f3 en perrera","og_description":"Del 25 al 30 de julio de 2016, miembros de varios grupos de la Red-Luz de la regi\u00f3n de Campinas prestaron un servicio grupal que atendi\u00f3 a 210 perros.","og_url":"https:\/\/www.fraterinternacional.org\/es\/grupo-red-luz-campinas-colaboro-perrera\/","og_site_name":"Fraternidade - Federa\u00e7\u00e3o Humanit\u00e1ria Internacional","article_publisher":"https:\/\/www.facebook.com\/fraternidadehumanitaria","article_published_time":"2016-08-05T12:31:30+00:00","article_modified_time":"2017-01-15T19:25:51+00:00","og_image":[{"width":690,"height":388,"url":"https:\/\/www.fraterinternacional.org\/wp-content\/uploads\/2016\/08\/caes_canil_campinas_mutirao_1_rede_luz_julho_2016_orandio.jpg","type":"image\/jpeg"}],"author":"Nelson Frater","twitter_card":"summary_large_image","twitter_creator":"@fraternidadeFHI","twitter_site":"@fraternidadeFHI","twitter_misc":{"Escrito por":"Nelson Frater","Tiempo de lectura":"2 minutos"},"schema":{"@context":"https:\/\/schema.org","@graph":[{"@type":"WebPage","@id":"https:\/\/www.fraterinternacional.org\/es\/grupo-red-luz-campinas-colaboro-perrera\/","url":"https:\/\/www.fraterinternacional.org\/es\/grupo-red-luz-campinas-colaboro-perrera\/","name":"Grupo Red-Luz de Campinas colabor\u00f3 en perrera","isPartOf":{"@id":"https:\/\/www.fraterinternacional.org\/es\/#website"},"datePublished":"2016-08-05T12:31:30+00:00","dateModified":"2017-01-15T19:25:51+00:00","author":{"@id":"https:\/\/www.fraterinternacional.org\/es\/#\/schema\/person\/facd24ae5f7e6b4ee1aeec7ad1b960ae"},"description":"Del 25 al 30 de julio de 2016, miembros de varios grupos de la Red-Luz de la regi\u00f3n de Campinas prestaron un servicio grupal que atendi\u00f3 a 210 perros.","breadcrumb":{"@id":"https:\/\/www.fraterinternacional.org\/es\/grupo-red-luz-campinas-colaboro-perrera\/#breadcrumb"},"inLanguage":"es","potentialAction":[{"@type":"ReadAction","target":["https:\/\/www.fraterinternacional.org\/es\/grupo-red-luz-campinas-colaboro-perrera\/"]}]},{"@type":"BreadcrumbList","@id":"https:\/\/www.fraterinternacional.org\/es\/grupo-red-luz-campinas-colaboro-perrera\/#breadcrumb","itemListElement":[{"@type":"ListItem","position":1,"name":"In\u00edcio","item":"https:\/\/www.fraterinternacional.org\/es\/"},{"@type":"ListItem","position":2,"name":"Grupo Red-Luz de Campinas colabor\u00f3 en perrera"}]},{"@type":"WebSite","@id":"https:\/\/www.fraterinternacional.org\/es\/#website","url":"https:\/\/www.fraterinternacional.org\/es\/","name":"Fraternidade - Federa\u00e7\u00e3o Humanit\u00e1ria Internacional","description":"Fraternidade - Federa\u00e7\u00e3o Humanit\u00e1ria Internacional","potentialAction":[{"@type":"SearchAction","target":{"@type":"EntryPoint","urlTemplate":"https:\/\/www.fraterinternacional.org\/es\/?s={search_term_string}"},"query-input":"required name=search_term_string"}],"inLanguage":"es"},{"@type":"Person","@id":"https:\/\/www.fraterinternacional.org\/es\/#\/schema\/person\/facd24ae5f7e6b4ee1aeec7ad1b960ae","name":"Nelson Frater"}]}},"_links":{"self":[{"href":"https:\/\/www.fraterinternacional.org\/es\/wp-json\/wp\/v2\/posts\/26008"}],"collection":[{"href":"https:\/\/www.fraterinternacional.org\/es\/wp-json\/wp\/v2\/posts"}],"about":[{"href":"https:\/\/www.fraterinternacional.org\/es\/wp-json\/wp\/v2\/types\/post"}],"author":[{"embeddable":true,"href":"https:\/\/www.fraterinternacional.org\/es\/wp-json\/wp\/v2\/users\/11"}],"replies":[{"embeddable":true,"href":"https:\/\/www.fraterinternacional.org\/es\/wp-json\/wp\/v2\/comments?post=26008"}],"version-history":[{"count":0,"href":"https:\/\/www.fraterinternacional.org\/es\/wp-json\/wp\/v2\/posts\/26008\/revisions"}],"wp:featuredmedia":[{"embeddable":true,"href":"https:\/\/www.fraterinternacional.org\/es\/wp-json\/wp\/v2\/media\/25981"}],"wp:attachment":[{"href":"https:\/\/www.fraterinternacional.org\/es\/wp-json\/wp\/v2\/media?parent=26008"}],"wp:term":[{"taxonomy":"category","embeddable":true,"href":"https:\/\/www.fraterinternacional.org\/es\/wp-json\/wp\/v2\/categories?post=26008"},{"taxonomy":"post_tag","embeddable":true,"href":"https:\/\/www.fraterinternacional.org\/es\/wp-json\/wp\/v2\/tags?post=26008"}],"curies":[{"name":"wp","href":"https:\/\/api.w.org\/{rel}","templated":true}]}}