{"id":24779,"date":"2016-07-21T22:54:17","date_gmt":"2016-07-22T01:54:17","guid":{"rendered":"http:\/\/www.fraterinternacional.org\/es\/?p=24779"},"modified":"2016-11-01T19:23:25","modified_gmt":"2016-11-01T22:23:25","slug":"3-encuentro-misiones-permanentes-chaco-argentino","status":"publish","type":"post","link":"https:\/\/www.fraterinternacional.org\/es\/3-encuentro-misiones-permanentes-chaco-argentino\/","title":{"rendered":"3\u00b0 Encuentro de Misiones Permanentes en el Chaco Argentino"},"content":{"rendered":"<p style=\"text-align: justify;\">Del 8 al 10 de julio fue realizado el Tercer Encuentro de Misiones Permanentes en las Comunidades Qom en la regi\u00f3n del Chaco, en la Argentina. Participaron miembros de la <a href=\"http:\/\/www.fraterinternacional.org\/es\/red-luz\/\">Red-Luz<\/a> Argentina, colaboradores y monjes de la <a href=\"http:\/\/www.fraterinternacional.org\/es\/orden-gracia-misericordia\/\">Orden Gracia Misericordia<\/a>.<\/p>\n<p style=\"text-align: justify;\"><a href=\"http:\/\/www.fraterinternacional.org\/wp-content\/uploads\/2016\/07\/chaco_3encontro_atendimento_julho_2016.jpg\"><img decoding=\"async\" class=\"alignleft size-medium wp-image-24713\" src=\"http:\/\/www.fraterinternacional.org\/wp-content\/uploads\/2016\/07\/chaco_3encontro_atendimento_julho_2016-300x169.jpg\" alt=\"chaco_3encontro_atendimento_julho_2016\" width=\"300\" height=\"169\" srcset=\"https:\/\/www.fraterinternacional.org\/wp-content\/uploads\/2016\/07\/chaco_3encontro_atendimento_julho_2016-200x112.jpg 200w, https:\/\/www.fraterinternacional.org\/wp-content\/uploads\/2016\/07\/chaco_3encontro_atendimento_julho_2016-300x169.jpg 300w, https:\/\/www.fraterinternacional.org\/wp-content\/uploads\/2016\/07\/chaco_3encontro_atendimento_julho_2016-400x225.jpg 400w, https:\/\/www.fraterinternacional.org\/wp-content\/uploads\/2016\/07\/chaco_3encontro_atendimento_julho_2016-600x337.jpg 600w, https:\/\/www.fraterinternacional.org\/wp-content\/uploads\/2016\/07\/chaco_3encontro_atendimento_julho_2016.jpg 690w\" sizes=\"(max-width: 300px) 100vw, 300px\" \/><\/a>Los miembros de la Red-Luz Argentina vinieron de diferentes lugares, como Corrientes, C\u00f3rdoba, Formosa, Misiones, Salta y Tucum\u00e1n. Este equipo se uni\u00f3 al grupo Red-Luz local de la ciudad de Resistencia m\u00e1s seis colaboradores voluntarios.<\/p>\n<p style=\"text-align: justify;\">El d\u00eda 8, el grupo se instal\u00f3 en la Casa de Retiro Jes\u00fas de Nazaret adonde se fue trabajando la selecci\u00f3n de ropas, mercanc\u00edas y distribuci\u00f3n de diversas tareas.<\/p>\n<p style=\"text-align: justify;\"><a href=\"http:\/\/www.fraterinternacional.org\/wp-content\/uploads\/2016\/07\/chaco_3encontro_musica_julho_2016.jpg\"><img decoding=\"async\" class=\"alignright size-medium wp-image-24737\" src=\"http:\/\/www.fraterinternacional.org\/wp-content\/uploads\/2016\/07\/chaco_3encontro_musica_julho_2016-300x169.jpg\" alt=\"chaco_3encontro_musica_julho_2016\" width=\"300\" height=\"169\" srcset=\"https:\/\/www.fraterinternacional.org\/wp-content\/uploads\/2016\/07\/chaco_3encontro_musica_julho_2016-200x112.jpg 200w, https:\/\/www.fraterinternacional.org\/wp-content\/uploads\/2016\/07\/chaco_3encontro_musica_julho_2016-300x169.jpg 300w, https:\/\/www.fraterinternacional.org\/wp-content\/uploads\/2016\/07\/chaco_3encontro_musica_julho_2016-400x225.jpg 400w, https:\/\/www.fraterinternacional.org\/wp-content\/uploads\/2016\/07\/chaco_3encontro_musica_julho_2016-600x337.jpg 600w, https:\/\/www.fraterinternacional.org\/wp-content\/uploads\/2016\/07\/chaco_3encontro_musica_julho_2016.jpg 690w\" sizes=\"(max-width: 300px) 100vw, 300px\" \/><\/a>El s\u00e1bado 9, la actividad fue en una Comunidad Qom de la localidad de Tirol, adonde el grupo se reuni\u00f3 con servidores de la Parroquia San Jos\u00e9 para preparar el desayuno de los ni\u00f1os. Despu\u00e9s fueron realizadas varias actividades, como lavado de cabellos, retiro de piojos, servicio de peluquer\u00eda, juegos y cantos. Fue realizada tambi\u00e9n una importante tarea de servicio de odontolog\u00eda y pr\u00f3tesis dentales, ya que la comunidad es muy carente en esta \u00e1rea. Varios perros tambi\u00e9n recibieron atenci\u00f3n del grupo, fueron vacunados y desparasitados.<\/p>\n<p style=\"text-align: justify;\"><a href=\"http:\/\/www.fraterinternacional.org\/wp-content\/uploads\/2016\/07\/chaco_3encontro_corte_cabelo_julho_2016.jpg\"><img decoding=\"async\" class=\"alignleft wp-image-24722\" src=\"http:\/\/www.fraterinternacional.org\/wp-content\/uploads\/2016\/07\/chaco_3encontro_corte_cabelo_julho_2016-169x300.jpg\" alt=\"chaco_3encontro_corte_cabelo_julho_2016\" width=\"146\" height=\"259\" srcset=\"https:\/\/www.fraterinternacional.org\/wp-content\/uploads\/2016\/07\/chaco_3encontro_corte_cabelo_julho_2016-169x300.jpg 169w, https:\/\/www.fraterinternacional.org\/wp-content\/uploads\/2016\/07\/chaco_3encontro_corte_cabelo_julho_2016-200x356.jpg 200w, https:\/\/www.fraterinternacional.org\/wp-content\/uploads\/2016\/07\/chaco_3encontro_corte_cabelo_julho_2016.jpg 400w\" sizes=\"(max-width: 146px) 100vw, 146px\" \/><\/a><\/p>\n<p style=\"text-align: justify;\">El domingo los trabajos fueron realizados en una comunidad Qom de Costa Ine, a 40 kil\u00f3metros de la ciudad de Resistencia. All\u00e1 los misioneros ayudaron en las reformas de ventanas y puertas, compartieron juegos con los ni\u00f1os, ofrecieron semillas para los plant\u00edos y tambi\u00e9n dieron asistencia odontol\u00f3gica y ayudaron a los perros. Un almuerzo fue compartido en la casa de una de las familias de la comunidad.<\/p>\n<p style=\"text-align: justify;\">Tambi\u00e9n hubo momentos de oraci\u00f3n en espa\u00f1ol y en el idioma originario Qom.<\/p>\n<p style=\"text-align: justify;\">\u00b4Que esta misi\u00f3n permanente en el Chaco contin\u00fae dando sus frutos y que la unidad se manifieste entre los pueblos\u00b4, dice Fray Francisco, monje de la Orden Gracia Misericordia.<\/p>\n<div class=\"fusion-fullwidth fullwidth-box fusion-builder-row-1 hundred-percent-fullwidth non-hundred-percent-height-scrolling\" style=\"--awb-border-radius-top-left:0px;--awb-border-radius-top-right:0px;--awb-border-radius-bottom-right:0px;--awb-border-radius-bottom-left:0px;--awb-overflow:visible;--awb-flex-wrap:wrap;\" ><div class=\"fusion-builder-row fusion-row\"><div class=\"fusion-layout-column fusion_builder_column fusion-builder-column-0 fusion_builder_column_1_1 1_1 fusion-one-full fusion-column-first fusion-column-last fusion-column-no-min-height\" style=\"--awb-bg-size:cover;--awb-margin-bottom:0px;\"><div class=\"fusion-column-wrapper fusion-flex-column-wrapper-legacy\">\n\t\t<style type=\"text\/css\">\n\t\t\t#gallery-1 {\n\t\t\t\tmargin: auto;\n\t\t\t}\n\t\t\t#gallery-1 .gallery-item {\n\t\t\t\tfloat: left;\n\t\t\t\tmargin-top: 10px;\n\t\t\t\ttext-align: center;\n\t\t\t\twidth: 50%;\n\t\t\t}\n\t\t\t#gallery-1 img {\n\t\t\t\tborder: 2px solid #cfcfcf;\n\t\t\t}\n\t\t\t#gallery-1 .gallery-caption {\n\t\t\t\tmargin-left: 0;\n\t\t\t}\n\t\t\t\/* see gallery_shortcode() in wp-includes\/media.php *\/\n\t\t<\/style>\n\t\t<div id='gallery-1' class='gallery galleryid-24779 gallery-columns-2 gallery-size-medium'><dl class='gallery-item'>\n\t\t\t<dt class='gallery-icon landscape'>\n\t\t\t\t<a data-rel=\"iLightbox[postimages]\" data-title=\"chaco_3encontro_desenhos2_julho_2016\" data-caption=\"\" href='https:\/\/www.fraterinternacional.org\/wp-content\/uploads\/2016\/07\/chaco_3encontro_desenhos2_julho_2016.jpg'><img decoding=\"async\" width=\"300\" height=\"169\" src=\"https:\/\/www.fraterinternacional.org\/wp-content\/uploads\/2016\/07\/chaco_3encontro_desenhos2_julho_2016-300x169.jpg\" class=\"attachment-medium size-medium\" alt=\"\" srcset=\"https:\/\/www.fraterinternacional.org\/wp-content\/uploads\/2016\/07\/chaco_3encontro_desenhos2_julho_2016-200x112.jpg 200w, https:\/\/www.fraterinternacional.org\/wp-content\/uploads\/2016\/07\/chaco_3encontro_desenhos2_julho_2016-300x169.jpg 300w, https:\/\/www.fraterinternacional.org\/wp-content\/uploads\/2016\/07\/chaco_3encontro_desenhos2_julho_2016-400x225.jpg 400w, https:\/\/www.fraterinternacional.org\/wp-content\/uploads\/2016\/07\/chaco_3encontro_desenhos2_julho_2016-600x337.jpg 600w, https:\/\/www.fraterinternacional.org\/wp-content\/uploads\/2016\/07\/chaco_3encontro_desenhos2_julho_2016.jpg 690w\" sizes=\"(max-width: 300px) 100vw, 300px\" \/><\/a>\n\t\t\t<\/dt><\/dl><dl class='gallery-item'>\n\t\t\t<dt class='gallery-icon landscape'>\n\t\t\t\t<a data-rel=\"iLightbox[postimages]\" data-title=\"chaco_3encontro_alimento_julho_2016\" data-caption=\"\" href='https:\/\/www.fraterinternacional.org\/wp-content\/uploads\/2016\/07\/chaco_3encontro_alimento_julho_2016.jpg'><img decoding=\"async\" width=\"300\" height=\"169\" src=\"https:\/\/www.fraterinternacional.org\/wp-content\/uploads\/2016\/07\/chaco_3encontro_alimento_julho_2016-300x169.jpg\" class=\"attachment-medium size-medium\" alt=\"\" srcset=\"https:\/\/www.fraterinternacional.org\/wp-content\/uploads\/2016\/07\/chaco_3encontro_alimento_julho_2016-200x112.jpg 200w, https:\/\/www.fraterinternacional.org\/wp-content\/uploads\/2016\/07\/chaco_3encontro_alimento_julho_2016-300x169.jpg 300w, https:\/\/www.fraterinternacional.org\/wp-content\/uploads\/2016\/07\/chaco_3encontro_alimento_julho_2016-400x225.jpg 400w, https:\/\/www.fraterinternacional.org\/wp-content\/uploads\/2016\/07\/chaco_3encontro_alimento_julho_2016-600x337.jpg 600w, https:\/\/www.fraterinternacional.org\/wp-content\/uploads\/2016\/07\/chaco_3encontro_alimento_julho_2016.jpg 690w\" sizes=\"(max-width: 300px) 100vw, 300px\" \/><\/a>\n\t\t\t<\/dt><\/dl><br style=\"clear: both\" \/><dl class='gallery-item'>\n\t\t\t<dt class='gallery-icon portrait'>\n\t\t\t\t<a data-rel=\"iLightbox[postimages]\" data-title=\"chaco_3encontro_jovens_julho_2016\" data-caption=\"\" href='https:\/\/www.fraterinternacional.org\/wp-content\/uploads\/2016\/07\/chaco_3encontro_jovens_julho_2016.jpg'><img decoding=\"async\" width=\"169\" height=\"300\" src=\"https:\/\/www.fraterinternacional.org\/wp-content\/uploads\/2016\/07\/chaco_3encontro_jovens_julho_2016-169x300.jpg\" class=\"attachment-medium size-medium\" alt=\"\" srcset=\"https:\/\/www.fraterinternacional.org\/wp-content\/uploads\/2016\/07\/chaco_3encontro_jovens_julho_2016-169x300.jpg 169w, https:\/\/www.fraterinternacional.org\/wp-content\/uploads\/2016\/07\/chaco_3encontro_jovens_julho_2016-200x356.jpg 200w, https:\/\/www.fraterinternacional.org\/wp-content\/uploads\/2016\/07\/chaco_3encontro_jovens_julho_2016.jpg 400w\" sizes=\"(max-width: 169px) 100vw, 169px\" \/><\/a>\n\t\t\t<\/dt><\/dl><dl class='gallery-item'>\n\t\t\t<dt class='gallery-icon portrait'>\n\t\t\t\t<a data-rel=\"iLightbox[postimages]\" data-title=\"chaco_3encontro_brincando_julho_2016\" data-caption=\"\" href='https:\/\/www.fraterinternacional.org\/wp-content\/uploads\/2016\/07\/chaco_3encontro_brincando_julho_2016.jpg'><img decoding=\"async\" width=\"169\" height=\"300\" src=\"https:\/\/www.fraterinternacional.org\/wp-content\/uploads\/2016\/07\/chaco_3encontro_brincando_julho_2016-169x300.jpg\" class=\"attachment-medium size-medium\" alt=\"\" srcset=\"https:\/\/www.fraterinternacional.org\/wp-content\/uploads\/2016\/07\/chaco_3encontro_brincando_julho_2016-169x300.jpg 169w, https:\/\/www.fraterinternacional.org\/wp-content\/uploads\/2016\/07\/chaco_3encontro_brincando_julho_2016-200x356.jpg 200w, https:\/\/www.fraterinternacional.org\/wp-content\/uploads\/2016\/07\/chaco_3encontro_brincando_julho_2016.jpg 400w\" sizes=\"(max-width: 169px) 100vw, 169px\" \/><\/a>\n\t\t\t<\/dt><\/dl><br style=\"clear: both\" \/>\n\t\t<\/div>\n\n<p>&nbsp;<\/p>\n<p style=\"text-align: justify;\">\n<div class=\"fusion-clearfix\"><\/div><\/div><\/div><\/div><\/div>\n","protected":false},"excerpt":{"rendered":"<p>Del 8 al 10 de julio fue realizado el Tercer Encuentro de Misiones Permanentes en las Comunidades Qom en la [&hellip;]<\/p>\n","protected":false},"author":11,"featured_media":24718,"comment_status":"closed","ping_status":"closed","sticky":false,"template":"","format":"standard","meta":{"footnotes":""},"categories":[173,105,120],"tags":[191],"class_list":["post-24779","post","type-post","status-publish","format-standard","has-post-thumbnail","hentry","category-noticia","category-noticias-de-las-misiones","category-red-luz-es","tag-mision-chaco"],"yoast_head":"<!-- This site is optimized with the Yoast SEO Premium plugin v21.0 (Yoast SEO v21.0) - https:\/\/yoast.com\/wordpress\/plugins\/seo\/ -->\n<title>3\u00b0 Encuentro de Misiones Permanentes en el Chaco Argentino<\/title>\n<meta name=\"description\" content=\"Grupo de la Red-Luz Argentina y miembros de la Orden Gracia Misericordia trabajaron en comunidades Qom de la regi\u00f3n del Tirol y Costa Ine.\" \/>\n<meta name=\"robots\" content=\"index, follow, max-snippet:-1, max-image-preview:large, max-video-preview:-1\" \/>\n<link rel=\"canonical\" href=\"https:\/\/www.fraterinternacional.org\/es\/3-encuentro-misiones-permanentes-chaco-argentino\/\" \/>\n<meta property=\"og:locale\" content=\"es_ES\" \/>\n<meta property=\"og:type\" content=\"article\" \/>\n<meta property=\"og:title\" content=\"3\u00b0 Encuentro de Misiones Permanentes en el Chaco Argentino\" \/>\n<meta property=\"og:description\" content=\"Grupo de la Red-Luz Argentina y miembros de la Orden Gracia Misericordia trabajaron en comunidades Qom de la regi\u00f3n del Tirol y Costa Ine.\" \/>\n<meta property=\"og:url\" content=\"https:\/\/www.fraterinternacional.org\/es\/3-encuentro-misiones-permanentes-chaco-argentino\/\" \/>\n<meta property=\"og:site_name\" content=\"Fraternidade - Federa\u00e7\u00e3o Humanit\u00e1ria Internacional\" \/>\n<meta property=\"article:publisher\" content=\"https:\/\/www.facebook.com\/fraternidadehumanitaria\" \/>\n<meta property=\"article:published_time\" content=\"2016-07-22T01:54:17+00:00\" \/>\n<meta property=\"article:modified_time\" content=\"2016-11-01T22:23:25+00:00\" \/>\n<meta property=\"og:image\" content=\"https:\/\/www.fraterinternacional.org\/wp-content\/uploads\/2016\/07\/chaco_3encontro_bebe_julho_2016.jpg\" \/>\n\t<meta property=\"og:image:width\" content=\"690\" \/>\n\t<meta property=\"og:image:height\" content=\"388\" \/>\n\t<meta property=\"og:image:type\" content=\"image\/jpeg\" \/>\n<meta name=\"author\" content=\"Nelson Frater\" \/>\n<meta name=\"twitter:card\" content=\"summary_large_image\" \/>\n<meta name=\"twitter:creator\" content=\"@fraternidadeFHI\" \/>\n<meta name=\"twitter:site\" content=\"@fraternidadeFHI\" \/>\n<meta name=\"twitter:label1\" content=\"Escrito por\" \/>\n\t<meta name=\"twitter:data1\" content=\"Nelson Frater\" \/>\n\t<meta name=\"twitter:label2\" content=\"Tiempo de lectura\" \/>\n\t<meta name=\"twitter:data2\" content=\"2 minutos\" \/>\n<script type=\"application\/ld+json\" class=\"yoast-schema-graph\">{\"@context\":\"https:\/\/schema.org\",\"@graph\":[{\"@type\":\"WebPage\",\"@id\":\"https:\/\/www.fraterinternacional.org\/es\/3-encuentro-misiones-permanentes-chaco-argentino\/\",\"url\":\"https:\/\/www.fraterinternacional.org\/es\/3-encuentro-misiones-permanentes-chaco-argentino\/\",\"name\":\"3\u00b0 Encuentro de Misiones Permanentes en el Chaco Argentino\",\"isPartOf\":{\"@id\":\"https:\/\/www.fraterinternacional.org\/es\/#website\"},\"datePublished\":\"2016-07-22T01:54:17+00:00\",\"dateModified\":\"2016-11-01T22:23:25+00:00\",\"author\":{\"@id\":\"https:\/\/www.fraterinternacional.org\/es\/#\/schema\/person\/facd24ae5f7e6b4ee1aeec7ad1b960ae\"},\"description\":\"Grupo de la Red-Luz Argentina y miembros de la Orden Gracia Misericordia trabajaron en comunidades Qom de la regi\u00f3n del Tirol y Costa Ine.\",\"breadcrumb\":{\"@id\":\"https:\/\/www.fraterinternacional.org\/es\/3-encuentro-misiones-permanentes-chaco-argentino\/#breadcrumb\"},\"inLanguage\":\"es\",\"potentialAction\":[{\"@type\":\"ReadAction\",\"target\":[\"https:\/\/www.fraterinternacional.org\/es\/3-encuentro-misiones-permanentes-chaco-argentino\/\"]}]},{\"@type\":\"BreadcrumbList\",\"@id\":\"https:\/\/www.fraterinternacional.org\/es\/3-encuentro-misiones-permanentes-chaco-argentino\/#breadcrumb\",\"itemListElement\":[{\"@type\":\"ListItem\",\"position\":1,\"name\":\"In\u00edcio\",\"item\":\"https:\/\/www.fraterinternacional.org\/es\/\"},{\"@type\":\"ListItem\",\"position\":2,\"name\":\"3\u00b0 Encuentro de Misiones Permanentes en el Chaco Argentino\"}]},{\"@type\":\"WebSite\",\"@id\":\"https:\/\/www.fraterinternacional.org\/es\/#website\",\"url\":\"https:\/\/www.fraterinternacional.org\/es\/\",\"name\":\"Fraternidade - Federa\u00e7\u00e3o Humanit\u00e1ria Internacional\",\"description\":\"Fraternidade - Federa\u00e7\u00e3o Humanit\u00e1ria Internacional\",\"potentialAction\":[{\"@type\":\"SearchAction\",\"target\":{\"@type\":\"EntryPoint\",\"urlTemplate\":\"https:\/\/www.fraterinternacional.org\/es\/?s={search_term_string}\"},\"query-input\":\"required name=search_term_string\"}],\"inLanguage\":\"es\"},{\"@type\":\"Person\",\"@id\":\"https:\/\/www.fraterinternacional.org\/es\/#\/schema\/person\/facd24ae5f7e6b4ee1aeec7ad1b960ae\",\"name\":\"Nelson Frater\"}]}<\/script>\n<!-- \/ Yoast SEO Premium plugin. -->","yoast_head_json":{"title":"3\u00b0 Encuentro de Misiones Permanentes en el Chaco Argentino","description":"Grupo de la Red-Luz Argentina y miembros de la Orden Gracia Misericordia trabajaron en comunidades Qom de la regi\u00f3n del Tirol y Costa Ine.","robots":{"index":"index","follow":"follow","max-snippet":"max-snippet:-1","max-image-preview":"max-image-preview:large","max-video-preview":"max-video-preview:-1"},"canonical":"https:\/\/www.fraterinternacional.org\/es\/3-encuentro-misiones-permanentes-chaco-argentino\/","og_locale":"es_ES","og_type":"article","og_title":"3\u00b0 Encuentro de Misiones Permanentes en el Chaco Argentino","og_description":"Grupo de la Red-Luz Argentina y miembros de la Orden Gracia Misericordia trabajaron en comunidades Qom de la regi\u00f3n del Tirol y Costa Ine.","og_url":"https:\/\/www.fraterinternacional.org\/es\/3-encuentro-misiones-permanentes-chaco-argentino\/","og_site_name":"Fraternidade - Federa\u00e7\u00e3o Humanit\u00e1ria Internacional","article_publisher":"https:\/\/www.facebook.com\/fraternidadehumanitaria","article_published_time":"2016-07-22T01:54:17+00:00","article_modified_time":"2016-11-01T22:23:25+00:00","og_image":[{"width":690,"height":388,"url":"https:\/\/www.fraterinternacional.org\/wp-content\/uploads\/2016\/07\/chaco_3encontro_bebe_julho_2016.jpg","type":"image\/jpeg"}],"author":"Nelson Frater","twitter_card":"summary_large_image","twitter_creator":"@fraternidadeFHI","twitter_site":"@fraternidadeFHI","twitter_misc":{"Escrito por":"Nelson Frater","Tiempo de lectura":"2 minutos"},"schema":{"@context":"https:\/\/schema.org","@graph":[{"@type":"WebPage","@id":"https:\/\/www.fraterinternacional.org\/es\/3-encuentro-misiones-permanentes-chaco-argentino\/","url":"https:\/\/www.fraterinternacional.org\/es\/3-encuentro-misiones-permanentes-chaco-argentino\/","name":"3\u00b0 Encuentro de Misiones Permanentes en el Chaco Argentino","isPartOf":{"@id":"https:\/\/www.fraterinternacional.org\/es\/#website"},"datePublished":"2016-07-22T01:54:17+00:00","dateModified":"2016-11-01T22:23:25+00:00","author":{"@id":"https:\/\/www.fraterinternacional.org\/es\/#\/schema\/person\/facd24ae5f7e6b4ee1aeec7ad1b960ae"},"description":"Grupo de la Red-Luz Argentina y miembros de la Orden Gracia Misericordia trabajaron en comunidades Qom de la regi\u00f3n del Tirol y Costa Ine.","breadcrumb":{"@id":"https:\/\/www.fraterinternacional.org\/es\/3-encuentro-misiones-permanentes-chaco-argentino\/#breadcrumb"},"inLanguage":"es","potentialAction":[{"@type":"ReadAction","target":["https:\/\/www.fraterinternacional.org\/es\/3-encuentro-misiones-permanentes-chaco-argentino\/"]}]},{"@type":"BreadcrumbList","@id":"https:\/\/www.fraterinternacional.org\/es\/3-encuentro-misiones-permanentes-chaco-argentino\/#breadcrumb","itemListElement":[{"@type":"ListItem","position":1,"name":"In\u00edcio","item":"https:\/\/www.fraterinternacional.org\/es\/"},{"@type":"ListItem","position":2,"name":"3\u00b0 Encuentro de Misiones Permanentes en el Chaco Argentino"}]},{"@type":"WebSite","@id":"https:\/\/www.fraterinternacional.org\/es\/#website","url":"https:\/\/www.fraterinternacional.org\/es\/","name":"Fraternidade - Federa\u00e7\u00e3o Humanit\u00e1ria Internacional","description":"Fraternidade - Federa\u00e7\u00e3o Humanit\u00e1ria Internacional","potentialAction":[{"@type":"SearchAction","target":{"@type":"EntryPoint","urlTemplate":"https:\/\/www.fraterinternacional.org\/es\/?s={search_term_string}"},"query-input":"required name=search_term_string"}],"inLanguage":"es"},{"@type":"Person","@id":"https:\/\/www.fraterinternacional.org\/es\/#\/schema\/person\/facd24ae5f7e6b4ee1aeec7ad1b960ae","name":"Nelson Frater"}]}},"_links":{"self":[{"href":"https:\/\/www.fraterinternacional.org\/es\/wp-json\/wp\/v2\/posts\/24779"}],"collection":[{"href":"https:\/\/www.fraterinternacional.org\/es\/wp-json\/wp\/v2\/posts"}],"about":[{"href":"https:\/\/www.fraterinternacional.org\/es\/wp-json\/wp\/v2\/types\/post"}],"author":[{"embeddable":true,"href":"https:\/\/www.fraterinternacional.org\/es\/wp-json\/wp\/v2\/users\/11"}],"replies":[{"embeddable":true,"href":"https:\/\/www.fraterinternacional.org\/es\/wp-json\/wp\/v2\/comments?post=24779"}],"version-history":[{"count":0,"href":"https:\/\/www.fraterinternacional.org\/es\/wp-json\/wp\/v2\/posts\/24779\/revisions"}],"wp:featuredmedia":[{"embeddable":true,"href":"https:\/\/www.fraterinternacional.org\/es\/wp-json\/wp\/v2\/media\/24718"}],"wp:attachment":[{"href":"https:\/\/www.fraterinternacional.org\/es\/wp-json\/wp\/v2\/media?parent=24779"}],"wp:term":[{"taxonomy":"category","embeddable":true,"href":"https:\/\/www.fraterinternacional.org\/es\/wp-json\/wp\/v2\/categories?post=24779"},{"taxonomy":"post_tag","embeddable":true,"href":"https:\/\/www.fraterinternacional.org\/es\/wp-json\/wp\/v2\/tags?post=24779"}],"curies":[{"name":"wp","href":"https:\/\/api.w.org\/{rel}","templated":true}]}}