{"id":24776,"date":"2016-07-21T21:23:54","date_gmt":"2016-07-22T00:23:54","guid":{"rendered":"http:\/\/www.fraterinternacional.org\/es\/?p=24776"},"modified":"2016-11-01T19:23:26","modified_gmt":"2016-11-01T22:23:26","slug":"fue-creada-comunidad-luz-flor-lys-portugal","status":"publish","type":"post","link":"https:\/\/www.fraterinternacional.org\/es\/fue-creada-comunidad-luz-flor-lys-portugal\/","title":{"rendered":"Fue creada la Comunidad-Luz Flor de Lys en Portugal"},"content":{"rendered":"<p style=\"text-align: justify;\">En el marco de la peregrinaci\u00f3n que los Mensajeros Divinos est\u00e1n realizando por el continente europeo durante estos meses de junio y julio, el d\u00eda 19 de julio de 2016, en la ciudad de F\u00e1tima, Portugal, durante una aparici\u00f3n reservada de Mar\u00eda, la Madre Divina en el <a href=\"http:\/\/www.fraterinternacional.org\/es\/nucleos-luz\/\">N\u00facleo-Luz <\/a>de Figueira Coraz\u00f3n Sagrado, a pedido de Nuestra Se\u00f1ora, fue creada la <a href=\"http:\/\/www.fraterinternacional.org\/es\/comunidades-luz\/\">Comunidad-Luz<\/a> Flor de Lys, como futura manifestaci\u00f3n de la contraparte del Centro Planetario de Lys en la superficie del planeta.<\/p>\n<p style=\"text-align: justify;\"><a href=\"http:\/\/www.fraterinternacional.org\/wp-content\/uploads\/2016\/07\/lys_comunidade_flor_lys_logo_espanhol.jpg\"><img decoding=\"async\" class=\"alignleft wp-image-24876 \" src=\"http:\/\/www.fraterinternacional.org\/wp-content\/uploads\/2016\/07\/lys_comunidade_flor_lys_logo_espanhol-300x300.jpg\" width=\"205\" height=\"205\" srcset=\"https:\/\/www.fraterinternacional.org\/wp-content\/uploads\/2016\/07\/lys_comunidade_flor_lys_logo_espanhol-45x45.jpg 45w, https:\/\/www.fraterinternacional.org\/wp-content\/uploads\/2016\/07\/lys_comunidade_flor_lys_logo_espanhol-150x150.jpg 150w, https:\/\/www.fraterinternacional.org\/wp-content\/uploads\/2016\/07\/lys_comunidade_flor_lys_logo_espanhol-200x200.jpg 200w, https:\/\/www.fraterinternacional.org\/wp-content\/uploads\/2016\/07\/lys_comunidade_flor_lys_logo_espanhol-300x300.jpg 300w, https:\/\/www.fraterinternacional.org\/wp-content\/uploads\/2016\/07\/lys_comunidade_flor_lys_logo_espanhol.jpg 400w\" sizes=\"(max-width: 205px) 100vw, 205px\" \/><\/a>En el evento estuvieron presentes los videntes de la <a href=\"http:\/\/www.fraterinternacional.org\/es\/orden-gracia-misericordia\/\">Orden Gracia Misericordia<\/a> que acompa\u00f1an a los Mensajeros Divinos en esta peregrinaci\u00f3n, Fray El\u00edas del Sagrado Coraz\u00f3n y Madre Mar\u00eda Shimani de Montserrat, as\u00ed como otros representantes de la Orden.\u00a0Tambi\u00e9n participaron del encuentro representantes de la <strong>Fraternidade \u2013 Federaci\u00f3n Humanitaria Internacional<\/strong>, de la cual, la flamante Comunidad-Luz forma parte, y miembros de la <a href=\"http:\/\/www.fraterinternacional.org\/es\/red-luz\/\">Red-Luz<\/a> Planetaria de Europa y de las otras Comunidades-Luz existentes y que representan a otros Centros Planetarios: <a href=\"http:\/\/www.comunidadefigueira.org.br\" target=\"_blank\">Comunidad-Luz Figueira<\/a>, en el Brasil; <a href=\"http:\/\/casaredencion.org\/?page_id=20\" target=\"_blank\">Comunidad-Luz Fraternidad<\/a>, en el Uruguay; <a href=\"http:\/\/www.fraterinternacional.org\/es\/comunidades-luz\/\">Comunidad-Luz de la Hermandad<\/a>, en la Argentina.<\/p>\n<p style=\"text-align: justify;\">La Comunidad-Luz Flor de Lys tendr\u00e1 sede en Dornes y los N\u00facleos-Luz hoy existentes (N\u00facleo-Luz Coraz\u00f3n Sagrado, en F\u00e1tima, y el N\u00facleo-Luz Flor de Lys, en Dornes) pasar\u00e1n a ser extensiones de esta Comunidad-Luz, as\u00ed como el Monasterio de la Gracia y el Monasterio de la Estrella Confederada de la Paz de Nuestro Se\u00f1or, tambi\u00e9n localizados en F\u00e1tima.<\/p>\n<p style=\"text-align: justify;\"><a href=\"http:\/\/www.fraterinternacional.org\/wp-content\/uploads\/2016\/07\/lis_comunidade_luz_flor_lis_criacao3.jpg\"><img decoding=\"async\" class=\"alignright size-medium wp-image-24769\" src=\"http:\/\/www.fraterinternacional.org\/wp-content\/uploads\/2016\/07\/lis_comunidade_luz_flor_lis_criacao3-300x169.jpg\" alt=\"lis_comunidade_luz_flor_lis_criacao3\" width=\"300\" height=\"169\" srcset=\"https:\/\/www.fraterinternacional.org\/wp-content\/uploads\/2016\/07\/lis_comunidade_luz_flor_lis_criacao3-200x112.jpg 200w, https:\/\/www.fraterinternacional.org\/wp-content\/uploads\/2016\/07\/lis_comunidade_luz_flor_lis_criacao3-300x169.jpg 300w, https:\/\/www.fraterinternacional.org\/wp-content\/uploads\/2016\/07\/lis_comunidade_luz_flor_lis_criacao3-400x225.jpg 400w, https:\/\/www.fraterinternacional.org\/wp-content\/uploads\/2016\/07\/lis_comunidade_luz_flor_lis_criacao3-600x337.jpg 600w, https:\/\/www.fraterinternacional.org\/wp-content\/uploads\/2016\/07\/lis_comunidade_luz_flor_lis_criacao3.jpg 690w\" sizes=\"(max-width: 300px) 100vw, 300px\" \/><\/a>La existencia de una Comunidad-Luz determina un paso que, como representantes de la humanidad damos, al materializar las bases, en la superficie de la Tierra, de espacios de convivencia donde grupos de almas aspiran experimentar nuevos padrones de vida que sean puentes para la Nueva Humanidad.<\/p>\n<p style=\"text-align: justify;\">Durante el encuentro, miembros de los n\u00facleos y de la Red-Luz se ofrecieron para integrar el primer grupo que formar\u00e1 la nueva comunidad, respondiendo as\u00ed a la propuesta de la Divinidad, de vivir el servicio incondicional al Plan de Dios sobre la Tierra.<\/p>\n<p style=\"text-align: justify;\"><a href=\"http:\/\/www.fraterinternacional.org\/wp-content\/uploads\/2016\/07\/lis_comunidade_luz_flor_lis_criacao2.jpg\"><img decoding=\"async\" class=\"alignleft size-medium wp-image-24766\" src=\"http:\/\/www.fraterinternacional.org\/wp-content\/uploads\/2016\/07\/lis_comunidade_luz_flor_lis_criacao2-300x169.jpg\" alt=\"lis_comunidade_luz_flor_lis_criacao2\" width=\"300\" height=\"169\" srcset=\"https:\/\/www.fraterinternacional.org\/wp-content\/uploads\/2016\/07\/lis_comunidade_luz_flor_lis_criacao2-200x112.jpg 200w, https:\/\/www.fraterinternacional.org\/wp-content\/uploads\/2016\/07\/lis_comunidade_luz_flor_lis_criacao2-300x169.jpg 300w, https:\/\/www.fraterinternacional.org\/wp-content\/uploads\/2016\/07\/lis_comunidade_luz_flor_lis_criacao2-400x225.jpg 400w, https:\/\/www.fraterinternacional.org\/wp-content\/uploads\/2016\/07\/lis_comunidade_luz_flor_lis_criacao2-600x337.jpg 600w, https:\/\/www.fraterinternacional.org\/wp-content\/uploads\/2016\/07\/lis_comunidade_luz_flor_lis_criacao2.jpg 690w\" sizes=\"(max-width: 300px) 100vw, 300px\" \/><\/a><\/p>\n<p style=\"text-align: justify;\">Participamos de la experiencia de sembrar estas semillas de vida futura y de construir las bases y levantar las paredes de estas comunidades, que aspiran experimentar una nueva vida para el planeta. Es una oportunidad para plasmar sobre la materia terrestre una vida consagrada y dedicada a la b\u00fasqueda de la cura de la humanidad, de los reinos y rescatando la conexi\u00f3n con la Vida Divina.<\/p>\n<p style=\"text-align: justify;\">En las palabras que la Madre Divina transmiti\u00f3 durante la aparici\u00f3n de este \u00faltimo 19 de julio, Ella expres\u00f3 Su intenci\u00f3n de regir espiritualmente esta nueva comunidad, ya que el Reino de Lys, como Ella llama a ese espacio espiritual que vive en la regi\u00f3n de F\u00e1tima, fue fundado por Ella durante las apariciones de 1917.<\/p>\n","protected":false},"excerpt":{"rendered":"<p>En el marco de la peregrinaci\u00f3n que los Mensajeros Divinos est\u00e1n realizando por el continente europeo durante estos meses de [&hellip;]<\/p>\n","protected":false},"author":11,"featured_media":24765,"comment_status":"closed","ping_status":"closed","sticky":false,"template":"","format":"standard","meta":{"footnotes":""},"categories":[173],"tags":[117,98],"class_list":["post-24776","post","type-post","status-publish","format-standard","has-post-thumbnail","hentry","category-noticia","tag-comunidades-luz-es","tag-nucleos-luz-es"],"yoast_head":"<!-- This site is optimized with the Yoast SEO Premium plugin v21.0 (Yoast SEO v21.0) - https:\/\/yoast.com\/wordpress\/plugins\/seo\/ -->\n<title>Fue creada la Comunidad-Luz Flor de Lys en Portugal<\/title>\n<meta name=\"description\" content=\"La Comunidad-Luz, que tendr\u00e1 su sede en Dornes, es una extensi\u00f3n del Centro Planetario de Lis en la superficie del planeta.\" \/>\n<meta name=\"robots\" content=\"index, follow, max-snippet:-1, max-image-preview:large, max-video-preview:-1\" \/>\n<link rel=\"canonical\" href=\"https:\/\/www.fraterinternacional.org\/es\/fue-creada-comunidad-luz-flor-lys-portugal\/\" \/>\n<meta property=\"og:locale\" content=\"es_ES\" \/>\n<meta property=\"og:type\" content=\"article\" \/>\n<meta property=\"og:title\" content=\"Fue creada la Comunidad-Luz Flor de Lys en Portugal\" \/>\n<meta property=\"og:description\" content=\"La Comunidad-Luz, que tendr\u00e1 su sede en Dornes, es una extensi\u00f3n del Centro Planetario de Lis en la superficie del planeta.\" \/>\n<meta property=\"og:url\" content=\"https:\/\/www.fraterinternacional.org\/es\/fue-creada-comunidad-luz-flor-lys-portugal\/\" \/>\n<meta property=\"og:site_name\" content=\"Fraternidade - Federa\u00e7\u00e3o Humanit\u00e1ria Internacional\" \/>\n<meta property=\"article:publisher\" content=\"https:\/\/www.facebook.com\/fraternidadehumanitaria\" \/>\n<meta property=\"article:published_time\" content=\"2016-07-22T00:23:54+00:00\" \/>\n<meta property=\"article:modified_time\" content=\"2016-11-01T22:23:26+00:00\" \/>\n<meta property=\"og:image\" content=\"https:\/\/www.fraterinternacional.org\/wp-content\/uploads\/2016\/07\/lis_comunidade_luz_flor_lis_criacao1.jpg\" \/>\n\t<meta property=\"og:image:width\" content=\"690\" \/>\n\t<meta property=\"og:image:height\" content=\"388\" \/>\n\t<meta property=\"og:image:type\" content=\"image\/jpeg\" \/>\n<meta name=\"author\" content=\"Nelson Frater\" \/>\n<meta name=\"twitter:card\" content=\"summary_large_image\" \/>\n<meta name=\"twitter:creator\" content=\"@fraternidadeFHI\" \/>\n<meta name=\"twitter:site\" content=\"@fraternidadeFHI\" \/>\n<meta name=\"twitter:label1\" content=\"Escrito por\" \/>\n\t<meta name=\"twitter:data1\" content=\"Nelson Frater\" \/>\n\t<meta name=\"twitter:label2\" content=\"Tiempo de lectura\" \/>\n\t<meta name=\"twitter:data2\" content=\"2 minutos\" \/>\n<script type=\"application\/ld+json\" class=\"yoast-schema-graph\">{\"@context\":\"https:\/\/schema.org\",\"@graph\":[{\"@type\":\"WebPage\",\"@id\":\"https:\/\/www.fraterinternacional.org\/es\/fue-creada-comunidad-luz-flor-lys-portugal\/\",\"url\":\"https:\/\/www.fraterinternacional.org\/es\/fue-creada-comunidad-luz-flor-lys-portugal\/\",\"name\":\"Fue creada la Comunidad-Luz Flor de Lys en Portugal\",\"isPartOf\":{\"@id\":\"https:\/\/www.fraterinternacional.org\/es\/#website\"},\"datePublished\":\"2016-07-22T00:23:54+00:00\",\"dateModified\":\"2016-11-01T22:23:26+00:00\",\"author\":{\"@id\":\"https:\/\/www.fraterinternacional.org\/es\/#\/schema\/person\/facd24ae5f7e6b4ee1aeec7ad1b960ae\"},\"description\":\"La Comunidad-Luz, que tendr\u00e1 su sede en Dornes, es una extensi\u00f3n del Centro Planetario de Lis en la superficie del planeta.\",\"breadcrumb\":{\"@id\":\"https:\/\/www.fraterinternacional.org\/es\/fue-creada-comunidad-luz-flor-lys-portugal\/#breadcrumb\"},\"inLanguage\":\"es\",\"potentialAction\":[{\"@type\":\"ReadAction\",\"target\":[\"https:\/\/www.fraterinternacional.org\/es\/fue-creada-comunidad-luz-flor-lys-portugal\/\"]}]},{\"@type\":\"BreadcrumbList\",\"@id\":\"https:\/\/www.fraterinternacional.org\/es\/fue-creada-comunidad-luz-flor-lys-portugal\/#breadcrumb\",\"itemListElement\":[{\"@type\":\"ListItem\",\"position\":1,\"name\":\"In\u00edcio\",\"item\":\"https:\/\/www.fraterinternacional.org\/es\/\"},{\"@type\":\"ListItem\",\"position\":2,\"name\":\"Fue creada la Comunidad-Luz Flor de Lys en Portugal\"}]},{\"@type\":\"WebSite\",\"@id\":\"https:\/\/www.fraterinternacional.org\/es\/#website\",\"url\":\"https:\/\/www.fraterinternacional.org\/es\/\",\"name\":\"Fraternidade - Federa\u00e7\u00e3o Humanit\u00e1ria Internacional\",\"description\":\"Fraternidade - Federa\u00e7\u00e3o Humanit\u00e1ria Internacional\",\"potentialAction\":[{\"@type\":\"SearchAction\",\"target\":{\"@type\":\"EntryPoint\",\"urlTemplate\":\"https:\/\/www.fraterinternacional.org\/es\/?s={search_term_string}\"},\"query-input\":\"required name=search_term_string\"}],\"inLanguage\":\"es\"},{\"@type\":\"Person\",\"@id\":\"https:\/\/www.fraterinternacional.org\/es\/#\/schema\/person\/facd24ae5f7e6b4ee1aeec7ad1b960ae\",\"name\":\"Nelson Frater\"}]}<\/script>\n<!-- \/ Yoast SEO Premium plugin. -->","yoast_head_json":{"title":"Fue creada la Comunidad-Luz Flor de Lys en Portugal","description":"La Comunidad-Luz, que tendr\u00e1 su sede en Dornes, es una extensi\u00f3n del Centro Planetario de Lis en la superficie del planeta.","robots":{"index":"index","follow":"follow","max-snippet":"max-snippet:-1","max-image-preview":"max-image-preview:large","max-video-preview":"max-video-preview:-1"},"canonical":"https:\/\/www.fraterinternacional.org\/es\/fue-creada-comunidad-luz-flor-lys-portugal\/","og_locale":"es_ES","og_type":"article","og_title":"Fue creada la Comunidad-Luz Flor de Lys en Portugal","og_description":"La Comunidad-Luz, que tendr\u00e1 su sede en Dornes, es una extensi\u00f3n del Centro Planetario de Lis en la superficie del planeta.","og_url":"https:\/\/www.fraterinternacional.org\/es\/fue-creada-comunidad-luz-flor-lys-portugal\/","og_site_name":"Fraternidade - Federa\u00e7\u00e3o Humanit\u00e1ria Internacional","article_publisher":"https:\/\/www.facebook.com\/fraternidadehumanitaria","article_published_time":"2016-07-22T00:23:54+00:00","article_modified_time":"2016-11-01T22:23:26+00:00","og_image":[{"width":690,"height":388,"url":"https:\/\/www.fraterinternacional.org\/wp-content\/uploads\/2016\/07\/lis_comunidade_luz_flor_lis_criacao1.jpg","type":"image\/jpeg"}],"author":"Nelson Frater","twitter_card":"summary_large_image","twitter_creator":"@fraternidadeFHI","twitter_site":"@fraternidadeFHI","twitter_misc":{"Escrito por":"Nelson Frater","Tiempo de lectura":"2 minutos"},"schema":{"@context":"https:\/\/schema.org","@graph":[{"@type":"WebPage","@id":"https:\/\/www.fraterinternacional.org\/es\/fue-creada-comunidad-luz-flor-lys-portugal\/","url":"https:\/\/www.fraterinternacional.org\/es\/fue-creada-comunidad-luz-flor-lys-portugal\/","name":"Fue creada la Comunidad-Luz Flor de Lys en Portugal","isPartOf":{"@id":"https:\/\/www.fraterinternacional.org\/es\/#website"},"datePublished":"2016-07-22T00:23:54+00:00","dateModified":"2016-11-01T22:23:26+00:00","author":{"@id":"https:\/\/www.fraterinternacional.org\/es\/#\/schema\/person\/facd24ae5f7e6b4ee1aeec7ad1b960ae"},"description":"La Comunidad-Luz, que tendr\u00e1 su sede en Dornes, es una extensi\u00f3n del Centro Planetario de Lis en la superficie del planeta.","breadcrumb":{"@id":"https:\/\/www.fraterinternacional.org\/es\/fue-creada-comunidad-luz-flor-lys-portugal\/#breadcrumb"},"inLanguage":"es","potentialAction":[{"@type":"ReadAction","target":["https:\/\/www.fraterinternacional.org\/es\/fue-creada-comunidad-luz-flor-lys-portugal\/"]}]},{"@type":"BreadcrumbList","@id":"https:\/\/www.fraterinternacional.org\/es\/fue-creada-comunidad-luz-flor-lys-portugal\/#breadcrumb","itemListElement":[{"@type":"ListItem","position":1,"name":"In\u00edcio","item":"https:\/\/www.fraterinternacional.org\/es\/"},{"@type":"ListItem","position":2,"name":"Fue creada la Comunidad-Luz Flor de Lys en Portugal"}]},{"@type":"WebSite","@id":"https:\/\/www.fraterinternacional.org\/es\/#website","url":"https:\/\/www.fraterinternacional.org\/es\/","name":"Fraternidade - Federa\u00e7\u00e3o Humanit\u00e1ria Internacional","description":"Fraternidade - Federa\u00e7\u00e3o Humanit\u00e1ria Internacional","potentialAction":[{"@type":"SearchAction","target":{"@type":"EntryPoint","urlTemplate":"https:\/\/www.fraterinternacional.org\/es\/?s={search_term_string}"},"query-input":"required name=search_term_string"}],"inLanguage":"es"},{"@type":"Person","@id":"https:\/\/www.fraterinternacional.org\/es\/#\/schema\/person\/facd24ae5f7e6b4ee1aeec7ad1b960ae","name":"Nelson Frater"}]}},"_links":{"self":[{"href":"https:\/\/www.fraterinternacional.org\/es\/wp-json\/wp\/v2\/posts\/24776"}],"collection":[{"href":"https:\/\/www.fraterinternacional.org\/es\/wp-json\/wp\/v2\/posts"}],"about":[{"href":"https:\/\/www.fraterinternacional.org\/es\/wp-json\/wp\/v2\/types\/post"}],"author":[{"embeddable":true,"href":"https:\/\/www.fraterinternacional.org\/es\/wp-json\/wp\/v2\/users\/11"}],"replies":[{"embeddable":true,"href":"https:\/\/www.fraterinternacional.org\/es\/wp-json\/wp\/v2\/comments?post=24776"}],"version-history":[{"count":0,"href":"https:\/\/www.fraterinternacional.org\/es\/wp-json\/wp\/v2\/posts\/24776\/revisions"}],"wp:featuredmedia":[{"embeddable":true,"href":"https:\/\/www.fraterinternacional.org\/es\/wp-json\/wp\/v2\/media\/24765"}],"wp:attachment":[{"href":"https:\/\/www.fraterinternacional.org\/es\/wp-json\/wp\/v2\/media?parent=24776"}],"wp:term":[{"taxonomy":"category","embeddable":true,"href":"https:\/\/www.fraterinternacional.org\/es\/wp-json\/wp\/v2\/categories?post=24776"},{"taxonomy":"post_tag","embeddable":true,"href":"https:\/\/www.fraterinternacional.org\/es\/wp-json\/wp\/v2\/tags?post=24776"}],"curies":[{"name":"wp","href":"https:\/\/api.w.org\/{rel}","templated":true}]}}