{"id":24686,"date":"2016-07-21T14:48:10","date_gmt":"2016-07-21T17:48:10","guid":{"rendered":"http:\/\/www.fraterinternacional.org\/es\/?p=24686"},"modified":"2016-11-01T19:23:28","modified_gmt":"2016-11-01T22:23:28","slug":"encuentro-corazon-monte-shasta","status":"publish","type":"post","link":"https:\/\/www.fraterinternacional.org\/es\/encuentro-corazon-monte-shasta\/","title":{"rendered":"Encuentro en el Coraz\u00f3n de Monte Shasta"},"content":{"rendered":"<p style=\"text-align: justify;\"><a href=\"http:\/\/www.fraterinternacional.org\/wp-content\/uploads\/2016\/07\/monte_shasta_encontro1_julho_2016.jpg\"><img decoding=\"async\" class=\" wp-image-24595 alignright\" src=\"http:\/\/www.fraterinternacional.org\/wp-content\/uploads\/2016\/07\/monte_shasta_encontro1_julho_2016-169x300.jpg\" alt=\"monte_shasta_encontro1_julho_2016\" width=\"189\" height=\"336\" srcset=\"https:\/\/www.fraterinternacional.org\/wp-content\/uploads\/2016\/07\/monte_shasta_encontro1_julho_2016-169x300.jpg 169w, https:\/\/www.fraterinternacional.org\/wp-content\/uploads\/2016\/07\/monte_shasta_encontro1_julho_2016-200x356.jpg 200w, https:\/\/www.fraterinternacional.org\/wp-content\/uploads\/2016\/07\/monte_shasta_encontro1_julho_2016.jpg 400w\" sizes=\"(max-width: 189px) 100vw, 189px\" \/><\/a>Del d\u00eda 8 al 10 de julio de 2016 ocurri\u00f3 en Monte Shasta, California, Estados Unidos, el Encuentro \u201cIn the Heart of Mount Shasta\u201d (En el Coraz\u00f3n de Monte Shasta). El evento reuni\u00f3 a 18 participantes, entre ellos, los integrantes de la <a href=\"http:\/\/www.fraterinternacional.org\/es\/red-luz\/\">Red-Luz<\/a> Estados Unidos que vinieron de varias ciudades de California, Florida y Oklahoma y tambi\u00e9n cont\u00f3 con la participaci\u00f3n activa de monjas de la <a href=\"http:\/\/www.fraterinternacional.org\/es\/orden-gracia-misericordia\/\">Orden Gracia Misericordia<\/a>.<\/p>\n<p style=\"text-align: justify;\"><span style=\"line-height: 1.5;\">Durante el encuentro todos recibieron un ejemplar del primer libro de oraciones en ingl\u00e9s que est\u00e1 siendo lanzado ahora por la Red-Luz Planetaria. Durante los tres d\u00edas del evento fue realizado un trabajo intensivo de estudios, oraciones y c\u00e1nticos, recorriendo varios lugares de la regi\u00f3n.<\/span><\/p>\n<p style=\"text-align: justify;\">\u2018Sentimos una gran necesidad en el grupo de reunirnos f\u00edsicamente, ya que los encuentros de oraci\u00f3n que ocurren tres veces por semana son siempre por internet, debido a la distancia entre los lugares en donde cada uno vive. Poder realizar este encuentro es una bendici\u00f3n, porque muchos impulsos internos pueden ser generados\u00b4, dijo Madre Constancia, monja de la Orden Gracia Misericordia.<\/p>\n<p style=\"text-align: justify;\"><a href=\"http:\/\/www.fraterinternacional.org\/wp-content\/uploads\/2016\/07\/monte_shasta_caderno_oracao.jpg\"><img decoding=\"async\" class=\"alignleft size-medium wp-image-24589\" src=\"http:\/\/www.fraterinternacional.org\/wp-content\/uploads\/2016\/07\/monte_shasta_caderno_oracao-300x169.jpg\" alt=\"monte_shasta_caderno_oracao\" width=\"300\" height=\"169\" srcset=\"https:\/\/www.fraterinternacional.org\/wp-content\/uploads\/2016\/07\/monte_shasta_caderno_oracao-200x113.jpg 200w, https:\/\/www.fraterinternacional.org\/wp-content\/uploads\/2016\/07\/monte_shasta_caderno_oracao-300x169.jpg 300w, https:\/\/www.fraterinternacional.org\/wp-content\/uploads\/2016\/07\/monte_shasta_caderno_oracao-400x226.jpg 400w, https:\/\/www.fraterinternacional.org\/wp-content\/uploads\/2016\/07\/monte_shasta_caderno_oracao-600x338.jpg 600w, https:\/\/www.fraterinternacional.org\/wp-content\/uploads\/2016\/07\/monte_shasta_caderno_oracao.jpg 690w\" sizes=\"(max-width: 300px) 100vw, 300px\" \/><\/a>Durante el evento fueron establecidas varias acciones, como la organizaci\u00f3n de encuentros mensuales los s\u00e1bados, la creaci\u00f3n de un horario de oraci\u00f3n v\u00eda Skype para los integrantes que sientan la falta de oraciones en espa\u00f1ol, la creaci\u00f3n de un blog de la Red-Luz Norte Am\u00e9rica, la profundizaci\u00f3n del tema de la peregrinaci\u00f3n de la imagen de la Virgen de Guadalupe y las posibilidades de la creaci\u00f3n de encuentros para j\u00f3venes.<\/p>\n<p style=\"text-align: justify;\">\u00b4Aspiramos organizar encuentros mensuales de la Red-Luz en Monte Shasta para los hermanos que residen en el Estado de California y regiones vecinas y tambi\u00e9n para todos los hermanos que residen en otros Estados y que puedan venir todos los meses. Creemos que estos Encuentros puedan proporcionar importantes est\u00edmulos de uni\u00f3n de la vida grupal y una oportunidad calurosa de estar bien juntitos los unos de los otros\u00b4, dice Ana Sof\u00eda Varmaxidis, una de las Coordinadoras de la Red-Luz Estados Unidos.<\/p>\n<div class=\"fusion-fullwidth fullwidth-box fusion-builder-row-1 hundred-percent-fullwidth non-hundred-percent-height-scrolling\" style=\"--awb-border-radius-top-left:0px;--awb-border-radius-top-right:0px;--awb-border-radius-bottom-right:0px;--awb-border-radius-bottom-left:0px;--awb-overflow:visible;--awb-flex-wrap:wrap;\" ><div class=\"fusion-builder-row fusion-row\"><div class=\"fusion-layout-column fusion_builder_column fusion-builder-column-0 fusion_builder_column_1_1 1_1 fusion-one-full fusion-column-first fusion-column-last fusion-column-no-min-height\" style=\"--awb-bg-size:cover;--awb-margin-bottom:0px;\"><div class=\"fusion-column-wrapper fusion-flex-column-wrapper-legacy\">\n\t\t<style type=\"text\/css\">\n\t\t\t#gallery-1 {\n\t\t\t\tmargin: auto;\n\t\t\t}\n\t\t\t#gallery-1 .gallery-item {\n\t\t\t\tfloat: left;\n\t\t\t\tmargin-top: 10px;\n\t\t\t\ttext-align: center;\n\t\t\t\twidth: 50%;\n\t\t\t}\n\t\t\t#gallery-1 img {\n\t\t\t\tborder: 2px solid #cfcfcf;\n\t\t\t}\n\t\t\t#gallery-1 .gallery-caption {\n\t\t\t\tmargin-left: 0;\n\t\t\t}\n\t\t\t\/* see gallery_shortcode() in wp-includes\/media.php *\/\n\t\t<\/style>\n\t\t<div id='gallery-1' class='gallery galleryid-24686 gallery-columns-2 gallery-size-medium'><dl class='gallery-item'>\n\t\t\t<dt class='gallery-icon landscape'>\n\t\t\t\t<a data-rel=\"iLightbox[postimages]\" data-title=\"monte_shasta_encontro3_julho_2016\" data-caption=\"\" href='https:\/\/www.fraterinternacional.org\/wp-content\/uploads\/2016\/07\/monte_shasta_encontro3_julho_2016.jpg'><img decoding=\"async\" width=\"300\" height=\"169\" src=\"https:\/\/www.fraterinternacional.org\/wp-content\/uploads\/2016\/07\/monte_shasta_encontro3_julho_2016-300x169.jpg\" class=\"attachment-medium size-medium\" alt=\"\" srcset=\"https:\/\/www.fraterinternacional.org\/wp-content\/uploads\/2016\/07\/monte_shasta_encontro3_julho_2016-200x112.jpg 200w, https:\/\/www.fraterinternacional.org\/wp-content\/uploads\/2016\/07\/monte_shasta_encontro3_julho_2016-300x169.jpg 300w, https:\/\/www.fraterinternacional.org\/wp-content\/uploads\/2016\/07\/monte_shasta_encontro3_julho_2016-400x225.jpg 400w, https:\/\/www.fraterinternacional.org\/wp-content\/uploads\/2016\/07\/monte_shasta_encontro3_julho_2016-600x337.jpg 600w, https:\/\/www.fraterinternacional.org\/wp-content\/uploads\/2016\/07\/monte_shasta_encontro3_julho_2016.jpg 690w\" sizes=\"(max-width: 300px) 100vw, 300px\" \/><\/a>\n\t\t\t<\/dt><\/dl><dl class='gallery-item'>\n\t\t\t<dt class='gallery-icon landscape'>\n\t\t\t\t<a data-rel=\"iLightbox[postimages]\" data-title=\"monte_shasta_encontro2_julho_2016\" data-caption=\"\" href='https:\/\/www.fraterinternacional.org\/wp-content\/uploads\/2016\/07\/monte_shasta_encontro2_julho_2016.jpg'><img decoding=\"async\" width=\"300\" height=\"169\" src=\"https:\/\/www.fraterinternacional.org\/wp-content\/uploads\/2016\/07\/monte_shasta_encontro2_julho_2016-300x169.jpg\" class=\"attachment-medium size-medium\" alt=\"\" srcset=\"https:\/\/www.fraterinternacional.org\/wp-content\/uploads\/2016\/07\/monte_shasta_encontro2_julho_2016-200x112.jpg 200w, https:\/\/www.fraterinternacional.org\/wp-content\/uploads\/2016\/07\/monte_shasta_encontro2_julho_2016-300x169.jpg 300w, https:\/\/www.fraterinternacional.org\/wp-content\/uploads\/2016\/07\/monte_shasta_encontro2_julho_2016-400x225.jpg 400w, https:\/\/www.fraterinternacional.org\/wp-content\/uploads\/2016\/07\/monte_shasta_encontro2_julho_2016-600x337.jpg 600w, https:\/\/www.fraterinternacional.org\/wp-content\/uploads\/2016\/07\/monte_shasta_encontro2_julho_2016.jpg 690w\" sizes=\"(max-width: 300px) 100vw, 300px\" \/><\/a>\n\t\t\t<\/dt><\/dl><br style=\"clear: both\" \/>\n\t\t<\/div>\n<div class=\"fusion-clearfix\"><\/div><\/div><\/div><\/div><\/div>\n","protected":false},"excerpt":{"rendered":"<p>Del d\u00eda 8 al 10 de julio de 2016 ocurri\u00f3 en Monte Shasta, California, Estados Unidos, el Encuentro \u201cIn the [&hellip;]<\/p>\n","protected":false},"author":11,"featured_media":24592,"comment_status":"closed","ping_status":"closed","sticky":false,"template":"","format":"standard","meta":{"footnotes":""},"categories":[173,120],"tags":[],"class_list":["post-24686","post","type-post","status-publish","format-standard","has-post-thumbnail","hentry","category-noticia","category-red-luz-es"],"yoast_head":"<!-- This site is optimized with the Yoast SEO Premium plugin v21.0 (Yoast SEO v21.0) - https:\/\/yoast.com\/wordpress\/plugins\/seo\/ -->\n<title>Encuentro en el Coraz\u00f3n de Monte Shasta<\/title>\n<meta name=\"description\" content=\"El Evento reuni\u00f3 integrantes de la Red-Luz Estados Unidos que vinieron de varias ciudades y monjes de la Orden Gracia Misericordia\" \/>\n<meta name=\"robots\" content=\"index, follow, max-snippet:-1, max-image-preview:large, max-video-preview:-1\" \/>\n<link rel=\"canonical\" href=\"https:\/\/www.fraterinternacional.org\/es\/encuentro-corazon-monte-shasta\/\" \/>\n<meta property=\"og:locale\" content=\"es_ES\" \/>\n<meta property=\"og:type\" content=\"article\" \/>\n<meta property=\"og:title\" content=\"Encuentro en el Coraz\u00f3n de Monte Shasta\" \/>\n<meta property=\"og:description\" content=\"El Evento reuni\u00f3 integrantes de la Red-Luz Estados Unidos que vinieron de varias ciudades y monjes de la Orden Gracia Misericordia\" \/>\n<meta property=\"og:url\" content=\"https:\/\/www.fraterinternacional.org\/es\/encuentro-corazon-monte-shasta\/\" \/>\n<meta property=\"og:site_name\" content=\"Fraternidade - Federa\u00e7\u00e3o Humanit\u00e1ria Internacional\" \/>\n<meta property=\"article:publisher\" content=\"https:\/\/www.facebook.com\/fraternidadehumanitaria\" \/>\n<meta property=\"article:published_time\" content=\"2016-07-21T17:48:10+00:00\" \/>\n<meta property=\"article:modified_time\" content=\"2016-11-01T22:23:28+00:00\" \/>\n<meta property=\"og:image\" content=\"https:\/\/www.fraterinternacional.org\/wp-content\/uploads\/2016\/07\/monte_shasta_encontro_grupo_jullho_2016.jpg\" \/>\n\t<meta property=\"og:image:width\" content=\"690\" \/>\n\t<meta property=\"og:image:height\" content=\"388\" \/>\n\t<meta property=\"og:image:type\" content=\"image\/jpeg\" \/>\n<meta name=\"author\" content=\"Nelson Frater\" \/>\n<meta name=\"twitter:card\" content=\"summary_large_image\" \/>\n<meta name=\"twitter:creator\" content=\"@fraternidadeFHI\" \/>\n<meta name=\"twitter:site\" content=\"@fraternidadeFHI\" \/>\n<meta name=\"twitter:label1\" content=\"Escrito por\" \/>\n\t<meta name=\"twitter:data1\" content=\"Nelson Frater\" \/>\n\t<meta name=\"twitter:label2\" content=\"Tiempo de lectura\" \/>\n\t<meta name=\"twitter:data2\" content=\"2 minutos\" \/>\n<script type=\"application\/ld+json\" class=\"yoast-schema-graph\">{\"@context\":\"https:\/\/schema.org\",\"@graph\":[{\"@type\":\"WebPage\",\"@id\":\"https:\/\/www.fraterinternacional.org\/es\/encuentro-corazon-monte-shasta\/\",\"url\":\"https:\/\/www.fraterinternacional.org\/es\/encuentro-corazon-monte-shasta\/\",\"name\":\"Encuentro en el Coraz\u00f3n de Monte Shasta\",\"isPartOf\":{\"@id\":\"https:\/\/www.fraterinternacional.org\/es\/#website\"},\"datePublished\":\"2016-07-21T17:48:10+00:00\",\"dateModified\":\"2016-11-01T22:23:28+00:00\",\"author\":{\"@id\":\"https:\/\/www.fraterinternacional.org\/es\/#\/schema\/person\/facd24ae5f7e6b4ee1aeec7ad1b960ae\"},\"description\":\"El Evento reuni\u00f3 integrantes de la Red-Luz Estados Unidos que vinieron de varias ciudades y monjes de la Orden Gracia Misericordia\",\"breadcrumb\":{\"@id\":\"https:\/\/www.fraterinternacional.org\/es\/encuentro-corazon-monte-shasta\/#breadcrumb\"},\"inLanguage\":\"es\",\"potentialAction\":[{\"@type\":\"ReadAction\",\"target\":[\"https:\/\/www.fraterinternacional.org\/es\/encuentro-corazon-monte-shasta\/\"]}]},{\"@type\":\"BreadcrumbList\",\"@id\":\"https:\/\/www.fraterinternacional.org\/es\/encuentro-corazon-monte-shasta\/#breadcrumb\",\"itemListElement\":[{\"@type\":\"ListItem\",\"position\":1,\"name\":\"In\u00edcio\",\"item\":\"https:\/\/www.fraterinternacional.org\/es\/\"},{\"@type\":\"ListItem\",\"position\":2,\"name\":\"Encuentro en el Coraz\u00f3n de Monte Shasta\"}]},{\"@type\":\"WebSite\",\"@id\":\"https:\/\/www.fraterinternacional.org\/es\/#website\",\"url\":\"https:\/\/www.fraterinternacional.org\/es\/\",\"name\":\"Fraternidade - Federa\u00e7\u00e3o Humanit\u00e1ria Internacional\",\"description\":\"Fraternidade - Federa\u00e7\u00e3o Humanit\u00e1ria Internacional\",\"potentialAction\":[{\"@type\":\"SearchAction\",\"target\":{\"@type\":\"EntryPoint\",\"urlTemplate\":\"https:\/\/www.fraterinternacional.org\/es\/?s={search_term_string}\"},\"query-input\":\"required name=search_term_string\"}],\"inLanguage\":\"es\"},{\"@type\":\"Person\",\"@id\":\"https:\/\/www.fraterinternacional.org\/es\/#\/schema\/person\/facd24ae5f7e6b4ee1aeec7ad1b960ae\",\"name\":\"Nelson Frater\"}]}<\/script>\n<!-- \/ Yoast SEO Premium plugin. -->","yoast_head_json":{"title":"Encuentro en el Coraz\u00f3n de Monte Shasta","description":"El Evento reuni\u00f3 integrantes de la Red-Luz Estados Unidos que vinieron de varias ciudades y monjes de la Orden Gracia Misericordia","robots":{"index":"index","follow":"follow","max-snippet":"max-snippet:-1","max-image-preview":"max-image-preview:large","max-video-preview":"max-video-preview:-1"},"canonical":"https:\/\/www.fraterinternacional.org\/es\/encuentro-corazon-monte-shasta\/","og_locale":"es_ES","og_type":"article","og_title":"Encuentro en el Coraz\u00f3n de Monte Shasta","og_description":"El Evento reuni\u00f3 integrantes de la Red-Luz Estados Unidos que vinieron de varias ciudades y monjes de la Orden Gracia Misericordia","og_url":"https:\/\/www.fraterinternacional.org\/es\/encuentro-corazon-monte-shasta\/","og_site_name":"Fraternidade - Federa\u00e7\u00e3o Humanit\u00e1ria Internacional","article_publisher":"https:\/\/www.facebook.com\/fraternidadehumanitaria","article_published_time":"2016-07-21T17:48:10+00:00","article_modified_time":"2016-11-01T22:23:28+00:00","og_image":[{"width":690,"height":388,"url":"https:\/\/www.fraterinternacional.org\/wp-content\/uploads\/2016\/07\/monte_shasta_encontro_grupo_jullho_2016.jpg","type":"image\/jpeg"}],"author":"Nelson Frater","twitter_card":"summary_large_image","twitter_creator":"@fraternidadeFHI","twitter_site":"@fraternidadeFHI","twitter_misc":{"Escrito por":"Nelson Frater","Tiempo de lectura":"2 minutos"},"schema":{"@context":"https:\/\/schema.org","@graph":[{"@type":"WebPage","@id":"https:\/\/www.fraterinternacional.org\/es\/encuentro-corazon-monte-shasta\/","url":"https:\/\/www.fraterinternacional.org\/es\/encuentro-corazon-monte-shasta\/","name":"Encuentro en el Coraz\u00f3n de Monte Shasta","isPartOf":{"@id":"https:\/\/www.fraterinternacional.org\/es\/#website"},"datePublished":"2016-07-21T17:48:10+00:00","dateModified":"2016-11-01T22:23:28+00:00","author":{"@id":"https:\/\/www.fraterinternacional.org\/es\/#\/schema\/person\/facd24ae5f7e6b4ee1aeec7ad1b960ae"},"description":"El Evento reuni\u00f3 integrantes de la Red-Luz Estados Unidos que vinieron de varias ciudades y monjes de la Orden Gracia Misericordia","breadcrumb":{"@id":"https:\/\/www.fraterinternacional.org\/es\/encuentro-corazon-monte-shasta\/#breadcrumb"},"inLanguage":"es","potentialAction":[{"@type":"ReadAction","target":["https:\/\/www.fraterinternacional.org\/es\/encuentro-corazon-monte-shasta\/"]}]},{"@type":"BreadcrumbList","@id":"https:\/\/www.fraterinternacional.org\/es\/encuentro-corazon-monte-shasta\/#breadcrumb","itemListElement":[{"@type":"ListItem","position":1,"name":"In\u00edcio","item":"https:\/\/www.fraterinternacional.org\/es\/"},{"@type":"ListItem","position":2,"name":"Encuentro en el Coraz\u00f3n de Monte Shasta"}]},{"@type":"WebSite","@id":"https:\/\/www.fraterinternacional.org\/es\/#website","url":"https:\/\/www.fraterinternacional.org\/es\/","name":"Fraternidade - Federa\u00e7\u00e3o Humanit\u00e1ria Internacional","description":"Fraternidade - Federa\u00e7\u00e3o Humanit\u00e1ria Internacional","potentialAction":[{"@type":"SearchAction","target":{"@type":"EntryPoint","urlTemplate":"https:\/\/www.fraterinternacional.org\/es\/?s={search_term_string}"},"query-input":"required name=search_term_string"}],"inLanguage":"es"},{"@type":"Person","@id":"https:\/\/www.fraterinternacional.org\/es\/#\/schema\/person\/facd24ae5f7e6b4ee1aeec7ad1b960ae","name":"Nelson Frater"}]}},"_links":{"self":[{"href":"https:\/\/www.fraterinternacional.org\/es\/wp-json\/wp\/v2\/posts\/24686"}],"collection":[{"href":"https:\/\/www.fraterinternacional.org\/es\/wp-json\/wp\/v2\/posts"}],"about":[{"href":"https:\/\/www.fraterinternacional.org\/es\/wp-json\/wp\/v2\/types\/post"}],"author":[{"embeddable":true,"href":"https:\/\/www.fraterinternacional.org\/es\/wp-json\/wp\/v2\/users\/11"}],"replies":[{"embeddable":true,"href":"https:\/\/www.fraterinternacional.org\/es\/wp-json\/wp\/v2\/comments?post=24686"}],"version-history":[{"count":0,"href":"https:\/\/www.fraterinternacional.org\/es\/wp-json\/wp\/v2\/posts\/24686\/revisions"}],"wp:featuredmedia":[{"embeddable":true,"href":"https:\/\/www.fraterinternacional.org\/es\/wp-json\/wp\/v2\/media\/24592"}],"wp:attachment":[{"href":"https:\/\/www.fraterinternacional.org\/es\/wp-json\/wp\/v2\/media?parent=24686"}],"wp:term":[{"taxonomy":"category","embeddable":true,"href":"https:\/\/www.fraterinternacional.org\/es\/wp-json\/wp\/v2\/categories?post=24686"},{"taxonomy":"post_tag","embeddable":true,"href":"https:\/\/www.fraterinternacional.org\/es\/wp-json\/wp\/v2\/tags?post=24686"}],"curies":[{"name":"wp","href":"https:\/\/api.w.org\/{rel}","templated":true}]}}