{"id":24262,"date":"2016-07-12T17:20:10","date_gmt":"2016-07-12T20:20:10","guid":{"rendered":"http:\/\/www.fraterinternacional.org\/es\/?p=24262"},"modified":"2016-11-01T19:23:34","modified_gmt":"2016-11-01T22:23:34","slug":"presentacion-coral-infatil-juvenil-casa-ninos","status":"publish","type":"post","link":"https:\/\/www.fraterinternacional.org\/es\/presentacion-coral-infatil-juvenil-casa-ninos\/","title":{"rendered":"Presentaci\u00f3n de la Coral Infatil-Juvenil de la Casa de los Ni\u00f1os"},"content":{"rendered":"<p style=\"text-align: justify;\">La Casa de los Ni\u00f1os, extensi\u00f3n del <a href=\"http:\/\/www.fraterinternacional.org\/es\/nucleos-luz\/\">N\u00facleo-Luz<\/a>\u00a0de Figueira en Belo Horizonte &#8211; Sagrado Cielo, estado de Minas Gerais, Brasil, ambos afiliados a la <strong>Fraternidade Federaci\u00f3n Humanitaria Internacional<\/strong>, recibi\u00f3 la presentaci\u00f3n de su coral Infantil-Juvenil el s\u00e1bado 9 de julio.<\/p>\n<p style=\"text-align: justify;\"><a href=\"http:\/\/www.fraterinternacional.org\/wp-content\/uploads\/2016\/07\/coral_casa_das_criancas_nucleo_bh_2.jpg\"><img decoding=\"async\" class=\"alignleft size-medium wp-image-24220\" src=\"http:\/\/www.fraterinternacional.org\/wp-content\/uploads\/2016\/07\/coral_casa_das_criancas_nucleo_bh_2-300x169.jpg\" alt=\"coral_casa_das_criancas_nucleo_bh_2\" width=\"300\" height=\"169\" srcset=\"https:\/\/www.fraterinternacional.org\/wp-content\/uploads\/2016\/07\/coral_casa_das_criancas_nucleo_bh_2-200x112.jpg 200w, https:\/\/www.fraterinternacional.org\/wp-content\/uploads\/2016\/07\/coral_casa_das_criancas_nucleo_bh_2-300x169.jpg 300w, https:\/\/www.fraterinternacional.org\/wp-content\/uploads\/2016\/07\/coral_casa_das_criancas_nucleo_bh_2-400x225.jpg 400w, https:\/\/www.fraterinternacional.org\/wp-content\/uploads\/2016\/07\/coral_casa_das_criancas_nucleo_bh_2-600x337.jpg 600w, https:\/\/www.fraterinternacional.org\/wp-content\/uploads\/2016\/07\/coral_casa_das_criancas_nucleo_bh_2.jpg 690w\" sizes=\"(max-width: 300px) 100vw, 300px\" \/><\/a><\/p>\n<p style=\"text-align: justify;\">La presentaci\u00f3n, que ocurre semestralmente, es una muestra de la formaci\u00f3n musical que los ni\u00f1os reciben en la Casa, localizada en el Barrio Santa Efig\u00eania en Belo Horizonte.<br \/>\nActualmente 25 ni\u00f1os atendidos por la instituci\u00f3n participan de la Coral. \u00b4En la Coral procuramos trabajar con m\u00fasicas que hacen referencia a la naturaleza y a la vida espiritual\u00b4, dijo M\u00f4nica Harmendani, coordinadora de la Casa de los Ni\u00f1os.<\/p>\n<p style=\"text-align: justify;\">En el encuentro estuvieron cerca de 40 personas entre familiares, educadores, colaboradores y coordinadores, adem\u00e1s de monjes de la <a href=\"http:\/\/www.fraterinternacional.org\/es\/orden-gracia-misericordia\/\">Orden Gracia Misericordia<\/a> del Monasterio Puerta a la Divina Misericordia y residentes del N\u00facleo-Luz en Belo Horizonte \u2013 Sagrado Cielo.<\/p>\n<p style=\"text-align: justify;\">\u00b4Es un momento de encuentro y la confraternizaci\u00f3n entre las personas quienes directa o indirectamente est\u00e1n involucradas con esta tarea\u00b4, dijo Jos\u00e9 de Arimat\u00e9ia, residente del N\u00facleo-Luz.<\/p>\n<p style=\"text-align: justify;\"><a href=\"http:\/\/www.fraterinternacional.org\/wp-content\/uploads\/2016\/07\/coral_casa_das_criancas_nucleo_bh_3.jpg\"><img decoding=\"async\" class=\"alignright size-medium wp-image-24223\" src=\"http:\/\/www.fraterinternacional.org\/wp-content\/uploads\/2016\/07\/coral_casa_das_criancas_nucleo_bh_3-300x169.jpg\" alt=\"coral_casa_das_criancas_nucleo_bh_3\" width=\"300\" height=\"169\" srcset=\"https:\/\/www.fraterinternacional.org\/wp-content\/uploads\/2016\/07\/coral_casa_das_criancas_nucleo_bh_3-200x112.jpg 200w, https:\/\/www.fraterinternacional.org\/wp-content\/uploads\/2016\/07\/coral_casa_das_criancas_nucleo_bh_3-300x169.jpg 300w, https:\/\/www.fraterinternacional.org\/wp-content\/uploads\/2016\/07\/coral_casa_das_criancas_nucleo_bh_3-400x225.jpg 400w, https:\/\/www.fraterinternacional.org\/wp-content\/uploads\/2016\/07\/coral_casa_das_criancas_nucleo_bh_3-600x337.jpg 600w, https:\/\/www.fraterinternacional.org\/wp-content\/uploads\/2016\/07\/coral_casa_das_criancas_nucleo_bh_3.jpg 690w\" sizes=\"(max-width: 300px) 100vw, 300px\" \/><\/a>La Casa de los Ni\u00f1os fue instituida en el 2010 y ofrece actividades gratuitas para la comunidad carente de la regi\u00f3n, por medio de talleres administrados por los colaboradores. Son talleres de instrumentos musicales, coral, artes, costura, bordado, historias, recreaci\u00f3n y creatividad. Los Familiares tambi\u00e9n participan de las actividades y de los talleres y reciben consultas m\u00e9dicas, odontol\u00f3gicas y psicol\u00f3gicas.<\/p>\n<p style=\"text-align: justify;\">Percibimos que la actividad de la Coral viene colaborando en el equilibrio de los ni\u00f1os, ayud\u00e1ndolos a armonizarse m\u00e1s, a estar m\u00e1s felices ante la vida\u00b4, dice Renata Falci, una de las coordinadoras del N\u00facleo-Luz Sagrado Cielo.<\/p>\n<p>&nbsp;<\/p>\n","protected":false},"excerpt":{"rendered":"<p>La Casa de los Ni\u00f1os, extensi\u00f3n del N\u00facleo-Luz\u00a0de Figueira en Belo Horizonte &#8211; Sagrado Cielo, estado de Minas Gerais, Brasil, [&hellip;]<\/p>\n","protected":false},"author":11,"featured_media":24203,"comment_status":"closed","ping_status":"closed","sticky":false,"template":"","format":"standard","meta":{"footnotes":""},"categories":[173],"tags":[111,197,98,97,4275],"class_list":["post-24262","post","type-post","status-publish","format-standard","has-post-thumbnail","hentry","category-noticia","tag-asociaciones-de-servicio","tag-la-musica-como-elevacion","tag-nucleos-luz-es","tag-servicio-humanitario-es","tag-servico-humanitario-es"],"yoast_head":"<!-- This site is optimized with the Yoast SEO Premium plugin v21.0 (Yoast SEO v21.0) - https:\/\/yoast.com\/wordpress\/plugins\/seo\/ -->\n<title>Presentaci\u00f3n de la Coral Infatil-Juvenil de la Casa de los Ni\u00f1os<\/title>\n<meta name=\"description\" content=\"La Casa de los Ni\u00f1os fue instituida en el 2010 y ofrece actividades gratuitas para la comunidad carente de la regi\u00f3n, administrados por los colaboradores.\" \/>\n<meta name=\"robots\" content=\"index, follow, max-snippet:-1, max-image-preview:large, max-video-preview:-1\" \/>\n<link rel=\"canonical\" href=\"https:\/\/www.fraterinternacional.org\/es\/presentacion-coral-infatil-juvenil-casa-ninos\/\" \/>\n<meta property=\"og:locale\" content=\"es_ES\" \/>\n<meta property=\"og:type\" content=\"article\" \/>\n<meta property=\"og:title\" content=\"Presentaci\u00f3n de la Coral Infatil-Juvenil de la Casa de los Ni\u00f1os\" \/>\n<meta property=\"og:description\" content=\"La Casa de los Ni\u00f1os fue instituida en el 2010 y ofrece actividades gratuitas para la comunidad carente de la regi\u00f3n, administrados por los colaboradores.\" \/>\n<meta property=\"og:url\" content=\"https:\/\/www.fraterinternacional.org\/es\/presentacion-coral-infatil-juvenil-casa-ninos\/\" \/>\n<meta property=\"og:site_name\" content=\"Fraternidade - Federa\u00e7\u00e3o Humanit\u00e1ria Internacional\" \/>\n<meta property=\"article:publisher\" content=\"https:\/\/www.facebook.com\/fraternidadehumanitaria\" \/>\n<meta property=\"article:published_time\" content=\"2016-07-12T20:20:10+00:00\" \/>\n<meta property=\"article:modified_time\" content=\"2016-11-01T22:23:34+00:00\" \/>\n<meta property=\"og:image\" content=\"https:\/\/www.fraterinternacional.org\/wp-content\/uploads\/2016\/07\/coral_casa_das_criancas_nucleo_bh_1.jpg\" \/>\n\t<meta property=\"og:image:width\" content=\"690\" \/>\n\t<meta property=\"og:image:height\" content=\"388\" \/>\n\t<meta property=\"og:image:type\" content=\"image\/jpeg\" \/>\n<meta name=\"author\" content=\"Nelson Frater\" \/>\n<meta name=\"twitter:card\" content=\"summary_large_image\" \/>\n<meta name=\"twitter:creator\" content=\"@fraternidadeFHI\" \/>\n<meta name=\"twitter:site\" content=\"@fraternidadeFHI\" \/>\n<meta name=\"twitter:label1\" content=\"Escrito por\" \/>\n\t<meta name=\"twitter:data1\" content=\"Nelson Frater\" \/>\n\t<meta name=\"twitter:label2\" content=\"Tiempo de lectura\" \/>\n\t<meta name=\"twitter:data2\" content=\"2 minutos\" \/>\n<script type=\"application\/ld+json\" class=\"yoast-schema-graph\">{\"@context\":\"https:\/\/schema.org\",\"@graph\":[{\"@type\":\"WebPage\",\"@id\":\"https:\/\/www.fraterinternacional.org\/es\/presentacion-coral-infatil-juvenil-casa-ninos\/\",\"url\":\"https:\/\/www.fraterinternacional.org\/es\/presentacion-coral-infatil-juvenil-casa-ninos\/\",\"name\":\"Presentaci\u00f3n de la Coral Infatil-Juvenil de la Casa de los Ni\u00f1os\",\"isPartOf\":{\"@id\":\"https:\/\/www.fraterinternacional.org\/es\/#website\"},\"datePublished\":\"2016-07-12T20:20:10+00:00\",\"dateModified\":\"2016-11-01T22:23:34+00:00\",\"author\":{\"@id\":\"https:\/\/www.fraterinternacional.org\/es\/#\/schema\/person\/facd24ae5f7e6b4ee1aeec7ad1b960ae\"},\"description\":\"La Casa de los Ni\u00f1os fue instituida en el 2010 y ofrece actividades gratuitas para la comunidad carente de la regi\u00f3n, administrados por los colaboradores.\",\"breadcrumb\":{\"@id\":\"https:\/\/www.fraterinternacional.org\/es\/presentacion-coral-infatil-juvenil-casa-ninos\/#breadcrumb\"},\"inLanguage\":\"es\",\"potentialAction\":[{\"@type\":\"ReadAction\",\"target\":[\"https:\/\/www.fraterinternacional.org\/es\/presentacion-coral-infatil-juvenil-casa-ninos\/\"]}]},{\"@type\":\"BreadcrumbList\",\"@id\":\"https:\/\/www.fraterinternacional.org\/es\/presentacion-coral-infatil-juvenil-casa-ninos\/#breadcrumb\",\"itemListElement\":[{\"@type\":\"ListItem\",\"position\":1,\"name\":\"In\u00edcio\",\"item\":\"https:\/\/www.fraterinternacional.org\/es\/\"},{\"@type\":\"ListItem\",\"position\":2,\"name\":\"Presentaci\u00f3n de la Coral Infatil-Juvenil de la Casa de los Ni\u00f1os\"}]},{\"@type\":\"WebSite\",\"@id\":\"https:\/\/www.fraterinternacional.org\/es\/#website\",\"url\":\"https:\/\/www.fraterinternacional.org\/es\/\",\"name\":\"Fraternidade - Federa\u00e7\u00e3o Humanit\u00e1ria Internacional\",\"description\":\"Fraternidade - Federa\u00e7\u00e3o Humanit\u00e1ria Internacional\",\"potentialAction\":[{\"@type\":\"SearchAction\",\"target\":{\"@type\":\"EntryPoint\",\"urlTemplate\":\"https:\/\/www.fraterinternacional.org\/es\/?s={search_term_string}\"},\"query-input\":\"required name=search_term_string\"}],\"inLanguage\":\"es\"},{\"@type\":\"Person\",\"@id\":\"https:\/\/www.fraterinternacional.org\/es\/#\/schema\/person\/facd24ae5f7e6b4ee1aeec7ad1b960ae\",\"name\":\"Nelson Frater\"}]}<\/script>\n<!-- \/ Yoast SEO Premium plugin. -->","yoast_head_json":{"title":"Presentaci\u00f3n de la Coral Infatil-Juvenil de la Casa de los Ni\u00f1os","description":"La Casa de los Ni\u00f1os fue instituida en el 2010 y ofrece actividades gratuitas para la comunidad carente de la regi\u00f3n, administrados por los colaboradores.","robots":{"index":"index","follow":"follow","max-snippet":"max-snippet:-1","max-image-preview":"max-image-preview:large","max-video-preview":"max-video-preview:-1"},"canonical":"https:\/\/www.fraterinternacional.org\/es\/presentacion-coral-infatil-juvenil-casa-ninos\/","og_locale":"es_ES","og_type":"article","og_title":"Presentaci\u00f3n de la Coral Infatil-Juvenil de la Casa de los Ni\u00f1os","og_description":"La Casa de los Ni\u00f1os fue instituida en el 2010 y ofrece actividades gratuitas para la comunidad carente de la regi\u00f3n, administrados por los colaboradores.","og_url":"https:\/\/www.fraterinternacional.org\/es\/presentacion-coral-infatil-juvenil-casa-ninos\/","og_site_name":"Fraternidade - Federa\u00e7\u00e3o Humanit\u00e1ria Internacional","article_publisher":"https:\/\/www.facebook.com\/fraternidadehumanitaria","article_published_time":"2016-07-12T20:20:10+00:00","article_modified_time":"2016-11-01T22:23:34+00:00","og_image":[{"width":690,"height":388,"url":"https:\/\/www.fraterinternacional.org\/wp-content\/uploads\/2016\/07\/coral_casa_das_criancas_nucleo_bh_1.jpg","type":"image\/jpeg"}],"author":"Nelson Frater","twitter_card":"summary_large_image","twitter_creator":"@fraternidadeFHI","twitter_site":"@fraternidadeFHI","twitter_misc":{"Escrito por":"Nelson Frater","Tiempo de lectura":"2 minutos"},"schema":{"@context":"https:\/\/schema.org","@graph":[{"@type":"WebPage","@id":"https:\/\/www.fraterinternacional.org\/es\/presentacion-coral-infatil-juvenil-casa-ninos\/","url":"https:\/\/www.fraterinternacional.org\/es\/presentacion-coral-infatil-juvenil-casa-ninos\/","name":"Presentaci\u00f3n de la Coral Infatil-Juvenil de la Casa de los Ni\u00f1os","isPartOf":{"@id":"https:\/\/www.fraterinternacional.org\/es\/#website"},"datePublished":"2016-07-12T20:20:10+00:00","dateModified":"2016-11-01T22:23:34+00:00","author":{"@id":"https:\/\/www.fraterinternacional.org\/es\/#\/schema\/person\/facd24ae5f7e6b4ee1aeec7ad1b960ae"},"description":"La Casa de los Ni\u00f1os fue instituida en el 2010 y ofrece actividades gratuitas para la comunidad carente de la regi\u00f3n, administrados por los colaboradores.","breadcrumb":{"@id":"https:\/\/www.fraterinternacional.org\/es\/presentacion-coral-infatil-juvenil-casa-ninos\/#breadcrumb"},"inLanguage":"es","potentialAction":[{"@type":"ReadAction","target":["https:\/\/www.fraterinternacional.org\/es\/presentacion-coral-infatil-juvenil-casa-ninos\/"]}]},{"@type":"BreadcrumbList","@id":"https:\/\/www.fraterinternacional.org\/es\/presentacion-coral-infatil-juvenil-casa-ninos\/#breadcrumb","itemListElement":[{"@type":"ListItem","position":1,"name":"In\u00edcio","item":"https:\/\/www.fraterinternacional.org\/es\/"},{"@type":"ListItem","position":2,"name":"Presentaci\u00f3n de la Coral Infatil-Juvenil de la Casa de los Ni\u00f1os"}]},{"@type":"WebSite","@id":"https:\/\/www.fraterinternacional.org\/es\/#website","url":"https:\/\/www.fraterinternacional.org\/es\/","name":"Fraternidade - Federa\u00e7\u00e3o Humanit\u00e1ria Internacional","description":"Fraternidade - Federa\u00e7\u00e3o Humanit\u00e1ria Internacional","potentialAction":[{"@type":"SearchAction","target":{"@type":"EntryPoint","urlTemplate":"https:\/\/www.fraterinternacional.org\/es\/?s={search_term_string}"},"query-input":"required name=search_term_string"}],"inLanguage":"es"},{"@type":"Person","@id":"https:\/\/www.fraterinternacional.org\/es\/#\/schema\/person\/facd24ae5f7e6b4ee1aeec7ad1b960ae","name":"Nelson Frater"}]}},"_links":{"self":[{"href":"https:\/\/www.fraterinternacional.org\/es\/wp-json\/wp\/v2\/posts\/24262"}],"collection":[{"href":"https:\/\/www.fraterinternacional.org\/es\/wp-json\/wp\/v2\/posts"}],"about":[{"href":"https:\/\/www.fraterinternacional.org\/es\/wp-json\/wp\/v2\/types\/post"}],"author":[{"embeddable":true,"href":"https:\/\/www.fraterinternacional.org\/es\/wp-json\/wp\/v2\/users\/11"}],"replies":[{"embeddable":true,"href":"https:\/\/www.fraterinternacional.org\/es\/wp-json\/wp\/v2\/comments?post=24262"}],"version-history":[{"count":0,"href":"https:\/\/www.fraterinternacional.org\/es\/wp-json\/wp\/v2\/posts\/24262\/revisions"}],"wp:featuredmedia":[{"embeddable":true,"href":"https:\/\/www.fraterinternacional.org\/es\/wp-json\/wp\/v2\/media\/24203"}],"wp:attachment":[{"href":"https:\/\/www.fraterinternacional.org\/es\/wp-json\/wp\/v2\/media?parent=24262"}],"wp:term":[{"taxonomy":"category","embeddable":true,"href":"https:\/\/www.fraterinternacional.org\/es\/wp-json\/wp\/v2\/categories?post=24262"},{"taxonomy":"post_tag","embeddable":true,"href":"https:\/\/www.fraterinternacional.org\/es\/wp-json\/wp\/v2\/tags?post=24262"}],"curies":[{"name":"wp","href":"https:\/\/api.w.org\/{rel}","templated":true}]}}