{"id":24188,"date":"2016-07-11T18:01:32","date_gmt":"2016-07-11T21:01:32","guid":{"rendered":"http:\/\/www.fraterinternacional.org\/es\/?p=24188"},"modified":"2016-11-01T19:23:35","modified_gmt":"2016-11-01T22:23:35","slug":"fraternidade-inaugura-casa-de-acogimiento","status":"publish","type":"post","link":"https:\/\/www.fraterinternacional.org\/es\/fraternidade-inaugura-casa-de-acogimiento\/","title":{"rendered":"Fraternidade inaugura Casa de Acogimiento"},"content":{"rendered":"<p style=\"text-align: justify;\">La <strong>Fraternidade -Federaci\u00f3n Humanitaria Internacional<\/strong>, inaugur\u00f3 este lunes 11 de junio, a las 2:00pm la Casa de Acogimiento en la ciudad de Carmo da Cachoeira, estado de Minas Gerais, Brasil. El lugar tiene como objetivo el rescate de los moradores de la calle.<\/p>\n<p style=\"text-align: justify;\"><a href=\"http:\/\/www.fraterinternacional.org\/wp-content\/uploads\/2016\/07\/moradores_de_rua_casa_acolhimento_inauguracao1.jpg\"><img decoding=\"async\" class=\"alignleft size-medium wp-image-24168\" src=\"http:\/\/www.fraterinternacional.org\/wp-content\/uploads\/2016\/07\/moradores_de_rua_casa_acolhimento_inauguracao1-300x169.jpg\" alt=\"moradores_de_rua_casa_acolhimento_inauguracao1\" width=\"300\" height=\"169\" srcset=\"https:\/\/www.fraterinternacional.org\/wp-content\/uploads\/2016\/07\/moradores_de_rua_casa_acolhimento_inauguracao1-200x112.jpg 200w, https:\/\/www.fraterinternacional.org\/wp-content\/uploads\/2016\/07\/moradores_de_rua_casa_acolhimento_inauguracao1-300x169.jpg 300w, https:\/\/www.fraterinternacional.org\/wp-content\/uploads\/2016\/07\/moradores_de_rua_casa_acolhimento_inauguracao1-400x225.jpg 400w, https:\/\/www.fraterinternacional.org\/wp-content\/uploads\/2016\/07\/moradores_de_rua_casa_acolhimento_inauguracao1-600x337.jpg 600w, https:\/\/www.fraterinternacional.org\/wp-content\/uploads\/2016\/07\/moradores_de_rua_casa_acolhimento_inauguracao1.jpg 690w\" sizes=\"(max-width: 300px) 100vw, 300px\" \/><\/a>La Casa de Acogimiento es un punto ecum\u00e9nico adonde estar\u00e1n sirviendo los <a href=\"http:\/\/www.fraterinternacional.org\/es\/misiones-humanitarias\/\">Misioneros<\/a> de la Fraternidade, monjes de la <a href=\"http:\/\/www.fraterinternacional.org\/es\/orden-gracia-misericordia\/\">Orden Gracia Misericordia<\/a>, monjes Vicentinos, cat\u00f3licos y evang\u00e9licos, todos\u00a0 \u00a0con el objetivo de dar apoyo a los moran en la calle.<\/p>\n<p style=\"text-align: justify;\">\u00b4La Casa ser\u00e1 un polo de servicio para los que trabajan en el rescate de las almas que viven en la calle. M\u00e1s all\u00e1 de los que viven en la calle de la propia ciudad, pasan tambi\u00e9n muchas personas que vienen de otros lugares, a veces distantes y que necesitan de auxilio espiritual, principalmente\u00b4, dijo Mirnuk, Gestora Institucional de la Fraternidade.<\/p>\n<p style=\"text-align: justify;\"><a href=\"http:\/\/www.fraterinternacional.org\/wp-content\/uploads\/2016\/07\/moradores_de_rua_casa_acolhimento_inauguracao2.jpg\"><img decoding=\"async\" class=\"alignright wp-image-24171\" src=\"http:\/\/www.fraterinternacional.org\/wp-content\/uploads\/2016\/07\/moradores_de_rua_casa_acolhimento_inauguracao2-200x300.jpg\" alt=\"moradores_de_rua_casa_acolhimento_inauguracao2\" width=\"190\" height=\"286\" srcset=\"https:\/\/www.fraterinternacional.org\/wp-content\/uploads\/2016\/07\/moradores_de_rua_casa_acolhimento_inauguracao2-200x300.jpg 200w, https:\/\/www.fraterinternacional.org\/wp-content\/uploads\/2016\/07\/moradores_de_rua_casa_acolhimento_inauguracao2.jpg 300w\" sizes=\"(max-width: 190px) 100vw, 190px\" \/><\/a><\/p>\n<p style=\"text-align: justify;\">Las personas necesitadas no vivir\u00e1n en la casa, mas recibir\u00e1n ayuda y est\u00edmulo para crear condiciones y poder cambiar la situaci\u00f3n precaria en la que viven. Para eso ellos tendr\u00e1n acceso a las higienes b\u00e1sicas, como ba\u00f1o. Corte de cabello y u\u00f1as, limpiarse los dientes y ropas limpias. La Casa tambi\u00e9n ofrecer\u00e1 almuerzo diario.<\/p>\n<p style=\"text-align: justify;\">El local es cedido por la Prefectura de Carmo da Cachoeira, tiene una buena \u00e1rea para plant\u00edos en donde ser\u00e1n realizados trabajos de huerto y jardiner\u00eda para ayudar a estas personas con el contacto con los Reinos de la Naturaleza.<\/p>\n<p style=\"text-align: justify;\">En la inauguraci\u00f3n, adem\u00e1s de las personas que est\u00e1n involucradas directamente con las actividades de la Casa, estuvieron tambi\u00e9n presentes representantes de la Fraternidade y autoridades de la ciudad de Carmo da Cachoeira.<\/p>\n<p style=\"text-align: justify;\">\u00b4Agradezco mucho esta oportunidad de nosotros tener aqu\u00ed en Carmo da Cachoeira un lugar para socorrer a los que caen en los vicios y acaban en las calles. Sin ayuda, por s\u00ed solo, ning\u00fan viciado tiene fuerza para levantarse\u00b4, dijo Sandra, representante de los Alcoh\u00f3licos An\u00f3nimos (AA).<\/p>\n<div class=\"fusion-fullwidth fullwidth-box fusion-builder-row-1 hundred-percent-fullwidth non-hundred-percent-height-scrolling\" style=\"--awb-border-radius-top-left:0px;--awb-border-radius-top-right:0px;--awb-border-radius-bottom-right:0px;--awb-border-radius-bottom-left:0px;--awb-overflow:visible;--awb-flex-wrap:wrap;\" ><div class=\"fusion-builder-row fusion-row\"><div class=\"fusion-layout-column fusion_builder_column fusion-builder-column-0 fusion_builder_column_1_1 1_1 fusion-one-full fusion-column-first fusion-column-last fusion-column-no-min-height\" style=\"--awb-bg-size:cover;--awb-margin-bottom:0px;\"><div class=\"fusion-column-wrapper fusion-flex-column-wrapper-legacy\">\n\t\t<style type=\"text\/css\">\n\t\t\t#gallery-1 {\n\t\t\t\tmargin: auto;\n\t\t\t}\n\t\t\t#gallery-1 .gallery-item {\n\t\t\t\tfloat: left;\n\t\t\t\tmargin-top: 10px;\n\t\t\t\ttext-align: center;\n\t\t\t\twidth: 50%;\n\t\t\t}\n\t\t\t#gallery-1 img {\n\t\t\t\tborder: 2px solid #cfcfcf;\n\t\t\t}\n\t\t\t#gallery-1 .gallery-caption {\n\t\t\t\tmargin-left: 0;\n\t\t\t}\n\t\t\t\/* see gallery_shortcode() in wp-includes\/media.php *\/\n\t\t<\/style>\n\t\t<div id='gallery-1' class='gallery galleryid-24188 gallery-columns-2 gallery-size-medium'><dl class='gallery-item'>\n\t\t\t<dt class='gallery-icon landscape'>\n\t\t\t\t<a data-rel=\"iLightbox[postimages]\" data-title=\"moradores_de_rua_casa_acolhimento_inauguracao3\" data-caption=\"\" href='https:\/\/www.fraterinternacional.org\/wp-content\/uploads\/2016\/07\/moradores_de_rua_casa_acolhimento_inauguracao3.jpg'><img decoding=\"async\" width=\"300\" height=\"169\" src=\"https:\/\/www.fraterinternacional.org\/wp-content\/uploads\/2016\/07\/moradores_de_rua_casa_acolhimento_inauguracao3-300x169.jpg\" class=\"attachment-medium size-medium\" alt=\"\" srcset=\"https:\/\/www.fraterinternacional.org\/wp-content\/uploads\/2016\/07\/moradores_de_rua_casa_acolhimento_inauguracao3-200x112.jpg 200w, https:\/\/www.fraterinternacional.org\/wp-content\/uploads\/2016\/07\/moradores_de_rua_casa_acolhimento_inauguracao3-300x169.jpg 300w, https:\/\/www.fraterinternacional.org\/wp-content\/uploads\/2016\/07\/moradores_de_rua_casa_acolhimento_inauguracao3-400x225.jpg 400w, https:\/\/www.fraterinternacional.org\/wp-content\/uploads\/2016\/07\/moradores_de_rua_casa_acolhimento_inauguracao3-600x337.jpg 600w, https:\/\/www.fraterinternacional.org\/wp-content\/uploads\/2016\/07\/moradores_de_rua_casa_acolhimento_inauguracao3.jpg 690w\" sizes=\"(max-width: 300px) 100vw, 300px\" \/><\/a>\n\t\t\t<\/dt><\/dl><dl class='gallery-item'>\n\t\t\t<dt class='gallery-icon landscape'>\n\t\t\t\t<a data-rel=\"iLightbox[postimages]\" data-title=\"moradores_de_rua_casa_acolhimento_inauguracao4\" data-caption=\"\" href='https:\/\/www.fraterinternacional.org\/wp-content\/uploads\/2016\/07\/moradores_de_rua_casa_acolhimento_inauguracao4.jpg'><img decoding=\"async\" width=\"300\" height=\"169\" src=\"https:\/\/www.fraterinternacional.org\/wp-content\/uploads\/2016\/07\/moradores_de_rua_casa_acolhimento_inauguracao4-300x169.jpg\" class=\"attachment-medium size-medium\" alt=\"\" srcset=\"https:\/\/www.fraterinternacional.org\/wp-content\/uploads\/2016\/07\/moradores_de_rua_casa_acolhimento_inauguracao4-200x112.jpg 200w, https:\/\/www.fraterinternacional.org\/wp-content\/uploads\/2016\/07\/moradores_de_rua_casa_acolhimento_inauguracao4-300x169.jpg 300w, https:\/\/www.fraterinternacional.org\/wp-content\/uploads\/2016\/07\/moradores_de_rua_casa_acolhimento_inauguracao4-400x225.jpg 400w, https:\/\/www.fraterinternacional.org\/wp-content\/uploads\/2016\/07\/moradores_de_rua_casa_acolhimento_inauguracao4-600x337.jpg 600w, https:\/\/www.fraterinternacional.org\/wp-content\/uploads\/2016\/07\/moradores_de_rua_casa_acolhimento_inauguracao4.jpg 690w\" sizes=\"(max-width: 300px) 100vw, 300px\" \/><\/a>\n\t\t\t<\/dt><\/dl><br style=\"clear: both\" \/><dl class='gallery-item'>\n\t\t\t<dt class='gallery-icon landscape'>\n\t\t\t\t<a data-rel=\"iLightbox[postimages]\" data-title=\"moradores_de_rua_casa_acolhimento_inauguracao5\" data-caption=\"\" href='https:\/\/www.fraterinternacional.org\/wp-content\/uploads\/2016\/07\/moradores_de_rua_casa_acolhimento_inauguracao5.jpg'><img decoding=\"async\" width=\"300\" height=\"169\" src=\"https:\/\/www.fraterinternacional.org\/wp-content\/uploads\/2016\/07\/moradores_de_rua_casa_acolhimento_inauguracao5-300x169.jpg\" class=\"attachment-medium size-medium\" alt=\"\" srcset=\"https:\/\/www.fraterinternacional.org\/wp-content\/uploads\/2016\/07\/moradores_de_rua_casa_acolhimento_inauguracao5-200x112.jpg 200w, https:\/\/www.fraterinternacional.org\/wp-content\/uploads\/2016\/07\/moradores_de_rua_casa_acolhimento_inauguracao5-300x169.jpg 300w, https:\/\/www.fraterinternacional.org\/wp-content\/uploads\/2016\/07\/moradores_de_rua_casa_acolhimento_inauguracao5-400x225.jpg 400w, https:\/\/www.fraterinternacional.org\/wp-content\/uploads\/2016\/07\/moradores_de_rua_casa_acolhimento_inauguracao5-600x337.jpg 600w, https:\/\/www.fraterinternacional.org\/wp-content\/uploads\/2016\/07\/moradores_de_rua_casa_acolhimento_inauguracao5.jpg 690w\" sizes=\"(max-width: 300px) 100vw, 300px\" \/><\/a>\n\t\t\t<\/dt><\/dl><dl class='gallery-item'>\n\t\t\t<dt class='gallery-icon landscape'>\n\t\t\t\t<a data-rel=\"iLightbox[postimages]\" data-title=\"moradores_de_rua_casa_acolhimento_inauguracao6\" data-caption=\"\" href='https:\/\/www.fraterinternacional.org\/wp-content\/uploads\/2016\/07\/moradores_de_rua_casa_acolhimento_inauguracao6.jpg'><img decoding=\"async\" width=\"300\" height=\"169\" src=\"https:\/\/www.fraterinternacional.org\/wp-content\/uploads\/2016\/07\/moradores_de_rua_casa_acolhimento_inauguracao6-300x169.jpg\" class=\"attachment-medium size-medium\" alt=\"\" srcset=\"https:\/\/www.fraterinternacional.org\/wp-content\/uploads\/2016\/07\/moradores_de_rua_casa_acolhimento_inauguracao6-200x112.jpg 200w, https:\/\/www.fraterinternacional.org\/wp-content\/uploads\/2016\/07\/moradores_de_rua_casa_acolhimento_inauguracao6-300x169.jpg 300w, https:\/\/www.fraterinternacional.org\/wp-content\/uploads\/2016\/07\/moradores_de_rua_casa_acolhimento_inauguracao6-400x225.jpg 400w, https:\/\/www.fraterinternacional.org\/wp-content\/uploads\/2016\/07\/moradores_de_rua_casa_acolhimento_inauguracao6-600x337.jpg 600w, https:\/\/www.fraterinternacional.org\/wp-content\/uploads\/2016\/07\/moradores_de_rua_casa_acolhimento_inauguracao6.jpg 690w\" sizes=\"(max-width: 300px) 100vw, 300px\" \/><\/a>\n\t\t\t<\/dt><\/dl><br style=\"clear: both\" \/>\n\t\t<\/div>\n<div class=\"fusion-clearfix\"><\/div><\/div><\/div><\/div><\/div>\n","protected":false},"excerpt":{"rendered":"<p>La Fraternidade -Federaci\u00f3n Humanitaria Internacional, inaugur\u00f3 este lunes 11 de junio, a las 2:00pm la Casa de Acogimiento en la [&hellip;]<\/p>\n","protected":false},"author":11,"featured_media":24170,"comment_status":"closed","ping_status":"closed","sticky":false,"template":"","format":"standard","meta":{"footnotes":""},"categories":[173],"tags":[111,97],"class_list":["post-24188","post","type-post","status-publish","format-standard","has-post-thumbnail","hentry","category-noticia","tag-asociaciones-de-servicio","tag-servicio-humanitario-es"],"yoast_head":"<!-- This site is optimized with the Yoast SEO Premium plugin v21.0 (Yoast SEO v21.0) - https:\/\/yoast.com\/wordpress\/plugins\/seo\/ -->\n<title>Fraternidade inaugura Casa de Acogimiento<\/title>\n<meta name=\"description\" content=\"El lugar tiene como objetivo el rescate de los que viven en la calle.Los necesitados recibir\u00e1n ayuda para crear condiciones y cambiar la situaci\u00f3n que viven\" \/>\n<meta name=\"robots\" content=\"index, follow, max-snippet:-1, max-image-preview:large, max-video-preview:-1\" \/>\n<link rel=\"canonical\" href=\"https:\/\/www.fraterinternacional.org\/es\/fraternidade-inaugura-casa-de-acogimiento\/\" \/>\n<meta property=\"og:locale\" content=\"es_ES\" \/>\n<meta property=\"og:type\" content=\"article\" \/>\n<meta property=\"og:title\" content=\"Fraternidade inaugura Casa de Acogimiento\" \/>\n<meta property=\"og:description\" content=\"El lugar tiene como objetivo el rescate de los que viven en la calle.Los necesitados recibir\u00e1n ayuda para crear condiciones y cambiar la situaci\u00f3n que viven\" \/>\n<meta property=\"og:url\" content=\"https:\/\/www.fraterinternacional.org\/es\/fraternidade-inaugura-casa-de-acogimiento\/\" \/>\n<meta property=\"og:site_name\" content=\"Fraternidade - Federa\u00e7\u00e3o Humanit\u00e1ria Internacional\" \/>\n<meta property=\"article:publisher\" content=\"https:\/\/www.facebook.com\/fraternidadehumanitaria\" \/>\n<meta property=\"article:published_time\" content=\"2016-07-11T21:01:32+00:00\" \/>\n<meta property=\"article:modified_time\" content=\"2016-11-01T22:23:35+00:00\" \/>\n<meta property=\"og:image\" content=\"https:\/\/www.fraterinternacional.org\/wp-content\/uploads\/2016\/07\/moradores_de_rua_casa_acolhimento_inauguracao1.jpg\" \/>\n\t<meta property=\"og:image:width\" content=\"690\" \/>\n\t<meta property=\"og:image:height\" content=\"388\" \/>\n\t<meta property=\"og:image:type\" content=\"image\/jpeg\" \/>\n<meta name=\"author\" content=\"Nelson Frater\" \/>\n<meta name=\"twitter:card\" content=\"summary_large_image\" \/>\n<meta name=\"twitter:creator\" content=\"@fraternidadeFHI\" \/>\n<meta name=\"twitter:site\" content=\"@fraternidadeFHI\" \/>\n<meta name=\"twitter:label1\" content=\"Escrito por\" \/>\n\t<meta name=\"twitter:data1\" content=\"Nelson Frater\" \/>\n\t<meta name=\"twitter:label2\" content=\"Tiempo de lectura\" \/>\n\t<meta name=\"twitter:data2\" content=\"2 minutos\" \/>\n<script type=\"application\/ld+json\" class=\"yoast-schema-graph\">{\"@context\":\"https:\/\/schema.org\",\"@graph\":[{\"@type\":\"WebPage\",\"@id\":\"https:\/\/www.fraterinternacional.org\/es\/fraternidade-inaugura-casa-de-acogimiento\/\",\"url\":\"https:\/\/www.fraterinternacional.org\/es\/fraternidade-inaugura-casa-de-acogimiento\/\",\"name\":\"Fraternidade inaugura Casa de Acogimiento\",\"isPartOf\":{\"@id\":\"https:\/\/www.fraterinternacional.org\/es\/#website\"},\"datePublished\":\"2016-07-11T21:01:32+00:00\",\"dateModified\":\"2016-11-01T22:23:35+00:00\",\"author\":{\"@id\":\"https:\/\/www.fraterinternacional.org\/es\/#\/schema\/person\/facd24ae5f7e6b4ee1aeec7ad1b960ae\"},\"description\":\"El lugar tiene como objetivo el rescate de los que viven en la calle.Los necesitados recibir\u00e1n ayuda para crear condiciones y cambiar la situaci\u00f3n que viven\",\"breadcrumb\":{\"@id\":\"https:\/\/www.fraterinternacional.org\/es\/fraternidade-inaugura-casa-de-acogimiento\/#breadcrumb\"},\"inLanguage\":\"es\",\"potentialAction\":[{\"@type\":\"ReadAction\",\"target\":[\"https:\/\/www.fraterinternacional.org\/es\/fraternidade-inaugura-casa-de-acogimiento\/\"]}]},{\"@type\":\"BreadcrumbList\",\"@id\":\"https:\/\/www.fraterinternacional.org\/es\/fraternidade-inaugura-casa-de-acogimiento\/#breadcrumb\",\"itemListElement\":[{\"@type\":\"ListItem\",\"position\":1,\"name\":\"In\u00edcio\",\"item\":\"https:\/\/www.fraterinternacional.org\/es\/\"},{\"@type\":\"ListItem\",\"position\":2,\"name\":\"Fraternidade inaugura Casa de Acogimiento\"}]},{\"@type\":\"WebSite\",\"@id\":\"https:\/\/www.fraterinternacional.org\/es\/#website\",\"url\":\"https:\/\/www.fraterinternacional.org\/es\/\",\"name\":\"Fraternidade - Federa\u00e7\u00e3o Humanit\u00e1ria Internacional\",\"description\":\"Fraternidade - Federa\u00e7\u00e3o Humanit\u00e1ria Internacional\",\"potentialAction\":[{\"@type\":\"SearchAction\",\"target\":{\"@type\":\"EntryPoint\",\"urlTemplate\":\"https:\/\/www.fraterinternacional.org\/es\/?s={search_term_string}\"},\"query-input\":\"required name=search_term_string\"}],\"inLanguage\":\"es\"},{\"@type\":\"Person\",\"@id\":\"https:\/\/www.fraterinternacional.org\/es\/#\/schema\/person\/facd24ae5f7e6b4ee1aeec7ad1b960ae\",\"name\":\"Nelson Frater\"}]}<\/script>\n<!-- \/ Yoast SEO Premium plugin. -->","yoast_head_json":{"title":"Fraternidade inaugura Casa de Acogimiento","description":"El lugar tiene como objetivo el rescate de los que viven en la calle.Los necesitados recibir\u00e1n ayuda para crear condiciones y cambiar la situaci\u00f3n que viven","robots":{"index":"index","follow":"follow","max-snippet":"max-snippet:-1","max-image-preview":"max-image-preview:large","max-video-preview":"max-video-preview:-1"},"canonical":"https:\/\/www.fraterinternacional.org\/es\/fraternidade-inaugura-casa-de-acogimiento\/","og_locale":"es_ES","og_type":"article","og_title":"Fraternidade inaugura Casa de Acogimiento","og_description":"El lugar tiene como objetivo el rescate de los que viven en la calle.Los necesitados recibir\u00e1n ayuda para crear condiciones y cambiar la situaci\u00f3n que viven","og_url":"https:\/\/www.fraterinternacional.org\/es\/fraternidade-inaugura-casa-de-acogimiento\/","og_site_name":"Fraternidade - Federa\u00e7\u00e3o Humanit\u00e1ria Internacional","article_publisher":"https:\/\/www.facebook.com\/fraternidadehumanitaria","article_published_time":"2016-07-11T21:01:32+00:00","article_modified_time":"2016-11-01T22:23:35+00:00","og_image":[{"width":690,"height":388,"url":"https:\/\/www.fraterinternacional.org\/wp-content\/uploads\/2016\/07\/moradores_de_rua_casa_acolhimento_inauguracao1.jpg","type":"image\/jpeg"}],"author":"Nelson Frater","twitter_card":"summary_large_image","twitter_creator":"@fraternidadeFHI","twitter_site":"@fraternidadeFHI","twitter_misc":{"Escrito por":"Nelson Frater","Tiempo de lectura":"2 minutos"},"schema":{"@context":"https:\/\/schema.org","@graph":[{"@type":"WebPage","@id":"https:\/\/www.fraterinternacional.org\/es\/fraternidade-inaugura-casa-de-acogimiento\/","url":"https:\/\/www.fraterinternacional.org\/es\/fraternidade-inaugura-casa-de-acogimiento\/","name":"Fraternidade inaugura Casa de Acogimiento","isPartOf":{"@id":"https:\/\/www.fraterinternacional.org\/es\/#website"},"datePublished":"2016-07-11T21:01:32+00:00","dateModified":"2016-11-01T22:23:35+00:00","author":{"@id":"https:\/\/www.fraterinternacional.org\/es\/#\/schema\/person\/facd24ae5f7e6b4ee1aeec7ad1b960ae"},"description":"El lugar tiene como objetivo el rescate de los que viven en la calle.Los necesitados recibir\u00e1n ayuda para crear condiciones y cambiar la situaci\u00f3n que viven","breadcrumb":{"@id":"https:\/\/www.fraterinternacional.org\/es\/fraternidade-inaugura-casa-de-acogimiento\/#breadcrumb"},"inLanguage":"es","potentialAction":[{"@type":"ReadAction","target":["https:\/\/www.fraterinternacional.org\/es\/fraternidade-inaugura-casa-de-acogimiento\/"]}]},{"@type":"BreadcrumbList","@id":"https:\/\/www.fraterinternacional.org\/es\/fraternidade-inaugura-casa-de-acogimiento\/#breadcrumb","itemListElement":[{"@type":"ListItem","position":1,"name":"In\u00edcio","item":"https:\/\/www.fraterinternacional.org\/es\/"},{"@type":"ListItem","position":2,"name":"Fraternidade inaugura Casa de Acogimiento"}]},{"@type":"WebSite","@id":"https:\/\/www.fraterinternacional.org\/es\/#website","url":"https:\/\/www.fraterinternacional.org\/es\/","name":"Fraternidade - Federa\u00e7\u00e3o Humanit\u00e1ria Internacional","description":"Fraternidade - Federa\u00e7\u00e3o Humanit\u00e1ria Internacional","potentialAction":[{"@type":"SearchAction","target":{"@type":"EntryPoint","urlTemplate":"https:\/\/www.fraterinternacional.org\/es\/?s={search_term_string}"},"query-input":"required name=search_term_string"}],"inLanguage":"es"},{"@type":"Person","@id":"https:\/\/www.fraterinternacional.org\/es\/#\/schema\/person\/facd24ae5f7e6b4ee1aeec7ad1b960ae","name":"Nelson Frater"}]}},"_links":{"self":[{"href":"https:\/\/www.fraterinternacional.org\/es\/wp-json\/wp\/v2\/posts\/24188"}],"collection":[{"href":"https:\/\/www.fraterinternacional.org\/es\/wp-json\/wp\/v2\/posts"}],"about":[{"href":"https:\/\/www.fraterinternacional.org\/es\/wp-json\/wp\/v2\/types\/post"}],"author":[{"embeddable":true,"href":"https:\/\/www.fraterinternacional.org\/es\/wp-json\/wp\/v2\/users\/11"}],"replies":[{"embeddable":true,"href":"https:\/\/www.fraterinternacional.org\/es\/wp-json\/wp\/v2\/comments?post=24188"}],"version-history":[{"count":0,"href":"https:\/\/www.fraterinternacional.org\/es\/wp-json\/wp\/v2\/posts\/24188\/revisions"}],"wp:featuredmedia":[{"embeddable":true,"href":"https:\/\/www.fraterinternacional.org\/es\/wp-json\/wp\/v2\/media\/24170"}],"wp:attachment":[{"href":"https:\/\/www.fraterinternacional.org\/es\/wp-json\/wp\/v2\/media?parent=24188"}],"wp:term":[{"taxonomy":"category","embeddable":true,"href":"https:\/\/www.fraterinternacional.org\/es\/wp-json\/wp\/v2\/categories?post=24188"},{"taxonomy":"post_tag","embeddable":true,"href":"https:\/\/www.fraterinternacional.org\/es\/wp-json\/wp\/v2\/tags?post=24188"}],"curies":[{"name":"wp","href":"https:\/\/api.w.org\/{rel}","templated":true}]}}