{"id":23111,"date":"2016-06-26T14:26:46","date_gmt":"2016-06-26T17:26:46","guid":{"rendered":"http:\/\/www.fraterinternacional.org\/es\/?p=23111"},"modified":"2016-11-01T19:23:53","modified_gmt":"2016-11-01T22:23:53","slug":"diario-mision-paraguay-25-junio","status":"publish","type":"post","link":"https:\/\/www.fraterinternacional.org\/es\/diario-mision-paraguay-25-junio\/","title":{"rendered":"Diario de la Misi\u00f3n Paraguay &#8211; 25 de junio"},"content":{"rendered":"<p style=\"text-align: justify;\"><strong><a href=\"http:\/\/www.fraterinternacional.org\/wp-content\/uploads\/2016\/06\/missao_paraguai_caixa_agua_dia25.jpg\"><img decoding=\"async\" class=\"alignright wp-image-23081\" src=\"http:\/\/www.fraterinternacional.org\/wp-content\/uploads\/2016\/06\/missao_paraguai_caixa_agua_dia25-178x300.jpg\" alt=\"missao_paraguai_caixa_agua_dia25\" width=\"156\" height=\"263\" srcset=\"https:\/\/www.fraterinternacional.org\/wp-content\/uploads\/2016\/06\/missao_paraguai_caixa_agua_dia25-178x300.jpg 178w, https:\/\/www.fraterinternacional.org\/wp-content\/uploads\/2016\/06\/missao_paraguai_caixa_agua_dia25-200x338.jpg 200w, https:\/\/www.fraterinternacional.org\/wp-content\/uploads\/2016\/06\/missao_paraguai_caixa_agua_dia25.jpg 300w\" sizes=\"(max-width: 156px) 100vw, 156px\" \/><\/a><\/strong><\/p>\n<p class=\"p1\"><strong><span class=\"s1\">Diario de la Misi\u00f3n Paraguay &#8211; 25 de junio<\/span><\/strong><\/p>\n<p class=\"p1\" style=\"text-align: justify;\"><span class=\"s1\">Una actividad grupal de voluntarios y un almuerzo comunitario marcaron el final de la primera etapa de la misi\u00f3n Paraguay. <\/span><\/p>\n<p class=\"p1\" style=\"text-align: justify;\"><span class=\"s1\">Diez voluntarios de la Red-Luz Paraguay y cinco estudiantes de odontolog\u00eda se unieron al grupo en la comunidad ind\u00edgena.\u00a0<\/span><\/p>\n<p class=\"p1\" style=\"text-align: justify;\"><span class=\"s1\">Fueron reparadas dos casas de pl\u00e1stico, el tanque de agua, se hizo limpieza general en el asentamiento y fue completada la colocaci\u00f3n de las tapas en los dos pozos de agua.\u00a0<\/span><span class=\"s1\">Hubo consulta m\u00e9dica y odontol\u00f3gica y recreaci\u00f3n con los ni\u00f1os. <\/span><\/p>\n<p class=\"p1\" style=\"text-align: justify;\"><span class=\"s1\">Al final del almuerzo hubo una danza ind\u00edgena Mbya Guaran\u00ed como integraci\u00f3n final.<\/span><\/p>\n<div class=\"fusion-fullwidth fullwidth-box fusion-builder-row-1 hundred-percent-fullwidth non-hundred-percent-height-scrolling\" style=\"--awb-border-radius-top-left:0px;--awb-border-radius-top-right:0px;--awb-border-radius-bottom-right:0px;--awb-border-radius-bottom-left:0px;--awb-overflow:visible;--awb-flex-wrap:wrap;\" ><div class=\"fusion-builder-row fusion-row\"><div class=\"fusion-layout-column fusion_builder_column fusion-builder-column-0 fusion_builder_column_1_1 1_1 fusion-one-full fusion-column-first fusion-column-last fusion-column-no-min-height\" style=\"--awb-bg-size:cover;--awb-margin-bottom:0px;\"><div class=\"fusion-column-wrapper fusion-flex-column-wrapper-legacy\">\n\t\t<style type=\"text\/css\">\n\t\t\t#gallery-1 {\n\t\t\t\tmargin: auto;\n\t\t\t}\n\t\t\t#gallery-1 .gallery-item {\n\t\t\t\tfloat: left;\n\t\t\t\tmargin-top: 10px;\n\t\t\t\ttext-align: center;\n\t\t\t\twidth: 50%;\n\t\t\t}\n\t\t\t#gallery-1 img {\n\t\t\t\tborder: 2px solid #cfcfcf;\n\t\t\t}\n\t\t\t#gallery-1 .gallery-caption {\n\t\t\t\tmargin-left: 0;\n\t\t\t}\n\t\t\t\/* see gallery_shortcode() in wp-includes\/media.php *\/\n\t\t<\/style>\n\t\t<div id='gallery-1' class='gallery galleryid-23111 gallery-columns-2 gallery-size-medium'><dl class='gallery-item'>\n\t\t\t<dt class='gallery-icon landscape'>\n\t\t\t\t<a data-rel=\"iLightbox[postimages]\" data-title=\"missao_paraguai_atividade_crianca_desenho\" data-caption=\"\" href='https:\/\/www.fraterinternacional.org\/wp-content\/uploads\/2016\/06\/missao_paraguai_atividade_crianca_desenho.jpg'><img decoding=\"async\" width=\"300\" height=\"169\" src=\"https:\/\/www.fraterinternacional.org\/wp-content\/uploads\/2016\/06\/missao_paraguai_atividade_crianca_desenho-300x169.jpg\" class=\"attachment-medium size-medium\" alt=\"\" srcset=\"https:\/\/www.fraterinternacional.org\/wp-content\/uploads\/2016\/06\/missao_paraguai_atividade_crianca_desenho-200x112.jpg 200w, https:\/\/www.fraterinternacional.org\/wp-content\/uploads\/2016\/06\/missao_paraguai_atividade_crianca_desenho-300x169.jpg 300w, https:\/\/www.fraterinternacional.org\/wp-content\/uploads\/2016\/06\/missao_paraguai_atividade_crianca_desenho-400x225.jpg 400w, https:\/\/www.fraterinternacional.org\/wp-content\/uploads\/2016\/06\/missao_paraguai_atividade_crianca_desenho-600x337.jpg 600w, https:\/\/www.fraterinternacional.org\/wp-content\/uploads\/2016\/06\/missao_paraguai_atividade_crianca_desenho.jpg 690w\" sizes=\"(max-width: 300px) 100vw, 300px\" \/><\/a>\n\t\t\t<\/dt><\/dl><dl class='gallery-item'>\n\t\t\t<dt class='gallery-icon landscape'>\n\t\t\t\t<a data-rel=\"iLightbox[postimages]\" data-title=\"missao_paraguai_desenhos_criancas_dia25\" data-caption=\"\" href='https:\/\/www.fraterinternacional.org\/wp-content\/uploads\/2016\/06\/missao_paraguai_desenhos_criancas_dia25.jpg'><img decoding=\"async\" width=\"300\" height=\"169\" src=\"https:\/\/www.fraterinternacional.org\/wp-content\/uploads\/2016\/06\/missao_paraguai_desenhos_criancas_dia25-300x169.jpg\" class=\"attachment-medium size-medium\" alt=\"\" srcset=\"https:\/\/www.fraterinternacional.org\/wp-content\/uploads\/2016\/06\/missao_paraguai_desenhos_criancas_dia25-200x112.jpg 200w, https:\/\/www.fraterinternacional.org\/wp-content\/uploads\/2016\/06\/missao_paraguai_desenhos_criancas_dia25-300x169.jpg 300w, https:\/\/www.fraterinternacional.org\/wp-content\/uploads\/2016\/06\/missao_paraguai_desenhos_criancas_dia25-400x225.jpg 400w, https:\/\/www.fraterinternacional.org\/wp-content\/uploads\/2016\/06\/missao_paraguai_desenhos_criancas_dia25-600x337.jpg 600w, https:\/\/www.fraterinternacional.org\/wp-content\/uploads\/2016\/06\/missao_paraguai_desenhos_criancas_dia25.jpg 690w\" sizes=\"(max-width: 300px) 100vw, 300px\" \/><\/a>\n\t\t\t<\/dt><\/dl><br style=\"clear: both\" \/><dl class='gallery-item'>\n\t\t\t<dt class='gallery-icon landscape'>\n\t\t\t\t<a data-rel=\"iLightbox[postimages]\" data-title=\"missao_paraguai_almoco1_dia25\" data-caption=\"\" href='https:\/\/www.fraterinternacional.org\/wp-content\/uploads\/2016\/06\/missao_paraguai_almoco1_dia25.jpg'><img decoding=\"async\" width=\"300\" height=\"169\" src=\"https:\/\/www.fraterinternacional.org\/wp-content\/uploads\/2016\/06\/missao_paraguai_almoco1_dia25-300x169.jpg\" class=\"attachment-medium size-medium\" alt=\"\" srcset=\"https:\/\/www.fraterinternacional.org\/wp-content\/uploads\/2016\/06\/missao_paraguai_almoco1_dia25-200x112.jpg 200w, https:\/\/www.fraterinternacional.org\/wp-content\/uploads\/2016\/06\/missao_paraguai_almoco1_dia25-300x169.jpg 300w, https:\/\/www.fraterinternacional.org\/wp-content\/uploads\/2016\/06\/missao_paraguai_almoco1_dia25-400x225.jpg 400w, https:\/\/www.fraterinternacional.org\/wp-content\/uploads\/2016\/06\/missao_paraguai_almoco1_dia25-600x337.jpg 600w, https:\/\/www.fraterinternacional.org\/wp-content\/uploads\/2016\/06\/missao_paraguai_almoco1_dia25.jpg 690w\" sizes=\"(max-width: 300px) 100vw, 300px\" \/><\/a>\n\t\t\t<\/dt><\/dl><dl class='gallery-item'>\n\t\t\t<dt class='gallery-icon landscape'>\n\t\t\t\t<a data-rel=\"iLightbox[postimages]\" data-title=\"missao_paraguai_casas_plastico_dia25\" data-caption=\"\" href='https:\/\/www.fraterinternacional.org\/wp-content\/uploads\/2016\/06\/missao_paraguai_casas_plastico_dia25.jpg'><img decoding=\"async\" width=\"300\" height=\"169\" src=\"https:\/\/www.fraterinternacional.org\/wp-content\/uploads\/2016\/06\/missao_paraguai_casas_plastico_dia25-300x169.jpg\" class=\"attachment-medium size-medium\" alt=\"\" srcset=\"https:\/\/www.fraterinternacional.org\/wp-content\/uploads\/2016\/06\/missao_paraguai_casas_plastico_dia25-200x112.jpg 200w, https:\/\/www.fraterinternacional.org\/wp-content\/uploads\/2016\/06\/missao_paraguai_casas_plastico_dia25-300x169.jpg 300w, https:\/\/www.fraterinternacional.org\/wp-content\/uploads\/2016\/06\/missao_paraguai_casas_plastico_dia25-400x225.jpg 400w, https:\/\/www.fraterinternacional.org\/wp-content\/uploads\/2016\/06\/missao_paraguai_casas_plastico_dia25-600x337.jpg 600w, https:\/\/www.fraterinternacional.org\/wp-content\/uploads\/2016\/06\/missao_paraguai_casas_plastico_dia25.jpg 690w\" sizes=\"(max-width: 300px) 100vw, 300px\" \/><\/a>\n\t\t\t<\/dt><\/dl><br style=\"clear: both\" \/>\n\t\t<\/div>\n<div class=\"fusion-clearfix\"><\/div><\/div><\/div><\/div><\/div>\n","protected":false},"excerpt":{"rendered":"<p>Diario de la Misi\u00f3n Paraguay &#8211; 25 de junio Una actividad grupal de voluntarios y un almuerzo comunitario marcaron el [&hellip;]<\/p>\n","protected":false},"author":11,"featured_media":23101,"comment_status":"closed","ping_status":"closed","sticky":false,"template":"","format":"standard","meta":{"footnotes":""},"categories":[173,105],"tags":[229,2902],"class_list":["post-23111","post","type-post","status-publish","format-standard","has-post-thumbnail","hentry","category-noticia","category-noticias-de-las-misiones","tag-diario-es","tag-mision-paraguay"],"yoast_head":"<!-- This site is optimized with the Yoast SEO Premium plugin v21.0 (Yoast SEO v21.0) - https:\/\/yoast.com\/wordpress\/plugins\/seo\/ -->\n<title>Diario de la Misi\u00f3n Paraguay - 25 de junio<\/title>\n<meta name=\"description\" content=\"Actividad grupal de voluntarios y un almuerzo comunitario marcaron el final de la primera etapa de la misi\u00f3n Paraguay. Hubo una danza ind\u00edgena.\" \/>\n<meta name=\"robots\" content=\"index, follow, max-snippet:-1, max-image-preview:large, max-video-preview:-1\" \/>\n<link rel=\"canonical\" href=\"https:\/\/www.fraterinternacional.org\/es\/diario-mision-paraguay-25-junio\/\" \/>\n<meta property=\"og:locale\" content=\"es_ES\" \/>\n<meta property=\"og:type\" content=\"article\" \/>\n<meta property=\"og:title\" content=\"Diario de la Misi\u00f3n Paraguay - 25 de junio\" \/>\n<meta property=\"og:description\" content=\"Actividad grupal de voluntarios y un almuerzo comunitario marcaron el final de la primera etapa de la misi\u00f3n Paraguay. Hubo una danza ind\u00edgena.\" \/>\n<meta property=\"og:url\" content=\"https:\/\/www.fraterinternacional.org\/es\/diario-mision-paraguay-25-junio\/\" \/>\n<meta property=\"og:site_name\" content=\"Fraternidade - Federa\u00e7\u00e3o Humanit\u00e1ria Internacional\" \/>\n<meta property=\"article:publisher\" content=\"https:\/\/www.facebook.com\/fraternidadehumanitaria\" \/>\n<meta property=\"article:published_time\" content=\"2016-06-26T17:26:46+00:00\" \/>\n<meta property=\"article:modified_time\" content=\"2016-11-01T22:23:53+00:00\" \/>\n<meta property=\"og:image\" content=\"https:\/\/www.fraterinternacional.org\/wp-content\/uploads\/2016\/06\/missao_paraguai_crianca_missionaria_chamada.jpg\" \/>\n\t<meta property=\"og:image:width\" content=\"690\" \/>\n\t<meta property=\"og:image:height\" content=\"389\" \/>\n\t<meta property=\"og:image:type\" content=\"image\/jpeg\" \/>\n<meta name=\"author\" content=\"Nelson Frater\" \/>\n<meta name=\"twitter:card\" content=\"summary_large_image\" \/>\n<meta name=\"twitter:creator\" content=\"@fraternidadeFHI\" \/>\n<meta name=\"twitter:site\" content=\"@fraternidadeFHI\" \/>\n<meta name=\"twitter:label1\" content=\"Escrito por\" \/>\n\t<meta name=\"twitter:data1\" content=\"Nelson Frater\" \/>\n\t<meta name=\"twitter:label2\" content=\"Tiempo de lectura\" \/>\n\t<meta name=\"twitter:data2\" content=\"1 minuto\" \/>\n<script type=\"application\/ld+json\" class=\"yoast-schema-graph\">{\"@context\":\"https:\/\/schema.org\",\"@graph\":[{\"@type\":\"WebPage\",\"@id\":\"https:\/\/www.fraterinternacional.org\/es\/diario-mision-paraguay-25-junio\/\",\"url\":\"https:\/\/www.fraterinternacional.org\/es\/diario-mision-paraguay-25-junio\/\",\"name\":\"Diario de la Misi\u00f3n Paraguay - 25 de junio\",\"isPartOf\":{\"@id\":\"https:\/\/www.fraterinternacional.org\/es\/#website\"},\"datePublished\":\"2016-06-26T17:26:46+00:00\",\"dateModified\":\"2016-11-01T22:23:53+00:00\",\"author\":{\"@id\":\"https:\/\/www.fraterinternacional.org\/es\/#\/schema\/person\/facd24ae5f7e6b4ee1aeec7ad1b960ae\"},\"description\":\"Actividad grupal de voluntarios y un almuerzo comunitario marcaron el final de la primera etapa de la misi\u00f3n Paraguay. Hubo una danza ind\u00edgena.\",\"breadcrumb\":{\"@id\":\"https:\/\/www.fraterinternacional.org\/es\/diario-mision-paraguay-25-junio\/#breadcrumb\"},\"inLanguage\":\"es\",\"potentialAction\":[{\"@type\":\"ReadAction\",\"target\":[\"https:\/\/www.fraterinternacional.org\/es\/diario-mision-paraguay-25-junio\/\"]}]},{\"@type\":\"BreadcrumbList\",\"@id\":\"https:\/\/www.fraterinternacional.org\/es\/diario-mision-paraguay-25-junio\/#breadcrumb\",\"itemListElement\":[{\"@type\":\"ListItem\",\"position\":1,\"name\":\"In\u00edcio\",\"item\":\"https:\/\/www.fraterinternacional.org\/es\/\"},{\"@type\":\"ListItem\",\"position\":2,\"name\":\"Diario de la Misi\u00f3n Paraguay &#8211; 25 de junio\"}]},{\"@type\":\"WebSite\",\"@id\":\"https:\/\/www.fraterinternacional.org\/es\/#website\",\"url\":\"https:\/\/www.fraterinternacional.org\/es\/\",\"name\":\"Fraternidade - Federa\u00e7\u00e3o Humanit\u00e1ria Internacional\",\"description\":\"Fraternidade - Federa\u00e7\u00e3o Humanit\u00e1ria Internacional\",\"potentialAction\":[{\"@type\":\"SearchAction\",\"target\":{\"@type\":\"EntryPoint\",\"urlTemplate\":\"https:\/\/www.fraterinternacional.org\/es\/?s={search_term_string}\"},\"query-input\":\"required name=search_term_string\"}],\"inLanguage\":\"es\"},{\"@type\":\"Person\",\"@id\":\"https:\/\/www.fraterinternacional.org\/es\/#\/schema\/person\/facd24ae5f7e6b4ee1aeec7ad1b960ae\",\"name\":\"Nelson Frater\"}]}<\/script>\n<!-- \/ Yoast SEO Premium plugin. -->","yoast_head_json":{"title":"Diario de la Misi\u00f3n Paraguay - 25 de junio","description":"Actividad grupal de voluntarios y un almuerzo comunitario marcaron el final de la primera etapa de la misi\u00f3n Paraguay. Hubo una danza ind\u00edgena.","robots":{"index":"index","follow":"follow","max-snippet":"max-snippet:-1","max-image-preview":"max-image-preview:large","max-video-preview":"max-video-preview:-1"},"canonical":"https:\/\/www.fraterinternacional.org\/es\/diario-mision-paraguay-25-junio\/","og_locale":"es_ES","og_type":"article","og_title":"Diario de la Misi\u00f3n Paraguay - 25 de junio","og_description":"Actividad grupal de voluntarios y un almuerzo comunitario marcaron el final de la primera etapa de la misi\u00f3n Paraguay. Hubo una danza ind\u00edgena.","og_url":"https:\/\/www.fraterinternacional.org\/es\/diario-mision-paraguay-25-junio\/","og_site_name":"Fraternidade - Federa\u00e7\u00e3o Humanit\u00e1ria Internacional","article_publisher":"https:\/\/www.facebook.com\/fraternidadehumanitaria","article_published_time":"2016-06-26T17:26:46+00:00","article_modified_time":"2016-11-01T22:23:53+00:00","og_image":[{"width":690,"height":389,"url":"https:\/\/www.fraterinternacional.org\/wp-content\/uploads\/2016\/06\/missao_paraguai_crianca_missionaria_chamada.jpg","type":"image\/jpeg"}],"author":"Nelson Frater","twitter_card":"summary_large_image","twitter_creator":"@fraternidadeFHI","twitter_site":"@fraternidadeFHI","twitter_misc":{"Escrito por":"Nelson Frater","Tiempo de lectura":"1 minuto"},"schema":{"@context":"https:\/\/schema.org","@graph":[{"@type":"WebPage","@id":"https:\/\/www.fraterinternacional.org\/es\/diario-mision-paraguay-25-junio\/","url":"https:\/\/www.fraterinternacional.org\/es\/diario-mision-paraguay-25-junio\/","name":"Diario de la Misi\u00f3n Paraguay - 25 de junio","isPartOf":{"@id":"https:\/\/www.fraterinternacional.org\/es\/#website"},"datePublished":"2016-06-26T17:26:46+00:00","dateModified":"2016-11-01T22:23:53+00:00","author":{"@id":"https:\/\/www.fraterinternacional.org\/es\/#\/schema\/person\/facd24ae5f7e6b4ee1aeec7ad1b960ae"},"description":"Actividad grupal de voluntarios y un almuerzo comunitario marcaron el final de la primera etapa de la misi\u00f3n Paraguay. Hubo una danza ind\u00edgena.","breadcrumb":{"@id":"https:\/\/www.fraterinternacional.org\/es\/diario-mision-paraguay-25-junio\/#breadcrumb"},"inLanguage":"es","potentialAction":[{"@type":"ReadAction","target":["https:\/\/www.fraterinternacional.org\/es\/diario-mision-paraguay-25-junio\/"]}]},{"@type":"BreadcrumbList","@id":"https:\/\/www.fraterinternacional.org\/es\/diario-mision-paraguay-25-junio\/#breadcrumb","itemListElement":[{"@type":"ListItem","position":1,"name":"In\u00edcio","item":"https:\/\/www.fraterinternacional.org\/es\/"},{"@type":"ListItem","position":2,"name":"Diario de la Misi\u00f3n Paraguay &#8211; 25 de junio"}]},{"@type":"WebSite","@id":"https:\/\/www.fraterinternacional.org\/es\/#website","url":"https:\/\/www.fraterinternacional.org\/es\/","name":"Fraternidade - Federa\u00e7\u00e3o Humanit\u00e1ria Internacional","description":"Fraternidade - Federa\u00e7\u00e3o Humanit\u00e1ria Internacional","potentialAction":[{"@type":"SearchAction","target":{"@type":"EntryPoint","urlTemplate":"https:\/\/www.fraterinternacional.org\/es\/?s={search_term_string}"},"query-input":"required name=search_term_string"}],"inLanguage":"es"},{"@type":"Person","@id":"https:\/\/www.fraterinternacional.org\/es\/#\/schema\/person\/facd24ae5f7e6b4ee1aeec7ad1b960ae","name":"Nelson Frater"}]}},"_links":{"self":[{"href":"https:\/\/www.fraterinternacional.org\/es\/wp-json\/wp\/v2\/posts\/23111"}],"collection":[{"href":"https:\/\/www.fraterinternacional.org\/es\/wp-json\/wp\/v2\/posts"}],"about":[{"href":"https:\/\/www.fraterinternacional.org\/es\/wp-json\/wp\/v2\/types\/post"}],"author":[{"embeddable":true,"href":"https:\/\/www.fraterinternacional.org\/es\/wp-json\/wp\/v2\/users\/11"}],"replies":[{"embeddable":true,"href":"https:\/\/www.fraterinternacional.org\/es\/wp-json\/wp\/v2\/comments?post=23111"}],"version-history":[{"count":0,"href":"https:\/\/www.fraterinternacional.org\/es\/wp-json\/wp\/v2\/posts\/23111\/revisions"}],"wp:featuredmedia":[{"embeddable":true,"href":"https:\/\/www.fraterinternacional.org\/es\/wp-json\/wp\/v2\/media\/23101"}],"wp:attachment":[{"href":"https:\/\/www.fraterinternacional.org\/es\/wp-json\/wp\/v2\/media?parent=23111"}],"wp:term":[{"taxonomy":"category","embeddable":true,"href":"https:\/\/www.fraterinternacional.org\/es\/wp-json\/wp\/v2\/categories?post=23111"},{"taxonomy":"post_tag","embeddable":true,"href":"https:\/\/www.fraterinternacional.org\/es\/wp-json\/wp\/v2\/tags?post=23111"}],"curies":[{"name":"wp","href":"https:\/\/api.w.org\/{rel}","templated":true}]}}