{"id":22752,"date":"2016-06-21T20:06:11","date_gmt":"2016-06-21T23:06:11","guid":{"rendered":"http:\/\/www.fraterinternacional.org\/es\/?p=22752"},"modified":"2016-11-01T19:24:03","modified_gmt":"2016-11-01T22:24:03","slug":"diario-mision-paraguay-21-junio","status":"publish","type":"post","link":"https:\/\/www.fraterinternacional.org\/es\/diario-mision-paraguay-21-junio\/","title":{"rendered":"Diario de la Misi\u00f3n Paraguay &#8211; 21 de junio"},"content":{"rendered":"<p class=\"p1\"><strong><span class=\"s1\">Diario de la Misi\u00f3n Paraguay &#8211; 21 de junio<\/span><\/strong><\/p>\n<p style=\"text-align: justify;\"><a href=\"http:\/\/www.fraterinternacional.org\/wp-content\/uploads\/2016\/06\/missao_paraguai_dia21_comunidade.jpg\"><img decoding=\"async\" class=\"alignleft size-medium wp-image-22735\" src=\"http:\/\/www.fraterinternacional.org\/wp-content\/uploads\/2016\/06\/missao_paraguai_dia21_comunidade-300x169.jpg\" alt=\"missao_paraguai_dia21_comunidade\" width=\"300\" height=\"169\" srcset=\"https:\/\/www.fraterinternacional.org\/wp-content\/uploads\/2016\/06\/missao_paraguai_dia21_comunidade-200x112.jpg 200w, https:\/\/www.fraterinternacional.org\/wp-content\/uploads\/2016\/06\/missao_paraguai_dia21_comunidade-300x169.jpg 300w, https:\/\/www.fraterinternacional.org\/wp-content\/uploads\/2016\/06\/missao_paraguai_dia21_comunidade-400x225.jpg 400w, https:\/\/www.fraterinternacional.org\/wp-content\/uploads\/2016\/06\/missao_paraguai_dia21_comunidade-600x337.jpg 600w, https:\/\/www.fraterinternacional.org\/wp-content\/uploads\/2016\/06\/missao_paraguai_dia21_comunidade.jpg 690w\" sizes=\"(max-width: 300px) 100vw, 300px\" \/><\/a><\/p>\n<p class=\"p1\" style=\"text-align: justify;\"><span class=\"s1\">Primer d\u00eda de la Misi\u00f3n. El grupo llega a la Comunidad &#8216;Yvu Por\u00e1 Renda&#8217;, de la etnia Mbya Guaran\u00ed, en la zona urbana de Ciudad del Este. Son realizados servicios de consulta m\u00e9dica y odontol\u00f3gica, corte de cabello y actividades l\u00fadicas.<a href=\"http:\/\/www.fraterinternacional.org\/wp-content\/uploads\/2016\/06\/missao_paraguai_odonto2_dia21.jpg\"><img decoding=\"async\" class=\"alignright  wp-image-22834\" src=\"http:\/\/www.fraterinternacional.org\/wp-content\/uploads\/2016\/06\/missao_paraguai_odonto2_dia21-210x300.jpg\" alt=\"missao_paraguai_odonto2_dia21\" width=\"146\" height=\"209\" srcset=\"https:\/\/www.fraterinternacional.org\/wp-content\/uploads\/2016\/06\/missao_paraguai_odonto2_dia21-200x286.jpg 200w, https:\/\/www.fraterinternacional.org\/wp-content\/uploads\/2016\/06\/missao_paraguai_odonto2_dia21-210x300.jpg 210w, https:\/\/www.fraterinternacional.org\/wp-content\/uploads\/2016\/06\/missao_paraguai_odonto2_dia21.jpg 271w\" sizes=\"(max-width: 146px) 100vw, 146px\" \/><\/a> <\/span><\/p>\n<p class=\"p1\" style=\"text-align: justify;\"><span class=\"s1\">Son detectadas muchas enfermedades de la piel y respiratorias. Fueron atendidos 15 casos m\u00e9dicos y 7 odontol\u00f3gicos, ni\u00f1os en su mayor\u00eda.\u00a0<\/span><\/p>\n<p class=\"p1\" style=\"text-align: justify;\"><span class=\"s1\">La Comunidad tiene cerca de 30 familias que sobreviven muy precariamente \u00a0en un terreno prestado por la Prefectura de Ciudad del Este. Las personas viven de la venta del reciclado de basura. En el lugar\u00a0no hay espacio para la creaci\u00f3n de una huerta.\u00a0<\/span><\/p>\n<p class=\"p1\" style=\"text-align: justify;\">\n<div class=\"fusion-fullwidth fullwidth-box fusion-builder-row-1 hundred-percent-fullwidth non-hundred-percent-height-scrolling\" style=\"--awb-border-radius-top-left:0px;--awb-border-radius-top-right:0px;--awb-border-radius-bottom-right:0px;--awb-border-radius-bottom-left:0px;--awb-overflow:visible;--awb-flex-wrap:wrap;\" ><div class=\"fusion-builder-row fusion-row\"><div class=\"fusion-layout-column fusion_builder_column fusion-builder-column-0 fusion_builder_column_1_1 1_1 fusion-one-full fusion-column-first fusion-column-last fusion-column-no-min-height\" style=\"--awb-bg-size:cover;--awb-margin-bottom:0px;\"><div class=\"fusion-column-wrapper fusion-flex-column-wrapper-legacy\">\n\t\t<style type=\"text\/css\">\n\t\t\t#gallery-1 {\n\t\t\t\tmargin: auto;\n\t\t\t}\n\t\t\t#gallery-1 .gallery-item {\n\t\t\t\tfloat: left;\n\t\t\t\tmargin-top: 10px;\n\t\t\t\ttext-align: center;\n\t\t\t\twidth: 33%;\n\t\t\t}\n\t\t\t#gallery-1 img {\n\t\t\t\tborder: 2px solid #cfcfcf;\n\t\t\t}\n\t\t\t#gallery-1 .gallery-caption {\n\t\t\t\tmargin-left: 0;\n\t\t\t}\n\t\t\t\/* see gallery_shortcode() in wp-includes\/media.php *\/\n\t\t<\/style>\n\t\t<div id='gallery-1' class='gallery galleryid-22752 gallery-columns-3 gallery-size-medium'><dl class='gallery-item'>\n\t\t\t<dt class='gallery-icon landscape'>\n\t\t\t\t<a data-rel=\"iLightbox[postimages]\" data-title=\"missao_paraguai_dia21_criancas\" data-caption=\"\" href='https:\/\/www.fraterinternacional.org\/es\/diario-mision-paraguay-21-junio\/missao_paraguai_dia21_criancas-2\/'><img decoding=\"async\" width=\"300\" height=\"169\" src=\"https:\/\/www.fraterinternacional.org\/wp-content\/uploads\/2016\/06\/missao_paraguai_dia21_criancas-300x169.jpg\" class=\"attachment-medium size-medium\" alt=\"\" srcset=\"https:\/\/www.fraterinternacional.org\/wp-content\/uploads\/2016\/06\/missao_paraguai_dia21_criancas-200x112.jpg 200w, https:\/\/www.fraterinternacional.org\/wp-content\/uploads\/2016\/06\/missao_paraguai_dia21_criancas-300x169.jpg 300w, https:\/\/www.fraterinternacional.org\/wp-content\/uploads\/2016\/06\/missao_paraguai_dia21_criancas-400x225.jpg 400w, https:\/\/www.fraterinternacional.org\/wp-content\/uploads\/2016\/06\/missao_paraguai_dia21_criancas-600x337.jpg 600w, https:\/\/www.fraterinternacional.org\/wp-content\/uploads\/2016\/06\/missao_paraguai_dia21_criancas.jpg 690w\" sizes=\"(max-width: 300px) 100vw, 300px\" \/><\/a>\n\t\t\t<\/dt><\/dl><dl class='gallery-item'>\n\t\t\t<dt class='gallery-icon landscape'>\n\t\t\t\t<a data-rel=\"iLightbox[postimages]\" data-title=\"missao_paraguai_atividade_criancas2_dia21\" data-caption=\"\" href='https:\/\/www.fraterinternacional.org\/es\/diario-mision-paraguay-21-junio\/missao_paraguai_atividade_criancas2_dia21-2\/'><img decoding=\"async\" width=\"300\" height=\"169\" src=\"https:\/\/www.fraterinternacional.org\/wp-content\/uploads\/2016\/06\/missao_paraguai_atividade_criancas2_dia21-300x169.jpg\" class=\"attachment-medium size-medium\" alt=\"\" srcset=\"https:\/\/www.fraterinternacional.org\/wp-content\/uploads\/2016\/06\/missao_paraguai_atividade_criancas2_dia21-200x112.jpg 200w, https:\/\/www.fraterinternacional.org\/wp-content\/uploads\/2016\/06\/missao_paraguai_atividade_criancas2_dia21-300x169.jpg 300w, https:\/\/www.fraterinternacional.org\/wp-content\/uploads\/2016\/06\/missao_paraguai_atividade_criancas2_dia21-400x225.jpg 400w, https:\/\/www.fraterinternacional.org\/wp-content\/uploads\/2016\/06\/missao_paraguai_atividade_criancas2_dia21-600x337.jpg 600w, https:\/\/www.fraterinternacional.org\/wp-content\/uploads\/2016\/06\/missao_paraguai_atividade_criancas2_dia21.jpg 690w\" sizes=\"(max-width: 300px) 100vw, 300px\" \/><\/a>\n\t\t\t<\/dt><\/dl><dl class='gallery-item'>\n\t\t\t<dt class='gallery-icon landscape'>\n\t\t\t\t<a data-rel=\"iLightbox[postimages]\" data-title=\"missao_paraguai_corte_cabelo_dia21\" data-caption=\"\" href='https:\/\/www.fraterinternacional.org\/es\/diario-mision-paraguay-21-junio\/missao_paraguai_corte_cabelo_dia21-2\/'><img decoding=\"async\" width=\"300\" height=\"169\" src=\"https:\/\/www.fraterinternacional.org\/wp-content\/uploads\/2016\/06\/missao_paraguai_corte_cabelo_dia21-300x169.jpg\" class=\"attachment-medium size-medium\" alt=\"\" srcset=\"https:\/\/www.fraterinternacional.org\/wp-content\/uploads\/2016\/06\/missao_paraguai_corte_cabelo_dia21-200x113.jpg 200w, https:\/\/www.fraterinternacional.org\/wp-content\/uploads\/2016\/06\/missao_paraguai_corte_cabelo_dia21-300x169.jpg 300w, https:\/\/www.fraterinternacional.org\/wp-content\/uploads\/2016\/06\/missao_paraguai_corte_cabelo_dia21-400x225.jpg 400w, https:\/\/www.fraterinternacional.org\/wp-content\/uploads\/2016\/06\/missao_paraguai_corte_cabelo_dia21.jpg 597w\" sizes=\"(max-width: 300px) 100vw, 300px\" \/><\/a>\n\t\t\t<\/dt><\/dl><br style=\"clear: both\" \/>\n\t\t<\/div>\n\n<p>&nbsp;<div class=\"fusion-clearfix\"><\/div><\/div><\/div><\/div><\/div>\n","protected":false},"excerpt":{"rendered":"<p>Diario de la Misi\u00f3n Paraguay &#8211; 21 de junio Primer d\u00eda de la Misi\u00f3n. El grupo llega a la Comunidad [&hellip;]<\/p>\n","protected":false},"author":11,"featured_media":22740,"comment_status":"closed","ping_status":"closed","sticky":false,"template":"","format":"standard","meta":{"footnotes":""},"categories":[173,105],"tags":[229,2902],"class_list":["post-22752","post","type-post","status-publish","format-standard","has-post-thumbnail","hentry","category-noticia","category-noticias-de-las-misiones","tag-diario-es","tag-mision-paraguay"],"yoast_head":"<!-- This site is optimized with the Yoast SEO Premium plugin v21.0 (Yoast SEO v21.0) - https:\/\/yoast.com\/wordpress\/plugins\/seo\/ -->\n<title>Diario de la Misi\u00f3n Paraguay 21 junio-grupo llega a la Comunidad<\/title>\n<meta name=\"description\" content=\"1\u00ba d\u00eda de la Misi\u00f3n Paraguay. El grupo de la Fraternidade-Federaci\u00f3n Humanitaria Internacional, llega a la Comunidad Ind\u00edgena pr\u00f3xima a Ciudad del Este.\" \/>\n<meta name=\"robots\" content=\"index, follow, max-snippet:-1, max-image-preview:large, max-video-preview:-1\" \/>\n<link rel=\"canonical\" href=\"https:\/\/www.fraterinternacional.org\/es\/diario-mision-paraguay-21-junio\/\" \/>\n<meta property=\"og:locale\" content=\"es_ES\" \/>\n<meta property=\"og:type\" content=\"article\" \/>\n<meta property=\"og:title\" content=\"Diario de la Misi\u00f3n Paraguay - 21 de junio\" \/>\n<meta property=\"og:description\" content=\"1\u00ba d\u00eda de la Misi\u00f3n Paraguay. El grupo de la Fraternidade-Federaci\u00f3n Humanitaria Internacional, llega a la Comunidad Ind\u00edgena pr\u00f3xima a Ciudad del Este.\" \/>\n<meta property=\"og:url\" content=\"https:\/\/www.fraterinternacional.org\/es\/diario-mision-paraguay-21-junio\/\" \/>\n<meta property=\"og:site_name\" content=\"Fraternidade - Federa\u00e7\u00e3o Humanit\u00e1ria Internacional\" \/>\n<meta property=\"article:publisher\" content=\"https:\/\/www.facebook.com\/fraternidadehumanitaria\" \/>\n<meta property=\"article:published_time\" content=\"2016-06-21T23:06:11+00:00\" \/>\n<meta property=\"article:modified_time\" content=\"2016-11-01T22:24:03+00:00\" \/>\n<meta property=\"og:image\" content=\"https:\/\/www.fraterinternacional.org\/wp-content\/uploads\/2016\/06\/missao_paraguai_dia21_onibus.jpg\" \/>\n\t<meta property=\"og:image:width\" content=\"295\" \/>\n\t<meta property=\"og:image:height\" content=\"166\" \/>\n\t<meta property=\"og:image:type\" content=\"image\/jpeg\" \/>\n<meta name=\"author\" content=\"Nelson Frater\" \/>\n<meta name=\"twitter:card\" content=\"summary_large_image\" \/>\n<meta name=\"twitter:creator\" content=\"@fraternidadeFHI\" \/>\n<meta name=\"twitter:site\" content=\"@fraternidadeFHI\" \/>\n<meta name=\"twitter:label1\" content=\"Escrito por\" \/>\n\t<meta name=\"twitter:data1\" content=\"Nelson Frater\" \/>\n\t<meta name=\"twitter:label2\" content=\"Tiempo de lectura\" \/>\n\t<meta name=\"twitter:data2\" content=\"1 minuto\" \/>\n<script type=\"application\/ld+json\" class=\"yoast-schema-graph\">{\"@context\":\"https:\/\/schema.org\",\"@graph\":[{\"@type\":\"WebPage\",\"@id\":\"https:\/\/www.fraterinternacional.org\/es\/diario-mision-paraguay-21-junio\/\",\"url\":\"https:\/\/www.fraterinternacional.org\/es\/diario-mision-paraguay-21-junio\/\",\"name\":\"Diario de la Misi\u00f3n Paraguay 21 junio-grupo llega a la Comunidad\",\"isPartOf\":{\"@id\":\"https:\/\/www.fraterinternacional.org\/es\/#website\"},\"datePublished\":\"2016-06-21T23:06:11+00:00\",\"dateModified\":\"2016-11-01T22:24:03+00:00\",\"author\":{\"@id\":\"https:\/\/www.fraterinternacional.org\/es\/#\/schema\/person\/facd24ae5f7e6b4ee1aeec7ad1b960ae\"},\"description\":\"1\u00ba d\u00eda de la Misi\u00f3n Paraguay. El grupo de la Fraternidade-Federaci\u00f3n Humanitaria Internacional, llega a la Comunidad Ind\u00edgena pr\u00f3xima a Ciudad del Este.\",\"breadcrumb\":{\"@id\":\"https:\/\/www.fraterinternacional.org\/es\/diario-mision-paraguay-21-junio\/#breadcrumb\"},\"inLanguage\":\"es\",\"potentialAction\":[{\"@type\":\"ReadAction\",\"target\":[\"https:\/\/www.fraterinternacional.org\/es\/diario-mision-paraguay-21-junio\/\"]}]},{\"@type\":\"BreadcrumbList\",\"@id\":\"https:\/\/www.fraterinternacional.org\/es\/diario-mision-paraguay-21-junio\/#breadcrumb\",\"itemListElement\":[{\"@type\":\"ListItem\",\"position\":1,\"name\":\"In\u00edcio\",\"item\":\"https:\/\/www.fraterinternacional.org\/es\/\"},{\"@type\":\"ListItem\",\"position\":2,\"name\":\"Diario de la Misi\u00f3n Paraguay &#8211; 21 de junio\"}]},{\"@type\":\"WebSite\",\"@id\":\"https:\/\/www.fraterinternacional.org\/es\/#website\",\"url\":\"https:\/\/www.fraterinternacional.org\/es\/\",\"name\":\"Fraternidade - Federa\u00e7\u00e3o Humanit\u00e1ria Internacional\",\"description\":\"Fraternidade - Federa\u00e7\u00e3o Humanit\u00e1ria Internacional\",\"potentialAction\":[{\"@type\":\"SearchAction\",\"target\":{\"@type\":\"EntryPoint\",\"urlTemplate\":\"https:\/\/www.fraterinternacional.org\/es\/?s={search_term_string}\"},\"query-input\":\"required name=search_term_string\"}],\"inLanguage\":\"es\"},{\"@type\":\"Person\",\"@id\":\"https:\/\/www.fraterinternacional.org\/es\/#\/schema\/person\/facd24ae5f7e6b4ee1aeec7ad1b960ae\",\"name\":\"Nelson Frater\"}]}<\/script>\n<!-- \/ Yoast SEO Premium plugin. -->","yoast_head_json":{"title":"Diario de la Misi\u00f3n Paraguay 21 junio-grupo llega a la Comunidad","description":"1\u00ba d\u00eda de la Misi\u00f3n Paraguay. El grupo de la Fraternidade-Federaci\u00f3n Humanitaria Internacional, llega a la Comunidad Ind\u00edgena pr\u00f3xima a Ciudad del Este.","robots":{"index":"index","follow":"follow","max-snippet":"max-snippet:-1","max-image-preview":"max-image-preview:large","max-video-preview":"max-video-preview:-1"},"canonical":"https:\/\/www.fraterinternacional.org\/es\/diario-mision-paraguay-21-junio\/","og_locale":"es_ES","og_type":"article","og_title":"Diario de la Misi\u00f3n Paraguay - 21 de junio","og_description":"1\u00ba d\u00eda de la Misi\u00f3n Paraguay. El grupo de la Fraternidade-Federaci\u00f3n Humanitaria Internacional, llega a la Comunidad Ind\u00edgena pr\u00f3xima a Ciudad del Este.","og_url":"https:\/\/www.fraterinternacional.org\/es\/diario-mision-paraguay-21-junio\/","og_site_name":"Fraternidade - Federa\u00e7\u00e3o Humanit\u00e1ria Internacional","article_publisher":"https:\/\/www.facebook.com\/fraternidadehumanitaria","article_published_time":"2016-06-21T23:06:11+00:00","article_modified_time":"2016-11-01T22:24:03+00:00","og_image":[{"width":295,"height":166,"url":"https:\/\/www.fraterinternacional.org\/wp-content\/uploads\/2016\/06\/missao_paraguai_dia21_onibus.jpg","type":"image\/jpeg"}],"author":"Nelson Frater","twitter_card":"summary_large_image","twitter_creator":"@fraternidadeFHI","twitter_site":"@fraternidadeFHI","twitter_misc":{"Escrito por":"Nelson Frater","Tiempo de lectura":"1 minuto"},"schema":{"@context":"https:\/\/schema.org","@graph":[{"@type":"WebPage","@id":"https:\/\/www.fraterinternacional.org\/es\/diario-mision-paraguay-21-junio\/","url":"https:\/\/www.fraterinternacional.org\/es\/diario-mision-paraguay-21-junio\/","name":"Diario de la Misi\u00f3n Paraguay 21 junio-grupo llega a la Comunidad","isPartOf":{"@id":"https:\/\/www.fraterinternacional.org\/es\/#website"},"datePublished":"2016-06-21T23:06:11+00:00","dateModified":"2016-11-01T22:24:03+00:00","author":{"@id":"https:\/\/www.fraterinternacional.org\/es\/#\/schema\/person\/facd24ae5f7e6b4ee1aeec7ad1b960ae"},"description":"1\u00ba d\u00eda de la Misi\u00f3n Paraguay. El grupo de la Fraternidade-Federaci\u00f3n Humanitaria Internacional, llega a la Comunidad Ind\u00edgena pr\u00f3xima a Ciudad del Este.","breadcrumb":{"@id":"https:\/\/www.fraterinternacional.org\/es\/diario-mision-paraguay-21-junio\/#breadcrumb"},"inLanguage":"es","potentialAction":[{"@type":"ReadAction","target":["https:\/\/www.fraterinternacional.org\/es\/diario-mision-paraguay-21-junio\/"]}]},{"@type":"BreadcrumbList","@id":"https:\/\/www.fraterinternacional.org\/es\/diario-mision-paraguay-21-junio\/#breadcrumb","itemListElement":[{"@type":"ListItem","position":1,"name":"In\u00edcio","item":"https:\/\/www.fraterinternacional.org\/es\/"},{"@type":"ListItem","position":2,"name":"Diario de la Misi\u00f3n Paraguay &#8211; 21 de junio"}]},{"@type":"WebSite","@id":"https:\/\/www.fraterinternacional.org\/es\/#website","url":"https:\/\/www.fraterinternacional.org\/es\/","name":"Fraternidade - Federa\u00e7\u00e3o Humanit\u00e1ria Internacional","description":"Fraternidade - Federa\u00e7\u00e3o Humanit\u00e1ria Internacional","potentialAction":[{"@type":"SearchAction","target":{"@type":"EntryPoint","urlTemplate":"https:\/\/www.fraterinternacional.org\/es\/?s={search_term_string}"},"query-input":"required name=search_term_string"}],"inLanguage":"es"},{"@type":"Person","@id":"https:\/\/www.fraterinternacional.org\/es\/#\/schema\/person\/facd24ae5f7e6b4ee1aeec7ad1b960ae","name":"Nelson Frater"}]}},"_links":{"self":[{"href":"https:\/\/www.fraterinternacional.org\/es\/wp-json\/wp\/v2\/posts\/22752"}],"collection":[{"href":"https:\/\/www.fraterinternacional.org\/es\/wp-json\/wp\/v2\/posts"}],"about":[{"href":"https:\/\/www.fraterinternacional.org\/es\/wp-json\/wp\/v2\/types\/post"}],"author":[{"embeddable":true,"href":"https:\/\/www.fraterinternacional.org\/es\/wp-json\/wp\/v2\/users\/11"}],"replies":[{"embeddable":true,"href":"https:\/\/www.fraterinternacional.org\/es\/wp-json\/wp\/v2\/comments?post=22752"}],"version-history":[{"count":0,"href":"https:\/\/www.fraterinternacional.org\/es\/wp-json\/wp\/v2\/posts\/22752\/revisions"}],"wp:featuredmedia":[{"embeddable":true,"href":"https:\/\/www.fraterinternacional.org\/es\/wp-json\/wp\/v2\/media\/22740"}],"wp:attachment":[{"href":"https:\/\/www.fraterinternacional.org\/es\/wp-json\/wp\/v2\/media?parent=22752"}],"wp:term":[{"taxonomy":"category","embeddable":true,"href":"https:\/\/www.fraterinternacional.org\/es\/wp-json\/wp\/v2\/categories?post=22752"},{"taxonomy":"post_tag","embeddable":true,"href":"https:\/\/www.fraterinternacional.org\/es\/wp-json\/wp\/v2\/tags?post=22752"}],"curies":[{"name":"wp","href":"https:\/\/api.w.org\/{rel}","templated":true}]}}