{"id":22585,"date":"2016-06-20T18:19:22","date_gmt":"2016-06-20T21:19:22","guid":{"rendered":"http:\/\/www.fraterinternacional.org\/es\/?p=22585"},"modified":"2016-11-01T19:24:05","modified_gmt":"2016-11-01T22:24:05","slug":"misioneros-fraternidade-parten-mision-paraguay","status":"publish","type":"post","link":"https:\/\/www.fraterinternacional.org\/es\/misioneros-fraternidade-parten-mision-paraguay\/","title":{"rendered":"Misioneros de la Fraternidade parten para la Misi\u00f3n Paraguay"},"content":{"rendered":"<p style=\"text-align: justify;\"><a href=\"http:\/\/www.fraterinternacional.org\/wp-content\/uploads\/2016\/06\/missao_paraguai_grupo_partida.jpg\"><img decoding=\"async\" class=\"alignleft wp-image-22587 size-medium\" src=\"http:\/\/www.fraterinternacional.org\/wp-content\/uploads\/2016\/06\/missao_paraguai_grupo_partida-300x169.jpg\" width=\"300\" height=\"169\" \/><\/a>En la madrugada de este lunes 20, los <a href=\"\/?page_id=6367\">misioneros<\/a> de la <strong>Fraternidade- Federaci\u00f3n Humanitaria Internacional,<\/strong> partir\u00e1n para la &#8216;Misi\u00f3n Paraguay- Despertando Semillas&#8217;, el trabajo ser\u00e1 realizado junto a las Comunidades Ind\u00edgenas de este pa\u00eds de Am\u00e9rica del Sur.<\/p>\n<p style=\"text-align: justify;\">El grupo est\u00e1 compuesto por diez y seis voluntarios provenientes de Argentina, Brasil, Paraguay y Uruguay. A ellos se sumar\u00e1n en la Ciudad del Este, cuatro miembros de la <a href=\"\/?page_id=6392\">Red-Luz<\/a> del Paraguay. Entre los veinte integrantes est\u00e1n residentes y colaboradores de las tres <a href=\"\/?page_id=6446\" target=\"_blank\">Comunidades-Luz<\/a> (<a href=\"http:\/\/www.comunidadefigueira.org.br\" target=\"_blank\">Figueira<\/a>, <a href=\"http:\/\/casaredencion.org\/?page_id=20\" target=\"_blank\">Fraternidad<\/a> y <a href=\"\/?page_id=72\">Hermandad<\/a>), monjes de la <a href=\"\/?page_id=6587\">Orden Gracia Misericordia<\/a> y miembros de la Red-Luz del Paraguay.<\/p>\n<p style=\"text-align: justify;\"><a href=\"http:\/\/www.fraterinternacional.org\/wp-content\/uploads\/2016\/06\/missao_paraguai_orando_casa_maria.jpg\"><img decoding=\"async\" class=\"alignright size-medium wp-image-22542\" src=\"http:\/\/www.fraterinternacional.org\/wp-content\/uploads\/2016\/06\/missao_paraguai_orando_casa_maria-300x169.jpg\" alt=\"missao_paraguai_orando_casa_maria\" width=\"300\" height=\"169\" srcset=\"https:\/\/www.fraterinternacional.org\/wp-content\/uploads\/2016\/06\/missao_paraguai_orando_casa_maria-200x112.jpg 200w, https:\/\/www.fraterinternacional.org\/wp-content\/uploads\/2016\/06\/missao_paraguai_orando_casa_maria-300x169.jpg 300w, https:\/\/www.fraterinternacional.org\/wp-content\/uploads\/2016\/06\/missao_paraguai_orando_casa_maria-400x225.jpg 400w, https:\/\/www.fraterinternacional.org\/wp-content\/uploads\/2016\/06\/missao_paraguai_orando_casa_maria-600x337.jpg 600w, https:\/\/www.fraterinternacional.org\/wp-content\/uploads\/2016\/06\/missao_paraguai_orando_casa_maria.jpg 690w\" sizes=\"(max-width: 300px) 100vw, 300px\" \/><\/a>La misi\u00f3n humanitaria internacional tendr\u00e1 una duraci\u00f3n de 14 d\u00edas y ser\u00e1 realizada en tres comunidades ind\u00edgenas Mbya y Ava Guarani de la Ciudad del Este y Presidente Franco, localizadas en el <a href=\"https:\/\/es.wikipedia.org\/wiki\/Departamento_de_Alto_Paran%C3%A1\" target=\"_blank\">departamento del Alto Paran\u00e1<\/a>, al este del Paraguay.<\/p>\n<p style=\"text-align: justify;\"><a href=\"http:\/\/www.fraterinternacional.org\/wp-content\/uploads\/2016\/06\/misao_paraguai_cerrito-qom-meninas.jpg\"><img decoding=\"async\" class=\"alignleft wp-image-22529\" src=\"http:\/\/www.fraterinternacional.org\/wp-content\/uploads\/2016\/06\/misao_paraguai_cerrito-qom-meninas-243x300.jpg\" alt=\"misao_paraguai_cerrito-qom-meninas\" width=\"178\" height=\"219\" srcset=\"https:\/\/www.fraterinternacional.org\/wp-content\/uploads\/2016\/06\/misao_paraguai_cerrito-qom-meninas-200x247.jpg 200w, https:\/\/www.fraterinternacional.org\/wp-content\/uploads\/2016\/06\/misao_paraguai_cerrito-qom-meninas-243x300.jpg 243w, https:\/\/www.fraterinternacional.org\/wp-content\/uploads\/2016\/06\/misao_paraguai_cerrito-qom-meninas-400x494.jpg 400w, https:\/\/www.fraterinternacional.org\/wp-content\/uploads\/2016\/06\/misao_paraguai_cerrito-qom-meninas.jpg 432w\" sizes=\"(max-width: 178px) 100vw, 178px\" \/><\/a>El grupo de misioneros finaliz\u00f3 el domingo 19, una semana de integraci\u00f3n y preparaci\u00f3n, cumpliendo tareas en las casas de San Jos\u00e9 y Mar\u00eda Rosa de la Paz, en Carmo de Cachoeira. Prestaron servicios en el Asilo de Ancianos San Vicente de Paula, en el galp\u00f3n de San Jos\u00e9 y en la casa recientemente cedida por la prefectura municipal para el albergue transitorio de personas sin techo. Tambi\u00e9n realizaron visitas domiciliarias y distribuci\u00f3n gratuita de frutas y hortalizas a hogares carentes. Recibieron capacitaci\u00f3n en la fabricaci\u00f3n de cocinas solares y deshidrataci\u00f3n de alimentos. Todas las actividades estuvieron permeadas por intensas sesiones de oraci\u00f3n.<\/p>\n<div class=\"fusion-fullwidth fullwidth-box fusion-builder-row-1 hundred-percent-fullwidth non-hundred-percent-height-scrolling\" style=\"--awb-border-radius-top-left:0px;--awb-border-radius-top-right:0px;--awb-border-radius-bottom-right:0px;--awb-border-radius-bottom-left:0px;--awb-overflow:visible;--awb-flex-wrap:wrap;\" ><div class=\"fusion-builder-row fusion-row\"><div class=\"fusion-layout-column fusion_builder_column fusion-builder-column-0 fusion_builder_column_1_1 1_1 fusion-one-full fusion-column-first fusion-column-last fusion-column-no-min-height\" style=\"--awb-bg-size:cover;--awb-margin-bottom:0px;\"><div class=\"fusion-column-wrapper fusion-flex-column-wrapper-legacy\">\n\t\t<style type=\"text\/css\">\n\t\t\t#gallery-1 {\n\t\t\t\tmargin: auto;\n\t\t\t}\n\t\t\t#gallery-1 .gallery-item {\n\t\t\t\tfloat: left;\n\t\t\t\tmargin-top: 10px;\n\t\t\t\ttext-align: center;\n\t\t\t\twidth: 33%;\n\t\t\t}\n\t\t\t#gallery-1 img {\n\t\t\t\tborder: 2px solid #cfcfcf;\n\t\t\t}\n\t\t\t#gallery-1 .gallery-caption {\n\t\t\t\tmargin-left: 0;\n\t\t\t}\n\t\t\t\/* see gallery_shortcode() in wp-includes\/media.php *\/\n\t\t<\/style>\n\t\t<div id='gallery-1' class='gallery galleryid-22585 gallery-columns-3 gallery-size-medium'><dl class='gallery-item'>\n\t\t\t<dt class='gallery-icon landscape'>\n\t\t\t\t<a data-rel=\"iLightbox[postimages]\" data-title=\"missao_paraguai_missionarios_asilo\" data-caption=\"\" href='https:\/\/www.fraterinternacional.org\/es\/misioneros-fraternidade-parten-mision-paraguay\/missao_paraguai_missionarios_asilo-2\/'><img decoding=\"async\" width=\"300\" height=\"169\" src=\"https:\/\/www.fraterinternacional.org\/wp-content\/uploads\/2016\/06\/missao_paraguai_missionarios_asilo-300x169.jpg\" class=\"attachment-medium size-medium\" alt=\"\" srcset=\"https:\/\/www.fraterinternacional.org\/wp-content\/uploads\/2016\/06\/missao_paraguai_missionarios_asilo-200x112.jpg 200w, https:\/\/www.fraterinternacional.org\/wp-content\/uploads\/2016\/06\/missao_paraguai_missionarios_asilo-300x169.jpg 300w, https:\/\/www.fraterinternacional.org\/wp-content\/uploads\/2016\/06\/missao_paraguai_missionarios_asilo-400x225.jpg 400w, https:\/\/www.fraterinternacional.org\/wp-content\/uploads\/2016\/06\/missao_paraguai_missionarios_asilo-600x337.jpg 600w, https:\/\/www.fraterinternacional.org\/wp-content\/uploads\/2016\/06\/missao_paraguai_missionarios_asilo.jpg 690w\" sizes=\"(max-width: 300px) 100vw, 300px\" \/><\/a>\n\t\t\t<\/dt><\/dl><dl class='gallery-item'>\n\t\t\t<dt class='gallery-icon landscape'>\n\t\t\t\t<a data-rel=\"iLightbox[postimages]\" data-title=\"missao_paraguai_feira_galpao\" data-caption=\"\" href='https:\/\/www.fraterinternacional.org\/es\/misioneros-fraternidade-parten-mision-paraguay\/missao_paraguai_feira_galpao-2\/'><img decoding=\"async\" width=\"300\" height=\"169\" src=\"https:\/\/www.fraterinternacional.org\/wp-content\/uploads\/2016\/06\/missao_paraguai_feira_galpao-300x169.jpg\" class=\"attachment-medium size-medium\" alt=\"\" srcset=\"https:\/\/www.fraterinternacional.org\/wp-content\/uploads\/2016\/06\/missao_paraguai_feira_galpao-200x112.jpg 200w, https:\/\/www.fraterinternacional.org\/wp-content\/uploads\/2016\/06\/missao_paraguai_feira_galpao-300x169.jpg 300w, https:\/\/www.fraterinternacional.org\/wp-content\/uploads\/2016\/06\/missao_paraguai_feira_galpao-400x225.jpg 400w, https:\/\/www.fraterinternacional.org\/wp-content\/uploads\/2016\/06\/missao_paraguai_feira_galpao-600x337.jpg 600w, https:\/\/www.fraterinternacional.org\/wp-content\/uploads\/2016\/06\/missao_paraguai_feira_galpao.jpg 690w\" sizes=\"(max-width: 300px) 100vw, 300px\" \/><\/a>\n\t\t\t<\/dt><\/dl><dl class='gallery-item'>\n\t\t\t<dt class='gallery-icon landscape'>\n\t\t\t\t<a data-rel=\"iLightbox[postimages]\" data-title=\"missao_paraguai_cozinha_solar\" data-caption=\"\" href='https:\/\/www.fraterinternacional.org\/es\/misioneros-fraternidade-parten-mision-paraguay\/missao_paraguai_cozinha_solar-2\/'><img decoding=\"async\" width=\"300\" height=\"169\" src=\"https:\/\/www.fraterinternacional.org\/wp-content\/uploads\/2016\/06\/missao_paraguai_cozinha_solar-300x169.jpg\" class=\"attachment-medium size-medium\" alt=\"\" srcset=\"https:\/\/www.fraterinternacional.org\/wp-content\/uploads\/2016\/06\/missao_paraguai_cozinha_solar-200x112.jpg 200w, https:\/\/www.fraterinternacional.org\/wp-content\/uploads\/2016\/06\/missao_paraguai_cozinha_solar-300x169.jpg 300w, https:\/\/www.fraterinternacional.org\/wp-content\/uploads\/2016\/06\/missao_paraguai_cozinha_solar-400x225.jpg 400w, https:\/\/www.fraterinternacional.org\/wp-content\/uploads\/2016\/06\/missao_paraguai_cozinha_solar-600x337.jpg 600w, https:\/\/www.fraterinternacional.org\/wp-content\/uploads\/2016\/06\/missao_paraguai_cozinha_solar.jpg 690w\" sizes=\"(max-width: 300px) 100vw, 300px\" \/><\/a>\n\t\t\t<\/dt><\/dl><br style=\"clear: both\" \/>\n\t\t<\/div>\n<div class=\"fusion-clearfix\"><\/div><\/div><\/div><\/div><\/div>\n","protected":false},"excerpt":{"rendered":"<p>En la madrugada de este lunes 20, los misioneros de la Fraternidade- Federaci\u00f3n Humanitaria Internacional, partir\u00e1n para la &#8216;Misi\u00f3n Paraguay- [&hellip;]<\/p>\n","protected":false},"author":11,"featured_media":22589,"comment_status":"closed","ping_status":"closed","sticky":false,"template":"","format":"standard","meta":{"footnotes":""},"categories":[173,105],"tags":[2902,97],"class_list":["post-22585","post","type-post","status-publish","format-standard","has-post-thumbnail","hentry","category-noticia","category-noticias-de-las-misiones","tag-mision-paraguay","tag-servicio-humanitario-es"],"yoast_head":"<!-- This site is optimized with the Yoast SEO Premium plugin v21.0 (Yoast SEO v21.0) - https:\/\/yoast.com\/wordpress\/plugins\/seo\/ -->\n<title>Misioneros de la Fraternidade parten para la Misi\u00f3n Paraguay<\/title>\n<meta name=\"description\" content=\"Misi\u00f3n Paraguay va a llevar ayuda a las comunidades ind\u00edgenas que viven en una situaci\u00f3n precaria en el oriente del pa\u00eds.\" \/>\n<meta name=\"robots\" content=\"index, follow, max-snippet:-1, max-image-preview:large, max-video-preview:-1\" \/>\n<link rel=\"canonical\" href=\"https:\/\/www.fraterinternacional.org\/es\/misioneros-fraternidade-parten-mision-paraguay\/\" \/>\n<meta property=\"og:locale\" content=\"es_ES\" \/>\n<meta property=\"og:type\" content=\"article\" \/>\n<meta property=\"og:title\" content=\"Misioneros de la Fraternidade parten para la Misi\u00f3n Paraguay\" \/>\n<meta property=\"og:description\" content=\"Misi\u00f3n Paraguay va a llevar ayuda a las comunidades ind\u00edgenas que viven en una situaci\u00f3n precaria en el oriente del pa\u00eds.\" \/>\n<meta property=\"og:url\" content=\"https:\/\/www.fraterinternacional.org\/es\/misioneros-fraternidade-parten-mision-paraguay\/\" \/>\n<meta property=\"og:site_name\" content=\"Fraternidade - Federa\u00e7\u00e3o Humanit\u00e1ria Internacional\" \/>\n<meta property=\"article:publisher\" content=\"https:\/\/www.facebook.com\/fraternidadehumanitaria\" \/>\n<meta property=\"article:published_time\" content=\"2016-06-20T21:19:22+00:00\" \/>\n<meta property=\"article:modified_time\" content=\"2016-11-01T22:24:05+00:00\" \/>\n<meta property=\"og:image\" content=\"https:\/\/www.fraterinternacional.org\/wp-content\/uploads\/2016\/06\/missao_paraguai_grupo_partida.jpg\" \/>\n\t<meta property=\"og:image:width\" content=\"189\" \/>\n\t<meta property=\"og:image:height\" content=\"106\" \/>\n\t<meta property=\"og:image:type\" content=\"image\/jpeg\" \/>\n<meta name=\"author\" content=\"Nelson Frater\" \/>\n<meta name=\"twitter:card\" content=\"summary_large_image\" \/>\n<meta name=\"twitter:creator\" content=\"@fraternidadeFHI\" \/>\n<meta name=\"twitter:site\" content=\"@fraternidadeFHI\" \/>\n<meta name=\"twitter:label1\" content=\"Escrito por\" \/>\n\t<meta name=\"twitter:data1\" content=\"Nelson Frater\" \/>\n\t<meta name=\"twitter:label2\" content=\"Tiempo de lectura\" \/>\n\t<meta name=\"twitter:data2\" content=\"2 minutos\" \/>\n<script type=\"application\/ld+json\" class=\"yoast-schema-graph\">{\"@context\":\"https:\/\/schema.org\",\"@graph\":[{\"@type\":\"WebPage\",\"@id\":\"https:\/\/www.fraterinternacional.org\/es\/misioneros-fraternidade-parten-mision-paraguay\/\",\"url\":\"https:\/\/www.fraterinternacional.org\/es\/misioneros-fraternidade-parten-mision-paraguay\/\",\"name\":\"Misioneros de la Fraternidade parten para la Misi\u00f3n Paraguay\",\"isPartOf\":{\"@id\":\"https:\/\/www.fraterinternacional.org\/es\/#website\"},\"datePublished\":\"2016-06-20T21:19:22+00:00\",\"dateModified\":\"2016-11-01T22:24:05+00:00\",\"author\":{\"@id\":\"https:\/\/www.fraterinternacional.org\/es\/#\/schema\/person\/facd24ae5f7e6b4ee1aeec7ad1b960ae\"},\"description\":\"Misi\u00f3n Paraguay va a llevar ayuda a las comunidades ind\u00edgenas que viven en una situaci\u00f3n precaria en el oriente del pa\u00eds.\",\"breadcrumb\":{\"@id\":\"https:\/\/www.fraterinternacional.org\/es\/misioneros-fraternidade-parten-mision-paraguay\/#breadcrumb\"},\"inLanguage\":\"es\",\"potentialAction\":[{\"@type\":\"ReadAction\",\"target\":[\"https:\/\/www.fraterinternacional.org\/es\/misioneros-fraternidade-parten-mision-paraguay\/\"]}]},{\"@type\":\"BreadcrumbList\",\"@id\":\"https:\/\/www.fraterinternacional.org\/es\/misioneros-fraternidade-parten-mision-paraguay\/#breadcrumb\",\"itemListElement\":[{\"@type\":\"ListItem\",\"position\":1,\"name\":\"In\u00edcio\",\"item\":\"https:\/\/www.fraterinternacional.org\/es\/\"},{\"@type\":\"ListItem\",\"position\":2,\"name\":\"Misioneros de la Fraternidade parten para la Misi\u00f3n Paraguay\"}]},{\"@type\":\"WebSite\",\"@id\":\"https:\/\/www.fraterinternacional.org\/es\/#website\",\"url\":\"https:\/\/www.fraterinternacional.org\/es\/\",\"name\":\"Fraternidade - Federa\u00e7\u00e3o Humanit\u00e1ria Internacional\",\"description\":\"Fraternidade - Federa\u00e7\u00e3o Humanit\u00e1ria Internacional\",\"potentialAction\":[{\"@type\":\"SearchAction\",\"target\":{\"@type\":\"EntryPoint\",\"urlTemplate\":\"https:\/\/www.fraterinternacional.org\/es\/?s={search_term_string}\"},\"query-input\":\"required name=search_term_string\"}],\"inLanguage\":\"es\"},{\"@type\":\"Person\",\"@id\":\"https:\/\/www.fraterinternacional.org\/es\/#\/schema\/person\/facd24ae5f7e6b4ee1aeec7ad1b960ae\",\"name\":\"Nelson Frater\"}]}<\/script>\n<!-- \/ Yoast SEO Premium plugin. -->","yoast_head_json":{"title":"Misioneros de la Fraternidade parten para la Misi\u00f3n Paraguay","description":"Misi\u00f3n Paraguay va a llevar ayuda a las comunidades ind\u00edgenas que viven en una situaci\u00f3n precaria en el oriente del pa\u00eds.","robots":{"index":"index","follow":"follow","max-snippet":"max-snippet:-1","max-image-preview":"max-image-preview:large","max-video-preview":"max-video-preview:-1"},"canonical":"https:\/\/www.fraterinternacional.org\/es\/misioneros-fraternidade-parten-mision-paraguay\/","og_locale":"es_ES","og_type":"article","og_title":"Misioneros de la Fraternidade parten para la Misi\u00f3n Paraguay","og_description":"Misi\u00f3n Paraguay va a llevar ayuda a las comunidades ind\u00edgenas que viven en una situaci\u00f3n precaria en el oriente del pa\u00eds.","og_url":"https:\/\/www.fraterinternacional.org\/es\/misioneros-fraternidade-parten-mision-paraguay\/","og_site_name":"Fraternidade - Federa\u00e7\u00e3o Humanit\u00e1ria Internacional","article_publisher":"https:\/\/www.facebook.com\/fraternidadehumanitaria","article_published_time":"2016-06-20T21:19:22+00:00","article_modified_time":"2016-11-01T22:24:05+00:00","og_image":[{"width":189,"height":106,"url":"https:\/\/www.fraterinternacional.org\/wp-content\/uploads\/2016\/06\/missao_paraguai_grupo_partida.jpg","type":"image\/jpeg"}],"author":"Nelson Frater","twitter_card":"summary_large_image","twitter_creator":"@fraternidadeFHI","twitter_site":"@fraternidadeFHI","twitter_misc":{"Escrito por":"Nelson Frater","Tiempo de lectura":"2 minutos"},"schema":{"@context":"https:\/\/schema.org","@graph":[{"@type":"WebPage","@id":"https:\/\/www.fraterinternacional.org\/es\/misioneros-fraternidade-parten-mision-paraguay\/","url":"https:\/\/www.fraterinternacional.org\/es\/misioneros-fraternidade-parten-mision-paraguay\/","name":"Misioneros de la Fraternidade parten para la Misi\u00f3n Paraguay","isPartOf":{"@id":"https:\/\/www.fraterinternacional.org\/es\/#website"},"datePublished":"2016-06-20T21:19:22+00:00","dateModified":"2016-11-01T22:24:05+00:00","author":{"@id":"https:\/\/www.fraterinternacional.org\/es\/#\/schema\/person\/facd24ae5f7e6b4ee1aeec7ad1b960ae"},"description":"Misi\u00f3n Paraguay va a llevar ayuda a las comunidades ind\u00edgenas que viven en una situaci\u00f3n precaria en el oriente del pa\u00eds.","breadcrumb":{"@id":"https:\/\/www.fraterinternacional.org\/es\/misioneros-fraternidade-parten-mision-paraguay\/#breadcrumb"},"inLanguage":"es","potentialAction":[{"@type":"ReadAction","target":["https:\/\/www.fraterinternacional.org\/es\/misioneros-fraternidade-parten-mision-paraguay\/"]}]},{"@type":"BreadcrumbList","@id":"https:\/\/www.fraterinternacional.org\/es\/misioneros-fraternidade-parten-mision-paraguay\/#breadcrumb","itemListElement":[{"@type":"ListItem","position":1,"name":"In\u00edcio","item":"https:\/\/www.fraterinternacional.org\/es\/"},{"@type":"ListItem","position":2,"name":"Misioneros de la Fraternidade parten para la Misi\u00f3n Paraguay"}]},{"@type":"WebSite","@id":"https:\/\/www.fraterinternacional.org\/es\/#website","url":"https:\/\/www.fraterinternacional.org\/es\/","name":"Fraternidade - Federa\u00e7\u00e3o Humanit\u00e1ria Internacional","description":"Fraternidade - Federa\u00e7\u00e3o Humanit\u00e1ria Internacional","potentialAction":[{"@type":"SearchAction","target":{"@type":"EntryPoint","urlTemplate":"https:\/\/www.fraterinternacional.org\/es\/?s={search_term_string}"},"query-input":"required name=search_term_string"}],"inLanguage":"es"},{"@type":"Person","@id":"https:\/\/www.fraterinternacional.org\/es\/#\/schema\/person\/facd24ae5f7e6b4ee1aeec7ad1b960ae","name":"Nelson Frater"}]}},"_links":{"self":[{"href":"https:\/\/www.fraterinternacional.org\/es\/wp-json\/wp\/v2\/posts\/22585"}],"collection":[{"href":"https:\/\/www.fraterinternacional.org\/es\/wp-json\/wp\/v2\/posts"}],"about":[{"href":"https:\/\/www.fraterinternacional.org\/es\/wp-json\/wp\/v2\/types\/post"}],"author":[{"embeddable":true,"href":"https:\/\/www.fraterinternacional.org\/es\/wp-json\/wp\/v2\/users\/11"}],"replies":[{"embeddable":true,"href":"https:\/\/www.fraterinternacional.org\/es\/wp-json\/wp\/v2\/comments?post=22585"}],"version-history":[{"count":0,"href":"https:\/\/www.fraterinternacional.org\/es\/wp-json\/wp\/v2\/posts\/22585\/revisions"}],"wp:featuredmedia":[{"embeddable":true,"href":"https:\/\/www.fraterinternacional.org\/es\/wp-json\/wp\/v2\/media\/22589"}],"wp:attachment":[{"href":"https:\/\/www.fraterinternacional.org\/es\/wp-json\/wp\/v2\/media?parent=22585"}],"wp:term":[{"taxonomy":"category","embeddable":true,"href":"https:\/\/www.fraterinternacional.org\/es\/wp-json\/wp\/v2\/categories?post=22585"},{"taxonomy":"post_tag","embeddable":true,"href":"https:\/\/www.fraterinternacional.org\/es\/wp-json\/wp\/v2\/tags?post=22585"}],"curies":[{"name":"wp","href":"https:\/\/api.w.org\/{rel}","templated":true}]}}