{"id":22014,"date":"2016-06-12T16:30:02","date_gmt":"2016-06-12T19:30:02","guid":{"rendered":"http:\/\/www.fraterinternacional.org\/es\/?p=22014"},"modified":"2016-11-01T19:24:09","modified_gmt":"2016-11-01T22:24:09","slug":"vivencia-de-agricultura-biodinamica-para-ninos-y-jovenes","status":"publish","type":"post","link":"https:\/\/www.fraterinternacional.org\/es\/vivencia-de-agricultura-biodinamica-para-ninos-y-jovenes\/","title":{"rendered":"Vivencia de Agricultura Biodin\u00e1mica para ni\u00f1os y j\u00f3venes"},"content":{"rendered":"<p style=\"text-align: justify;\"><a href=\"http:\/\/www.fraterinternacional.org\/wp-content\/uploads\/2016\/06\/agricultura_biodinamica_clc_ninos_jovenes_02.jpg\"><img decoding=\"async\" class=\"alignleft size-medium wp-image-22090\" src=\"http:\/\/www.fraterinternacional.org\/wp-content\/uploads\/2016\/06\/agricultura_biodinamica_clc_ninos_jovenes_02-300x169.jpg\" alt=\"agricultura_biodinamica_clc_ninos_jovenes_02\" width=\"300\" height=\"169\" srcset=\"https:\/\/www.fraterinternacional.org\/wp-content\/uploads\/2016\/06\/agricultura_biodinamica_clc_ninos_jovenes_02-200x112.jpg 200w, https:\/\/www.fraterinternacional.org\/wp-content\/uploads\/2016\/06\/agricultura_biodinamica_clc_ninos_jovenes_02-300x169.jpg 300w, https:\/\/www.fraterinternacional.org\/wp-content\/uploads\/2016\/06\/agricultura_biodinamica_clc_ninos_jovenes_02-400x225.jpg 400w, https:\/\/www.fraterinternacional.org\/wp-content\/uploads\/2016\/06\/agricultura_biodinamica_clc_ninos_jovenes_02-600x337.jpg 600w, https:\/\/www.fraterinternacional.org\/wp-content\/uploads\/2016\/06\/agricultura_biodinamica_clc_ninos_jovenes_02.jpg 690w\" sizes=\"(max-width: 300px) 100vw, 300px\" \/><\/a>Una Vivencia de Agricultura Biodin\u00e1mica para ni\u00f1os y j\u00f3venes fue desarrollada en la sede de la <a href=\"http:\/\/www.casaluzdacolina.org.br\/\" target=\"_blank\">Casa Luz de la Colina<\/a>, afiliada de la <strong>Fraternidade \u2013 Federaci\u00f3n Humanitaria Internacional<\/strong>, entre el viernes 10 y el domingo 12 de junio. Participaron quince menores de Carmo da Cachoeira, S\u00e3o Bento Abade y Boa Esperan\u00e7a, ciudades del estado de Minas Gerais, Brasil.<\/p>\n<p style=\"text-align: justify;\"><a href=\"http:\/\/www.fraterinternacional.org\/wp-content\/uploads\/2016\/06\/agricultura_biodinamica_clc_ninos_jovenes_01.jpg\"><img decoding=\"async\" class=\"alignright wp-image-22087 size-medium\" src=\"http:\/\/www.fraterinternacional.org\/wp-content\/uploads\/2016\/06\/agricultura_biodinamica_clc_ninos_jovenes_01-300x169.jpg\" width=\"300\" height=\"169\" srcset=\"https:\/\/www.fraterinternacional.org\/wp-content\/uploads\/2016\/06\/agricultura_biodinamica_clc_ninos_jovenes_01-200x112.jpg 200w, https:\/\/www.fraterinternacional.org\/wp-content\/uploads\/2016\/06\/agricultura_biodinamica_clc_ninos_jovenes_01-300x169.jpg 300w, https:\/\/www.fraterinternacional.org\/wp-content\/uploads\/2016\/06\/agricultura_biodinamica_clc_ninos_jovenes_01-400x225.jpg 400w, https:\/\/www.fraterinternacional.org\/wp-content\/uploads\/2016\/06\/agricultura_biodinamica_clc_ninos_jovenes_01-600x337.jpg 600w, https:\/\/www.fraterinternacional.org\/wp-content\/uploads\/2016\/06\/agricultura_biodinamica_clc_ninos_jovenes_01.jpg 690w\" sizes=\"(max-width: 300px) 100vw, 300px\" \/><\/a>La actividad forma parte de un proyecto conjunto de la entidad anfitriona y el instituto Recanto da Folha, de Porto Alegre, Rio Grande do Sul. Este encuentro fue el primero de varios que se llevar\u00e1n a cabo en forma mensual. En esta ocasi\u00f3n fue iniciada la construcci\u00f3n de una huerta mandala con el cultivo de hortalizas, hierbas medicinales y flores compa\u00f1eras, en un sistema integrado. Tambi\u00e9n fueron introducidos conceptos sobre la importancia del alimento saludable y soluciones sustentables dentro de un sistema de huerta.<\/p>\n<p style=\"text-align: justify;\"><a href=\"http:\/\/www.fraterinternacional.org\/wp-content\/uploads\/2016\/06\/agricultura_biodinamica_clc_ninos_jovenes_03.jpg\"><img decoding=\"async\" class=\"alignright wp-image-22093 size-medium\" src=\"http:\/\/www.fraterinternacional.org\/wp-content\/uploads\/2016\/06\/agricultura_biodinamica_clc_ninos_jovenes_03-300x169.jpg\" width=\"300\" height=\"169\" srcset=\"https:\/\/www.fraterinternacional.org\/wp-content\/uploads\/2016\/06\/agricultura_biodinamica_clc_ninos_jovenes_03-200x112.jpg 200w, https:\/\/www.fraterinternacional.org\/wp-content\/uploads\/2016\/06\/agricultura_biodinamica_clc_ninos_jovenes_03-300x169.jpg 300w, https:\/\/www.fraterinternacional.org\/wp-content\/uploads\/2016\/06\/agricultura_biodinamica_clc_ninos_jovenes_03-400x225.jpg 400w, https:\/\/www.fraterinternacional.org\/wp-content\/uploads\/2016\/06\/agricultura_biodinamica_clc_ninos_jovenes_03-600x337.jpg 600w, https:\/\/www.fraterinternacional.org\/wp-content\/uploads\/2016\/06\/agricultura_biodinamica_clc_ninos_jovenes_03.jpg 690w\" sizes=\"(max-width: 300px) 100vw, 300px\" \/><\/a>El evento, denominado \u2018Sembrando y plantando amor con ni\u00f1os y j\u00f3venes en la Tierra\u2019, \u00a0comenz\u00f3 con la proyecci\u00f3n de la comedia Divertida Mente, del norteamericano Pete Docter, en la noche del viernes; y prosigui\u00f3 con las tareas pr\u00e1cticas el s\u00e1bado (ma\u00f1ana y tarde) y el domingo (ma\u00f1ana). Fue focalizado por Aly Baptista, t\u00e9cnico ambiental, ecoeducador y asesor en permacultura, de la ciudad de Porto Alegre. El mismo explic\u00f3 que este trabajo \u2018busca integrar a ni\u00f1os y j\u00f3venes de comunidades carentes a una realidad m\u00e1s fraterna y humana, a trav\u00e9s de la pedagog\u00eda del hacer, donde los aprendizajes surgen de las actividades que los alumnos realizan, en respuesta directa a las necesidades de su entorno y no de conceptos abstractos\u2019. La experiencia ya es desarrollada en escuelas p\u00fablicas de Rio Grande do Sul y en la Asociaci\u00f3n Comunitaria Monte Azul de San Paulo.<\/p>\n<p style=\"text-align: justify;\"><a href=\"http:\/\/www.fraterinternacional.org\/wp-content\/uploads\/2016\/06\/agricultura_biodinamica_clc_ninos_jovenes_05B.jpg\"><img decoding=\"async\" class=\"alignright wp-image-22096 size-medium\" src=\"http:\/\/www.fraterinternacional.org\/wp-content\/uploads\/2016\/06\/agricultura_biodinamica_clc_ninos_jovenes_05B-300x169.jpg\" width=\"300\" height=\"169\" srcset=\"https:\/\/www.fraterinternacional.org\/wp-content\/uploads\/2016\/06\/agricultura_biodinamica_clc_ninos_jovenes_05B-200x112.jpg 200w, https:\/\/www.fraterinternacional.org\/wp-content\/uploads\/2016\/06\/agricultura_biodinamica_clc_ninos_jovenes_05B-300x169.jpg 300w, https:\/\/www.fraterinternacional.org\/wp-content\/uploads\/2016\/06\/agricultura_biodinamica_clc_ninos_jovenes_05B-400x225.jpg 400w, https:\/\/www.fraterinternacional.org\/wp-content\/uploads\/2016\/06\/agricultura_biodinamica_clc_ninos_jovenes_05B-600x337.jpg 600w, https:\/\/www.fraterinternacional.org\/wp-content\/uploads\/2016\/06\/agricultura_biodinamica_clc_ninos_jovenes_05B.jpg 690w\" sizes=\"(max-width: 300px) 100vw, 300px\" \/><\/a>Seg\u00fan el t\u00e9cnico, se entiende por agricultura biodin\u00e1mica el trabajo agr\u00edcola que es desarrollado en consonancia con las energ\u00edas que crean y mantienen la vida. Es un m\u00e9todo ecol\u00f3gico basado en las teor\u00edas de Rudolf Steiner, fundador de la Antroposof\u00eda. Utiliza fertilizantes org\u00e1nicos fabricados de una forma que respeta la salud de la tierra y de las plantas, garantizando una nutrici\u00f3n sana para los animales y el ser humano.<\/p>\n<p style=\"text-align: justify;\"><a href=\"http:\/\/www.fraterinternacional.org\/wp-content\/uploads\/2016\/06\/agricultura_biodinamica_clc_ninos_jovenes_06B.jpg\"><img decoding=\"async\" class=\"alignleft wp-image-22099 size-medium\" src=\"http:\/\/www.fraterinternacional.org\/wp-content\/uploads\/2016\/06\/agricultura_biodinamica_clc_ninos_jovenes_06B-300x169.jpg\" width=\"300\" height=\"169\" srcset=\"https:\/\/www.fraterinternacional.org\/wp-content\/uploads\/2016\/06\/agricultura_biodinamica_clc_ninos_jovenes_06B-200x112.jpg 200w, https:\/\/www.fraterinternacional.org\/wp-content\/uploads\/2016\/06\/agricultura_biodinamica_clc_ninos_jovenes_06B-300x169.jpg 300w, https:\/\/www.fraterinternacional.org\/wp-content\/uploads\/2016\/06\/agricultura_biodinamica_clc_ninos_jovenes_06B-400x225.jpg 400w, https:\/\/www.fraterinternacional.org\/wp-content\/uploads\/2016\/06\/agricultura_biodinamica_clc_ninos_jovenes_06B-600x337.jpg 600w, https:\/\/www.fraterinternacional.org\/wp-content\/uploads\/2016\/06\/agricultura_biodinamica_clc_ninos_jovenes_06B.jpg 690w\" sizes=\"(max-width: 300px) 100vw, 300px\" \/><\/a>La experiencia desarrollada en la Casa Luz de la Colina incluye el uso de varias t\u00e9cnicas sustentables como el consorcio de culturas en los cultivos de invierno; pr\u00e1cticas de permacultura en la elaboraci\u00f3n de canteros como cobertura vegetal y canteros en varios niveles; planificaci\u00f3n de la huerta para que irradie belleza al momento de producir alimentos, para que ampl\u00ede la imaginaci\u00f3n del ni\u00f1o y para que produzca una gran variedad de alimentos importantes. En los pr\u00f3ximos encuentros, los participantes tambi\u00e9n aprender\u00e1n a preparar recetas de biofertilizantes; fabricar el compost fermentado y dinamizar los preparados b\u00e1sicos de la biodin\u00e1mica.<\/p>\n","protected":false},"excerpt":{"rendered":"<p>Una Vivencia de Agricultura Biodin\u00e1mica para ni\u00f1os y j\u00f3venes fue desarrollada en la sede de la Casa Luz de la [&hellip;]<\/p>\n","protected":false},"author":16,"featured_media":22102,"comment_status":"closed","ping_status":"closed","sticky":false,"template":"","format":"standard","meta":{"footnotes":""},"categories":[173],"tags":[103,111,320],"class_list":["post-22014","post","type-post","status-publish","format-standard","has-post-thumbnail","hentry","category-noticia","tag-amor-y-servicio-a-los-reinos","tag-asociaciones-de-servicio","tag-sembrando-el-amor-en-la-humanidad"],"yoast_head":"<!-- This site is optimized with the Yoast SEO Premium plugin v21.0 (Yoast SEO v21.0) - https:\/\/yoast.com\/wordpress\/plugins\/seo\/ -->\n<title>Vivencia de Agricultura Biodin\u00e1mica para ni\u00f1os y j\u00f3venes -<\/title>\n<meta name=\"description\" content=\"Evento fue desarrollado en Casa Luz de la Colina y participaron 15 ni\u00f1os y j\u00f3venes de barrios carentes de tres ciudades de Minas Gerais.\" \/>\n<meta name=\"robots\" content=\"index, follow, max-snippet:-1, max-image-preview:large, max-video-preview:-1\" \/>\n<link rel=\"canonical\" href=\"https:\/\/www.fraterinternacional.org\/es\/vivencia-de-agricultura-biodinamica-para-ninos-y-jovenes\/\" \/>\n<meta property=\"og:locale\" content=\"es_ES\" \/>\n<meta property=\"og:type\" content=\"article\" \/>\n<meta property=\"og:title\" content=\"Vivencia de Agricultura Biodin\u00e1mica para ni\u00f1os y j\u00f3venes\" \/>\n<meta property=\"og:description\" content=\"Evento fue desarrollado en Casa Luz de la Colina y participaron 15 ni\u00f1os y j\u00f3venes de barrios carentes de tres ciudades de Minas Gerais.\" \/>\n<meta property=\"og:url\" content=\"https:\/\/www.fraterinternacional.org\/es\/vivencia-de-agricultura-biodinamica-para-ninos-y-jovenes\/\" \/>\n<meta property=\"og:site_name\" content=\"Fraternidade - Federa\u00e7\u00e3o Humanit\u00e1ria Internacional\" \/>\n<meta property=\"article:publisher\" content=\"https:\/\/www.facebook.com\/fraternidadehumanitaria\" \/>\n<meta property=\"article:published_time\" content=\"2016-06-12T19:30:02+00:00\" \/>\n<meta property=\"article:modified_time\" content=\"2016-11-01T22:24:09+00:00\" \/>\n<meta property=\"og:image\" content=\"https:\/\/www.fraterinternacional.org\/wp-content\/uploads\/2016\/06\/agricultura_biodinamica_clc_ninos_jovenes_07.jpg\" \/>\n\t<meta property=\"og:image:width\" content=\"189\" \/>\n\t<meta property=\"og:image:height\" content=\"106\" \/>\n\t<meta property=\"og:image:type\" content=\"image\/jpeg\" \/>\n<meta name=\"author\" content=\"Sergio Redator Espanhol\" \/>\n<meta name=\"twitter:card\" content=\"summary_large_image\" \/>\n<meta name=\"twitter:creator\" content=\"@fraternidadeFHI\" \/>\n<meta name=\"twitter:site\" content=\"@fraternidadeFHI\" \/>\n<meta name=\"twitter:label1\" content=\"Escrito por\" \/>\n\t<meta name=\"twitter:data1\" content=\"Sergio Redator Espanhol\" \/>\n\t<meta name=\"twitter:label2\" content=\"Tiempo de lectura\" \/>\n\t<meta name=\"twitter:data2\" content=\"2 minutos\" \/>\n<script type=\"application\/ld+json\" class=\"yoast-schema-graph\">{\"@context\":\"https:\/\/schema.org\",\"@graph\":[{\"@type\":\"WebPage\",\"@id\":\"https:\/\/www.fraterinternacional.org\/es\/vivencia-de-agricultura-biodinamica-para-ninos-y-jovenes\/\",\"url\":\"https:\/\/www.fraterinternacional.org\/es\/vivencia-de-agricultura-biodinamica-para-ninos-y-jovenes\/\",\"name\":\"Vivencia de Agricultura Biodin\u00e1mica para ni\u00f1os y j\u00f3venes -\",\"isPartOf\":{\"@id\":\"https:\/\/www.fraterinternacional.org\/es\/#website\"},\"datePublished\":\"2016-06-12T19:30:02+00:00\",\"dateModified\":\"2016-11-01T22:24:09+00:00\",\"author\":{\"@id\":\"https:\/\/www.fraterinternacional.org\/es\/#\/schema\/person\/cf24d3eac28b0e09714ecb8cbd865c28\"},\"description\":\"Evento fue desarrollado en Casa Luz de la Colina y participaron 15 ni\u00f1os y j\u00f3venes de barrios carentes de tres ciudades de Minas Gerais.\",\"breadcrumb\":{\"@id\":\"https:\/\/www.fraterinternacional.org\/es\/vivencia-de-agricultura-biodinamica-para-ninos-y-jovenes\/#breadcrumb\"},\"inLanguage\":\"es\",\"potentialAction\":[{\"@type\":\"ReadAction\",\"target\":[\"https:\/\/www.fraterinternacional.org\/es\/vivencia-de-agricultura-biodinamica-para-ninos-y-jovenes\/\"]}]},{\"@type\":\"BreadcrumbList\",\"@id\":\"https:\/\/www.fraterinternacional.org\/es\/vivencia-de-agricultura-biodinamica-para-ninos-y-jovenes\/#breadcrumb\",\"itemListElement\":[{\"@type\":\"ListItem\",\"position\":1,\"name\":\"In\u00edcio\",\"item\":\"https:\/\/www.fraterinternacional.org\/es\/\"},{\"@type\":\"ListItem\",\"position\":2,\"name\":\"Vivencia de Agricultura Biodin\u00e1mica para ni\u00f1os y j\u00f3venes\"}]},{\"@type\":\"WebSite\",\"@id\":\"https:\/\/www.fraterinternacional.org\/es\/#website\",\"url\":\"https:\/\/www.fraterinternacional.org\/es\/\",\"name\":\"Fraternidade - Federa\u00e7\u00e3o Humanit\u00e1ria Internacional\",\"description\":\"Fraternidade - Federa\u00e7\u00e3o Humanit\u00e1ria Internacional\",\"potentialAction\":[{\"@type\":\"SearchAction\",\"target\":{\"@type\":\"EntryPoint\",\"urlTemplate\":\"https:\/\/www.fraterinternacional.org\/es\/?s={search_term_string}\"},\"query-input\":\"required name=search_term_string\"}],\"inLanguage\":\"es\"},{\"@type\":\"Person\",\"@id\":\"https:\/\/www.fraterinternacional.org\/es\/#\/schema\/person\/cf24d3eac28b0e09714ecb8cbd865c28\",\"name\":\"Sergio Redator Espanhol\"}]}<\/script>\n<!-- \/ Yoast SEO Premium plugin. -->","yoast_head_json":{"title":"Vivencia de Agricultura Biodin\u00e1mica para ni\u00f1os y j\u00f3venes -","description":"Evento fue desarrollado en Casa Luz de la Colina y participaron 15 ni\u00f1os y j\u00f3venes de barrios carentes de tres ciudades de Minas Gerais.","robots":{"index":"index","follow":"follow","max-snippet":"max-snippet:-1","max-image-preview":"max-image-preview:large","max-video-preview":"max-video-preview:-1"},"canonical":"https:\/\/www.fraterinternacional.org\/es\/vivencia-de-agricultura-biodinamica-para-ninos-y-jovenes\/","og_locale":"es_ES","og_type":"article","og_title":"Vivencia de Agricultura Biodin\u00e1mica para ni\u00f1os y j\u00f3venes","og_description":"Evento fue desarrollado en Casa Luz de la Colina y participaron 15 ni\u00f1os y j\u00f3venes de barrios carentes de tres ciudades de Minas Gerais.","og_url":"https:\/\/www.fraterinternacional.org\/es\/vivencia-de-agricultura-biodinamica-para-ninos-y-jovenes\/","og_site_name":"Fraternidade - Federa\u00e7\u00e3o Humanit\u00e1ria Internacional","article_publisher":"https:\/\/www.facebook.com\/fraternidadehumanitaria","article_published_time":"2016-06-12T19:30:02+00:00","article_modified_time":"2016-11-01T22:24:09+00:00","og_image":[{"width":189,"height":106,"url":"https:\/\/www.fraterinternacional.org\/wp-content\/uploads\/2016\/06\/agricultura_biodinamica_clc_ninos_jovenes_07.jpg","type":"image\/jpeg"}],"author":"Sergio Redator Espanhol","twitter_card":"summary_large_image","twitter_creator":"@fraternidadeFHI","twitter_site":"@fraternidadeFHI","twitter_misc":{"Escrito por":"Sergio Redator Espanhol","Tiempo de lectura":"2 minutos"},"schema":{"@context":"https:\/\/schema.org","@graph":[{"@type":"WebPage","@id":"https:\/\/www.fraterinternacional.org\/es\/vivencia-de-agricultura-biodinamica-para-ninos-y-jovenes\/","url":"https:\/\/www.fraterinternacional.org\/es\/vivencia-de-agricultura-biodinamica-para-ninos-y-jovenes\/","name":"Vivencia de Agricultura Biodin\u00e1mica para ni\u00f1os y j\u00f3venes -","isPartOf":{"@id":"https:\/\/www.fraterinternacional.org\/es\/#website"},"datePublished":"2016-06-12T19:30:02+00:00","dateModified":"2016-11-01T22:24:09+00:00","author":{"@id":"https:\/\/www.fraterinternacional.org\/es\/#\/schema\/person\/cf24d3eac28b0e09714ecb8cbd865c28"},"description":"Evento fue desarrollado en Casa Luz de la Colina y participaron 15 ni\u00f1os y j\u00f3venes de barrios carentes de tres ciudades de Minas Gerais.","breadcrumb":{"@id":"https:\/\/www.fraterinternacional.org\/es\/vivencia-de-agricultura-biodinamica-para-ninos-y-jovenes\/#breadcrumb"},"inLanguage":"es","potentialAction":[{"@type":"ReadAction","target":["https:\/\/www.fraterinternacional.org\/es\/vivencia-de-agricultura-biodinamica-para-ninos-y-jovenes\/"]}]},{"@type":"BreadcrumbList","@id":"https:\/\/www.fraterinternacional.org\/es\/vivencia-de-agricultura-biodinamica-para-ninos-y-jovenes\/#breadcrumb","itemListElement":[{"@type":"ListItem","position":1,"name":"In\u00edcio","item":"https:\/\/www.fraterinternacional.org\/es\/"},{"@type":"ListItem","position":2,"name":"Vivencia de Agricultura Biodin\u00e1mica para ni\u00f1os y j\u00f3venes"}]},{"@type":"WebSite","@id":"https:\/\/www.fraterinternacional.org\/es\/#website","url":"https:\/\/www.fraterinternacional.org\/es\/","name":"Fraternidade - Federa\u00e7\u00e3o Humanit\u00e1ria Internacional","description":"Fraternidade - Federa\u00e7\u00e3o Humanit\u00e1ria Internacional","potentialAction":[{"@type":"SearchAction","target":{"@type":"EntryPoint","urlTemplate":"https:\/\/www.fraterinternacional.org\/es\/?s={search_term_string}"},"query-input":"required name=search_term_string"}],"inLanguage":"es"},{"@type":"Person","@id":"https:\/\/www.fraterinternacional.org\/es\/#\/schema\/person\/cf24d3eac28b0e09714ecb8cbd865c28","name":"Sergio Redator Espanhol"}]}},"_links":{"self":[{"href":"https:\/\/www.fraterinternacional.org\/es\/wp-json\/wp\/v2\/posts\/22014"}],"collection":[{"href":"https:\/\/www.fraterinternacional.org\/es\/wp-json\/wp\/v2\/posts"}],"about":[{"href":"https:\/\/www.fraterinternacional.org\/es\/wp-json\/wp\/v2\/types\/post"}],"author":[{"embeddable":true,"href":"https:\/\/www.fraterinternacional.org\/es\/wp-json\/wp\/v2\/users\/16"}],"replies":[{"embeddable":true,"href":"https:\/\/www.fraterinternacional.org\/es\/wp-json\/wp\/v2\/comments?post=22014"}],"version-history":[{"count":0,"href":"https:\/\/www.fraterinternacional.org\/es\/wp-json\/wp\/v2\/posts\/22014\/revisions"}],"wp:featuredmedia":[{"embeddable":true,"href":"https:\/\/www.fraterinternacional.org\/es\/wp-json\/wp\/v2\/media\/22102"}],"wp:attachment":[{"href":"https:\/\/www.fraterinternacional.org\/es\/wp-json\/wp\/v2\/media?parent=22014"}],"wp:term":[{"taxonomy":"category","embeddable":true,"href":"https:\/\/www.fraterinternacional.org\/es\/wp-json\/wp\/v2\/categories?post=22014"},{"taxonomy":"post_tag","embeddable":true,"href":"https:\/\/www.fraterinternacional.org\/es\/wp-json\/wp\/v2\/tags?post=22014"}],"curies":[{"name":"wp","href":"https:\/\/api.w.org\/{rel}","templated":true}]}}