{"id":21086,"date":"2016-06-03T11:16:36","date_gmt":"2016-06-03T14:16:36","guid":{"rendered":"http:\/\/www.fraterinternacional.org\/es\/?p=21086"},"modified":"2016-11-01T19:24:23","modified_gmt":"2016-11-01T22:24:23","slug":"el-grupo-realiza-la-2-mision-chaco-en-la-argentina","status":"publish","type":"post","link":"https:\/\/www.fraterinternacional.org\/es\/el-grupo-realiza-la-2-mision-chaco-en-la-argentina\/","title":{"rendered":"El Grupo realiza la 2\u00b0 Misi\u00f3n Chaco, en la Argentina"},"content":{"rendered":"<p style=\"text-align: justify;\">En los d\u00edas 21 y 22 de mayo, un grupo de <a href=\"\/?page_id=6367\">misioneros<\/a> vinculados a la <strong>Fraternidade- Federaci\u00f3n Humanitaria Internacional<\/strong> realiz\u00f3 la segunda Misi\u00f3n Chaco, de ayuda humanitaria en las comunidades ind\u00edgenas de la regi\u00f3n del Chaco, situada en la regi\u00f3n noreste de la Argentina.<\/p>\n<p style=\"text-align: justify;\"><a href=\"http:\/\/www.fraterinternacional.org\/wp-content\/uploads\/2016\/06\/missao_chaco_segunda_9.jpg\"><img decoding=\"async\" class=\"alignleft size-medium wp-image-21055\" src=\"http:\/\/www.fraterinternacional.org\/wp-content\/uploads\/2016\/06\/missao_chaco_segunda_9-300x169.jpg\" alt=\"missao_chaco_segunda_9\" width=\"300\" height=\"169\" srcset=\"https:\/\/www.fraterinternacional.org\/wp-content\/uploads\/2016\/06\/missao_chaco_segunda_9-200x112.jpg 200w, https:\/\/www.fraterinternacional.org\/wp-content\/uploads\/2016\/06\/missao_chaco_segunda_9-300x169.jpg 300w, https:\/\/www.fraterinternacional.org\/wp-content\/uploads\/2016\/06\/missao_chaco_segunda_9-400x225.jpg 400w, https:\/\/www.fraterinternacional.org\/wp-content\/uploads\/2016\/06\/missao_chaco_segunda_9-600x337.jpg 600w, https:\/\/www.fraterinternacional.org\/wp-content\/uploads\/2016\/06\/missao_chaco_segunda_9.jpg 690w\" sizes=\"(max-width: 300px) 100vw, 300px\" \/><\/a>Hicieron parte del grupo dos monjes de la <a href=\"\/?page_id=6587\">Orden Gracia Misericordia<\/a>, una colaboradora residente de la <a href=\"\/?page_id=72\">Comunidad-Luz de la Hermandad<\/a> (C\u00f3rdoba, Argentina) y varios colaboradores voluntarios miembros de la <a href=\"\/?page_id=6392\">Red-Luz<\/a> Argentina de las regiones de: Corrientes, Paso de los Libres, C\u00f3rdoba y Formosa. Todos trabajaron junto a los grupos de la Red-Luz local de Resistencia.<\/p>\n<p style=\"text-align: justify;\"><a href=\"http:\/\/www.fraterinternacional.org\/wp-content\/uploads\/2016\/06\/missao_chaco_segunda_2.jpg\"><img decoding=\"async\" class=\"alignright size-medium wp-image-21058\" src=\"http:\/\/www.fraterinternacional.org\/wp-content\/uploads\/2016\/06\/missao_chaco_segunda_2-200x300.jpg\" alt=\"missao_chaco_segunda_2\" width=\"200\" height=\"300\" srcset=\"https:\/\/www.fraterinternacional.org\/wp-content\/uploads\/2016\/06\/missao_chaco_segunda_2-200x300.jpg 200w, https:\/\/www.fraterinternacional.org\/wp-content\/uploads\/2016\/06\/missao_chaco_segunda_2.jpg 300w\" sizes=\"(max-width: 200px) 100vw, 200px\" \/><\/a>En el d\u00eda s\u00e1bado 21, las tareas fueron realizadas en la comunidad de Margarita Bel\u00e9n y el domingo en el barrio Mapic, en la ciudad de Resistencia. En ambas comunidades el grupo fue muy bien recibido, con mucho entusiasmo. Entre enero y febrero de 2016, un grupo de veinte y un misioneros de la Fraternidade realizaron la primera misi\u00f3n en la regi\u00f3n. Que dur\u00f3 cerca de quince d\u00edas y atendieron a centenas de personas.<\/p>\n<p style=\"text-align: justify;\"><a href=\"http:\/\/www.fraterinternacional.org\/wp-content\/uploads\/2016\/06\/missao_chaco_segunda_4.jpg\"><img decoding=\"async\" class=\"alignleft size-medium wp-image-21064\" src=\"http:\/\/www.fraterinternacional.org\/wp-content\/uploads\/2016\/06\/missao_chaco_segunda_4-201x300.jpg\" alt=\"missao_chaco_segunda_4\" width=\"201\" height=\"300\" srcset=\"https:\/\/www.fraterinternacional.org\/wp-content\/uploads\/2016\/06\/missao_chaco_segunda_4-200x299.jpg 200w, https:\/\/www.fraterinternacional.org\/wp-content\/uploads\/2016\/06\/missao_chaco_segunda_4-201x300.jpg 201w, https:\/\/www.fraterinternacional.org\/wp-content\/uploads\/2016\/06\/missao_chaco_segunda_4.jpg 214w\" sizes=\"(max-width: 201px) 100vw, 201px\" \/><\/a>&#8216;Percibimos una mayor confianza y receptividad con relaci\u00f3n a la primera misi\u00f3n. Tuvimos una gran interacci\u00f3n con los ni\u00f1os durante las distintas actividades que realizamos y que se desenvolvieron con mucha alegr\u00eda y armon\u00eda. Algunos ni\u00f1os nos llevaban con sus familias y nos presentaban a sus padres y hermanos, gener\u00e1ndose as\u00ed una oportunidad espont\u00e1nea para vincularnos e ellos, que se manten\u00edan m\u00e1s reticentes&#8217;, dice Patricia, Coordinadora del Grupo Misionero de la regi\u00f3n del Chaco.<\/p>\n<p style=\"text-align: justify;\">Durante los dos d\u00edas, los misioneros realizaron varias tareas y actividades, como diversiones y juegos con los ni\u00f1os, lavado y corte de cabello en ni\u00f1os y adultos y distribuci\u00f3n de ropas.<\/p>\n<p style=\"text-align: justify;\"><a href=\"http:\/\/www.fraterinternacional.org\/wp-content\/uploads\/2016\/06\/missao_chaco_segunda_1.jpg\"><img decoding=\"async\" class=\"alignright size-medium wp-image-21067\" src=\"http:\/\/www.fraterinternacional.org\/wp-content\/uploads\/2016\/06\/missao_chaco_segunda_1-300x169.jpg\" alt=\"missao_chaco_segunda_1\" width=\"300\" height=\"169\" srcset=\"https:\/\/www.fraterinternacional.org\/wp-content\/uploads\/2016\/06\/missao_chaco_segunda_1-200x112.jpg 200w, https:\/\/www.fraterinternacional.org\/wp-content\/uploads\/2016\/06\/missao_chaco_segunda_1-300x169.jpg 300w, https:\/\/www.fraterinternacional.org\/wp-content\/uploads\/2016\/06\/missao_chaco_segunda_1-400x225.jpg 400w, https:\/\/www.fraterinternacional.org\/wp-content\/uploads\/2016\/06\/missao_chaco_segunda_1-600x337.jpg 600w, https:\/\/www.fraterinternacional.org\/wp-content\/uploads\/2016\/06\/missao_chaco_segunda_1.jpg 690w\" sizes=\"(max-width: 300px) 100vw, 300px\" \/><\/a>El grupo tambi\u00e9n tuvo la oportunidad de servir junto al Reino Animal. En la comunidad de Margarita Bel\u00e9n fueron vacunados 78 perros y en Mapic fueron 88 animales. Las vacunas fueron para combatir par\u00e1sitos internos y externos.<\/p>\n<p style=\"text-align: justify;\">Al final de las actividades en cada comunidad, el grupo de misioneros compartieron una comida y se desped\u00edan con m\u00fasica y alabanzas.<\/p>\n<p style=\"text-align: justify;\">&#8216;Sobre la humilde conducci\u00f3n de San Jos\u00e9 y la protecci\u00f3n de Nuestra Madre y Jesus Cristo, vivimos dos d\u00edas fraternos, con la alegr\u00eda de poder compartir en unidad con nuestros hermanos. Sus abrazos, cari\u00f1os, risas y miradas puros nos nutren e impulsan a seguir las misiones&#8217;, dice Patricia.<\/p>\n<div class=\"fusion-fullwidth fullwidth-box fusion-builder-row-1 hundred-percent-fullwidth non-hundred-percent-height-scrolling\" style=\"--awb-border-radius-top-left:0px;--awb-border-radius-top-right:0px;--awb-border-radius-bottom-right:0px;--awb-border-radius-bottom-left:0px;--awb-overflow:visible;--awb-flex-wrap:wrap;\" ><div class=\"fusion-builder-row fusion-row\"><div class=\"fusion-layout-column fusion_builder_column fusion-builder-column-0 fusion_builder_column_1_1 1_1 fusion-one-full fusion-column-first fusion-column-last fusion-column-no-min-height\" style=\"--awb-bg-size:cover;--awb-margin-bottom:0px;\"><div class=\"fusion-column-wrapper fusion-flex-column-wrapper-legacy\">\n\t\t<style type=\"text\/css\">\n\t\t\t#gallery-1 {\n\t\t\t\tmargin: auto;\n\t\t\t}\n\t\t\t#gallery-1 .gallery-item {\n\t\t\t\tfloat: left;\n\t\t\t\tmargin-top: 10px;\n\t\t\t\ttext-align: center;\n\t\t\t\twidth: 33%;\n\t\t\t}\n\t\t\t#gallery-1 img {\n\t\t\t\tborder: 2px solid #cfcfcf;\n\t\t\t}\n\t\t\t#gallery-1 .gallery-caption {\n\t\t\t\tmargin-left: 0;\n\t\t\t}\n\t\t\t\/* see gallery_shortcode() in wp-includes\/media.php *\/\n\t\t<\/style>\n\t\t<div id='gallery-1' class='gallery galleryid-21086 gallery-columns-3 gallery-size-medium'><dl class='gallery-item'>\n\t\t\t<dt class='gallery-icon landscape'>\n\t\t\t\t<a data-rel=\"iLightbox[postimages]\" data-title=\"missao_chaco_segunda_7\" data-caption=\"\" href='https:\/\/www.fraterinternacional.org\/es\/el-grupo-realiza-la-2-mision-chaco-en-la-argentina\/missao_chaco_segunda_7-2\/'><img decoding=\"async\" width=\"300\" height=\"169\" src=\"https:\/\/www.fraterinternacional.org\/wp-content\/uploads\/2016\/06\/missao_chaco_segunda_7-300x169.jpg\" class=\"attachment-medium size-medium\" alt=\"\" srcset=\"https:\/\/www.fraterinternacional.org\/wp-content\/uploads\/2016\/06\/missao_chaco_segunda_7-200x112.jpg 200w, https:\/\/www.fraterinternacional.org\/wp-content\/uploads\/2016\/06\/missao_chaco_segunda_7-300x169.jpg 300w, https:\/\/www.fraterinternacional.org\/wp-content\/uploads\/2016\/06\/missao_chaco_segunda_7-400x225.jpg 400w, https:\/\/www.fraterinternacional.org\/wp-content\/uploads\/2016\/06\/missao_chaco_segunda_7-600x337.jpg 600w, https:\/\/www.fraterinternacional.org\/wp-content\/uploads\/2016\/06\/missao_chaco_segunda_7.jpg 690w\" sizes=\"(max-width: 300px) 100vw, 300px\" \/><\/a>\n\t\t\t<\/dt><\/dl><dl class='gallery-item'>\n\t\t\t<dt class='gallery-icon landscape'>\n\t\t\t\t<a data-rel=\"iLightbox[postimages]\" data-title=\"missao_chaco_segunda_6\" data-caption=\"\" href='https:\/\/www.fraterinternacional.org\/es\/el-grupo-realiza-la-2-mision-chaco-en-la-argentina\/missao_chaco_segunda_6-2\/'><img decoding=\"async\" width=\"300\" height=\"169\" src=\"https:\/\/www.fraterinternacional.org\/wp-content\/uploads\/2016\/06\/missao_chaco_segunda_6-300x169.jpg\" class=\"attachment-medium size-medium\" alt=\"\" srcset=\"https:\/\/www.fraterinternacional.org\/wp-content\/uploads\/2016\/06\/missao_chaco_segunda_6-200x112.jpg 200w, https:\/\/www.fraterinternacional.org\/wp-content\/uploads\/2016\/06\/missao_chaco_segunda_6-300x169.jpg 300w, https:\/\/www.fraterinternacional.org\/wp-content\/uploads\/2016\/06\/missao_chaco_segunda_6-400x225.jpg 400w, https:\/\/www.fraterinternacional.org\/wp-content\/uploads\/2016\/06\/missao_chaco_segunda_6-600x337.jpg 600w, https:\/\/www.fraterinternacional.org\/wp-content\/uploads\/2016\/06\/missao_chaco_segunda_6.jpg 690w\" sizes=\"(max-width: 300px) 100vw, 300px\" \/><\/a>\n\t\t\t<\/dt><\/dl><dl class='gallery-item'>\n\t\t\t<dt class='gallery-icon landscape'>\n\t\t\t\t<a data-rel=\"iLightbox[postimages]\" data-title=\"missao_chaco_segunda_8\" data-caption=\"\" href='https:\/\/www.fraterinternacional.org\/es\/el-grupo-realiza-la-2-mision-chaco-en-la-argentina\/missao_chaco_segunda_8-2\/'><img decoding=\"async\" width=\"300\" height=\"169\" src=\"https:\/\/www.fraterinternacional.org\/wp-content\/uploads\/2016\/06\/missao_chaco_segunda_8-300x169.jpg\" class=\"attachment-medium size-medium\" alt=\"\" srcset=\"https:\/\/www.fraterinternacional.org\/wp-content\/uploads\/2016\/06\/missao_chaco_segunda_8-200x112.jpg 200w, https:\/\/www.fraterinternacional.org\/wp-content\/uploads\/2016\/06\/missao_chaco_segunda_8-300x169.jpg 300w, https:\/\/www.fraterinternacional.org\/wp-content\/uploads\/2016\/06\/missao_chaco_segunda_8-400x225.jpg 400w, https:\/\/www.fraterinternacional.org\/wp-content\/uploads\/2016\/06\/missao_chaco_segunda_8-600x337.jpg 600w, https:\/\/www.fraterinternacional.org\/wp-content\/uploads\/2016\/06\/missao_chaco_segunda_8.jpg 690w\" sizes=\"(max-width: 300px) 100vw, 300px\" \/><\/a>\n\t\t\t<\/dt><\/dl><br style=\"clear: both\" \/>\n\t\t<\/div>\n<div class=\"fusion-clearfix\"><\/div><\/div><\/div><\/div><\/div>\n","protected":false},"excerpt":{"rendered":"<p>En los d\u00edas 21 y 22 de mayo, un grupo de misioneros vinculados a la Fraternidade- Federaci\u00f3n Humanitaria Internacional realiz\u00f3 [&hellip;]<\/p>\n","protected":false},"author":11,"featured_media":21054,"comment_status":"closed","ping_status":"closed","sticky":false,"template":"","format":"standard","meta":{"footnotes":""},"categories":[173,105],"tags":[191,97],"class_list":["post-21086","post","type-post","status-publish","format-standard","has-post-thumbnail","hentry","category-noticia","category-noticias-de-las-misiones","tag-mision-chaco","tag-servicio-humanitario-es"],"yoast_head":"<!-- This site is optimized with the Yoast SEO Premium plugin v21.0 (Yoast SEO v21.0) - https:\/\/yoast.com\/wordpress\/plugins\/seo\/ -->\n<title>El Grupo realiza la 2\u00b0 Misi\u00f3n Chaco, en la Argentina -<\/title>\n<meta name=\"description\" content=\"Grupo de la Misi\u00f3n Chaco realiz\u00f3 actividades de ayuda humanitaria en las comunidades ind\u00edgenas de Margarita Bel\u00e9n y Mapic.\" \/>\n<meta name=\"robots\" content=\"index, follow, max-snippet:-1, max-image-preview:large, max-video-preview:-1\" \/>\n<link rel=\"canonical\" href=\"https:\/\/www.fraterinternacional.org\/es\/el-grupo-realiza-la-2-mision-chaco-en-la-argentina\/\" \/>\n<meta property=\"og:locale\" content=\"es_ES\" \/>\n<meta property=\"og:type\" content=\"article\" \/>\n<meta property=\"og:title\" content=\"El Grupo realiza la 2\u00b0 Misi\u00f3n Chaco, en la Argentina\" \/>\n<meta property=\"og:description\" content=\"Grupo de la Misi\u00f3n Chaco realiz\u00f3 actividades de ayuda humanitaria en las comunidades ind\u00edgenas de Margarita Bel\u00e9n y Mapic.\" \/>\n<meta property=\"og:url\" content=\"https:\/\/www.fraterinternacional.org\/es\/el-grupo-realiza-la-2-mision-chaco-en-la-argentina\/\" \/>\n<meta property=\"og:site_name\" content=\"Fraternidade - Federa\u00e7\u00e3o Humanit\u00e1ria Internacional\" \/>\n<meta property=\"article:publisher\" content=\"https:\/\/www.facebook.com\/fraternidadehumanitaria\" \/>\n<meta property=\"article:published_time\" content=\"2016-06-03T14:16:36+00:00\" \/>\n<meta property=\"article:modified_time\" content=\"2016-11-01T22:24:23+00:00\" \/>\n<meta property=\"og:image\" content=\"https:\/\/www.fraterinternacional.org\/wp-content\/uploads\/2016\/06\/missao_chaco_segunda_5.jpg\" \/>\n\t<meta property=\"og:image:width\" content=\"690\" \/>\n\t<meta property=\"og:image:height\" content=\"388\" \/>\n\t<meta property=\"og:image:type\" content=\"image\/jpeg\" \/>\n<meta name=\"author\" content=\"Nelson Frater\" \/>\n<meta name=\"twitter:card\" content=\"summary_large_image\" \/>\n<meta name=\"twitter:creator\" content=\"@fraternidadeFHI\" \/>\n<meta name=\"twitter:site\" content=\"@fraternidadeFHI\" \/>\n<meta name=\"twitter:label1\" content=\"Escrito por\" \/>\n\t<meta name=\"twitter:data1\" content=\"Nelson Frater\" \/>\n\t<meta name=\"twitter:label2\" content=\"Tiempo de lectura\" \/>\n\t<meta name=\"twitter:data2\" content=\"2 minutos\" \/>\n<script type=\"application\/ld+json\" class=\"yoast-schema-graph\">{\"@context\":\"https:\/\/schema.org\",\"@graph\":[{\"@type\":\"WebPage\",\"@id\":\"https:\/\/www.fraterinternacional.org\/es\/el-grupo-realiza-la-2-mision-chaco-en-la-argentina\/\",\"url\":\"https:\/\/www.fraterinternacional.org\/es\/el-grupo-realiza-la-2-mision-chaco-en-la-argentina\/\",\"name\":\"El Grupo realiza la 2\u00b0 Misi\u00f3n Chaco, en la Argentina -\",\"isPartOf\":{\"@id\":\"https:\/\/www.fraterinternacional.org\/es\/#website\"},\"datePublished\":\"2016-06-03T14:16:36+00:00\",\"dateModified\":\"2016-11-01T22:24:23+00:00\",\"author\":{\"@id\":\"https:\/\/www.fraterinternacional.org\/es\/#\/schema\/person\/facd24ae5f7e6b4ee1aeec7ad1b960ae\"},\"description\":\"Grupo de la Misi\u00f3n Chaco realiz\u00f3 actividades de ayuda humanitaria en las comunidades ind\u00edgenas de Margarita Bel\u00e9n y Mapic.\",\"breadcrumb\":{\"@id\":\"https:\/\/www.fraterinternacional.org\/es\/el-grupo-realiza-la-2-mision-chaco-en-la-argentina\/#breadcrumb\"},\"inLanguage\":\"es\",\"potentialAction\":[{\"@type\":\"ReadAction\",\"target\":[\"https:\/\/www.fraterinternacional.org\/es\/el-grupo-realiza-la-2-mision-chaco-en-la-argentina\/\"]}]},{\"@type\":\"BreadcrumbList\",\"@id\":\"https:\/\/www.fraterinternacional.org\/es\/el-grupo-realiza-la-2-mision-chaco-en-la-argentina\/#breadcrumb\",\"itemListElement\":[{\"@type\":\"ListItem\",\"position\":1,\"name\":\"In\u00edcio\",\"item\":\"https:\/\/www.fraterinternacional.org\/es\/\"},{\"@type\":\"ListItem\",\"position\":2,\"name\":\"El Grupo realiza la 2\u00b0 Misi\u00f3n Chaco, en la Argentina\"}]},{\"@type\":\"WebSite\",\"@id\":\"https:\/\/www.fraterinternacional.org\/es\/#website\",\"url\":\"https:\/\/www.fraterinternacional.org\/es\/\",\"name\":\"Fraternidade - Federa\u00e7\u00e3o Humanit\u00e1ria Internacional\",\"description\":\"Fraternidade - Federa\u00e7\u00e3o Humanit\u00e1ria Internacional\",\"potentialAction\":[{\"@type\":\"SearchAction\",\"target\":{\"@type\":\"EntryPoint\",\"urlTemplate\":\"https:\/\/www.fraterinternacional.org\/es\/?s={search_term_string}\"},\"query-input\":\"required name=search_term_string\"}],\"inLanguage\":\"es\"},{\"@type\":\"Person\",\"@id\":\"https:\/\/www.fraterinternacional.org\/es\/#\/schema\/person\/facd24ae5f7e6b4ee1aeec7ad1b960ae\",\"name\":\"Nelson Frater\"}]}<\/script>\n<!-- \/ Yoast SEO Premium plugin. -->","yoast_head_json":{"title":"El Grupo realiza la 2\u00b0 Misi\u00f3n Chaco, en la Argentina -","description":"Grupo de la Misi\u00f3n Chaco realiz\u00f3 actividades de ayuda humanitaria en las comunidades ind\u00edgenas de Margarita Bel\u00e9n y Mapic.","robots":{"index":"index","follow":"follow","max-snippet":"max-snippet:-1","max-image-preview":"max-image-preview:large","max-video-preview":"max-video-preview:-1"},"canonical":"https:\/\/www.fraterinternacional.org\/es\/el-grupo-realiza-la-2-mision-chaco-en-la-argentina\/","og_locale":"es_ES","og_type":"article","og_title":"El Grupo realiza la 2\u00b0 Misi\u00f3n Chaco, en la Argentina","og_description":"Grupo de la Misi\u00f3n Chaco realiz\u00f3 actividades de ayuda humanitaria en las comunidades ind\u00edgenas de Margarita Bel\u00e9n y Mapic.","og_url":"https:\/\/www.fraterinternacional.org\/es\/el-grupo-realiza-la-2-mision-chaco-en-la-argentina\/","og_site_name":"Fraternidade - Federa\u00e7\u00e3o Humanit\u00e1ria Internacional","article_publisher":"https:\/\/www.facebook.com\/fraternidadehumanitaria","article_published_time":"2016-06-03T14:16:36+00:00","article_modified_time":"2016-11-01T22:24:23+00:00","og_image":[{"width":690,"height":388,"url":"https:\/\/www.fraterinternacional.org\/wp-content\/uploads\/2016\/06\/missao_chaco_segunda_5.jpg","type":"image\/jpeg"}],"author":"Nelson Frater","twitter_card":"summary_large_image","twitter_creator":"@fraternidadeFHI","twitter_site":"@fraternidadeFHI","twitter_misc":{"Escrito por":"Nelson Frater","Tiempo de lectura":"2 minutos"},"schema":{"@context":"https:\/\/schema.org","@graph":[{"@type":"WebPage","@id":"https:\/\/www.fraterinternacional.org\/es\/el-grupo-realiza-la-2-mision-chaco-en-la-argentina\/","url":"https:\/\/www.fraterinternacional.org\/es\/el-grupo-realiza-la-2-mision-chaco-en-la-argentina\/","name":"El Grupo realiza la 2\u00b0 Misi\u00f3n Chaco, en la Argentina -","isPartOf":{"@id":"https:\/\/www.fraterinternacional.org\/es\/#website"},"datePublished":"2016-06-03T14:16:36+00:00","dateModified":"2016-11-01T22:24:23+00:00","author":{"@id":"https:\/\/www.fraterinternacional.org\/es\/#\/schema\/person\/facd24ae5f7e6b4ee1aeec7ad1b960ae"},"description":"Grupo de la Misi\u00f3n Chaco realiz\u00f3 actividades de ayuda humanitaria en las comunidades ind\u00edgenas de Margarita Bel\u00e9n y Mapic.","breadcrumb":{"@id":"https:\/\/www.fraterinternacional.org\/es\/el-grupo-realiza-la-2-mision-chaco-en-la-argentina\/#breadcrumb"},"inLanguage":"es","potentialAction":[{"@type":"ReadAction","target":["https:\/\/www.fraterinternacional.org\/es\/el-grupo-realiza-la-2-mision-chaco-en-la-argentina\/"]}]},{"@type":"BreadcrumbList","@id":"https:\/\/www.fraterinternacional.org\/es\/el-grupo-realiza-la-2-mision-chaco-en-la-argentina\/#breadcrumb","itemListElement":[{"@type":"ListItem","position":1,"name":"In\u00edcio","item":"https:\/\/www.fraterinternacional.org\/es\/"},{"@type":"ListItem","position":2,"name":"El Grupo realiza la 2\u00b0 Misi\u00f3n Chaco, en la Argentina"}]},{"@type":"WebSite","@id":"https:\/\/www.fraterinternacional.org\/es\/#website","url":"https:\/\/www.fraterinternacional.org\/es\/","name":"Fraternidade - Federa\u00e7\u00e3o Humanit\u00e1ria Internacional","description":"Fraternidade - Federa\u00e7\u00e3o Humanit\u00e1ria Internacional","potentialAction":[{"@type":"SearchAction","target":{"@type":"EntryPoint","urlTemplate":"https:\/\/www.fraterinternacional.org\/es\/?s={search_term_string}"},"query-input":"required name=search_term_string"}],"inLanguage":"es"},{"@type":"Person","@id":"https:\/\/www.fraterinternacional.org\/es\/#\/schema\/person\/facd24ae5f7e6b4ee1aeec7ad1b960ae","name":"Nelson Frater"}]}},"_links":{"self":[{"href":"https:\/\/www.fraterinternacional.org\/es\/wp-json\/wp\/v2\/posts\/21086"}],"collection":[{"href":"https:\/\/www.fraterinternacional.org\/es\/wp-json\/wp\/v2\/posts"}],"about":[{"href":"https:\/\/www.fraterinternacional.org\/es\/wp-json\/wp\/v2\/types\/post"}],"author":[{"embeddable":true,"href":"https:\/\/www.fraterinternacional.org\/es\/wp-json\/wp\/v2\/users\/11"}],"replies":[{"embeddable":true,"href":"https:\/\/www.fraterinternacional.org\/es\/wp-json\/wp\/v2\/comments?post=21086"}],"version-history":[{"count":0,"href":"https:\/\/www.fraterinternacional.org\/es\/wp-json\/wp\/v2\/posts\/21086\/revisions"}],"wp:featuredmedia":[{"embeddable":true,"href":"https:\/\/www.fraterinternacional.org\/es\/wp-json\/wp\/v2\/media\/21054"}],"wp:attachment":[{"href":"https:\/\/www.fraterinternacional.org\/es\/wp-json\/wp\/v2\/media?parent=21086"}],"wp:term":[{"taxonomy":"category","embeddable":true,"href":"https:\/\/www.fraterinternacional.org\/es\/wp-json\/wp\/v2\/categories?post=21086"},{"taxonomy":"post_tag","embeddable":true,"href":"https:\/\/www.fraterinternacional.org\/es\/wp-json\/wp\/v2\/tags?post=21086"}],"curies":[{"name":"wp","href":"https:\/\/api.w.org\/{rel}","templated":true}]}}