{"id":19956,"date":"2016-05-24T14:09:19","date_gmt":"2016-05-24T17:09:19","guid":{"rendered":"http:\/\/www.fraterinternacional.org\/es\/?p=19956"},"modified":"2016-11-01T19:24:36","modified_gmt":"2016-11-01T22:24:36","slug":"comunidad-luz-nueva-tierra-recibe-caballos-emancipados","status":"publish","type":"post","link":"https:\/\/www.fraterinternacional.org\/es\/comunidad-luz-nueva-tierra-recibe-caballos-emancipados\/","title":{"rendered":"Comunidad-Luz Nueva Tierra recibe caballos emancipados"},"content":{"rendered":"<p style=\"text-align: justify;\">La <a href=\"http:\/\/www.comunidadenovaterra.org\/novaterra\/\" target=\"_blank\">Comunidad-Luz Nueva Tierra<\/a>, localizada en la regi\u00f3n de Teres\u00f3polis, estado de R\u00edo de Janeiro, Brasil, recibi\u00f3 el 20 y 21 de mayo pasados veinte caballos emancipados de la Isla de Paquet\u00e1.<\/p>\n<p>Los caballos eran utilizados para tirar los sulkys (carruajes peque\u00f1os) de la Isla de Paquet\u00e1, R\u00edo de Janeiro, en paseos tur\u00edsticos. Algunos animales sufr\u00edan malos tratos y todos fueron sustituidos por carruajes el\u00e9ctricos.<\/p>\n<p style=\"text-align: justify;\">Al llegar a la Comunidad-Luz Nueva Tierra, los caballos fueron liberados y pudieron conocer su nueva casa, donde recibir\u00e1n todos los cuidados y tendr\u00e1n mucho espacio para vivir.<\/p>\n<div class=\"fusion-fullwidth fullwidth-box fusion-builder-row-1 hundred-percent-fullwidth non-hundred-percent-height-scrolling\" style=\"--awb-border-radius-top-left:0px;--awb-border-radius-top-right:0px;--awb-border-radius-bottom-right:0px;--awb-border-radius-bottom-left:0px;--awb-overflow:visible;--awb-flex-wrap:wrap;\" ><div class=\"fusion-builder-row fusion-row\"><div class=\"fusion-layout-column fusion_builder_column fusion-builder-column-0 fusion_builder_column_1_1 1_1 fusion-one-full fusion-column-first fusion-column-last fusion-column-no-min-height\" style=\"--awb-bg-size:cover;--awb-margin-bottom:0px;\"><div class=\"fusion-column-wrapper fusion-flex-column-wrapper-legacy\">\n\t\t<style type=\"text\/css\">\n\t\t\t#gallery-1 {\n\t\t\t\tmargin: auto;\n\t\t\t}\n\t\t\t#gallery-1 .gallery-item {\n\t\t\t\tfloat: left;\n\t\t\t\tmargin-top: 10px;\n\t\t\t\ttext-align: center;\n\t\t\t\twidth: 33%;\n\t\t\t}\n\t\t\t#gallery-1 img {\n\t\t\t\tborder: 2px solid #cfcfcf;\n\t\t\t}\n\t\t\t#gallery-1 .gallery-caption {\n\t\t\t\tmargin-left: 0;\n\t\t\t}\n\t\t\t\/* see gallery_shortcode() in wp-includes\/media.php *\/\n\t\t<\/style>\n\t\t<div id='gallery-1' class='gallery galleryid-19956 gallery-columns-3 gallery-size-medium'><dl class='gallery-item'>\n\t\t\t<dt class='gallery-icon landscape'>\n\t\t\t\t<a data-rel=\"iLightbox[postimages]\" data-title=\"comunidade_luz_nova_terra_cavalo_charrete\" data-caption=\"\" href='https:\/\/www.fraterinternacional.org\/es\/comunidad-luz-nueva-tierra-recibe-caballos-emancipados\/comunidade_luz_nova_terra_cavalo_charrete-2\/'><img decoding=\"async\" width=\"300\" height=\"169\" src=\"https:\/\/www.fraterinternacional.org\/wp-content\/uploads\/2016\/05\/comunidade_luz_nova_terra_cavalo_charrete-300x169.jpg\" class=\"attachment-medium size-medium\" alt=\"\" srcset=\"https:\/\/www.fraterinternacional.org\/wp-content\/uploads\/2016\/05\/comunidade_luz_nova_terra_cavalo_charrete-200x112.jpg 200w, https:\/\/www.fraterinternacional.org\/wp-content\/uploads\/2016\/05\/comunidade_luz_nova_terra_cavalo_charrete-300x169.jpg 300w, https:\/\/www.fraterinternacional.org\/wp-content\/uploads\/2016\/05\/comunidade_luz_nova_terra_cavalo_charrete-400x225.jpg 400w, https:\/\/www.fraterinternacional.org\/wp-content\/uploads\/2016\/05\/comunidade_luz_nova_terra_cavalo_charrete-600x337.jpg 600w, https:\/\/www.fraterinternacional.org\/wp-content\/uploads\/2016\/05\/comunidade_luz_nova_terra_cavalo_charrete.jpg 690w\" sizes=\"(max-width: 300px) 100vw, 300px\" \/><\/a>\n\t\t\t<\/dt><\/dl><dl class='gallery-item'>\n\t\t\t<dt class='gallery-icon landscape'>\n\t\t\t\t<a data-rel=\"iLightbox[postimages]\" data-title=\"comunidade_luz_nova_terra_cavalos1\" data-caption=\"\" href='https:\/\/www.fraterinternacional.org\/es\/comunidad-luz-nueva-tierra-recibe-caballos-emancipados\/comunidade_luz_nova_terra_cavalos1-2\/'><img decoding=\"async\" width=\"300\" height=\"169\" src=\"https:\/\/www.fraterinternacional.org\/wp-content\/uploads\/2016\/05\/comunidade_luz_nova_terra_cavalos1-300x169.jpg\" class=\"attachment-medium size-medium\" alt=\"\" srcset=\"https:\/\/www.fraterinternacional.org\/wp-content\/uploads\/2016\/05\/comunidade_luz_nova_terra_cavalos1-200x112.jpg 200w, https:\/\/www.fraterinternacional.org\/wp-content\/uploads\/2016\/05\/comunidade_luz_nova_terra_cavalos1-300x169.jpg 300w, https:\/\/www.fraterinternacional.org\/wp-content\/uploads\/2016\/05\/comunidade_luz_nova_terra_cavalos1-400x225.jpg 400w, https:\/\/www.fraterinternacional.org\/wp-content\/uploads\/2016\/05\/comunidade_luz_nova_terra_cavalos1-600x337.jpg 600w, https:\/\/www.fraterinternacional.org\/wp-content\/uploads\/2016\/05\/comunidade_luz_nova_terra_cavalos1.jpg 690w\" sizes=\"(max-width: 300px) 100vw, 300px\" \/><\/a>\n\t\t\t<\/dt><\/dl><dl class='gallery-item'>\n\t\t\t<dt class='gallery-icon landscape'>\n\t\t\t\t<a data-rel=\"iLightbox[postimages]\" data-title=\"comunidade_luz_nova_terra_cavalos2\" data-caption=\"\" href='https:\/\/www.fraterinternacional.org\/es\/comunidad-luz-nueva-tierra-recibe-caballos-emancipados\/comunidade_luz_nova_terra_cavalos2-2\/'><img decoding=\"async\" width=\"300\" height=\"169\" src=\"https:\/\/www.fraterinternacional.org\/wp-content\/uploads\/2016\/05\/comunidade_luz_nova_terra_cavalos2-300x169.jpg\" class=\"attachment-medium size-medium\" alt=\"\" srcset=\"https:\/\/www.fraterinternacional.org\/wp-content\/uploads\/2016\/05\/comunidade_luz_nova_terra_cavalos2-200x112.jpg 200w, https:\/\/www.fraterinternacional.org\/wp-content\/uploads\/2016\/05\/comunidade_luz_nova_terra_cavalos2-300x169.jpg 300w, https:\/\/www.fraterinternacional.org\/wp-content\/uploads\/2016\/05\/comunidade_luz_nova_terra_cavalos2-400x225.jpg 400w, https:\/\/www.fraterinternacional.org\/wp-content\/uploads\/2016\/05\/comunidade_luz_nova_terra_cavalos2-600x337.jpg 600w, https:\/\/www.fraterinternacional.org\/wp-content\/uploads\/2016\/05\/comunidade_luz_nova_terra_cavalos2.jpg 690w\" sizes=\"(max-width: 300px) 100vw, 300px\" \/><\/a>\n\t\t\t<\/dt><\/dl><br style=\"clear: both\" \/>\n\t\t<\/div>\n\n<p>&nbsp;<\/p>\n<p>Vea el momento de la llegada de los caballos a la <a href=\"\/?page_id=72\">Comunidad-Luz<\/a>:<\/p>\n<p>&nbsp;<\/p>\n<p><center><div class=\"fusion-video fusion-vimeo\" style=\"--awb-max-width:700px;--awb-max-height:400px;\"><div class=\"video-shortcode\"><div class=\"fluid-width-video-wrapper\" style=\"padding-top:57.14%;\" ><iframe title=\"Vimeo video player 1\" src=\"https:\/\/player.vimeo.com\/video\/167753538?autoplay=0&autopause=0\" width=\"700\" height=\"400\" allowfullscreen allow=\"autoplay; fullscreen\"><\/iframe><\/div><\/div><\/div><\/center><div class=\"fusion-clearfix\"><\/div><\/div><\/div><\/div><\/div>\n","protected":false},"excerpt":{"rendered":"<p>La Comunidad-Luz Nueva Tierra, localizada en la regi\u00f3n de Teres\u00f3polis, estado de R\u00edo de Janeiro, Brasil, recibi\u00f3 el 20 y [&hellip;]<\/p>\n","protected":false},"author":11,"featured_media":19820,"comment_status":"closed","ping_status":"closed","sticky":false,"template":"","format":"standard","meta":{"footnotes":""},"categories":[173],"tags":[103,117],"class_list":["post-19956","post","type-post","status-publish","format-standard","has-post-thumbnail","hentry","category-noticia","tag-amor-y-servicio-a-los-reinos","tag-comunidades-luz-es"],"yoast_head":"<!-- This site is optimized with the Yoast SEO Premium plugin v21.0 (Yoast SEO v21.0) - https:\/\/yoast.com\/wordpress\/plugins\/seo\/ -->\n<title>Comunidad-Luz Nueva Tierra recibe caballos emancipados -<\/title>\n<meta name=\"description\" content=\"Al llegar a la Comunidad-Luz, los caballos fueron liberados y pudieron conocer su nueva casa, donde recibir\u00e1n todos los cuidados y tendr\u00e1n mucho espacio.\" \/>\n<meta name=\"robots\" content=\"index, follow, max-snippet:-1, max-image-preview:large, max-video-preview:-1\" \/>\n<link rel=\"canonical\" href=\"https:\/\/www.fraterinternacional.org\/es\/comunidad-luz-nueva-tierra-recibe-caballos-emancipados\/\" \/>\n<meta property=\"og:locale\" content=\"es_ES\" \/>\n<meta property=\"og:type\" content=\"article\" \/>\n<meta property=\"og:title\" content=\"Comunidad-Luz Nueva Tierra recibe caballos emancipados\" \/>\n<meta property=\"og:description\" content=\"Al llegar a la Comunidad-Luz, los caballos fueron liberados y pudieron conocer su nueva casa, donde recibir\u00e1n todos los cuidados y tendr\u00e1n mucho espacio.\" \/>\n<meta property=\"og:url\" content=\"https:\/\/www.fraterinternacional.org\/es\/comunidad-luz-nueva-tierra-recibe-caballos-emancipados\/\" \/>\n<meta property=\"og:site_name\" content=\"Fraternidade - Federa\u00e7\u00e3o Humanit\u00e1ria Internacional\" \/>\n<meta property=\"article:publisher\" content=\"https:\/\/www.facebook.com\/fraternidadehumanitaria\" \/>\n<meta property=\"article:published_time\" content=\"2016-05-24T17:09:19+00:00\" \/>\n<meta property=\"article:modified_time\" content=\"2016-11-01T22:24:36+00:00\" \/>\n<meta property=\"og:image\" content=\"https:\/\/www.fraterinternacional.org\/wp-content\/uploads\/2016\/05\/comunidade_luz_nova_terra_cavalos1.jpg\" \/>\n\t<meta property=\"og:image:width\" content=\"690\" \/>\n\t<meta property=\"og:image:height\" content=\"388\" \/>\n\t<meta property=\"og:image:type\" content=\"image\/jpeg\" \/>\n<meta name=\"author\" content=\"Nelson Frater\" \/>\n<meta name=\"twitter:card\" content=\"summary_large_image\" \/>\n<meta name=\"twitter:creator\" content=\"@fraternidadeFHI\" \/>\n<meta name=\"twitter:site\" content=\"@fraternidadeFHI\" \/>\n<meta name=\"twitter:label1\" content=\"Escrito por\" \/>\n\t<meta name=\"twitter:data1\" content=\"Nelson Frater\" \/>\n\t<meta name=\"twitter:label2\" content=\"Tiempo de lectura\" \/>\n\t<meta name=\"twitter:data2\" content=\"1 minuto\" \/>\n<script type=\"application\/ld+json\" class=\"yoast-schema-graph\">{\"@context\":\"https:\/\/schema.org\",\"@graph\":[{\"@type\":\"WebPage\",\"@id\":\"https:\/\/www.fraterinternacional.org\/es\/comunidad-luz-nueva-tierra-recibe-caballos-emancipados\/\",\"url\":\"https:\/\/www.fraterinternacional.org\/es\/comunidad-luz-nueva-tierra-recibe-caballos-emancipados\/\",\"name\":\"Comunidad-Luz Nueva Tierra recibe caballos emancipados -\",\"isPartOf\":{\"@id\":\"https:\/\/www.fraterinternacional.org\/es\/#website\"},\"datePublished\":\"2016-05-24T17:09:19+00:00\",\"dateModified\":\"2016-11-01T22:24:36+00:00\",\"author\":{\"@id\":\"https:\/\/www.fraterinternacional.org\/es\/#\/schema\/person\/facd24ae5f7e6b4ee1aeec7ad1b960ae\"},\"description\":\"Al llegar a la Comunidad-Luz, los caballos fueron liberados y pudieron conocer su nueva casa, donde recibir\u00e1n todos los cuidados y tendr\u00e1n mucho espacio.\",\"breadcrumb\":{\"@id\":\"https:\/\/www.fraterinternacional.org\/es\/comunidad-luz-nueva-tierra-recibe-caballos-emancipados\/#breadcrumb\"},\"inLanguage\":\"es\",\"potentialAction\":[{\"@type\":\"ReadAction\",\"target\":[\"https:\/\/www.fraterinternacional.org\/es\/comunidad-luz-nueva-tierra-recibe-caballos-emancipados\/\"]}]},{\"@type\":\"BreadcrumbList\",\"@id\":\"https:\/\/www.fraterinternacional.org\/es\/comunidad-luz-nueva-tierra-recibe-caballos-emancipados\/#breadcrumb\",\"itemListElement\":[{\"@type\":\"ListItem\",\"position\":1,\"name\":\"In\u00edcio\",\"item\":\"https:\/\/www.fraterinternacional.org\/es\/\"},{\"@type\":\"ListItem\",\"position\":2,\"name\":\"Comunidad-Luz Nueva Tierra recibe caballos emancipados\"}]},{\"@type\":\"WebSite\",\"@id\":\"https:\/\/www.fraterinternacional.org\/es\/#website\",\"url\":\"https:\/\/www.fraterinternacional.org\/es\/\",\"name\":\"Fraternidade - Federa\u00e7\u00e3o Humanit\u00e1ria Internacional\",\"description\":\"Fraternidade - Federa\u00e7\u00e3o Humanit\u00e1ria Internacional\",\"potentialAction\":[{\"@type\":\"SearchAction\",\"target\":{\"@type\":\"EntryPoint\",\"urlTemplate\":\"https:\/\/www.fraterinternacional.org\/es\/?s={search_term_string}\"},\"query-input\":\"required name=search_term_string\"}],\"inLanguage\":\"es\"},{\"@type\":\"Person\",\"@id\":\"https:\/\/www.fraterinternacional.org\/es\/#\/schema\/person\/facd24ae5f7e6b4ee1aeec7ad1b960ae\",\"name\":\"Nelson Frater\"}]}<\/script>\n<!-- \/ Yoast SEO Premium plugin. -->","yoast_head_json":{"title":"Comunidad-Luz Nueva Tierra recibe caballos emancipados -","description":"Al llegar a la Comunidad-Luz, los caballos fueron liberados y pudieron conocer su nueva casa, donde recibir\u00e1n todos los cuidados y tendr\u00e1n mucho espacio.","robots":{"index":"index","follow":"follow","max-snippet":"max-snippet:-1","max-image-preview":"max-image-preview:large","max-video-preview":"max-video-preview:-1"},"canonical":"https:\/\/www.fraterinternacional.org\/es\/comunidad-luz-nueva-tierra-recibe-caballos-emancipados\/","og_locale":"es_ES","og_type":"article","og_title":"Comunidad-Luz Nueva Tierra recibe caballos emancipados","og_description":"Al llegar a la Comunidad-Luz, los caballos fueron liberados y pudieron conocer su nueva casa, donde recibir\u00e1n todos los cuidados y tendr\u00e1n mucho espacio.","og_url":"https:\/\/www.fraterinternacional.org\/es\/comunidad-luz-nueva-tierra-recibe-caballos-emancipados\/","og_site_name":"Fraternidade - Federa\u00e7\u00e3o Humanit\u00e1ria Internacional","article_publisher":"https:\/\/www.facebook.com\/fraternidadehumanitaria","article_published_time":"2016-05-24T17:09:19+00:00","article_modified_time":"2016-11-01T22:24:36+00:00","og_image":[{"width":690,"height":388,"url":"https:\/\/www.fraterinternacional.org\/wp-content\/uploads\/2016\/05\/comunidade_luz_nova_terra_cavalos1.jpg","type":"image\/jpeg"}],"author":"Nelson Frater","twitter_card":"summary_large_image","twitter_creator":"@fraternidadeFHI","twitter_site":"@fraternidadeFHI","twitter_misc":{"Escrito por":"Nelson Frater","Tiempo de lectura":"1 minuto"},"schema":{"@context":"https:\/\/schema.org","@graph":[{"@type":"WebPage","@id":"https:\/\/www.fraterinternacional.org\/es\/comunidad-luz-nueva-tierra-recibe-caballos-emancipados\/","url":"https:\/\/www.fraterinternacional.org\/es\/comunidad-luz-nueva-tierra-recibe-caballos-emancipados\/","name":"Comunidad-Luz Nueva Tierra recibe caballos emancipados -","isPartOf":{"@id":"https:\/\/www.fraterinternacional.org\/es\/#website"},"datePublished":"2016-05-24T17:09:19+00:00","dateModified":"2016-11-01T22:24:36+00:00","author":{"@id":"https:\/\/www.fraterinternacional.org\/es\/#\/schema\/person\/facd24ae5f7e6b4ee1aeec7ad1b960ae"},"description":"Al llegar a la Comunidad-Luz, los caballos fueron liberados y pudieron conocer su nueva casa, donde recibir\u00e1n todos los cuidados y tendr\u00e1n mucho espacio.","breadcrumb":{"@id":"https:\/\/www.fraterinternacional.org\/es\/comunidad-luz-nueva-tierra-recibe-caballos-emancipados\/#breadcrumb"},"inLanguage":"es","potentialAction":[{"@type":"ReadAction","target":["https:\/\/www.fraterinternacional.org\/es\/comunidad-luz-nueva-tierra-recibe-caballos-emancipados\/"]}]},{"@type":"BreadcrumbList","@id":"https:\/\/www.fraterinternacional.org\/es\/comunidad-luz-nueva-tierra-recibe-caballos-emancipados\/#breadcrumb","itemListElement":[{"@type":"ListItem","position":1,"name":"In\u00edcio","item":"https:\/\/www.fraterinternacional.org\/es\/"},{"@type":"ListItem","position":2,"name":"Comunidad-Luz Nueva Tierra recibe caballos emancipados"}]},{"@type":"WebSite","@id":"https:\/\/www.fraterinternacional.org\/es\/#website","url":"https:\/\/www.fraterinternacional.org\/es\/","name":"Fraternidade - Federa\u00e7\u00e3o Humanit\u00e1ria Internacional","description":"Fraternidade - Federa\u00e7\u00e3o Humanit\u00e1ria Internacional","potentialAction":[{"@type":"SearchAction","target":{"@type":"EntryPoint","urlTemplate":"https:\/\/www.fraterinternacional.org\/es\/?s={search_term_string}"},"query-input":"required name=search_term_string"}],"inLanguage":"es"},{"@type":"Person","@id":"https:\/\/www.fraterinternacional.org\/es\/#\/schema\/person\/facd24ae5f7e6b4ee1aeec7ad1b960ae","name":"Nelson Frater"}]}},"_links":{"self":[{"href":"https:\/\/www.fraterinternacional.org\/es\/wp-json\/wp\/v2\/posts\/19956"}],"collection":[{"href":"https:\/\/www.fraterinternacional.org\/es\/wp-json\/wp\/v2\/posts"}],"about":[{"href":"https:\/\/www.fraterinternacional.org\/es\/wp-json\/wp\/v2\/types\/post"}],"author":[{"embeddable":true,"href":"https:\/\/www.fraterinternacional.org\/es\/wp-json\/wp\/v2\/users\/11"}],"replies":[{"embeddable":true,"href":"https:\/\/www.fraterinternacional.org\/es\/wp-json\/wp\/v2\/comments?post=19956"}],"version-history":[{"count":0,"href":"https:\/\/www.fraterinternacional.org\/es\/wp-json\/wp\/v2\/posts\/19956\/revisions"}],"wp:featuredmedia":[{"embeddable":true,"href":"https:\/\/www.fraterinternacional.org\/es\/wp-json\/wp\/v2\/media\/19820"}],"wp:attachment":[{"href":"https:\/\/www.fraterinternacional.org\/es\/wp-json\/wp\/v2\/media?parent=19956"}],"wp:term":[{"taxonomy":"category","embeddable":true,"href":"https:\/\/www.fraterinternacional.org\/es\/wp-json\/wp\/v2\/categories?post=19956"},{"taxonomy":"post_tag","embeddable":true,"href":"https:\/\/www.fraterinternacional.org\/es\/wp-json\/wp\/v2\/tags?post=19956"}],"curies":[{"name":"wp","href":"https:\/\/api.w.org\/{rel}","templated":true}]}}