{"id":19401,"date":"2016-05-18T13:17:34","date_gmt":"2016-05-18T16:17:34","guid":{"rendered":"http:\/\/www.fraterinternacional.org\/es\/?p=19401"},"modified":"2016-11-01T19:24:44","modified_gmt":"2016-11-01T22:24:44","slug":"fundadoras-parque-francisco-asis-lanzamiento-libro-vivir-amor-perros-florianopolis","status":"publish","type":"post","link":"https:\/\/www.fraterinternacional.org\/es\/fundadoras-parque-francisco-asis-lanzamiento-libro-vivir-amor-perros-florianopolis\/","title":{"rendered":"Fundadoras del Parque Francisco de As\u00eds participan del lanzamiento del libro &#8216;Vivir el Amor a los Perros&#8217; en Florian\u00f3polis"},"content":{"rendered":"<p style=\"text-align: justify;\">Florian\u00f3polis fue la cuarta ciudad del Sur del Brasil donde se efectu\u00f3 el lanzamiento de la segunda edici\u00f3n del <a href=\"http:\/\/www.irdin.org.br\/acervo\/detalhes\/13084\" target=\"_blank\">libro<\/a> \u2018Vivir el Amor a los Perros\u2019, de Ana Regina Nogueira. La autora estuvo acompa\u00f1ada de las fundadoras del <a href=\"http:\/\/www.parquefranciscodeassis.com.br\/site\/\" target=\"_blank\">Parque Francisco de As\u00eds<\/a>, que tambi\u00e9n participaron de los encuentros.<\/p>\n<p style=\"text-align: justify;\"><a href=\"http:\/\/www.fraterinternacional.org\/wp-content\/uploads\/2016\/05\/caes_vac_floripa7.jpg\"><img decoding=\"async\" class=\"alignleft wp-image-19725 size-medium\" src=\"http:\/\/www.fraterinternacional.org\/wp-content\/uploads\/2016\/05\/caes_vac_floripa7-300x169.jpg\" width=\"300\" height=\"169\" srcset=\"https:\/\/www.fraterinternacional.org\/wp-content\/uploads\/2016\/05\/caes_vac_floripa7-200x112.jpg 200w, https:\/\/www.fraterinternacional.org\/wp-content\/uploads\/2016\/05\/caes_vac_floripa7-300x169.jpg 300w, https:\/\/www.fraterinternacional.org\/wp-content\/uploads\/2016\/05\/caes_vac_floripa7-400x225.jpg 400w, https:\/\/www.fraterinternacional.org\/wp-content\/uploads\/2016\/05\/caes_vac_floripa7-600x337.jpg 600w, https:\/\/www.fraterinternacional.org\/wp-content\/uploads\/2016\/05\/caes_vac_floripa7.jpg 690w\" sizes=\"(max-width: 300px) 100vw, 300px\" \/><\/a>El 11 de mayo, la autora pronunci\u00f3 una conferencia para 32 personas en la Facultad de Naturologia de la Universidad del Sur de Santa Catarina (UNISUL).<br \/>\nAl d\u00eda siguiente, Ana Regina concedi\u00f3 entrevistas a la Radio CBN, TV Record y TV de la Asamblea Legislativa, esta \u00faltima con la participaci\u00f3n de otras fundadoras del Parque. A la noche dict\u00f3 una conferencia en la Asociaci\u00f3n Sagres, con la asistencia de 105 personas y 3 perros: el tema principal fue la Unidad. \u2018Hubo una respuesta extraordinaria, sobretodo de los j\u00f3venes. Muchos se acercaron a m\u00ed para comentarme que la conferencia les hab\u00eda impactado mucho con relaci\u00f3n a la Unidad\u2019, dijo Ana Regina.<\/p>\n<p style=\"text-align: justify;\"><a href=\"http:\/\/www.fraterinternacional.org\/wp-content\/uploads\/2016\/05\/caes_vac_Floripa-2.jpg\"><img decoding=\"async\" class=\"wp-image-19422 size-medium alignright\" src=\"http:\/\/www.fraterinternacional.org\/wp-content\/uploads\/2016\/05\/caes_vac_Floripa-2-300x169.jpg\" width=\"300\" height=\"169\" \/><\/a>Durante el evento,las fundadoras del Parque relataron sus historias y experiencias de trabajo en grupo, pruebas y desaf\u00edos enfrentados. \u2018Mostramos que desde el momento que decimos s\u00ed al servicio, todo comienza a manifestarse. Fue una interacci\u00f3n muy bonita entre nosotras y la platea\u2019, dijo Patricia Arriel, una de las fundadoras del Parque Francisco de As\u00eds y tesorera de la Sociedad Lavrense de Protecci\u00f3n a los Animales.<\/p>\n<p style=\"text-align: justify;\">El 13 de mayo, la charla fue realizada en la Escuela Estadual Rosinha Campos, con participaci\u00f3n de 150 profesores, coordinadores y alumnos. \u2018Fue una experiencia nueva porque nunca yo hab\u00eda participado de un evento con ni\u00f1os tan peque\u00f1os. Fue un trabajo muy bueno\u2019, dijo Patricia.<\/p>\n<p style=\"text-align: justify;\"><a href=\"http:\/\/www.fraterinternacional.org\/wp-content\/uploads\/2016\/05\/caes_vac_Floripa_3.jpg\"><img decoding=\"async\" class=\"alignleft wp-image-19445 size-medium\" src=\"http:\/\/www.fraterinternacional.org\/wp-content\/uploads\/2016\/05\/caes_vac_Floripa_3-300x169.jpg\" width=\"300\" height=\"169\" srcset=\"https:\/\/www.fraterinternacional.org\/wp-content\/uploads\/2016\/05\/caes_vac_Floripa_3-200x112.jpg 200w, https:\/\/www.fraterinternacional.org\/wp-content\/uploads\/2016\/05\/caes_vac_Floripa_3-300x169.jpg 300w, https:\/\/www.fraterinternacional.org\/wp-content\/uploads\/2016\/05\/caes_vac_Floripa_3-400x225.jpg 400w, https:\/\/www.fraterinternacional.org\/wp-content\/uploads\/2016\/05\/caes_vac_Floripa_3-600x337.jpg 600w, https:\/\/www.fraterinternacional.org\/wp-content\/uploads\/2016\/05\/caes_vac_Floripa_3.jpg 690w\" sizes=\"(max-width: 300px) 100vw, 300px\" \/><\/a>Durante todo el circuito de lanzamientos por el Sur del Brasil, la autora es acompa\u00f1ada por un peregrino en entrenamiento misionero por el Reino Animal y por dos miembros de la coordinaci\u00f3n de la <a href=\"\/?page_id=6392\">Red-Luz<\/a> Sur del Brasil. \u2018Los lanzamientos son organizados por la Red-Luz local y proporcionan a todos sus miembros un intenso entrenamiento en la organizaci\u00f3n y divulgaci\u00f3n del evento. Cada ciudad, cada evento, cada conferencia es diferente, una de la otra. Es realizada por aquel grupo de almas espec\u00edfico\u2019, dijo Ana Regina.<\/p>\n<p style=\"text-align: justify;\"><a href=\"http:\/\/www.fraterinternacional.org\/wp-content\/uploads\/2016\/05\/caes_vac_floripa9.jpg\"><img decoding=\"async\" class=\"alignright  wp-image-19733\" src=\"http:\/\/www.fraterinternacional.org\/wp-content\/uploads\/2016\/05\/caes_vac_floripa9-257x300.jpg\" alt=\"caes_vac_floripa9\" width=\"201\" height=\"235\" srcset=\"https:\/\/www.fraterinternacional.org\/wp-content\/uploads\/2016\/05\/caes_vac_floripa9-200x233.jpg 200w, https:\/\/www.fraterinternacional.org\/wp-content\/uploads\/2016\/05\/caes_vac_floripa9-257x300.jpg 257w, https:\/\/www.fraterinternacional.org\/wp-content\/uploads\/2016\/05\/caes_vac_floripa9.jpg 343w\" sizes=\"(max-width: 201px) 100vw, 201px\" \/><\/a><\/p>\n<p style=\"text-align: justify;\">\u2018Acompa\u00f1ando este trabajo desde el inicio, percibo que la siembra que se hace por el Sur del Brasil es de amor, aliento, esperanza y servicio inspirada por la Madre Universal en favor de los reinos de la naturaleza\u2019, dijo Elemar Taffe, misionero en entrenamiento.<\/p>\n<p>\u2018Nuestra tarea es llevar el amor y la belleza de los reinos de la naturaleza y, principalmente, de los animales, a las personas que necesitan\u2019, dijo Lenilce Gomide, una de las fundadoras del Parque y vicepresidente de la Sociedad Lavrense de Protecci\u00f3n a los Animales.<\/p>\n<p>Vea la entrevista a la autora en la TV Record:<\/p>\n<p>&nbsp;<\/p>\n<p><center><div class=\"fusion-fullwidth fullwidth-box fusion-builder-row-1 hundred-percent-fullwidth non-hundred-percent-height-scrolling\" style=\"--awb-border-radius-top-left:0px;--awb-border-radius-top-right:0px;--awb-border-radius-bottom-right:0px;--awb-border-radius-bottom-left:0px;--awb-overflow:visible;--awb-flex-wrap:wrap;\" ><div class=\"fusion-builder-row fusion-row\"><div class=\"fusion-layout-column fusion_builder_column fusion-builder-column-0 fusion_builder_column_1_1 1_1 fusion-one-full fusion-column-first fusion-column-last fusion-column-no-min-height\" style=\"--awb-bg-size:cover;--awb-margin-bottom:0px;\"><div class=\"fusion-column-wrapper fusion-flex-column-wrapper-legacy\"><div class=\"fusion-video fusion-vimeo\" style=\"--awb-max-width:700px;--awb-max-height:400px;\"><div class=\"video-shortcode\"><div class=\"fluid-width-video-wrapper\" style=\"padding-top:57.14%;\" ><iframe title=\"Vimeo video player 1\" src=\"https:\/\/player.vimeo.com\/video\/167044859?autoplay=0&autopause=0\" width=\"700\" height=\"400\" allowfullscreen allow=\"autoplay; fullscreen\"><\/iframe><\/div><\/div><\/div><\/center><div class=\"fusion-clearfix\"><\/div><\/div><\/div><\/div><\/div><\/p>\n","protected":false},"excerpt":{"rendered":"<p>Florian\u00f3polis fue la cuarta ciudad del Sur del Brasil donde se efectu\u00f3 el lanzamiento de la segunda edici\u00f3n del libro [&hellip;]<\/p>\n","protected":false},"author":11,"featured_media":19445,"comment_status":"closed","ping_status":"closed","sticky":false,"template":"","format":"standard","meta":{"footnotes":""},"categories":[173],"tags":[103],"class_list":["post-19401","post","type-post","status-publish","format-standard","has-post-thumbnail","hentry","category-noticia","tag-amor-y-servicio-a-los-reinos"],"yoast_head":"<!-- This site is optimized with the Yoast SEO Premium plugin v21.0 (Yoast SEO v21.0) - https:\/\/yoast.com\/wordpress\/plugins\/seo\/ -->\n<title>Fundadoras del Parque Francisco de As\u00eds participan del lanzamiento del libro &#039;Vivir el Amor a los Perros&#039; en Florian\u00f3polis -<\/title>\n<meta name=\"description\" content=\"Fundadoras del Parque participaron en eventos en la cuarta ciudad del Sur del Brasil donde se lanz\u00f3 la segunda edici\u00f3n de &#039;Vivir el Amor a los Perros&#039;.\" \/>\n<meta name=\"robots\" content=\"index, follow, max-snippet:-1, max-image-preview:large, max-video-preview:-1\" \/>\n<link rel=\"canonical\" href=\"https:\/\/www.fraterinternacional.org\/es\/fundadoras-parque-francisco-asis-lanzamiento-libro-vivir-amor-perros-florianopolis\/\" \/>\n<meta property=\"og:locale\" content=\"es_ES\" \/>\n<meta property=\"og:type\" content=\"article\" \/>\n<meta property=\"og:title\" content=\"Fundadoras del Parque Francisco de As\u00eds participan del lanzamiento del libro &#039;Vivir el Amor a los Perros&#039; en Florian\u00f3polis\" \/>\n<meta property=\"og:description\" content=\"Fundadoras del Parque participaron en eventos en la cuarta ciudad del Sur del Brasil donde se lanz\u00f3 la segunda edici\u00f3n de &#039;Vivir el Amor a los Perros&#039;.\" \/>\n<meta property=\"og:url\" content=\"https:\/\/www.fraterinternacional.org\/es\/fundadoras-parque-francisco-asis-lanzamiento-libro-vivir-amor-perros-florianopolis\/\" \/>\n<meta property=\"og:site_name\" content=\"Fraternidade - Federa\u00e7\u00e3o Humanit\u00e1ria Internacional\" \/>\n<meta property=\"article:publisher\" content=\"https:\/\/www.facebook.com\/fraternidadehumanitaria\" \/>\n<meta property=\"article:published_time\" content=\"2016-05-18T16:17:34+00:00\" \/>\n<meta property=\"article:modified_time\" content=\"2016-11-01T22:24:44+00:00\" \/>\n<meta property=\"og:image\" content=\"https:\/\/www.fraterinternacional.org\/wp-content\/uploads\/2016\/05\/caes_vac_Floripa_3.jpg\" \/>\n\t<meta property=\"og:image:width\" content=\"690\" \/>\n\t<meta property=\"og:image:height\" content=\"388\" \/>\n\t<meta property=\"og:image:type\" content=\"image\/jpeg\" \/>\n<meta name=\"author\" content=\"Nelson Frater\" \/>\n<meta name=\"twitter:card\" content=\"summary_large_image\" \/>\n<meta name=\"twitter:creator\" content=\"@fraternidadeFHI\" \/>\n<meta name=\"twitter:site\" content=\"@fraternidadeFHI\" \/>\n<meta name=\"twitter:label1\" content=\"Escrito por\" \/>\n\t<meta name=\"twitter:data1\" content=\"Nelson Frater\" \/>\n\t<meta name=\"twitter:label2\" content=\"Tiempo de lectura\" \/>\n\t<meta name=\"twitter:data2\" content=\"3 minutos\" \/>\n<script type=\"application\/ld+json\" class=\"yoast-schema-graph\">{\"@context\":\"https:\/\/schema.org\",\"@graph\":[{\"@type\":\"WebPage\",\"@id\":\"https:\/\/www.fraterinternacional.org\/es\/fundadoras-parque-francisco-asis-lanzamiento-libro-vivir-amor-perros-florianopolis\/\",\"url\":\"https:\/\/www.fraterinternacional.org\/es\/fundadoras-parque-francisco-asis-lanzamiento-libro-vivir-amor-perros-florianopolis\/\",\"name\":\"Fundadoras del Parque Francisco de As\u00eds participan del lanzamiento del libro 'Vivir el Amor a los Perros' en Florian\u00f3polis -\",\"isPartOf\":{\"@id\":\"https:\/\/www.fraterinternacional.org\/es\/#website\"},\"datePublished\":\"2016-05-18T16:17:34+00:00\",\"dateModified\":\"2016-11-01T22:24:44+00:00\",\"author\":{\"@id\":\"https:\/\/www.fraterinternacional.org\/es\/#\/schema\/person\/facd24ae5f7e6b4ee1aeec7ad1b960ae\"},\"description\":\"Fundadoras del Parque participaron en eventos en la cuarta ciudad del Sur del Brasil donde se lanz\u00f3 la segunda edici\u00f3n de 'Vivir el Amor a los Perros'.\",\"breadcrumb\":{\"@id\":\"https:\/\/www.fraterinternacional.org\/es\/fundadoras-parque-francisco-asis-lanzamiento-libro-vivir-amor-perros-florianopolis\/#breadcrumb\"},\"inLanguage\":\"es\",\"potentialAction\":[{\"@type\":\"ReadAction\",\"target\":[\"https:\/\/www.fraterinternacional.org\/es\/fundadoras-parque-francisco-asis-lanzamiento-libro-vivir-amor-perros-florianopolis\/\"]}]},{\"@type\":\"BreadcrumbList\",\"@id\":\"https:\/\/www.fraterinternacional.org\/es\/fundadoras-parque-francisco-asis-lanzamiento-libro-vivir-amor-perros-florianopolis\/#breadcrumb\",\"itemListElement\":[{\"@type\":\"ListItem\",\"position\":1,\"name\":\"In\u00edcio\",\"item\":\"https:\/\/www.fraterinternacional.org\/es\/\"},{\"@type\":\"ListItem\",\"position\":2,\"name\":\"Fundadoras del Parque Francisco de As\u00eds participan del lanzamiento del libro &#8216;Vivir el Amor a los Perros&#8217; en Florian\u00f3polis\"}]},{\"@type\":\"WebSite\",\"@id\":\"https:\/\/www.fraterinternacional.org\/es\/#website\",\"url\":\"https:\/\/www.fraterinternacional.org\/es\/\",\"name\":\"Fraternidade - Federa\u00e7\u00e3o Humanit\u00e1ria Internacional\",\"description\":\"Fraternidade - Federa\u00e7\u00e3o Humanit\u00e1ria Internacional\",\"potentialAction\":[{\"@type\":\"SearchAction\",\"target\":{\"@type\":\"EntryPoint\",\"urlTemplate\":\"https:\/\/www.fraterinternacional.org\/es\/?s={search_term_string}\"},\"query-input\":\"required name=search_term_string\"}],\"inLanguage\":\"es\"},{\"@type\":\"Person\",\"@id\":\"https:\/\/www.fraterinternacional.org\/es\/#\/schema\/person\/facd24ae5f7e6b4ee1aeec7ad1b960ae\",\"name\":\"Nelson Frater\"}]}<\/script>\n<!-- \/ Yoast SEO Premium plugin. -->","yoast_head_json":{"title":"Fundadoras del Parque Francisco de As\u00eds participan del lanzamiento del libro 'Vivir el Amor a los Perros' en Florian\u00f3polis -","description":"Fundadoras del Parque participaron en eventos en la cuarta ciudad del Sur del Brasil donde se lanz\u00f3 la segunda edici\u00f3n de 'Vivir el Amor a los Perros'.","robots":{"index":"index","follow":"follow","max-snippet":"max-snippet:-1","max-image-preview":"max-image-preview:large","max-video-preview":"max-video-preview:-1"},"canonical":"https:\/\/www.fraterinternacional.org\/es\/fundadoras-parque-francisco-asis-lanzamiento-libro-vivir-amor-perros-florianopolis\/","og_locale":"es_ES","og_type":"article","og_title":"Fundadoras del Parque Francisco de As\u00eds participan del lanzamiento del libro 'Vivir el Amor a los Perros' en Florian\u00f3polis","og_description":"Fundadoras del Parque participaron en eventos en la cuarta ciudad del Sur del Brasil donde se lanz\u00f3 la segunda edici\u00f3n de 'Vivir el Amor a los Perros'.","og_url":"https:\/\/www.fraterinternacional.org\/es\/fundadoras-parque-francisco-asis-lanzamiento-libro-vivir-amor-perros-florianopolis\/","og_site_name":"Fraternidade - Federa\u00e7\u00e3o Humanit\u00e1ria Internacional","article_publisher":"https:\/\/www.facebook.com\/fraternidadehumanitaria","article_published_time":"2016-05-18T16:17:34+00:00","article_modified_time":"2016-11-01T22:24:44+00:00","og_image":[{"width":690,"height":388,"url":"https:\/\/www.fraterinternacional.org\/wp-content\/uploads\/2016\/05\/caes_vac_Floripa_3.jpg","type":"image\/jpeg"}],"author":"Nelson Frater","twitter_card":"summary_large_image","twitter_creator":"@fraternidadeFHI","twitter_site":"@fraternidadeFHI","twitter_misc":{"Escrito por":"Nelson Frater","Tiempo de lectura":"3 minutos"},"schema":{"@context":"https:\/\/schema.org","@graph":[{"@type":"WebPage","@id":"https:\/\/www.fraterinternacional.org\/es\/fundadoras-parque-francisco-asis-lanzamiento-libro-vivir-amor-perros-florianopolis\/","url":"https:\/\/www.fraterinternacional.org\/es\/fundadoras-parque-francisco-asis-lanzamiento-libro-vivir-amor-perros-florianopolis\/","name":"Fundadoras del Parque Francisco de As\u00eds participan del lanzamiento del libro 'Vivir el Amor a los Perros' en Florian\u00f3polis -","isPartOf":{"@id":"https:\/\/www.fraterinternacional.org\/es\/#website"},"datePublished":"2016-05-18T16:17:34+00:00","dateModified":"2016-11-01T22:24:44+00:00","author":{"@id":"https:\/\/www.fraterinternacional.org\/es\/#\/schema\/person\/facd24ae5f7e6b4ee1aeec7ad1b960ae"},"description":"Fundadoras del Parque participaron en eventos en la cuarta ciudad del Sur del Brasil donde se lanz\u00f3 la segunda edici\u00f3n de 'Vivir el Amor a los Perros'.","breadcrumb":{"@id":"https:\/\/www.fraterinternacional.org\/es\/fundadoras-parque-francisco-asis-lanzamiento-libro-vivir-amor-perros-florianopolis\/#breadcrumb"},"inLanguage":"es","potentialAction":[{"@type":"ReadAction","target":["https:\/\/www.fraterinternacional.org\/es\/fundadoras-parque-francisco-asis-lanzamiento-libro-vivir-amor-perros-florianopolis\/"]}]},{"@type":"BreadcrumbList","@id":"https:\/\/www.fraterinternacional.org\/es\/fundadoras-parque-francisco-asis-lanzamiento-libro-vivir-amor-perros-florianopolis\/#breadcrumb","itemListElement":[{"@type":"ListItem","position":1,"name":"In\u00edcio","item":"https:\/\/www.fraterinternacional.org\/es\/"},{"@type":"ListItem","position":2,"name":"Fundadoras del Parque Francisco de As\u00eds participan del lanzamiento del libro &#8216;Vivir el Amor a los Perros&#8217; en Florian\u00f3polis"}]},{"@type":"WebSite","@id":"https:\/\/www.fraterinternacional.org\/es\/#website","url":"https:\/\/www.fraterinternacional.org\/es\/","name":"Fraternidade - Federa\u00e7\u00e3o Humanit\u00e1ria Internacional","description":"Fraternidade - Federa\u00e7\u00e3o Humanit\u00e1ria Internacional","potentialAction":[{"@type":"SearchAction","target":{"@type":"EntryPoint","urlTemplate":"https:\/\/www.fraterinternacional.org\/es\/?s={search_term_string}"},"query-input":"required name=search_term_string"}],"inLanguage":"es"},{"@type":"Person","@id":"https:\/\/www.fraterinternacional.org\/es\/#\/schema\/person\/facd24ae5f7e6b4ee1aeec7ad1b960ae","name":"Nelson Frater"}]}},"_links":{"self":[{"href":"https:\/\/www.fraterinternacional.org\/es\/wp-json\/wp\/v2\/posts\/19401"}],"collection":[{"href":"https:\/\/www.fraterinternacional.org\/es\/wp-json\/wp\/v2\/posts"}],"about":[{"href":"https:\/\/www.fraterinternacional.org\/es\/wp-json\/wp\/v2\/types\/post"}],"author":[{"embeddable":true,"href":"https:\/\/www.fraterinternacional.org\/es\/wp-json\/wp\/v2\/users\/11"}],"replies":[{"embeddable":true,"href":"https:\/\/www.fraterinternacional.org\/es\/wp-json\/wp\/v2\/comments?post=19401"}],"version-history":[{"count":0,"href":"https:\/\/www.fraterinternacional.org\/es\/wp-json\/wp\/v2\/posts\/19401\/revisions"}],"wp:featuredmedia":[{"embeddable":true,"href":"https:\/\/www.fraterinternacional.org\/es\/wp-json\/wp\/v2\/media\/19445"}],"wp:attachment":[{"href":"https:\/\/www.fraterinternacional.org\/es\/wp-json\/wp\/v2\/media?parent=19401"}],"wp:term":[{"taxonomy":"category","embeddable":true,"href":"https:\/\/www.fraterinternacional.org\/es\/wp-json\/wp\/v2\/categories?post=19401"},{"taxonomy":"post_tag","embeddable":true,"href":"https:\/\/www.fraterinternacional.org\/es\/wp-json\/wp\/v2\/tags?post=19401"}],"curies":[{"name":"wp","href":"https:\/\/api.w.org\/{rel}","templated":true}]}}