{"id":17841,"date":"2016-05-03T11:24:42","date_gmt":"2016-05-03T14:24:42","guid":{"rendered":"http:\/\/www.fraterinternacional.org\/es\/?p=17841"},"modified":"2016-11-01T19:25:07","modified_gmt":"2016-11-01T22:25:07","slug":"nucleo-luz-figueira-san-paulo-trabajo-reino-vegetal","status":"publish","type":"post","link":"https:\/\/www.fraterinternacional.org\/es\/nucleo-luz-figueira-san-paulo-trabajo-reino-vegetal\/","title":{"rendered":"N\u00facleo-Luz de Figueira en San Paulo realiza trabajo con Reino Vegetal"},"content":{"rendered":"<p style=\"text-align: justify;\"><a href=\"http:\/\/www.fraterinternacional.org\/wp-content\/uploads\/2016\/05\/reino_vegetal_NFSP_arvores2.jpg\"><img decoding=\"async\" class=\"alignleft size-medium wp-image-17529\" src=\"http:\/\/www.fraterinternacional.org\/wp-content\/uploads\/2016\/05\/reino_vegetal_NFSP_arvores2-207x300.jpg\" alt=\"reino_vegetal_NFSP_arvores2\" width=\"207\" height=\"300\" srcset=\"https:\/\/www.fraterinternacional.org\/wp-content\/uploads\/2016\/05\/reino_vegetal_NFSP_arvores2-200x290.jpg 200w, https:\/\/www.fraterinternacional.org\/wp-content\/uploads\/2016\/05\/reino_vegetal_NFSP_arvores2-207x300.jpg 207w, https:\/\/www.fraterinternacional.org\/wp-content\/uploads\/2016\/05\/reino_vegetal_NFSP_arvores2.jpg 268w\" sizes=\"(max-width: 207px) 100vw, 207px\" \/><\/a>El s\u00e1bado 30 de abril, el N\u00facleo-Luz de Figueira en San Paulo &#8211; Sagrada Casa Madre Paulista, afiliada a la <strong>Fraternidade &#8211; Federaci\u00f3n Humanitaria Internacional<\/strong> realiz\u00f3 un encuentro dedicado al Reino Vegetal.<\/p>\n<p style=\"text-align: justify;\"><a href=\"http:\/\/www.fraterinternacional.org\/wp-content\/uploads\/2016\/05\/reino_vegetal_NFSP_arvores3.jpg\"><img decoding=\"async\" class=\"alignright size-medium wp-image-17532\" src=\"http:\/\/www.fraterinternacional.org\/wp-content\/uploads\/2016\/05\/reino_vegetal_NFSP_arvores3-169x300.jpg\" alt=\"reino_vegetal_NFSP_arvores3\" width=\"169\" height=\"300\" srcset=\"https:\/\/www.fraterinternacional.org\/wp-content\/uploads\/2016\/05\/reino_vegetal_NFSP_arvores3-169x300.jpg 169w, https:\/\/www.fraterinternacional.org\/wp-content\/uploads\/2016\/05\/reino_vegetal_NFSP_arvores3-200x356.jpg 200w, https:\/\/www.fraterinternacional.org\/wp-content\/uploads\/2016\/05\/reino_vegetal_NFSP_arvores3.jpg 218w\" sizes=\"(max-width: 169px) 100vw, 169px\" \/><\/a>Durante el trabajo fueron retirados gajos de algunos \u00e1rboles para que el sol pueda permear el \u00e1rea de la Casa de Cura.<\/p>\n<p style=\"text-align: justify;\">&#8216;Toda la tarea fue desarrollada en un clima de profunda armon\u00eda y alegr\u00eda. A pesar de que el grupo era peque\u00f1o y el trabajo intenso, todo fluy\u00f3 en amorosa interacci\u00f3n. \u00a1Fue sorprendente ver como un peque\u00f1o grupo pudo realizar tanto!&#8217;, destac\u00f3 Vera Iurovschi, una de las coordinadoras del N\u00facleo-Luz de Figueira en San Paulo &#8211; Sagrada Casa Madre Paulista.<\/p>\n","protected":false},"excerpt":{"rendered":"<p>El s\u00e1bado 30 de abril, el N\u00facleo-Luz de Figueira en San Paulo &#8211; Sagrada Casa Madre Paulista, afiliada a la [&hellip;]<\/p>\n","protected":false},"author":11,"featured_media":17528,"comment_status":"closed","ping_status":"closed","sticky":false,"template":"","format":"standard","meta":{"footnotes":""},"categories":[173],"tags":[103,98],"class_list":["post-17841","post","type-post","status-publish","format-standard","has-post-thumbnail","hentry","category-noticia","tag-amor-y-servicio-a-los-reinos","tag-nucleos-luz-es"],"yoast_head":"<!-- This site is optimized with the Yoast SEO Premium plugin v21.0 (Yoast SEO v21.0) - https:\/\/yoast.com\/wordpress\/plugins\/seo\/ -->\n<title>N\u00facleo-Luz de Figueira en San Paulo realiza trabajo con Reino Vegetal -<\/title>\n<meta name=\"description\" content=\"N\u00facleo en San Paulo trabaj\u00f3 con el Reino Vegetal retirando gajos de \u00e1rboles para que el sol pudiese permear el \u00e1rea de la Casa de Cura.\" \/>\n<meta name=\"robots\" content=\"index, follow, max-snippet:-1, max-image-preview:large, max-video-preview:-1\" \/>\n<link rel=\"canonical\" href=\"https:\/\/www.fraterinternacional.org\/es\/nucleo-luz-figueira-san-paulo-trabajo-reino-vegetal\/\" \/>\n<meta property=\"og:locale\" content=\"es_ES\" \/>\n<meta property=\"og:type\" content=\"article\" \/>\n<meta property=\"og:title\" content=\"N\u00facleo-Luz de Figueira en San Paulo realiza trabajo con Reino Vegetal\" \/>\n<meta property=\"og:description\" content=\"N\u00facleo en San Paulo trabaj\u00f3 con el Reino Vegetal retirando gajos de \u00e1rboles para que el sol pudiese permear el \u00e1rea de la Casa de Cura.\" \/>\n<meta property=\"og:url\" content=\"https:\/\/www.fraterinternacional.org\/es\/nucleo-luz-figueira-san-paulo-trabajo-reino-vegetal\/\" \/>\n<meta property=\"og:site_name\" content=\"Fraternidade - Federa\u00e7\u00e3o Humanit\u00e1ria Internacional\" \/>\n<meta property=\"article:publisher\" content=\"https:\/\/www.facebook.com\/fraternidadehumanitaria\" \/>\n<meta property=\"article:published_time\" content=\"2016-05-03T14:24:42+00:00\" \/>\n<meta property=\"article:modified_time\" content=\"2016-11-01T22:25:07+00:00\" \/>\n<meta property=\"og:image\" content=\"https:\/\/www.fraterinternacional.org\/wp-content\/uploads\/2016\/05\/reino_vegetal_NFSP_poda2.jpg\" \/>\n\t<meta property=\"og:image:width\" content=\"690\" \/>\n\t<meta property=\"og:image:height\" content=\"388\" \/>\n\t<meta property=\"og:image:type\" content=\"image\/jpeg\" \/>\n<meta name=\"author\" content=\"Nelson Frater\" \/>\n<meta name=\"twitter:card\" content=\"summary_large_image\" \/>\n<meta name=\"twitter:creator\" content=\"@fraternidadeFHI\" \/>\n<meta name=\"twitter:site\" content=\"@fraternidadeFHI\" \/>\n<meta name=\"twitter:label1\" content=\"Escrito por\" \/>\n\t<meta name=\"twitter:data1\" content=\"Nelson Frater\" \/>\n\t<meta name=\"twitter:label2\" content=\"Tiempo de lectura\" \/>\n\t<meta name=\"twitter:data2\" content=\"1 minuto\" \/>\n<script type=\"application\/ld+json\" class=\"yoast-schema-graph\">{\"@context\":\"https:\/\/schema.org\",\"@graph\":[{\"@type\":\"WebPage\",\"@id\":\"https:\/\/www.fraterinternacional.org\/es\/nucleo-luz-figueira-san-paulo-trabajo-reino-vegetal\/\",\"url\":\"https:\/\/www.fraterinternacional.org\/es\/nucleo-luz-figueira-san-paulo-trabajo-reino-vegetal\/\",\"name\":\"N\u00facleo-Luz de Figueira en San Paulo realiza trabajo con Reino Vegetal -\",\"isPartOf\":{\"@id\":\"https:\/\/www.fraterinternacional.org\/es\/#website\"},\"datePublished\":\"2016-05-03T14:24:42+00:00\",\"dateModified\":\"2016-11-01T22:25:07+00:00\",\"author\":{\"@id\":\"https:\/\/www.fraterinternacional.org\/es\/#\/schema\/person\/facd24ae5f7e6b4ee1aeec7ad1b960ae\"},\"description\":\"N\u00facleo en San Paulo trabaj\u00f3 con el Reino Vegetal retirando gajos de \u00e1rboles para que el sol pudiese permear el \u00e1rea de la Casa de Cura.\",\"breadcrumb\":{\"@id\":\"https:\/\/www.fraterinternacional.org\/es\/nucleo-luz-figueira-san-paulo-trabajo-reino-vegetal\/#breadcrumb\"},\"inLanguage\":\"es\",\"potentialAction\":[{\"@type\":\"ReadAction\",\"target\":[\"https:\/\/www.fraterinternacional.org\/es\/nucleo-luz-figueira-san-paulo-trabajo-reino-vegetal\/\"]}]},{\"@type\":\"BreadcrumbList\",\"@id\":\"https:\/\/www.fraterinternacional.org\/es\/nucleo-luz-figueira-san-paulo-trabajo-reino-vegetal\/#breadcrumb\",\"itemListElement\":[{\"@type\":\"ListItem\",\"position\":1,\"name\":\"In\u00edcio\",\"item\":\"https:\/\/www.fraterinternacional.org\/es\/\"},{\"@type\":\"ListItem\",\"position\":2,\"name\":\"N\u00facleo-Luz de Figueira en San Paulo realiza trabajo con Reino Vegetal\"}]},{\"@type\":\"WebSite\",\"@id\":\"https:\/\/www.fraterinternacional.org\/es\/#website\",\"url\":\"https:\/\/www.fraterinternacional.org\/es\/\",\"name\":\"Fraternidade - Federa\u00e7\u00e3o Humanit\u00e1ria Internacional\",\"description\":\"Fraternidade - Federa\u00e7\u00e3o Humanit\u00e1ria Internacional\",\"potentialAction\":[{\"@type\":\"SearchAction\",\"target\":{\"@type\":\"EntryPoint\",\"urlTemplate\":\"https:\/\/www.fraterinternacional.org\/es\/?s={search_term_string}\"},\"query-input\":\"required name=search_term_string\"}],\"inLanguage\":\"es\"},{\"@type\":\"Person\",\"@id\":\"https:\/\/www.fraterinternacional.org\/es\/#\/schema\/person\/facd24ae5f7e6b4ee1aeec7ad1b960ae\",\"name\":\"Nelson Frater\"}]}<\/script>\n<!-- \/ Yoast SEO Premium plugin. -->","yoast_head_json":{"title":"N\u00facleo-Luz de Figueira en San Paulo realiza trabajo con Reino Vegetal -","description":"N\u00facleo en San Paulo trabaj\u00f3 con el Reino Vegetal retirando gajos de \u00e1rboles para que el sol pudiese permear el \u00e1rea de la Casa de Cura.","robots":{"index":"index","follow":"follow","max-snippet":"max-snippet:-1","max-image-preview":"max-image-preview:large","max-video-preview":"max-video-preview:-1"},"canonical":"https:\/\/www.fraterinternacional.org\/es\/nucleo-luz-figueira-san-paulo-trabajo-reino-vegetal\/","og_locale":"es_ES","og_type":"article","og_title":"N\u00facleo-Luz de Figueira en San Paulo realiza trabajo con Reino Vegetal","og_description":"N\u00facleo en San Paulo trabaj\u00f3 con el Reino Vegetal retirando gajos de \u00e1rboles para que el sol pudiese permear el \u00e1rea de la Casa de Cura.","og_url":"https:\/\/www.fraterinternacional.org\/es\/nucleo-luz-figueira-san-paulo-trabajo-reino-vegetal\/","og_site_name":"Fraternidade - Federa\u00e7\u00e3o Humanit\u00e1ria Internacional","article_publisher":"https:\/\/www.facebook.com\/fraternidadehumanitaria","article_published_time":"2016-05-03T14:24:42+00:00","article_modified_time":"2016-11-01T22:25:07+00:00","og_image":[{"width":690,"height":388,"url":"https:\/\/www.fraterinternacional.org\/wp-content\/uploads\/2016\/05\/reino_vegetal_NFSP_poda2.jpg","type":"image\/jpeg"}],"author":"Nelson Frater","twitter_card":"summary_large_image","twitter_creator":"@fraternidadeFHI","twitter_site":"@fraternidadeFHI","twitter_misc":{"Escrito por":"Nelson Frater","Tiempo de lectura":"1 minuto"},"schema":{"@context":"https:\/\/schema.org","@graph":[{"@type":"WebPage","@id":"https:\/\/www.fraterinternacional.org\/es\/nucleo-luz-figueira-san-paulo-trabajo-reino-vegetal\/","url":"https:\/\/www.fraterinternacional.org\/es\/nucleo-luz-figueira-san-paulo-trabajo-reino-vegetal\/","name":"N\u00facleo-Luz de Figueira en San Paulo realiza trabajo con Reino Vegetal -","isPartOf":{"@id":"https:\/\/www.fraterinternacional.org\/es\/#website"},"datePublished":"2016-05-03T14:24:42+00:00","dateModified":"2016-11-01T22:25:07+00:00","author":{"@id":"https:\/\/www.fraterinternacional.org\/es\/#\/schema\/person\/facd24ae5f7e6b4ee1aeec7ad1b960ae"},"description":"N\u00facleo en San Paulo trabaj\u00f3 con el Reino Vegetal retirando gajos de \u00e1rboles para que el sol pudiese permear el \u00e1rea de la Casa de Cura.","breadcrumb":{"@id":"https:\/\/www.fraterinternacional.org\/es\/nucleo-luz-figueira-san-paulo-trabajo-reino-vegetal\/#breadcrumb"},"inLanguage":"es","potentialAction":[{"@type":"ReadAction","target":["https:\/\/www.fraterinternacional.org\/es\/nucleo-luz-figueira-san-paulo-trabajo-reino-vegetal\/"]}]},{"@type":"BreadcrumbList","@id":"https:\/\/www.fraterinternacional.org\/es\/nucleo-luz-figueira-san-paulo-trabajo-reino-vegetal\/#breadcrumb","itemListElement":[{"@type":"ListItem","position":1,"name":"In\u00edcio","item":"https:\/\/www.fraterinternacional.org\/es\/"},{"@type":"ListItem","position":2,"name":"N\u00facleo-Luz de Figueira en San Paulo realiza trabajo con Reino Vegetal"}]},{"@type":"WebSite","@id":"https:\/\/www.fraterinternacional.org\/es\/#website","url":"https:\/\/www.fraterinternacional.org\/es\/","name":"Fraternidade - Federa\u00e7\u00e3o Humanit\u00e1ria Internacional","description":"Fraternidade - Federa\u00e7\u00e3o Humanit\u00e1ria Internacional","potentialAction":[{"@type":"SearchAction","target":{"@type":"EntryPoint","urlTemplate":"https:\/\/www.fraterinternacional.org\/es\/?s={search_term_string}"},"query-input":"required name=search_term_string"}],"inLanguage":"es"},{"@type":"Person","@id":"https:\/\/www.fraterinternacional.org\/es\/#\/schema\/person\/facd24ae5f7e6b4ee1aeec7ad1b960ae","name":"Nelson Frater"}]}},"_links":{"self":[{"href":"https:\/\/www.fraterinternacional.org\/es\/wp-json\/wp\/v2\/posts\/17841"}],"collection":[{"href":"https:\/\/www.fraterinternacional.org\/es\/wp-json\/wp\/v2\/posts"}],"about":[{"href":"https:\/\/www.fraterinternacional.org\/es\/wp-json\/wp\/v2\/types\/post"}],"author":[{"embeddable":true,"href":"https:\/\/www.fraterinternacional.org\/es\/wp-json\/wp\/v2\/users\/11"}],"replies":[{"embeddable":true,"href":"https:\/\/www.fraterinternacional.org\/es\/wp-json\/wp\/v2\/comments?post=17841"}],"version-history":[{"count":0,"href":"https:\/\/www.fraterinternacional.org\/es\/wp-json\/wp\/v2\/posts\/17841\/revisions"}],"wp:featuredmedia":[{"embeddable":true,"href":"https:\/\/www.fraterinternacional.org\/es\/wp-json\/wp\/v2\/media\/17528"}],"wp:attachment":[{"href":"https:\/\/www.fraterinternacional.org\/es\/wp-json\/wp\/v2\/media?parent=17841"}],"wp:term":[{"taxonomy":"category","embeddable":true,"href":"https:\/\/www.fraterinternacional.org\/es\/wp-json\/wp\/v2\/categories?post=17841"},{"taxonomy":"post_tag","embeddable":true,"href":"https:\/\/www.fraterinternacional.org\/es\/wp-json\/wp\/v2\/tags?post=17841"}],"curies":[{"name":"wp","href":"https:\/\/api.w.org\/{rel}","templated":true}]}}