{"id":17826,"date":"2016-05-03T00:04:46","date_gmt":"2016-05-03T03:04:46","guid":{"rendered":"http:\/\/www.fraterinternacional.org\/es\/?p=17826"},"modified":"2016-11-01T19:25:09","modified_gmt":"2016-11-01T22:25:09","slug":"misioneros-ayudaran-victimas-tornado-uruguay","status":"publish","type":"post","link":"https:\/\/www.fraterinternacional.org\/es\/misioneros-ayudaran-victimas-tornado-uruguay\/","title":{"rendered":"Misioneros ayudar\u00e1n a v\u00edctimas de tornado en Uruguay"},"content":{"rendered":"<p><a href=\"http:\/\/www.fraterinternacional.org\/wp-content\/uploads\/2016\/05\/Mision-Uruguay-02.jpg\"><img decoding=\"async\" class=\"alignright wp-image-17812 size-medium\" src=\"http:\/\/www.fraterinternacional.org\/wp-content\/uploads\/2016\/05\/Mision-Uruguay-02-300x169.jpg\" alt=\"Mision Uruguay-02\" width=\"300\" height=\"169\" srcset=\"https:\/\/www.fraterinternacional.org\/wp-content\/uploads\/2016\/05\/Mision-Uruguay-02-200x112.jpg 200w, https:\/\/www.fraterinternacional.org\/wp-content\/uploads\/2016\/05\/Mision-Uruguay-02-300x169.jpg 300w, https:\/\/www.fraterinternacional.org\/wp-content\/uploads\/2016\/05\/Mision-Uruguay-02-400x225.jpg 400w, https:\/\/www.fraterinternacional.org\/wp-content\/uploads\/2016\/05\/Mision-Uruguay-02-600x337.jpg 600w, https:\/\/www.fraterinternacional.org\/wp-content\/uploads\/2016\/05\/Mision-Uruguay-02.jpg 690w\" sizes=\"(max-width: 300px) 100vw, 300px\" \/><\/a><\/p>\n<p style=\"text-align: justify;\">Al d\u00eda siguiente de la finalizaci\u00f3n del Primer Encuentro de la Red Misionera Planetaria, ocho <a href=\"\/?page_id=6367\">misioneros<\/a> de la <strong>Fraternidade \u2013 Federaci\u00f3n Humanitaria Internacional<\/strong> ya partieron de la <a href=\"http:\/\/www.comunidadefigueira.org.br\" target=\"_blank\">Comunidad-Luz Figueira<\/a> rumbo al Uruguay, donde ir\u00e1n a apoyar las tareas de asistencia humanitaria a los pobladores de la ciudad de Dolores, que el mes pasado fueron afectados por un violento tornado.<\/p>\n<p style=\"text-align: justify;\">El 15 de abril pasado, un tercio de esta localidad de 20 mil habitantes, ubicada en el departamento de Soriano, al suroeste del Uruguay, fue arrasada por un violento tornado con vientos de hasta 250 kil\u00f3metros por hora. El fen\u00f3meno clim\u00e1tico dej\u00f3 como saldo cinco fallecidos, 250 heridos, unos 10 mil damnificados, 4.000 evacuados y p\u00e9rdidas materiales estimadas en 25 millones de d\u00f3lares, de acuerdo a la prensa uruguaya.<\/p>\n<div class=\"fusion-fullwidth fullwidth-box fusion-builder-row-1 hundred-percent-fullwidth non-hundred-percent-height-scrolling\" style=\"--awb-border-radius-top-left:0px;--awb-border-radius-top-right:0px;--awb-border-radius-bottom-right:0px;--awb-border-radius-bottom-left:0px;--awb-overflow:visible;--awb-flex-wrap:wrap;\" ><div class=\"fusion-builder-row fusion-row\"><div class=\"fusion-layout-column fusion_builder_column fusion-builder-column-0 fusion_builder_column_1_1 1_1 fusion-one-full fusion-column-first fusion-column-last fusion-column-no-min-height\" style=\"--awb-bg-size:cover;--awb-margin-bottom:0px;\"><div class=\"fusion-column-wrapper fusion-flex-column-wrapper-legacy\"><div id=\"attachment_17816\" style=\"width: 310px\" class=\"wp-caption alignleft\"><a href=\"http:\/\/www.fraterinternacional.org\/wp-content\/uploads\/2016\/05\/Mision-Uruguay-03.jpg\"><img decoding=\"async\" aria-describedby=\"caption-attachment-17816\" class=\"wp-image-17816 size-medium\" src=\"http:\/\/www.fraterinternacional.org\/wp-content\/uploads\/2016\/05\/Mision-Uruguay-03-300x169.jpg\" alt=\"Mision Uruguay-03\" width=\"300\" height=\"169\" srcset=\"https:\/\/www.fraterinternacional.org\/wp-content\/uploads\/2016\/05\/Mision-Uruguay-03-200x112.jpg 200w, https:\/\/www.fraterinternacional.org\/wp-content\/uploads\/2016\/05\/Mision-Uruguay-03-300x169.jpg 300w, https:\/\/www.fraterinternacional.org\/wp-content\/uploads\/2016\/05\/Mision-Uruguay-03-400x225.jpg 400w, https:\/\/www.fraterinternacional.org\/wp-content\/uploads\/2016\/05\/Mision-Uruguay-03-600x337.jpg 600w, https:\/\/www.fraterinternacional.org\/wp-content\/uploads\/2016\/05\/Mision-Uruguay-03.jpg 690w\" sizes=\"(max-width: 300px) 100vw, 300px\" \/><\/a><p id=\"caption-attachment-17816\" class=\"wp-caption-text\">Los misioneros aprontan sus equipos.<\/p><\/div>\n<p style=\"text-align: justify;\">De los ocho misioneros que viajaron al Uruguay, dos se dirigir\u00e1n a la <a href=\"\/?page_id=72\">Comunidad-Luz Fraternidad<\/a>, en Paysand\u00fa, donde prestar\u00e1n servicios de apoyo a los residentes y colaboradores de este lugar, que brinda oportunidades de convivencia fraterna, en armon\u00eda, fraternidad y hermandad con todos los reinos. En tanto, seis misioneros seguir\u00e1n viaje hasta la ciudad de Dolores, donde acampar\u00e1n en el Gimnasio Municipal. Los mismos tienen previsto llegar a destino el 5 de mayo y permanecer en el Uruguay durante todo el mes.<\/p>\n<p style=\"text-align: justify;\">Esta es la und\u00e9cima misi\u00f3n humanitaria de la Fraternidade desde la creaci\u00f3n del grupo de misioneros, en octubre de 2011. Para la segunda quincena de junio est\u00e1 anunciada la duod\u00e9cima misi\u00f3n que ser\u00e1 cumplida en el Paraguay, con las comunidades ind\u00edgenas de Ciudad del Este, y\u00a0 del 20 de julio al 30 de agosto, la d\u00e9cimotercera, a ser desarrollada nuevamente en Turqu\u00eda, con los refugiados sirios (Misi\u00f3n Medio Oriente II).<\/p>\n<div class=\"fusion-clearfix\"><\/div><\/div><\/div><\/div><\/div>\n","protected":false},"excerpt":{"rendered":"<p>Al d\u00eda siguiente de la finalizaci\u00f3n del Primer Encuentro de la Red Misionera Planetaria, ocho misioneros de la Fraternidade \u2013 [&hellip;]<\/p>\n","protected":false},"author":16,"featured_media":17822,"comment_status":"closed","ping_status":"closed","sticky":false,"template":"","format":"standard","meta":{"footnotes":""},"categories":[173,105],"tags":[117,97],"class_list":["post-17826","post","type-post","status-publish","format-standard","has-post-thumbnail","hentry","category-noticia","category-noticias-de-las-misiones","tag-comunidades-luz-es","tag-servicio-humanitario-es"],"yoast_head":"<!-- This site is optimized with the Yoast SEO Premium plugin v21.0 (Yoast SEO v21.0) - https:\/\/yoast.com\/wordpress\/plugins\/seo\/ -->\n<title>Misioneros ayudar\u00e1n a v\u00edctimas de tornado en Uruguay -<\/title>\n<meta name=\"description\" content=\"Misioneros de la Fraternidade viajaron al Uruguay para ayudar a las v\u00edctimas del tornado que el 16 de abril pasado devast\u00f3 la ciudad de Dolores.\" \/>\n<meta name=\"robots\" content=\"index, follow, max-snippet:-1, max-image-preview:large, max-video-preview:-1\" \/>\n<link rel=\"canonical\" href=\"https:\/\/www.fraterinternacional.org\/es\/misioneros-ayudaran-victimas-tornado-uruguay\/\" \/>\n<meta property=\"og:locale\" content=\"es_ES\" \/>\n<meta property=\"og:type\" content=\"article\" \/>\n<meta property=\"og:title\" content=\"Misioneros ayudar\u00e1n a v\u00edctimas de tornado en Uruguay\" \/>\n<meta property=\"og:description\" content=\"Misioneros de la Fraternidade viajaron al Uruguay para ayudar a las v\u00edctimas del tornado que el 16 de abril pasado devast\u00f3 la ciudad de Dolores.\" \/>\n<meta property=\"og:url\" content=\"https:\/\/www.fraterinternacional.org\/es\/misioneros-ayudaran-victimas-tornado-uruguay\/\" \/>\n<meta property=\"og:site_name\" content=\"Fraternidade - Federa\u00e7\u00e3o Humanit\u00e1ria Internacional\" \/>\n<meta property=\"article:publisher\" content=\"https:\/\/www.facebook.com\/fraternidadehumanitaria\" \/>\n<meta property=\"article:published_time\" content=\"2016-05-03T03:04:46+00:00\" \/>\n<meta property=\"article:modified_time\" content=\"2016-11-01T22:25:09+00:00\" \/>\n<meta property=\"og:image\" content=\"https:\/\/www.fraterinternacional.org\/wp-content\/uploads\/2016\/05\/Mision-Uruguay-01.jpg\" \/>\n\t<meta property=\"og:image:width\" content=\"690\" \/>\n\t<meta property=\"og:image:height\" content=\"397\" \/>\n\t<meta property=\"og:image:type\" content=\"image\/jpeg\" \/>\n<meta name=\"author\" content=\"Sergio Redator Espanhol\" \/>\n<meta name=\"twitter:card\" content=\"summary_large_image\" \/>\n<meta name=\"twitter:creator\" content=\"@fraternidadeFHI\" \/>\n<meta name=\"twitter:site\" content=\"@fraternidadeFHI\" \/>\n<meta name=\"twitter:label1\" content=\"Escrito por\" \/>\n\t<meta name=\"twitter:data1\" content=\"Sergio Redator Espanhol\" \/>\n\t<meta name=\"twitter:label2\" content=\"Tiempo de lectura\" \/>\n\t<meta name=\"twitter:data2\" content=\"2 minutos\" \/>\n<script type=\"application\/ld+json\" class=\"yoast-schema-graph\">{\"@context\":\"https:\/\/schema.org\",\"@graph\":[{\"@type\":\"WebPage\",\"@id\":\"https:\/\/www.fraterinternacional.org\/es\/misioneros-ayudaran-victimas-tornado-uruguay\/\",\"url\":\"https:\/\/www.fraterinternacional.org\/es\/misioneros-ayudaran-victimas-tornado-uruguay\/\",\"name\":\"Misioneros ayudar\u00e1n a v\u00edctimas de tornado en Uruguay -\",\"isPartOf\":{\"@id\":\"https:\/\/www.fraterinternacional.org\/es\/#website\"},\"datePublished\":\"2016-05-03T03:04:46+00:00\",\"dateModified\":\"2016-11-01T22:25:09+00:00\",\"author\":{\"@id\":\"https:\/\/www.fraterinternacional.org\/es\/#\/schema\/person\/cf24d3eac28b0e09714ecb8cbd865c28\"},\"description\":\"Misioneros de la Fraternidade viajaron al Uruguay para ayudar a las v\u00edctimas del tornado que el 16 de abril pasado devast\u00f3 la ciudad de Dolores.\",\"breadcrumb\":{\"@id\":\"https:\/\/www.fraterinternacional.org\/es\/misioneros-ayudaran-victimas-tornado-uruguay\/#breadcrumb\"},\"inLanguage\":\"es\",\"potentialAction\":[{\"@type\":\"ReadAction\",\"target\":[\"https:\/\/www.fraterinternacional.org\/es\/misioneros-ayudaran-victimas-tornado-uruguay\/\"]}]},{\"@type\":\"BreadcrumbList\",\"@id\":\"https:\/\/www.fraterinternacional.org\/es\/misioneros-ayudaran-victimas-tornado-uruguay\/#breadcrumb\",\"itemListElement\":[{\"@type\":\"ListItem\",\"position\":1,\"name\":\"In\u00edcio\",\"item\":\"https:\/\/www.fraterinternacional.org\/es\/\"},{\"@type\":\"ListItem\",\"position\":2,\"name\":\"Misioneros ayudar\u00e1n a v\u00edctimas de tornado en Uruguay\"}]},{\"@type\":\"WebSite\",\"@id\":\"https:\/\/www.fraterinternacional.org\/es\/#website\",\"url\":\"https:\/\/www.fraterinternacional.org\/es\/\",\"name\":\"Fraternidade - Federa\u00e7\u00e3o Humanit\u00e1ria Internacional\",\"description\":\"Fraternidade - Federa\u00e7\u00e3o Humanit\u00e1ria Internacional\",\"potentialAction\":[{\"@type\":\"SearchAction\",\"target\":{\"@type\":\"EntryPoint\",\"urlTemplate\":\"https:\/\/www.fraterinternacional.org\/es\/?s={search_term_string}\"},\"query-input\":\"required name=search_term_string\"}],\"inLanguage\":\"es\"},{\"@type\":\"Person\",\"@id\":\"https:\/\/www.fraterinternacional.org\/es\/#\/schema\/person\/cf24d3eac28b0e09714ecb8cbd865c28\",\"name\":\"Sergio Redator Espanhol\"}]}<\/script>\n<!-- \/ Yoast SEO Premium plugin. -->","yoast_head_json":{"title":"Misioneros ayudar\u00e1n a v\u00edctimas de tornado en Uruguay -","description":"Misioneros de la Fraternidade viajaron al Uruguay para ayudar a las v\u00edctimas del tornado que el 16 de abril pasado devast\u00f3 la ciudad de Dolores.","robots":{"index":"index","follow":"follow","max-snippet":"max-snippet:-1","max-image-preview":"max-image-preview:large","max-video-preview":"max-video-preview:-1"},"canonical":"https:\/\/www.fraterinternacional.org\/es\/misioneros-ayudaran-victimas-tornado-uruguay\/","og_locale":"es_ES","og_type":"article","og_title":"Misioneros ayudar\u00e1n a v\u00edctimas de tornado en Uruguay","og_description":"Misioneros de la Fraternidade viajaron al Uruguay para ayudar a las v\u00edctimas del tornado que el 16 de abril pasado devast\u00f3 la ciudad de Dolores.","og_url":"https:\/\/www.fraterinternacional.org\/es\/misioneros-ayudaran-victimas-tornado-uruguay\/","og_site_name":"Fraternidade - Federa\u00e7\u00e3o Humanit\u00e1ria Internacional","article_publisher":"https:\/\/www.facebook.com\/fraternidadehumanitaria","article_published_time":"2016-05-03T03:04:46+00:00","article_modified_time":"2016-11-01T22:25:09+00:00","og_image":[{"width":690,"height":397,"url":"https:\/\/www.fraterinternacional.org\/wp-content\/uploads\/2016\/05\/Mision-Uruguay-01.jpg","type":"image\/jpeg"}],"author":"Sergio Redator Espanhol","twitter_card":"summary_large_image","twitter_creator":"@fraternidadeFHI","twitter_site":"@fraternidadeFHI","twitter_misc":{"Escrito por":"Sergio Redator Espanhol","Tiempo de lectura":"2 minutos"},"schema":{"@context":"https:\/\/schema.org","@graph":[{"@type":"WebPage","@id":"https:\/\/www.fraterinternacional.org\/es\/misioneros-ayudaran-victimas-tornado-uruguay\/","url":"https:\/\/www.fraterinternacional.org\/es\/misioneros-ayudaran-victimas-tornado-uruguay\/","name":"Misioneros ayudar\u00e1n a v\u00edctimas de tornado en Uruguay -","isPartOf":{"@id":"https:\/\/www.fraterinternacional.org\/es\/#website"},"datePublished":"2016-05-03T03:04:46+00:00","dateModified":"2016-11-01T22:25:09+00:00","author":{"@id":"https:\/\/www.fraterinternacional.org\/es\/#\/schema\/person\/cf24d3eac28b0e09714ecb8cbd865c28"},"description":"Misioneros de la Fraternidade viajaron al Uruguay para ayudar a las v\u00edctimas del tornado que el 16 de abril pasado devast\u00f3 la ciudad de Dolores.","breadcrumb":{"@id":"https:\/\/www.fraterinternacional.org\/es\/misioneros-ayudaran-victimas-tornado-uruguay\/#breadcrumb"},"inLanguage":"es","potentialAction":[{"@type":"ReadAction","target":["https:\/\/www.fraterinternacional.org\/es\/misioneros-ayudaran-victimas-tornado-uruguay\/"]}]},{"@type":"BreadcrumbList","@id":"https:\/\/www.fraterinternacional.org\/es\/misioneros-ayudaran-victimas-tornado-uruguay\/#breadcrumb","itemListElement":[{"@type":"ListItem","position":1,"name":"In\u00edcio","item":"https:\/\/www.fraterinternacional.org\/es\/"},{"@type":"ListItem","position":2,"name":"Misioneros ayudar\u00e1n a v\u00edctimas de tornado en Uruguay"}]},{"@type":"WebSite","@id":"https:\/\/www.fraterinternacional.org\/es\/#website","url":"https:\/\/www.fraterinternacional.org\/es\/","name":"Fraternidade - Federa\u00e7\u00e3o Humanit\u00e1ria Internacional","description":"Fraternidade - Federa\u00e7\u00e3o Humanit\u00e1ria Internacional","potentialAction":[{"@type":"SearchAction","target":{"@type":"EntryPoint","urlTemplate":"https:\/\/www.fraterinternacional.org\/es\/?s={search_term_string}"},"query-input":"required name=search_term_string"}],"inLanguage":"es"},{"@type":"Person","@id":"https:\/\/www.fraterinternacional.org\/es\/#\/schema\/person\/cf24d3eac28b0e09714ecb8cbd865c28","name":"Sergio Redator Espanhol"}]}},"_links":{"self":[{"href":"https:\/\/www.fraterinternacional.org\/es\/wp-json\/wp\/v2\/posts\/17826"}],"collection":[{"href":"https:\/\/www.fraterinternacional.org\/es\/wp-json\/wp\/v2\/posts"}],"about":[{"href":"https:\/\/www.fraterinternacional.org\/es\/wp-json\/wp\/v2\/types\/post"}],"author":[{"embeddable":true,"href":"https:\/\/www.fraterinternacional.org\/es\/wp-json\/wp\/v2\/users\/16"}],"replies":[{"embeddable":true,"href":"https:\/\/www.fraterinternacional.org\/es\/wp-json\/wp\/v2\/comments?post=17826"}],"version-history":[{"count":0,"href":"https:\/\/www.fraterinternacional.org\/es\/wp-json\/wp\/v2\/posts\/17826\/revisions"}],"wp:featuredmedia":[{"embeddable":true,"href":"https:\/\/www.fraterinternacional.org\/es\/wp-json\/wp\/v2\/media\/17822"}],"wp:attachment":[{"href":"https:\/\/www.fraterinternacional.org\/es\/wp-json\/wp\/v2\/media?parent=17826"}],"wp:term":[{"taxonomy":"category","embeddable":true,"href":"https:\/\/www.fraterinternacional.org\/es\/wp-json\/wp\/v2\/categories?post=17826"},{"taxonomy":"post_tag","embeddable":true,"href":"https:\/\/www.fraterinternacional.org\/es\/wp-json\/wp\/v2\/tags?post=17826"}],"curies":[{"name":"wp","href":"https:\/\/api.w.org\/{rel}","templated":true}]}}