{"id":16788,"date":"2016-04-17T17:46:01","date_gmt":"2016-04-17T20:46:01","guid":{"rendered":"http:\/\/www.fraterinternacional.org\/es\/?p=16788"},"modified":"2016-11-01T19:25:19","modified_gmt":"2016-11-01T22:25:19","slug":"alegria-union-servicio-grupal-comunidad-fraternidad","status":"publish","type":"post","link":"https:\/\/www.fraterinternacional.org\/es\/alegria-union-servicio-grupal-comunidad-fraternidad\/","title":{"rendered":"Alegria y uni\u00f3n en servicio grupal de la Comunidad Fraternidad"},"content":{"rendered":"<p style=\"text-align: justify;\"><a href=\"http:\/\/www.fraterinternacional.org\/wp-content\/uploads\/2016\/04\/comunidade_fraternidade_foto6.jpg\"><img decoding=\"async\" class=\"alignleft wp-image-16740 size-medium\" src=\"http:\/\/www.fraterinternacional.org\/wp-content\/uploads\/2016\/04\/comunidade_fraternidade_foto6-300x169.jpg\" width=\"300\" height=\"169\" srcset=\"https:\/\/www.fraterinternacional.org\/wp-content\/uploads\/2016\/04\/comunidade_fraternidade_foto6-200x112.jpg 200w, https:\/\/www.fraterinternacional.org\/wp-content\/uploads\/2016\/04\/comunidade_fraternidade_foto6-300x169.jpg 300w, https:\/\/www.fraterinternacional.org\/wp-content\/uploads\/2016\/04\/comunidade_fraternidade_foto6-400x225.jpg 400w, https:\/\/www.fraterinternacional.org\/wp-content\/uploads\/2016\/04\/comunidade_fraternidade_foto6-600x337.jpg 600w, https:\/\/www.fraterinternacional.org\/wp-content\/uploads\/2016\/04\/comunidade_fraternidade_foto6.jpg 690w\" sizes=\"(max-width: 300px) 100vw, 300px\" \/><\/a>La <a href=\"http:\/\/casaredencion.org\/?page_id=40\" target=\"_blank\">Comunidad Fraternidad<\/a>, localizada en el departamento de Paysand\u00fa, Uruguay, afiliada a la <strong>Fraternidade \u2013 Federaci\u00f3n Humanitaria Internacional<\/strong>, realiz\u00f3 el 14 de abril un Servicio Grupal de Reparaci\u00f3n. El objetivo fue la reparaci\u00f3n de varios \u00edtems de la infraestructura de la comunidad.<\/p>\n<p style=\"text-align: justify;\"><a href=\"http:\/\/www.fraterinternacional.org\/wp-content\/uploads\/2016\/04\/comunidade_fraternidade_foto3.jpg\"><img decoding=\"async\" class=\"alignright wp-image-16743 size-medium\" src=\"http:\/\/www.fraterinternacional.org\/wp-content\/uploads\/2016\/04\/comunidade_fraternidade_foto3-300x169.jpg\" width=\"300\" height=\"169\" srcset=\"https:\/\/www.fraterinternacional.org\/wp-content\/uploads\/2016\/04\/comunidade_fraternidade_foto3-200x112.jpg 200w, https:\/\/www.fraterinternacional.org\/wp-content\/uploads\/2016\/04\/comunidade_fraternidade_foto3-300x169.jpg 300w, https:\/\/www.fraterinternacional.org\/wp-content\/uploads\/2016\/04\/comunidade_fraternidade_foto3-400x225.jpg 400w, https:\/\/www.fraterinternacional.org\/wp-content\/uploads\/2016\/04\/comunidade_fraternidade_foto3-600x337.jpg 600w, https:\/\/www.fraterinternacional.org\/wp-content\/uploads\/2016\/04\/comunidade_fraternidade_foto3.jpg 690w\" sizes=\"(max-width: 300px) 100vw, 300px\" \/><\/a>La actividad es un pedido de San Jos\u00e9 y debe ser realizada cada 15 d\u00edas en la Comunidad Fraternidad. Treinta y cinco personas, entre colaboradores estables, colaboradores ocasionales, residentes y monjes de la Orden Gracia Misericordia, participaron de las tareas durante todo el d\u00eda.<\/p>\n<p style=\"text-align: justify;\">\u201cEste servicio grupal representa un impulso que San Jos\u00e9 nos da para una nueva vida en la Comunidad, que tiene que ver con la unidad grupal y con la reparaci\u00f3n de la vida espiritual, lo que se manifiesta externamente a trav\u00e9s de la reparaci\u00f3n de las cosas materiales\u201d, explic\u00f3 Madre Emmaus, coordinadora de la Comunidad Fraternidad.<\/p>\n<p style=\"text-align: justify;\"><a href=\"http:\/\/www.fraterinternacional.org\/wp-content\/uploads\/2016\/04\/comunidade_fraternidade_foto4.jpg\"><img decoding=\"async\" class=\"alignleft size-medium wp-image-16746\" src=\"http:\/\/www.fraterinternacional.org\/wp-content\/uploads\/2016\/04\/comunidade_fraternidade_foto4-300x169.jpg\" alt=\"comunidade_fraternidade_foto4\" width=\"300\" height=\"169\" srcset=\"https:\/\/www.fraterinternacional.org\/wp-content\/uploads\/2016\/04\/comunidade_fraternidade_foto4-200x112.jpg 200w, https:\/\/www.fraterinternacional.org\/wp-content\/uploads\/2016\/04\/comunidade_fraternidade_foto4-300x169.jpg 300w, https:\/\/www.fraterinternacional.org\/wp-content\/uploads\/2016\/04\/comunidade_fraternidade_foto4-400x225.jpg 400w, https:\/\/www.fraterinternacional.org\/wp-content\/uploads\/2016\/04\/comunidade_fraternidade_foto4-600x337.jpg 600w, https:\/\/www.fraterinternacional.org\/wp-content\/uploads\/2016\/04\/comunidade_fraternidade_foto4.jpg 690w\" sizes=\"(max-width: 300px) 100vw, 300px\" \/><\/a>Temprano, por la ma\u00f1ana, fueron realizadas reparaciones el\u00e9ctricas, manutenci\u00f3n de las tiendas, limpieza y lubricaci\u00f3n de canillas, corte y limpieza de la vegetaci\u00f3n del \u00e1rea, arreglo de bicicletas y herramientas, limpieza de veh\u00edculos, entre otras actividades. Al mediod\u00eda, todos participaron del Devocionario de San Jos\u00e9 seguido de la Comuni\u00f3n y c\u00e1nticos.<\/p>\n<p style=\"text-align: justify;\"><a href=\"http:\/\/www.fraterinternacional.org\/wp-content\/uploads\/2016\/04\/comunidade_fraternidade_foto2.jpg\"><img decoding=\"async\" class=\"alignright size-medium wp-image-16749\" src=\"http:\/\/www.fraterinternacional.org\/wp-content\/uploads\/2016\/04\/comunidade_fraternidade_foto2-220x300.jpg\" alt=\"comunidade_fraternidade_foto2\" width=\"220\" height=\"300\" srcset=\"https:\/\/www.fraterinternacional.org\/wp-content\/uploads\/2016\/04\/comunidade_fraternidade_foto2-200x273.jpg 200w, https:\/\/www.fraterinternacional.org\/wp-content\/uploads\/2016\/04\/comunidade_fraternidade_foto2-220x300.jpg 220w, https:\/\/www.fraterinternacional.org\/wp-content\/uploads\/2016\/04\/comunidade_fraternidade_foto2-400x546.jpg 400w, https:\/\/www.fraterinternacional.org\/wp-content\/uploads\/2016\/04\/comunidade_fraternidade_foto2.jpg 500w\" sizes=\"(max-width: 220px) 100vw, 220px\" \/><\/a>Para Clarissa Baumgartner, coordinadora del \u00e1rea R2 de la Comunidad Fraternidad, el d\u00eda fue de mucha alegr\u00eda y participaci\u00f3n de todo el grupo: \u201ceste servicio grupal representa una reparaci\u00f3n interna de cada uno de los participantes. Tenemos como aspiraci\u00f3n que esta propuesta atraiga a los colaboradores de la regi\u00f3n del Uruguay, para que vengan a participar con nosotros y traigan sus conocimientos y experiencias para sumar a la Comunidad\u201d.<\/p>\n<p style=\"text-align: justify;\">\u2018La reparaci\u00f3n de estas cosas materiales que est\u00e1n averiadas parece que son detalles, sin mucha importancia, pero son estos detalles los que pueden ir bajando la calidad, tanto de nuestras vidas materiales como espirituales. As\u00ed, con esta actividad que San Jos\u00e9 nos proporcion\u00f3, juntos vamos a ir manifestando, poco a poco, lo que Aurora tiene que manifestar\u2019, concluy\u00f3 Madre Emmaus.<\/p>\n<p style=\"text-align: justify;\">\n","protected":false},"excerpt":{"rendered":"<p>La Comunidad Fraternidad, localizada en el departamento de Paysand\u00fa, Uruguay, afiliada a la Fraternidade \u2013 Federaci\u00f3n Humanitaria Internacional, realiz\u00f3 el [&hellip;]<\/p>\n","protected":false},"author":11,"featured_media":16739,"comment_status":"closed","ping_status":"closed","sticky":false,"template":"","format":"standard","meta":{"footnotes":""},"categories":[173],"tags":[117,116],"class_list":["post-16788","post","type-post","status-publish","format-standard","has-post-thumbnail","hentry","category-noticia","tag-comunidades-luz-es","tag-vida-grupal-es"],"yoast_head":"<!-- This site is optimized with the Yoast SEO Premium plugin v21.0 (Yoast SEO v21.0) - https:\/\/yoast.com\/wordpress\/plugins\/seo\/ -->\n<title>Alegria y uni\u00f3n en servicio grupal de la Comunidad Fraternidad -<\/title>\n<meta name=\"description\" content=\"La Comunidad Fraternidad realiz\u00f3 un Servicio Grupal de Reparaci\u00f3n con el objetivo de reparar y mantener varios \u00edtems de su infraestructura en el Uruguay.\" \/>\n<meta name=\"robots\" content=\"index, follow, max-snippet:-1, max-image-preview:large, max-video-preview:-1\" \/>\n<link rel=\"canonical\" href=\"https:\/\/www.fraterinternacional.org\/es\/alegria-union-servicio-grupal-comunidad-fraternidad\/\" \/>\n<meta property=\"og:locale\" content=\"es_ES\" \/>\n<meta property=\"og:type\" content=\"article\" \/>\n<meta property=\"og:title\" content=\"Alegria y uni\u00f3n en servicio grupal de la Comunidad Fraternidad\" \/>\n<meta property=\"og:description\" content=\"La Comunidad Fraternidad realiz\u00f3 un Servicio Grupal de Reparaci\u00f3n con el objetivo de reparar y mantener varios \u00edtems de su infraestructura en el Uruguay.\" \/>\n<meta property=\"og:url\" content=\"https:\/\/www.fraterinternacional.org\/es\/alegria-union-servicio-grupal-comunidad-fraternidad\/\" \/>\n<meta property=\"og:site_name\" content=\"Fraternidade - Federa\u00e7\u00e3o Humanit\u00e1ria Internacional\" \/>\n<meta property=\"article:publisher\" content=\"https:\/\/www.facebook.com\/fraternidadehumanitaria\" \/>\n<meta property=\"article:published_time\" content=\"2016-04-17T20:46:01+00:00\" \/>\n<meta property=\"article:modified_time\" content=\"2016-11-01T22:25:19+00:00\" \/>\n<meta property=\"og:image\" content=\"https:\/\/www.fraterinternacional.org\/wp-content\/uploads\/2016\/04\/comunidade_fraternidade_foto1.jpg\" \/>\n\t<meta property=\"og:image:width\" content=\"690\" \/>\n\t<meta property=\"og:image:height\" content=\"388\" \/>\n\t<meta property=\"og:image:type\" content=\"image\/jpeg\" \/>\n<meta name=\"author\" content=\"Nelson Frater\" \/>\n<meta name=\"twitter:card\" content=\"summary_large_image\" \/>\n<meta name=\"twitter:creator\" content=\"@fraternidadeFHI\" \/>\n<meta name=\"twitter:site\" content=\"@fraternidadeFHI\" \/>\n<meta name=\"twitter:label1\" content=\"Escrito por\" \/>\n\t<meta name=\"twitter:data1\" content=\"Nelson Frater\" \/>\n\t<meta name=\"twitter:label2\" content=\"Tiempo de lectura\" \/>\n\t<meta name=\"twitter:data2\" content=\"2 minutos\" \/>\n<script type=\"application\/ld+json\" class=\"yoast-schema-graph\">{\"@context\":\"https:\/\/schema.org\",\"@graph\":[{\"@type\":\"WebPage\",\"@id\":\"https:\/\/www.fraterinternacional.org\/es\/alegria-union-servicio-grupal-comunidad-fraternidad\/\",\"url\":\"https:\/\/www.fraterinternacional.org\/es\/alegria-union-servicio-grupal-comunidad-fraternidad\/\",\"name\":\"Alegria y uni\u00f3n en servicio grupal de la Comunidad Fraternidad -\",\"isPartOf\":{\"@id\":\"https:\/\/www.fraterinternacional.org\/es\/#website\"},\"datePublished\":\"2016-04-17T20:46:01+00:00\",\"dateModified\":\"2016-11-01T22:25:19+00:00\",\"author\":{\"@id\":\"https:\/\/www.fraterinternacional.org\/es\/#\/schema\/person\/facd24ae5f7e6b4ee1aeec7ad1b960ae\"},\"description\":\"La Comunidad Fraternidad realiz\u00f3 un Servicio Grupal de Reparaci\u00f3n con el objetivo de reparar y mantener varios \u00edtems de su infraestructura en el Uruguay.\",\"breadcrumb\":{\"@id\":\"https:\/\/www.fraterinternacional.org\/es\/alegria-union-servicio-grupal-comunidad-fraternidad\/#breadcrumb\"},\"inLanguage\":\"es\",\"potentialAction\":[{\"@type\":\"ReadAction\",\"target\":[\"https:\/\/www.fraterinternacional.org\/es\/alegria-union-servicio-grupal-comunidad-fraternidad\/\"]}]},{\"@type\":\"BreadcrumbList\",\"@id\":\"https:\/\/www.fraterinternacional.org\/es\/alegria-union-servicio-grupal-comunidad-fraternidad\/#breadcrumb\",\"itemListElement\":[{\"@type\":\"ListItem\",\"position\":1,\"name\":\"In\u00edcio\",\"item\":\"https:\/\/www.fraterinternacional.org\/es\/\"},{\"@type\":\"ListItem\",\"position\":2,\"name\":\"Alegria y uni\u00f3n en servicio grupal de la Comunidad Fraternidad\"}]},{\"@type\":\"WebSite\",\"@id\":\"https:\/\/www.fraterinternacional.org\/es\/#website\",\"url\":\"https:\/\/www.fraterinternacional.org\/es\/\",\"name\":\"Fraternidade - Federa\u00e7\u00e3o Humanit\u00e1ria Internacional\",\"description\":\"Fraternidade - Federa\u00e7\u00e3o Humanit\u00e1ria Internacional\",\"potentialAction\":[{\"@type\":\"SearchAction\",\"target\":{\"@type\":\"EntryPoint\",\"urlTemplate\":\"https:\/\/www.fraterinternacional.org\/es\/?s={search_term_string}\"},\"query-input\":\"required name=search_term_string\"}],\"inLanguage\":\"es\"},{\"@type\":\"Person\",\"@id\":\"https:\/\/www.fraterinternacional.org\/es\/#\/schema\/person\/facd24ae5f7e6b4ee1aeec7ad1b960ae\",\"name\":\"Nelson Frater\"}]}<\/script>\n<!-- \/ Yoast SEO Premium plugin. -->","yoast_head_json":{"title":"Alegria y uni\u00f3n en servicio grupal de la Comunidad Fraternidad -","description":"La Comunidad Fraternidad realiz\u00f3 un Servicio Grupal de Reparaci\u00f3n con el objetivo de reparar y mantener varios \u00edtems de su infraestructura en el Uruguay.","robots":{"index":"index","follow":"follow","max-snippet":"max-snippet:-1","max-image-preview":"max-image-preview:large","max-video-preview":"max-video-preview:-1"},"canonical":"https:\/\/www.fraterinternacional.org\/es\/alegria-union-servicio-grupal-comunidad-fraternidad\/","og_locale":"es_ES","og_type":"article","og_title":"Alegria y uni\u00f3n en servicio grupal de la Comunidad Fraternidad","og_description":"La Comunidad Fraternidad realiz\u00f3 un Servicio Grupal de Reparaci\u00f3n con el objetivo de reparar y mantener varios \u00edtems de su infraestructura en el Uruguay.","og_url":"https:\/\/www.fraterinternacional.org\/es\/alegria-union-servicio-grupal-comunidad-fraternidad\/","og_site_name":"Fraternidade - Federa\u00e7\u00e3o Humanit\u00e1ria Internacional","article_publisher":"https:\/\/www.facebook.com\/fraternidadehumanitaria","article_published_time":"2016-04-17T20:46:01+00:00","article_modified_time":"2016-11-01T22:25:19+00:00","og_image":[{"width":690,"height":388,"url":"https:\/\/www.fraterinternacional.org\/wp-content\/uploads\/2016\/04\/comunidade_fraternidade_foto1.jpg","type":"image\/jpeg"}],"author":"Nelson Frater","twitter_card":"summary_large_image","twitter_creator":"@fraternidadeFHI","twitter_site":"@fraternidadeFHI","twitter_misc":{"Escrito por":"Nelson Frater","Tiempo de lectura":"2 minutos"},"schema":{"@context":"https:\/\/schema.org","@graph":[{"@type":"WebPage","@id":"https:\/\/www.fraterinternacional.org\/es\/alegria-union-servicio-grupal-comunidad-fraternidad\/","url":"https:\/\/www.fraterinternacional.org\/es\/alegria-union-servicio-grupal-comunidad-fraternidad\/","name":"Alegria y uni\u00f3n en servicio grupal de la Comunidad Fraternidad -","isPartOf":{"@id":"https:\/\/www.fraterinternacional.org\/es\/#website"},"datePublished":"2016-04-17T20:46:01+00:00","dateModified":"2016-11-01T22:25:19+00:00","author":{"@id":"https:\/\/www.fraterinternacional.org\/es\/#\/schema\/person\/facd24ae5f7e6b4ee1aeec7ad1b960ae"},"description":"La Comunidad Fraternidad realiz\u00f3 un Servicio Grupal de Reparaci\u00f3n con el objetivo de reparar y mantener varios \u00edtems de su infraestructura en el Uruguay.","breadcrumb":{"@id":"https:\/\/www.fraterinternacional.org\/es\/alegria-union-servicio-grupal-comunidad-fraternidad\/#breadcrumb"},"inLanguage":"es","potentialAction":[{"@type":"ReadAction","target":["https:\/\/www.fraterinternacional.org\/es\/alegria-union-servicio-grupal-comunidad-fraternidad\/"]}]},{"@type":"BreadcrumbList","@id":"https:\/\/www.fraterinternacional.org\/es\/alegria-union-servicio-grupal-comunidad-fraternidad\/#breadcrumb","itemListElement":[{"@type":"ListItem","position":1,"name":"In\u00edcio","item":"https:\/\/www.fraterinternacional.org\/es\/"},{"@type":"ListItem","position":2,"name":"Alegria y uni\u00f3n en servicio grupal de la Comunidad Fraternidad"}]},{"@type":"WebSite","@id":"https:\/\/www.fraterinternacional.org\/es\/#website","url":"https:\/\/www.fraterinternacional.org\/es\/","name":"Fraternidade - Federa\u00e7\u00e3o Humanit\u00e1ria Internacional","description":"Fraternidade - Federa\u00e7\u00e3o Humanit\u00e1ria Internacional","potentialAction":[{"@type":"SearchAction","target":{"@type":"EntryPoint","urlTemplate":"https:\/\/www.fraterinternacional.org\/es\/?s={search_term_string}"},"query-input":"required name=search_term_string"}],"inLanguage":"es"},{"@type":"Person","@id":"https:\/\/www.fraterinternacional.org\/es\/#\/schema\/person\/facd24ae5f7e6b4ee1aeec7ad1b960ae","name":"Nelson Frater"}]}},"_links":{"self":[{"href":"https:\/\/www.fraterinternacional.org\/es\/wp-json\/wp\/v2\/posts\/16788"}],"collection":[{"href":"https:\/\/www.fraterinternacional.org\/es\/wp-json\/wp\/v2\/posts"}],"about":[{"href":"https:\/\/www.fraterinternacional.org\/es\/wp-json\/wp\/v2\/types\/post"}],"author":[{"embeddable":true,"href":"https:\/\/www.fraterinternacional.org\/es\/wp-json\/wp\/v2\/users\/11"}],"replies":[{"embeddable":true,"href":"https:\/\/www.fraterinternacional.org\/es\/wp-json\/wp\/v2\/comments?post=16788"}],"version-history":[{"count":0,"href":"https:\/\/www.fraterinternacional.org\/es\/wp-json\/wp\/v2\/posts\/16788\/revisions"}],"wp:featuredmedia":[{"embeddable":true,"href":"https:\/\/www.fraterinternacional.org\/es\/wp-json\/wp\/v2\/media\/16739"}],"wp:attachment":[{"href":"https:\/\/www.fraterinternacional.org\/es\/wp-json\/wp\/v2\/media?parent=16788"}],"wp:term":[{"taxonomy":"category","embeddable":true,"href":"https:\/\/www.fraterinternacional.org\/es\/wp-json\/wp\/v2\/categories?post=16788"},{"taxonomy":"post_tag","embeddable":true,"href":"https:\/\/www.fraterinternacional.org\/es\/wp-json\/wp\/v2\/tags?post=16788"}],"curies":[{"name":"wp","href":"https:\/\/api.w.org\/{rel}","templated":true}]}}