{"id":127607,"date":"2026-01-07T10:35:04","date_gmt":"2026-01-07T13:35:04","guid":{"rendered":"https:\/\/www.fraterinternacional.org\/?p=127607"},"modified":"2026-01-07T10:35:08","modified_gmt":"2026-01-07T13:35:08","slug":"o-sagrado-chamado-de-roraima-encontro-2025","status":"publish","type":"post","link":"https:\/\/www.fraterinternacional.org\/es\/o-sagrado-chamado-de-roraima-encontro-2025\/","title":{"rendered":"O Sagrado Chamado de Roraima \u2013 Encontro 2025"},"content":{"rendered":"\n<p>Por tercer a\u00f1o consecutivo, representantes de la Red de Luz Norte-Noreste y de la Red de Luz Venezuela se reunieron en Roraima para el Encuentro Sagrado Llamado de Roraima, realizado en la&nbsp;<a href=\"https:\/\/www.fraterinternacional.org\/filiadas\/comunidade-luz-roraima\/\" target=\"_blank\" rel=\"noreferrer noopener\">Comunidadde Luz Flor del Sagrado Tepui.<\/a><\/p>\n\n\n\n<p>&nbsp;La edici\u00f3n de 2025, que tuvo lugar entre el 21 y el 23 de noviembre, forma parte de un ciclo iniciado en 2023 y concebido para celebrarse al final de cada a\u00f1o, per\u00edodo que favorece la s\u00edntesis de las experiencias vividas, la actualizaci\u00f3n de los procesos en curso y la renovaci\u00f3n del compromiso con el servicio desarrollado a lo largo del a\u00f1o.<\/p>\n\n\n\n<figure class=\"wp-block-image size-full\"><a href=\"https:\/\/www.fraterinternacional.org\/wp-content\/uploads\/2026\/01\/Rede-Luz_FFHI_1.jpg\"><img decoding=\"async\" width=\"1000\" height=\"750\" src=\"https:\/\/www.fraterinternacional.org\/wp-content\/uploads\/2026\/01\/Rede-Luz_FFHI_1.jpg\" alt=\"\" class=\"wp-image-127595\" srcset=\"https:\/\/www.fraterinternacional.org\/wp-content\/uploads\/2026\/01\/Rede-Luz_FFHI_1-200x150.jpg 200w, https:\/\/www.fraterinternacional.org\/wp-content\/uploads\/2026\/01\/Rede-Luz_FFHI_1-300x225.jpg 300w, https:\/\/www.fraterinternacional.org\/wp-content\/uploads\/2026\/01\/Rede-Luz_FFHI_1-400x300.jpg 400w, https:\/\/www.fraterinternacional.org\/wp-content\/uploads\/2026\/01\/Rede-Luz_FFHI_1-600x450.jpg 600w, https:\/\/www.fraterinternacional.org\/wp-content\/uploads\/2026\/01\/Rede-Luz_FFHI_1-800x600.jpg 800w, https:\/\/www.fraterinternacional.org\/wp-content\/uploads\/2026\/01\/Rede-Luz_FFHI_1.jpg 1000w\" sizes=\"(max-width: 1000px) 100vw, 1000px\" \/><\/a><\/figure>\n\n\n\n<p>Seg\u00fan Fray Thomas, administrador de la comunidad, la elecci\u00f3n de Roraima como sede del encuentro pone de manifiesto los retos geogr\u00e1ficos y log\u00edsticos a los que se enfrenta la\u00a0<a href=\"https:\/\/www.fraterinternacional.org\/rede-luz\/\" target=\"_blank\" rel=\"noreferrer noopener\">Red-Luz<\/a>. Situada en el extremo norte del pa\u00eds, la regi\u00f3n supone grandes distancias, un acceso predominantemente a\u00e9reo y elevados costos de desplazamiento, lo que hace que la presencia f\u00edsica de los grupos sea un ejercicio constante de organizaci\u00f3n, planificaci\u00f3n y compromiso. La Red que sustenta la\u00a0<a href=\"https:\/\/www.fraterinternacional.org\/?s=Comunidade-Luz+Sagrado+Tepui&amp;lang=pt-br\" target=\"_blank\" rel=\"noreferrer noopener\">Comunidad- Luz<\/a>\u00a0es amplia, distribuida por los estados del norte y noreste de Brasil, adem\u00e1s de Venezuela, lo que exige estrategias espec\u00edficas para mantener la cohesi\u00f3n y la continuidad del trabajo.<\/p>\n\n\n\n<p>Fray Tom\u00e1s explica que el encuentro anual busca, precisamente, reducir simb\u00f3licamente estas distancias. Al reunir, aunque sea por pocos d\u00edas, a miembros con diferentes niveles de cooperaci\u00f3n \u2014residentes, colaboradores y participantes de la Red-Luz se crea una experiencia concreta de vida comunitaria. En este contexto, compartir las tareas, las comidas, el silencio y la convivencia cotidiana ampl\u00eda la percepci\u00f3n de la importancia de la contribuci\u00f3n de cada persona al sostenimiento del trabajo colectivo. \u00abEs una oportunidad para manifestar, a peque\u00f1a escala, lo que deber\u00eda ser nuestra vida cotidiana, pero que no siempre es posible debido a las circunstancias materiales y geogr\u00e1ficas\u00bb, se\u00f1ala.<\/p>\n\n\n\n<figure class=\"wp-block-image size-full\"><a href=\"https:\/\/www.fraterinternacional.org\/wp-content\/uploads\/2026\/01\/Rede-Luz_FFHI_6.jpg\"><img decoding=\"async\" width=\"1000\" height=\"562\" src=\"https:\/\/www.fraterinternacional.org\/wp-content\/uploads\/2026\/01\/Rede-Luz_FFHI_6.jpg\" alt=\"\" class=\"wp-image-127601\" srcset=\"https:\/\/www.fraterinternacional.org\/wp-content\/uploads\/2026\/01\/Rede-Luz_FFHI_6-200x112.jpg 200w, https:\/\/www.fraterinternacional.org\/wp-content\/uploads\/2026\/01\/Rede-Luz_FFHI_6-300x169.jpg 300w, https:\/\/www.fraterinternacional.org\/wp-content\/uploads\/2026\/01\/Rede-Luz_FFHI_6-400x225.jpg 400w, https:\/\/www.fraterinternacional.org\/wp-content\/uploads\/2026\/01\/Rede-Luz_FFHI_6-600x337.jpg 600w, https:\/\/www.fraterinternacional.org\/wp-content\/uploads\/2026\/01\/Rede-Luz_FFHI_6-800x450.jpg 800w, https:\/\/www.fraterinternacional.org\/wp-content\/uploads\/2026\/01\/Rede-Luz_FFHI_6.jpg 1000w\" sizes=\"(max-width: 1000px) 100vw, 1000px\" \/><\/a><\/figure>\n\n\n\n<p>Uno de los aspectos m\u00e1s destacados del Encuentro de 2025 fue la realizaci\u00f3n de sinton\u00edas al amanecer. Para fray Thomas, este momento tiene un significado especial dentro del trabajo desarrollado en Roraima, ya que el silencio, la atenci\u00f3n al entorno y la luz de la ma\u00f1ana favorecen una escucha m\u00e1s profunda y una conexi\u00f3n m\u00e1s clara con el sentido del servicio realizado por la\u00a0<a href=\"https:\/\/www.fraterinternacional.org\/?s=Comunidade-Luz+Sagrado+Tepui&amp;lang=pt-br\" target=\"_blank\" rel=\"noreferrer noopener\">Comunidad-Luz.<\/a>\u00a0Estas experiencias se sumaron a caminatas silenciosas por los espacios considerados sagrados, creando un ambiente propicio para la reflexi\u00f3n, la interiorizaci\u00f3n y la renovaci\u00f3n interior de los participantes.<\/p>\n\n\n\n<figure class=\"wp-block-image size-full\"><a href=\"https:\/\/www.fraterinternacional.org\/wp-content\/uploads\/2026\/01\/Rede-Luz_FFHI_2.jpg\"><img decoding=\"async\" width=\"1000\" height=\"750\" src=\"https:\/\/www.fraterinternacional.org\/wp-content\/uploads\/2026\/01\/Rede-Luz_FFHI_2.jpg\" alt=\"\" class=\"wp-image-127592\" srcset=\"https:\/\/www.fraterinternacional.org\/wp-content\/uploads\/2026\/01\/Rede-Luz_FFHI_2-200x150.jpg 200w, https:\/\/www.fraterinternacional.org\/wp-content\/uploads\/2026\/01\/Rede-Luz_FFHI_2-300x225.jpg 300w, https:\/\/www.fraterinternacional.org\/wp-content\/uploads\/2026\/01\/Rede-Luz_FFHI_2-400x300.jpg 400w, https:\/\/www.fraterinternacional.org\/wp-content\/uploads\/2026\/01\/Rede-Luz_FFHI_2-600x450.jpg 600w, https:\/\/www.fraterinternacional.org\/wp-content\/uploads\/2026\/01\/Rede-Luz_FFHI_2-800x600.jpg 800w, https:\/\/www.fraterinternacional.org\/wp-content\/uploads\/2026\/01\/Rede-Luz_FFHI_2.jpg 1000w\" sizes=\"(max-width: 1000px) 100vw, 1000px\" \/><\/a><\/figure>\n\n\n\n<p>La programaci\u00f3n tambi\u00e9n incluy\u00f3 momentos de expresi\u00f3n musical, una caracter\u00edstica de la Comunidad-Luz. Los ensayos y las presentaciones contaron con la participaci\u00f3n de gran parte del grupo, con cantos en su mayor\u00eda de autor\u00eda interna, lo que reforz\u00f3 el car\u00e1cter contemplativo e integrador de la experiencia. Adem\u00e1s, se realizaron momentos de estudio y orientaci\u00f3n: el s\u00e1bado, una conversaci\u00f3n en l\u00ednea con fray Luciano, transmitida tambi\u00e9n a los grupos de la Red-Luz Norte-Noreste y Venezuela; y el domingo, una actualizaci\u00f3n sobre los aspectos internos y externos del proceso de manifestaci\u00f3n de la&nbsp;<a href=\"https:\/\/www.fraterinternacional.org\/?s=Comunidade-Luz+Sagrado+Tepui&amp;lang=pt-br\" target=\"_blank\" rel=\"noreferrer noopener\">Comunidad-Luz<\/a>&nbsp;en Roraima.<\/p>\n\n\n\n<p>Otra novedad de esta edici\u00f3n fue el hecho de que todos los participantes se alojaron en la propia Comunidad-Luz, algo in\u00e9dito en los tres encuentros realizados hasta ahora. En total, 35 personas participaron en el evento, 13 residentes y 22 procedentes de otros estados. Los contenedores utilizados como oficina y sala de oraci\u00f3n se adaptaron como dormitorios colectivos, adem\u00e1s de habilitarse otros espacios para el alojamiento. Esta convivencia intensiva fortaleci\u00f3 los v\u00ednculos, ampli\u00f3 el sentido de pertenencia y favoreci\u00f3 el reparto de responsabilidades en el cuidado de los espacios y la organizaci\u00f3n de las actividades.<\/p>\n\n\n\n<figure class=\"wp-block-image size-full\"><a href=\"https:\/\/www.fraterinternacional.org\/wp-content\/uploads\/2026\/01\/Rede-Luz_FFHI_5.jpg\"><img decoding=\"async\" width=\"1000\" height=\"857\" src=\"https:\/\/www.fraterinternacional.org\/wp-content\/uploads\/2026\/01\/Rede-Luz_FFHI_5.jpg\" alt=\"\" class=\"wp-image-127586\" srcset=\"https:\/\/www.fraterinternacional.org\/wp-content\/uploads\/2026\/01\/Rede-Luz_FFHI_5-200x171.jpg 200w, https:\/\/www.fraterinternacional.org\/wp-content\/uploads\/2026\/01\/Rede-Luz_FFHI_5-300x257.jpg 300w, https:\/\/www.fraterinternacional.org\/wp-content\/uploads\/2026\/01\/Rede-Luz_FFHI_5-400x343.jpg 400w, https:\/\/www.fraterinternacional.org\/wp-content\/uploads\/2026\/01\/Rede-Luz_FFHI_5-600x514.jpg 600w, https:\/\/www.fraterinternacional.org\/wp-content\/uploads\/2026\/01\/Rede-Luz_FFHI_5-800x686.jpg 800w, https:\/\/www.fraterinternacional.org\/wp-content\/uploads\/2026\/01\/Rede-Luz_FFHI_5.jpg 1000w\" sizes=\"(max-width: 1000px) 100vw, 1000px\" \/><\/a><\/figure>\n\n\n\n<p>Para fray Thomas, esta experiencia puso de manifiesto un aprendizaje fundamental: la necesidad de invertir continuamente en estrategias que permitan el encuentro y la presencia a lo largo del a\u00f1o, y no solo en momentos puntuales. Destaca que, cuando un mayor n\u00famero de colaboradores logra reunirse, la Comunidad-Luz gana vitalidad, claridad de prop\u00f3sito y mayor capacidad para responder a los retos futuros. La presencia regular de miembros de la Red-Luz en Roraima se considera un paso importante para fortalecer la vida grupal, compartir las actividades cotidianas y sostener, de manera m\u00e1s equilibrada, el trabajo en curso.<\/p>\n\n\n\n<p>Celina Santos, coordinadora de la Red-Luz Norte-Noreste, tambi\u00e9n destac\u00f3 la importancia del encuentro realizado en Roraima. Para ella, el aspecto m\u00e1s destacado fue la profundizaci\u00f3n&nbsp; construida a lo largo de los tres encuentros, especialmente en esta \u00faltima edici\u00f3n, que se caracteriz\u00f3 por una fuerte integraci\u00f3n entre los participantes. Ella destaca que articular una Red presente en once estados de las regiones Norte y Noreste es, al mismo tiempo, un gran desaf\u00edo y una gran riqueza, que exige un ejercicio constante de unidad, di\u00e1logo y cooperaci\u00f3n.<\/p>\n\n\n\n<figure class=\"wp-block-image size-full\"><a href=\"https:\/\/www.fraterinternacional.org\/wp-content\/uploads\/2026\/01\/Rede-Luz_FFHI_7.jpg.png\"><img decoding=\"async\" width=\"1000\" height=\"521\" src=\"https:\/\/www.fraterinternacional.org\/wp-content\/uploads\/2026\/01\/Rede-Luz_FFHI_7.jpg.png\" alt=\"\" class=\"wp-image-127598\" srcset=\"https:\/\/www.fraterinternacional.org\/wp-content\/uploads\/2026\/01\/Rede-Luz_FFHI_7.jpg-200x104.png 200w, https:\/\/www.fraterinternacional.org\/wp-content\/uploads\/2026\/01\/Rede-Luz_FFHI_7.jpg-300x156.png 300w, https:\/\/www.fraterinternacional.org\/wp-content\/uploads\/2026\/01\/Rede-Luz_FFHI_7.jpg-400x208.png 400w, https:\/\/www.fraterinternacional.org\/wp-content\/uploads\/2026\/01\/Rede-Luz_FFHI_7.jpg-600x313.png 600w, https:\/\/www.fraterinternacional.org\/wp-content\/uploads\/2026\/01\/Rede-Luz_FFHI_7.jpg-800x417.png 800w, https:\/\/www.fraterinternacional.org\/wp-content\/uploads\/2026\/01\/Rede-Luz_FFHI_7.jpg.png 1000w\" sizes=\"(max-width: 1000px) 100vw, 1000px\" \/><\/a><\/figure>\n\n\n\n<p>Seg\u00fan Celina, el encuentro anual, que se celebra desde la fundaci\u00f3n de la Comunidad-Luz, ha demostrado ser un espacio fundamental para el fortalecimiento del grupo. En cada edici\u00f3n surgen nuevos aprendizajes que contribuyen a los procesos de transformaci\u00f3n y maduraci\u00f3n colectiva. El hecho de que todos se alojaran juntos, en esta ocasi\u00f3n, intensific\u00f3 la convivencia y favoreci\u00f3 el acercamiento entre personas con diferentes formas de acci\u00f3n y niveles de responsabilidad, ampliando la comprensi\u00f3n del trabajo como una construcci\u00f3n compartida.<\/p>\n\n\n\n<p>Como mensaje principal, Celina refuerza la importancia de participar en estos encuentros para aquellos que tienen esa posibilidad. Reconoce que no todos pueden estar presentes f\u00edsicamente, pero destaca que el momento vivido en Roraima favorece la sencillez, la convivencia y la renovaci\u00f3n interior, elementos que se reflejan en una postura m\u00e1s consciente, colaborativa y equilibrada ante los retos del servicio y la vida cotidiana.<\/p>\n\n\n\n<figure class=\"wp-block-image size-full\"><a href=\"https:\/\/www.fraterinternacional.org\/wp-content\/uploads\/2026\/01\/Rede-Luz_FFHI_3.jpg\"><img decoding=\"async\" width=\"1000\" height=\"750\" src=\"https:\/\/www.fraterinternacional.org\/wp-content\/uploads\/2026\/01\/Rede-Luz_FFHI_3.jpg\" alt=\"\" class=\"wp-image-127589\" srcset=\"https:\/\/www.fraterinternacional.org\/wp-content\/uploads\/2026\/01\/Rede-Luz_FFHI_3-200x150.jpg 200w, https:\/\/www.fraterinternacional.org\/wp-content\/uploads\/2026\/01\/Rede-Luz_FFHI_3-300x225.jpg 300w, https:\/\/www.fraterinternacional.org\/wp-content\/uploads\/2026\/01\/Rede-Luz_FFHI_3-400x300.jpg 400w, https:\/\/www.fraterinternacional.org\/wp-content\/uploads\/2026\/01\/Rede-Luz_FFHI_3-600x450.jpg 600w, https:\/\/www.fraterinternacional.org\/wp-content\/uploads\/2026\/01\/Rede-Luz_FFHI_3-800x600.jpg 800w, https:\/\/www.fraterinternacional.org\/wp-content\/uploads\/2026\/01\/Rede-Luz_FFHI_3.jpg 1000w\" sizes=\"(max-width: 1000px) 100vw, 1000px\" \/><\/a><\/figure>\n\n\n\n<p>El Encuentro Sagrado Llamado de Roraima concluy\u00f3 el domingo por la tarde, con la ofrenda de los sacramentos y un momento de s\u00edntesis colectiva. Al final de las actividades, muchos participantes relataron una sensaci\u00f3n de alineaci\u00f3n interior, fortalecimiento de los v\u00ednculos y mayor claridad en relaci\u00f3n con los pr\u00f3ximos pasos del trabajo. El encuentro reafirm\u00f3 la importancia de la presencia, la convivencia y la construcci\u00f3n conjunta como pilares para la continuidad y la profundizaci\u00f3n del camino recorrido por la\u00a0<a href=\"https:\/\/www.fraterinternacional.org\/?s=Comunidade-Luz+Sagrado+Tepui&amp;lang=pt-br\" target=\"_blank\" rel=\"noreferrer noopener\">Comunidad-Luz en Roraima.<\/a><\/p>\n","protected":false},"excerpt":{"rendered":"<p>Por tercer a\u00f1o consecutivo, representantes de la Red de Luz Norte-Noreste y de la Red de Luz Venezuela se reunieron [&hellip;]<\/p>\n","protected":false},"author":62,"featured_media":0,"comment_status":"closed","ping_status":"closed","sticky":false,"template":"","format":"standard","meta":{"footnotes":""},"categories":[173],"tags":[],"class_list":["post-127607","post","type-post","status-publish","format-standard","hentry","category-noticia"],"yoast_head":"<!-- This site is optimized with the Yoast SEO Premium plugin v21.0 (Yoast SEO v21.0) - https:\/\/yoast.com\/wordpress\/plugins\/seo\/ -->\n<title>O Sagrado Chamado de Roraima \u2013 Encontro 2025 -<\/title>\n<meta name=\"robots\" content=\"index, follow, max-snippet:-1, max-image-preview:large, max-video-preview:-1\" \/>\n<link rel=\"canonical\" href=\"https:\/\/www.fraterinternacional.org\/es\/o-sagrado-chamado-de-roraima-encontro-2025\/\" \/>\n<meta property=\"og:locale\" content=\"es_ES\" \/>\n<meta property=\"og:type\" content=\"article\" \/>\n<meta property=\"og:title\" content=\"O Sagrado Chamado de Roraima \u2013 Encontro 2025\" \/>\n<meta property=\"og:description\" content=\"Por tercer a\u00f1o consecutivo, representantes de la Red de Luz Norte-Noreste y de la Red de Luz Venezuela se reunieron [&hellip;]\" \/>\n<meta property=\"og:url\" content=\"https:\/\/www.fraterinternacional.org\/es\/o-sagrado-chamado-de-roraima-encontro-2025\/\" \/>\n<meta property=\"og:site_name\" content=\"Fraternidade - Federa\u00e7\u00e3o Humanit\u00e1ria Internacional\" \/>\n<meta property=\"article:publisher\" content=\"https:\/\/www.facebook.com\/fraternidadehumanitaria\" \/>\n<meta property=\"article:published_time\" content=\"2026-01-07T13:35:04+00:00\" \/>\n<meta property=\"article:modified_time\" content=\"2026-01-07T13:35:08+00:00\" \/>\n<meta property=\"og:image\" content=\"https:\/\/www.fraterinternacional.org\/wp-content\/uploads\/2026\/01\/Rede-Luz_FFHI_1.jpg\" \/>\n<meta name=\"author\" content=\"Editor FFHI\" \/>\n<meta name=\"twitter:card\" content=\"summary_large_image\" \/>\n<meta name=\"twitter:creator\" content=\"@fraternidadeFHI\" \/>\n<meta name=\"twitter:site\" content=\"@fraternidadeFHI\" \/>\n<meta name=\"twitter:label1\" content=\"Escrito por\" \/>\n\t<meta name=\"twitter:data1\" content=\"Editor FFHI\" \/>\n\t<meta name=\"twitter:label2\" content=\"Tiempo de lectura\" \/>\n\t<meta name=\"twitter:data2\" content=\"7 minutos\" \/>\n<script type=\"application\/ld+json\" class=\"yoast-schema-graph\">{\"@context\":\"https:\/\/schema.org\",\"@graph\":[{\"@type\":\"WebPage\",\"@id\":\"https:\/\/www.fraterinternacional.org\/es\/o-sagrado-chamado-de-roraima-encontro-2025\/\",\"url\":\"https:\/\/www.fraterinternacional.org\/es\/o-sagrado-chamado-de-roraima-encontro-2025\/\",\"name\":\"O Sagrado Chamado de Roraima \u2013 Encontro 2025 -\",\"isPartOf\":{\"@id\":\"https:\/\/www.fraterinternacional.org\/es\/#website\"},\"datePublished\":\"2026-01-07T13:35:04+00:00\",\"dateModified\":\"2026-01-07T13:35:08+00:00\",\"author\":{\"@id\":\"https:\/\/www.fraterinternacional.org\/es\/#\/schema\/person\/7a396871d28d4d93a47a6c0efa00b5be\"},\"breadcrumb\":{\"@id\":\"https:\/\/www.fraterinternacional.org\/es\/o-sagrado-chamado-de-roraima-encontro-2025\/#breadcrumb\"},\"inLanguage\":\"es\",\"potentialAction\":[{\"@type\":\"ReadAction\",\"target\":[\"https:\/\/www.fraterinternacional.org\/es\/o-sagrado-chamado-de-roraima-encontro-2025\/\"]}]},{\"@type\":\"BreadcrumbList\",\"@id\":\"https:\/\/www.fraterinternacional.org\/es\/o-sagrado-chamado-de-roraima-encontro-2025\/#breadcrumb\",\"itemListElement\":[{\"@type\":\"ListItem\",\"position\":1,\"name\":\"In\u00edcio\",\"item\":\"https:\/\/www.fraterinternacional.org\/es\/\"},{\"@type\":\"ListItem\",\"position\":2,\"name\":\"O Sagrado Chamado de Roraima \u2013 Encontro 2025\"}]},{\"@type\":\"WebSite\",\"@id\":\"https:\/\/www.fraterinternacional.org\/es\/#website\",\"url\":\"https:\/\/www.fraterinternacional.org\/es\/\",\"name\":\"Fraternidade - Federa\u00e7\u00e3o Humanit\u00e1ria Internacional\",\"description\":\"Fraternidade - Federa\u00e7\u00e3o Humanit\u00e1ria Internacional\",\"potentialAction\":[{\"@type\":\"SearchAction\",\"target\":{\"@type\":\"EntryPoint\",\"urlTemplate\":\"https:\/\/www.fraterinternacional.org\/es\/?s={search_term_string}\"},\"query-input\":\"required name=search_term_string\"}],\"inLanguage\":\"es\"},{\"@type\":\"Person\",\"@id\":\"https:\/\/www.fraterinternacional.org\/es\/#\/schema\/person\/7a396871d28d4d93a47a6c0efa00b5be\",\"name\":\"Editor FFHI\"}]}<\/script>\n<!-- \/ Yoast SEO Premium plugin. -->","yoast_head_json":{"title":"O Sagrado Chamado de Roraima \u2013 Encontro 2025 -","robots":{"index":"index","follow":"follow","max-snippet":"max-snippet:-1","max-image-preview":"max-image-preview:large","max-video-preview":"max-video-preview:-1"},"canonical":"https:\/\/www.fraterinternacional.org\/es\/o-sagrado-chamado-de-roraima-encontro-2025\/","og_locale":"es_ES","og_type":"article","og_title":"O Sagrado Chamado de Roraima \u2013 Encontro 2025","og_description":"Por tercer a\u00f1o consecutivo, representantes de la Red de Luz Norte-Noreste y de la Red de Luz Venezuela se reunieron [&hellip;]","og_url":"https:\/\/www.fraterinternacional.org\/es\/o-sagrado-chamado-de-roraima-encontro-2025\/","og_site_name":"Fraternidade - Federa\u00e7\u00e3o Humanit\u00e1ria Internacional","article_publisher":"https:\/\/www.facebook.com\/fraternidadehumanitaria","article_published_time":"2026-01-07T13:35:04+00:00","article_modified_time":"2026-01-07T13:35:08+00:00","og_image":[{"url":"https:\/\/www.fraterinternacional.org\/wp-content\/uploads\/2026\/01\/Rede-Luz_FFHI_1.jpg"}],"author":"Editor FFHI","twitter_card":"summary_large_image","twitter_creator":"@fraternidadeFHI","twitter_site":"@fraternidadeFHI","twitter_misc":{"Escrito por":"Editor FFHI","Tiempo de lectura":"7 minutos"},"schema":{"@context":"https:\/\/schema.org","@graph":[{"@type":"WebPage","@id":"https:\/\/www.fraterinternacional.org\/es\/o-sagrado-chamado-de-roraima-encontro-2025\/","url":"https:\/\/www.fraterinternacional.org\/es\/o-sagrado-chamado-de-roraima-encontro-2025\/","name":"O Sagrado Chamado de Roraima \u2013 Encontro 2025 -","isPartOf":{"@id":"https:\/\/www.fraterinternacional.org\/es\/#website"},"datePublished":"2026-01-07T13:35:04+00:00","dateModified":"2026-01-07T13:35:08+00:00","author":{"@id":"https:\/\/www.fraterinternacional.org\/es\/#\/schema\/person\/7a396871d28d4d93a47a6c0efa00b5be"},"breadcrumb":{"@id":"https:\/\/www.fraterinternacional.org\/es\/o-sagrado-chamado-de-roraima-encontro-2025\/#breadcrumb"},"inLanguage":"es","potentialAction":[{"@type":"ReadAction","target":["https:\/\/www.fraterinternacional.org\/es\/o-sagrado-chamado-de-roraima-encontro-2025\/"]}]},{"@type":"BreadcrumbList","@id":"https:\/\/www.fraterinternacional.org\/es\/o-sagrado-chamado-de-roraima-encontro-2025\/#breadcrumb","itemListElement":[{"@type":"ListItem","position":1,"name":"In\u00edcio","item":"https:\/\/www.fraterinternacional.org\/es\/"},{"@type":"ListItem","position":2,"name":"O Sagrado Chamado de Roraima \u2013 Encontro 2025"}]},{"@type":"WebSite","@id":"https:\/\/www.fraterinternacional.org\/es\/#website","url":"https:\/\/www.fraterinternacional.org\/es\/","name":"Fraternidade - Federa\u00e7\u00e3o Humanit\u00e1ria Internacional","description":"Fraternidade - Federa\u00e7\u00e3o Humanit\u00e1ria Internacional","potentialAction":[{"@type":"SearchAction","target":{"@type":"EntryPoint","urlTemplate":"https:\/\/www.fraterinternacional.org\/es\/?s={search_term_string}"},"query-input":"required name=search_term_string"}],"inLanguage":"es"},{"@type":"Person","@id":"https:\/\/www.fraterinternacional.org\/es\/#\/schema\/person\/7a396871d28d4d93a47a6c0efa00b5be","name":"Editor FFHI"}]}},"_links":{"self":[{"href":"https:\/\/www.fraterinternacional.org\/es\/wp-json\/wp\/v2\/posts\/127607"}],"collection":[{"href":"https:\/\/www.fraterinternacional.org\/es\/wp-json\/wp\/v2\/posts"}],"about":[{"href":"https:\/\/www.fraterinternacional.org\/es\/wp-json\/wp\/v2\/types\/post"}],"author":[{"embeddable":true,"href":"https:\/\/www.fraterinternacional.org\/es\/wp-json\/wp\/v2\/users\/62"}],"replies":[{"embeddable":true,"href":"https:\/\/www.fraterinternacional.org\/es\/wp-json\/wp\/v2\/comments?post=127607"}],"version-history":[{"count":2,"href":"https:\/\/www.fraterinternacional.org\/es\/wp-json\/wp\/v2\/posts\/127607\/revisions"}],"predecessor-version":[{"id":127609,"href":"https:\/\/www.fraterinternacional.org\/es\/wp-json\/wp\/v2\/posts\/127607\/revisions\/127609"}],"wp:attachment":[{"href":"https:\/\/www.fraterinternacional.org\/es\/wp-json\/wp\/v2\/media?parent=127607"}],"wp:term":[{"taxonomy":"category","embeddable":true,"href":"https:\/\/www.fraterinternacional.org\/es\/wp-json\/wp\/v2\/categories?post=127607"},{"taxonomy":"post_tag","embeddable":true,"href":"https:\/\/www.fraterinternacional.org\/es\/wp-json\/wp\/v2\/tags?post=127607"}],"curies":[{"name":"wp","href":"https:\/\/api.w.org\/{rel}","templated":true}]}}