{"id":127153,"date":"2024-11-13T11:36:05","date_gmt":"2024-11-13T14:36:05","guid":{"rendered":"https:\/\/www.fraterinternacional.org\/?p=127153"},"modified":"2024-11-13T11:36:06","modified_gmt":"2024-11-13T14:36:06","slug":"cantar-para-elevar","status":"publish","type":"post","link":"https:\/\/www.fraterinternacional.org\/es\/cantar-para-elevar\/","title":{"rendered":"Cantar para elevar"},"content":{"rendered":"\n<p>Sabemos que la simple frase: \u00abQuien canta, sus males espanta\u00bb, esconde una verdad m\u00e1s profunda. Todos, en alg\u00fan momento de nuestras vidas, hemos recurrido a la m\u00fasica como herramienta de calma, equilibrio, alegr\u00eda y paz.<\/p>\n\n\n\n<figure class=\"wp-block-image size-large\"><a href=\"https:\/\/www.fraterinternacional.org\/wp-content\/uploads\/2024\/10\/Musica_Comunidade_Luz_Nova_Terra_FFHI_1.jpg\"><img decoding=\"async\" width=\"1024\" height=\"768\" src=\"https:\/\/www.fraterinternacional.org\/wp-content\/uploads\/2024\/10\/Musica_Comunidade_Luz_Nova_Terra_FFHI_1-1024x768.jpg\" alt=\"Ensaio do coral da Comunidade-Luz Nova Terra\" class=\"wp-image-127129\" srcset=\"https:\/\/www.fraterinternacional.org\/wp-content\/uploads\/2024\/10\/Musica_Comunidade_Luz_Nova_Terra_FFHI_1-200x150.jpg 200w, https:\/\/www.fraterinternacional.org\/wp-content\/uploads\/2024\/10\/Musica_Comunidade_Luz_Nova_Terra_FFHI_1-300x225.jpg 300w, https:\/\/www.fraterinternacional.org\/wp-content\/uploads\/2024\/10\/Musica_Comunidade_Luz_Nova_Terra_FFHI_1-400x300.jpg 400w, https:\/\/www.fraterinternacional.org\/wp-content\/uploads\/2024\/10\/Musica_Comunidade_Luz_Nova_Terra_FFHI_1-600x450.jpg 600w, https:\/\/www.fraterinternacional.org\/wp-content\/uploads\/2024\/10\/Musica_Comunidade_Luz_Nova_Terra_FFHI_1-800x600.jpg 800w, https:\/\/www.fraterinternacional.org\/wp-content\/uploads\/2024\/10\/Musica_Comunidade_Luz_Nova_Terra_FFHI_1-1024x768.jpg 1024w, https:\/\/www.fraterinternacional.org\/wp-content\/uploads\/2024\/10\/Musica_Comunidade_Luz_Nova_Terra_FFHI_1-1200x900.jpg 1200w, https:\/\/www.fraterinternacional.org\/wp-content\/uploads\/2024\/10\/Musica_Comunidade_Luz_Nova_Terra_FFHI_1.jpg 1280w\" sizes=\"(max-width: 1024px) 100vw, 1024px\" \/><\/a><figcaption class=\"wp-element-caption\">Ensayo del coro de la Comunidad-Luz Nueva Tierra<\/figcaption><\/figure>\n\n\n\n<p><br>Sabemos, intuitivamente, que la buena m\u00fasica tiene el poder de organizarnos internamente y al entorno que nos rodea. Este efecto se potencia cuando somos nosotros quienes la producimos a trav\u00e9s del canto.<\/p>\n\n\n\n<p>En las&nbsp;<a href=\"https:\/\/www.fraterinternacional.org\/es\/comunidades-luz\/\" target=\"_blank\" rel=\"noreferrer noopener\">Comunidades-Luz<\/a>, el trabajo con los coros ha existido desde el principio, funcionando como un importante instrumento de armonizaci\u00f3n y alineaci\u00f3n grupal. Este trabajo ayuda a transformar las energ\u00edas m\u00e1s densas del grupo, proporcionando una mayor armon\u00eda interna entre todos.<\/p>\n\n\n\n<figure class=\"wp-block-image size-large\"><a href=\"https:\/\/www.fraterinternacional.org\/wp-content\/uploads\/2024\/10\/Musica_Comunidade_Luz_Nova_Terra_FFHI_2.jpg\"><img decoding=\"async\" width=\"1024\" height=\"576\" src=\"https:\/\/www.fraterinternacional.org\/wp-content\/uploads\/2024\/10\/Musica_Comunidade_Luz_Nova_Terra_FFHI_2-1024x576.jpg\" alt=\"Transmiss\u00e3o nas 1000 Ave-Marias\" class=\"wp-image-127132\" srcset=\"https:\/\/www.fraterinternacional.org\/wp-content\/uploads\/2024\/10\/Musica_Comunidade_Luz_Nova_Terra_FFHI_2-200x113.jpg 200w, https:\/\/www.fraterinternacional.org\/wp-content\/uploads\/2024\/10\/Musica_Comunidade_Luz_Nova_Terra_FFHI_2-300x169.jpg 300w, https:\/\/www.fraterinternacional.org\/wp-content\/uploads\/2024\/10\/Musica_Comunidade_Luz_Nova_Terra_FFHI_2-400x225.jpg 400w, https:\/\/www.fraterinternacional.org\/wp-content\/uploads\/2024\/10\/Musica_Comunidade_Luz_Nova_Terra_FFHI_2-600x338.jpg 600w, https:\/\/www.fraterinternacional.org\/wp-content\/uploads\/2024\/10\/Musica_Comunidade_Luz_Nova_Terra_FFHI_2-800x450.jpg 800w, https:\/\/www.fraterinternacional.org\/wp-content\/uploads\/2024\/10\/Musica_Comunidade_Luz_Nova_Terra_FFHI_2-1024x576.jpg 1024w, https:\/\/www.fraterinternacional.org\/wp-content\/uploads\/2024\/10\/Musica_Comunidade_Luz_Nova_Terra_FFHI_2-1200x675.jpg 1200w, https:\/\/www.fraterinternacional.org\/wp-content\/uploads\/2024\/10\/Musica_Comunidade_Luz_Nova_Terra_FFHI_2.jpg 1280w\" sizes=\"(max-width: 1024px) 100vw, 1024px\" \/><\/a><figcaption class=\"wp-element-caption\">Transmisi\u00f3n en las 1000 Ave Mar\u00edas<\/figcaption><\/figure>\n\n\n\n<p>En la&nbsp;<a href=\"https:\/\/www.fraterinternacional.org\/es\/?s=nova+terra\" target=\"_blank\" rel=\"noreferrer noopener\">Comunidad-Luz Nueva Tierra<\/a>, afiliada a la&nbsp;<a href=\"https:\/\/www.fraterinternacional.org\/es\/\" target=\"_blank\" rel=\"noreferrer noopener\">Fraternidad-Federaci\u00f3n Humanitaria Internacional (FFHI)<\/a>, los ensayos semanales tienen lugar los viernes de 19 a 20. Durante los ensayos se trabajan conceptos t\u00e9cnicos como el ritmo, el calentamiento vocal y la afinaci\u00f3n. Sin embargo, el aspecto m\u00e1s importante es la integraci\u00f3n y la unidad grupal que se forma a lo largo de los ensayos.<\/p>\n\n\n\n<figure class=\"wp-block-image size-large\"><a href=\"https:\/\/www.fraterinternacional.org\/wp-content\/uploads\/2024\/10\/Musica_Comunidade_Luz_Nova_Terra_FFHI_3.jpg\"><img decoding=\"async\" width=\"1024\" height=\"770\" src=\"https:\/\/www.fraterinternacional.org\/wp-content\/uploads\/2024\/10\/Musica_Comunidade_Luz_Nova_Terra_FFHI_3-1024x770.jpg\" alt=\" Ensaio com todos\" class=\"wp-image-127135\" srcset=\"https:\/\/www.fraterinternacional.org\/wp-content\/uploads\/2024\/10\/Musica_Comunidade_Luz_Nova_Terra_FFHI_3-200x150.jpg 200w, https:\/\/www.fraterinternacional.org\/wp-content\/uploads\/2024\/10\/Musica_Comunidade_Luz_Nova_Terra_FFHI_3-300x226.jpg 300w, https:\/\/www.fraterinternacional.org\/wp-content\/uploads\/2024\/10\/Musica_Comunidade_Luz_Nova_Terra_FFHI_3-400x301.jpg 400w, https:\/\/www.fraterinternacional.org\/wp-content\/uploads\/2024\/10\/Musica_Comunidade_Luz_Nova_Terra_FFHI_3-600x451.jpg 600w, https:\/\/www.fraterinternacional.org\/wp-content\/uploads\/2024\/10\/Musica_Comunidade_Luz_Nova_Terra_FFHI_3-800x602.jpg 800w, https:\/\/www.fraterinternacional.org\/wp-content\/uploads\/2024\/10\/Musica_Comunidade_Luz_Nova_Terra_FFHI_3-1024x770.jpg 1024w, https:\/\/www.fraterinternacional.org\/wp-content\/uploads\/2024\/10\/Musica_Comunidade_Luz_Nova_Terra_FFHI_3-1200x903.jpg 1200w, https:\/\/www.fraterinternacional.org\/wp-content\/uploads\/2024\/10\/Musica_Comunidade_Luz_Nova_Terra_FFHI_3.jpg 1280w\" sizes=\"(max-width: 1024px) 100vw, 1024px\" \/><\/a><figcaption class=\"wp-element-caption\">Ensayo con todos<\/figcaption><\/figure>\n\n\n\n<p>Durante el programa de las OPN (Oraci\u00f3n por la Paz en las Naciones), se realizan transmisiones en directo de las canciones ensayadas, lo que fortalece a\u00fan m\u00e1s al grupo y anima las liturgias de la Comunidad-Luz.<\/p>\n\n\n\n<p>Y t\u00fa, que est\u00e1s leyendo este mensaje, \u00a1tambi\u00e9n est\u00e1s invitado a participar en los ensayos del coro de la<a href=\"https:\/\/www.fraterinternacional.org\/es\/\" target=\"_blank\" rel=\"noreferrer noopener\">&nbsp;Comunidad-Luz Nueva Tierra<\/a>!<\/p>\n\n\n\n<p>M\u00e1s informaci\u00f3n. Visita: <a href=\"https:\/\/t.me\/comunidadeluznovaterra\">https:\/\/t.me\/comunidadeluznovaterra<\/a><\/p>\n\n\n\n<p><\/p>\n","protected":false},"excerpt":{"rendered":"<p>Sabemos que la simple frase: \u00abQuien canta, sus males espanta\u00bb, esconde una verdad m\u00e1s profunda. Todos, en alg\u00fan momento de [&hellip;]<\/p>\n","protected":false},"author":61,"featured_media":127134,"comment_status":"closed","ping_status":"closed","sticky":false,"template":"","format":"standard","meta":{"footnotes":""},"categories":[173],"tags":[],"class_list":["post-127153","post","type-post","status-publish","format-standard","has-post-thumbnail","hentry","category-noticia"],"yoast_head":"<!-- This site is optimized with the Yoast SEO Premium plugin v21.0 (Yoast SEO v21.0) - https:\/\/yoast.com\/wordpress\/plugins\/seo\/ -->\n<title>Cantar para elevar -<\/title>\n<meta name=\"robots\" content=\"index, follow, max-snippet:-1, max-image-preview:large, max-video-preview:-1\" \/>\n<link rel=\"canonical\" href=\"https:\/\/www.fraterinternacional.org\/es\/cantar-para-elevar\/\" \/>\n<meta property=\"og:locale\" content=\"es_ES\" \/>\n<meta property=\"og:type\" content=\"article\" \/>\n<meta property=\"og:title\" content=\"Cantar para elevar\" \/>\n<meta property=\"og:description\" content=\"Sabemos que la simple frase: \u00abQuien canta, sus males espanta\u00bb, esconde una verdad m\u00e1s profunda. Todos, en alg\u00fan momento de [&hellip;]\" \/>\n<meta property=\"og:url\" content=\"https:\/\/www.fraterinternacional.org\/es\/cantar-para-elevar\/\" \/>\n<meta property=\"og:site_name\" content=\"Fraternidade - Federa\u00e7\u00e3o Humanit\u00e1ria Internacional\" \/>\n<meta property=\"article:publisher\" content=\"https:\/\/www.facebook.com\/fraternidadehumanitaria\" \/>\n<meta property=\"article:published_time\" content=\"2024-11-13T14:36:05+00:00\" \/>\n<meta property=\"article:modified_time\" content=\"2024-11-13T14:36:06+00:00\" \/>\n<meta property=\"og:image\" content=\"https:\/\/www.fraterinternacional.org\/wp-content\/uploads\/2024\/10\/Musica_Comunidade_Luz_Nova_Terra_FFHI_2.jpg\" \/>\n\t<meta property=\"og:image:width\" content=\"1280\" \/>\n\t<meta property=\"og:image:height\" content=\"720\" \/>\n\t<meta property=\"og:image:type\" content=\"image\/jpeg\" \/>\n<meta name=\"author\" content=\"Pedro Duca\" \/>\n<meta name=\"twitter:card\" content=\"summary_large_image\" \/>\n<meta name=\"twitter:creator\" content=\"@fraternidadeFHI\" \/>\n<meta name=\"twitter:site\" content=\"@fraternidadeFHI\" \/>\n<meta name=\"twitter:label1\" content=\"Escrito por\" \/>\n\t<meta name=\"twitter:data1\" content=\"Pedro Duca\" \/>\n\t<meta name=\"twitter:label2\" content=\"Tiempo de lectura\" \/>\n\t<meta name=\"twitter:data2\" content=\"2 minutos\" \/>\n<script type=\"application\/ld+json\" class=\"yoast-schema-graph\">{\"@context\":\"https:\/\/schema.org\",\"@graph\":[{\"@type\":\"WebPage\",\"@id\":\"https:\/\/www.fraterinternacional.org\/es\/cantar-para-elevar\/\",\"url\":\"https:\/\/www.fraterinternacional.org\/es\/cantar-para-elevar\/\",\"name\":\"Cantar para elevar -\",\"isPartOf\":{\"@id\":\"https:\/\/www.fraterinternacional.org\/es\/#website\"},\"datePublished\":\"2024-11-13T14:36:05+00:00\",\"dateModified\":\"2024-11-13T14:36:06+00:00\",\"author\":{\"@id\":\"https:\/\/www.fraterinternacional.org\/es\/#\/schema\/person\/7bc54bff40f88d72fe06ad6be655dec6\"},\"breadcrumb\":{\"@id\":\"https:\/\/www.fraterinternacional.org\/es\/cantar-para-elevar\/#breadcrumb\"},\"inLanguage\":\"es\",\"potentialAction\":[{\"@type\":\"ReadAction\",\"target\":[\"https:\/\/www.fraterinternacional.org\/es\/cantar-para-elevar\/\"]}]},{\"@type\":\"BreadcrumbList\",\"@id\":\"https:\/\/www.fraterinternacional.org\/es\/cantar-para-elevar\/#breadcrumb\",\"itemListElement\":[{\"@type\":\"ListItem\",\"position\":1,\"name\":\"In\u00edcio\",\"item\":\"https:\/\/www.fraterinternacional.org\/es\/\"},{\"@type\":\"ListItem\",\"position\":2,\"name\":\"Cantar para elevar\"}]},{\"@type\":\"WebSite\",\"@id\":\"https:\/\/www.fraterinternacional.org\/es\/#website\",\"url\":\"https:\/\/www.fraterinternacional.org\/es\/\",\"name\":\"Fraternidade - Federa\u00e7\u00e3o Humanit\u00e1ria Internacional\",\"description\":\"Fraternidade - Federa\u00e7\u00e3o Humanit\u00e1ria Internacional\",\"potentialAction\":[{\"@type\":\"SearchAction\",\"target\":{\"@type\":\"EntryPoint\",\"urlTemplate\":\"https:\/\/www.fraterinternacional.org\/es\/?s={search_term_string}\"},\"query-input\":\"required name=search_term_string\"}],\"inLanguage\":\"es\"},{\"@type\":\"Person\",\"@id\":\"https:\/\/www.fraterinternacional.org\/es\/#\/schema\/person\/7bc54bff40f88d72fe06ad6be655dec6\",\"name\":\"Pedro Duca\"}]}<\/script>\n<!-- \/ Yoast SEO Premium plugin. -->","yoast_head_json":{"title":"Cantar para elevar -","robots":{"index":"index","follow":"follow","max-snippet":"max-snippet:-1","max-image-preview":"max-image-preview:large","max-video-preview":"max-video-preview:-1"},"canonical":"https:\/\/www.fraterinternacional.org\/es\/cantar-para-elevar\/","og_locale":"es_ES","og_type":"article","og_title":"Cantar para elevar","og_description":"Sabemos que la simple frase: \u00abQuien canta, sus males espanta\u00bb, esconde una verdad m\u00e1s profunda. Todos, en alg\u00fan momento de [&hellip;]","og_url":"https:\/\/www.fraterinternacional.org\/es\/cantar-para-elevar\/","og_site_name":"Fraternidade - Federa\u00e7\u00e3o Humanit\u00e1ria Internacional","article_publisher":"https:\/\/www.facebook.com\/fraternidadehumanitaria","article_published_time":"2024-11-13T14:36:05+00:00","article_modified_time":"2024-11-13T14:36:06+00:00","og_image":[{"width":1280,"height":720,"url":"https:\/\/www.fraterinternacional.org\/wp-content\/uploads\/2024\/10\/Musica_Comunidade_Luz_Nova_Terra_FFHI_2.jpg","type":"image\/jpeg"}],"author":"Pedro Duca","twitter_card":"summary_large_image","twitter_creator":"@fraternidadeFHI","twitter_site":"@fraternidadeFHI","twitter_misc":{"Escrito por":"Pedro Duca","Tiempo de lectura":"2 minutos"},"schema":{"@context":"https:\/\/schema.org","@graph":[{"@type":"WebPage","@id":"https:\/\/www.fraterinternacional.org\/es\/cantar-para-elevar\/","url":"https:\/\/www.fraterinternacional.org\/es\/cantar-para-elevar\/","name":"Cantar para elevar -","isPartOf":{"@id":"https:\/\/www.fraterinternacional.org\/es\/#website"},"datePublished":"2024-11-13T14:36:05+00:00","dateModified":"2024-11-13T14:36:06+00:00","author":{"@id":"https:\/\/www.fraterinternacional.org\/es\/#\/schema\/person\/7bc54bff40f88d72fe06ad6be655dec6"},"breadcrumb":{"@id":"https:\/\/www.fraterinternacional.org\/es\/cantar-para-elevar\/#breadcrumb"},"inLanguage":"es","potentialAction":[{"@type":"ReadAction","target":["https:\/\/www.fraterinternacional.org\/es\/cantar-para-elevar\/"]}]},{"@type":"BreadcrumbList","@id":"https:\/\/www.fraterinternacional.org\/es\/cantar-para-elevar\/#breadcrumb","itemListElement":[{"@type":"ListItem","position":1,"name":"In\u00edcio","item":"https:\/\/www.fraterinternacional.org\/es\/"},{"@type":"ListItem","position":2,"name":"Cantar para elevar"}]},{"@type":"WebSite","@id":"https:\/\/www.fraterinternacional.org\/es\/#website","url":"https:\/\/www.fraterinternacional.org\/es\/","name":"Fraternidade - Federa\u00e7\u00e3o Humanit\u00e1ria Internacional","description":"Fraternidade - Federa\u00e7\u00e3o Humanit\u00e1ria Internacional","potentialAction":[{"@type":"SearchAction","target":{"@type":"EntryPoint","urlTemplate":"https:\/\/www.fraterinternacional.org\/es\/?s={search_term_string}"},"query-input":"required name=search_term_string"}],"inLanguage":"es"},{"@type":"Person","@id":"https:\/\/www.fraterinternacional.org\/es\/#\/schema\/person\/7bc54bff40f88d72fe06ad6be655dec6","name":"Pedro Duca"}]}},"_links":{"self":[{"href":"https:\/\/www.fraterinternacional.org\/es\/wp-json\/wp\/v2\/posts\/127153"}],"collection":[{"href":"https:\/\/www.fraterinternacional.org\/es\/wp-json\/wp\/v2\/posts"}],"about":[{"href":"https:\/\/www.fraterinternacional.org\/es\/wp-json\/wp\/v2\/types\/post"}],"author":[{"embeddable":true,"href":"https:\/\/www.fraterinternacional.org\/es\/wp-json\/wp\/v2\/users\/61"}],"replies":[{"embeddable":true,"href":"https:\/\/www.fraterinternacional.org\/es\/wp-json\/wp\/v2\/comments?post=127153"}],"version-history":[{"count":2,"href":"https:\/\/www.fraterinternacional.org\/es\/wp-json\/wp\/v2\/posts\/127153\/revisions"}],"predecessor-version":[{"id":127155,"href":"https:\/\/www.fraterinternacional.org\/es\/wp-json\/wp\/v2\/posts\/127153\/revisions\/127155"}],"wp:featuredmedia":[{"embeddable":true,"href":"https:\/\/www.fraterinternacional.org\/es\/wp-json\/wp\/v2\/media\/127134"}],"wp:attachment":[{"href":"https:\/\/www.fraterinternacional.org\/es\/wp-json\/wp\/v2\/media?parent=127153"}],"wp:term":[{"taxonomy":"category","embeddable":true,"href":"https:\/\/www.fraterinternacional.org\/es\/wp-json\/wp\/v2\/categories?post=127153"},{"taxonomy":"post_tag","embeddable":true,"href":"https:\/\/www.fraterinternacional.org\/es\/wp-json\/wp\/v2\/tags?post=127153"}],"curies":[{"name":"wp","href":"https:\/\/api.w.org\/{rel}","templated":true}]}}