{"id":126819,"date":"2024-04-07T11:39:13","date_gmt":"2024-04-07T14:39:13","guid":{"rendered":"https:\/\/www.fraterinternacional.org\/?p=126819"},"modified":"2024-04-07T11:39:14","modified_gmt":"2024-04-07T14:39:14","slug":"vivencia-de-servicio-abnegado-al-reino-animal","status":"publish","type":"post","link":"https:\/\/www.fraterinternacional.org\/es\/vivencia-de-servicio-abnegado-al-reino-animal\/","title":{"rendered":"VIVENCIA DE SERVICIO ABNEGADO AL REINO ANIMAL"},"content":{"rendered":"\n<p class=\"has-text-align-center\"><strong>La Comunidad-Luz de la Hermandad y la Red-Luz se unen para ayudar a la&nbsp;<em>Fundaci\u00f3n Sin<\/em>&nbsp;<em>Estribos<\/em>, en C\u00f3rdoba, Argentina.<\/strong><\/p>\n\n\n\n<p>Se dice que quien da, recibe a\u00fan m\u00e1s.&nbsp; Con este esp\u00edritu, el s\u00e1bado 26 de agosto, toda la&nbsp;<a href=\"https:\/\/www.fraterinternacional.org\/es\/comunidades-luz\/\">Comunidad-Luz de la Hermandad<\/a>, afiliada a la&nbsp;<a href=\"https:\/\/www.fraterinternacional.org\/es\/\">Fraternidad &#8211; Federaci\u00f3n Humanitaria Internacional (FFHI),<\/a>&nbsp;decidi\u00f3 salir de su rutina. Con excepci\u00f3n de dos de sus miembros, todos los dem\u00e1s fueron a servir y dar asistencia a la&nbsp;<em>Fundaci\u00f3n Sin Estribos<\/em>, ubicada en el camino a R\u00edo Ceballos, en C\u00f3rdoba, Argentina. En 2018, la Comunidad-Luz organiz\u00f3 algunos encuentros de servicio misionero en la Fundaci\u00f3n. Sin embargo, se pausaron durante la pandemia y reci\u00e9n ahora se han podido retomar.<\/p>\n\n\n\n<p>La Fundaci\u00f3n Sin Estribos es una organizaci\u00f3n sin fines de lucro dedicada al cuidado, defensa y albergue de animales, especialmente caballos, que tambi\u00e9n busca concientizar a la poblaci\u00f3n sobre la defensa y protecci\u00f3n de los animales. Tanto el mantenimiento de las instalaciones de la Fundaci\u00f3n como el cuidado de los animales se mantienen gracias a la colaboraci\u00f3n voluntaria. Con este objetivo, se organiz\u00f3 este encuentro de servicio y colaboraci\u00f3n, que reuni\u00f3, adem\u00e1s de los miembros de la&nbsp;<a href=\"https:\/\/www.fraterinternacional.org\/es\/?s=Comunidade-Luz\">Comunidad-Luz,<\/a>&nbsp;a algunos colaboradores de la Red-Luz Planetaria de la regi\u00f3n y a voluntarios habituales de la Fundaci\u00f3n, totalizando 24 colaboradores voluntarios.<\/p>\n\n\n\n<figure class=\"wp-block-gallery has-nested-images columns-default is-cropped wp-block-gallery-1 is-layout-flex wp-block-gallery-is-layout-flex\">\n<figure class=\"wp-block-image size-large\"><a href=\"https:\/\/www.fraterinternacional.org\/wp-content\/uploads\/2023\/09\/Comunidade-Luz_irmandade_FFHI_4.jpg\"><img decoding=\"async\" width=\"1024\" height=\"576\" data-id=\"126723\" src=\"https:\/\/www.fraterinternacional.org\/wp-content\/uploads\/2023\/09\/Comunidade-Luz_irmandade_FFHI_4-1024x576.jpg\" alt=\"\" class=\"wp-image-126723\" srcset=\"https:\/\/www.fraterinternacional.org\/wp-content\/uploads\/2023\/09\/Comunidade-Luz_irmandade_FFHI_4-200x113.jpg 200w, https:\/\/www.fraterinternacional.org\/wp-content\/uploads\/2023\/09\/Comunidade-Luz_irmandade_FFHI_4-300x169.jpg 300w, https:\/\/www.fraterinternacional.org\/wp-content\/uploads\/2023\/09\/Comunidade-Luz_irmandade_FFHI_4-400x225.jpg 400w, https:\/\/www.fraterinternacional.org\/wp-content\/uploads\/2023\/09\/Comunidade-Luz_irmandade_FFHI_4-600x338.jpg 600w, https:\/\/www.fraterinternacional.org\/wp-content\/uploads\/2023\/09\/Comunidade-Luz_irmandade_FFHI_4-800x450.jpg 800w, https:\/\/www.fraterinternacional.org\/wp-content\/uploads\/2023\/09\/Comunidade-Luz_irmandade_FFHI_4-1024x576.jpg 1024w, https:\/\/www.fraterinternacional.org\/wp-content\/uploads\/2023\/09\/Comunidade-Luz_irmandade_FFHI_4-1200x675.jpg 1200w, https:\/\/www.fraterinternacional.org\/wp-content\/uploads\/2023\/09\/Comunidade-Luz_irmandade_FFHI_4.jpg 1280w\" sizes=\"(max-width: 1024px) 100vw, 1024px\" \/><\/a><\/figure>\n\n\n\n<figure class=\"wp-block-image size-large\"><a href=\"https:\/\/www.fraterinternacional.org\/wp-content\/uploads\/2023\/09\/Comunidade-Luz_irmandade_FFHI_3.jpg\"><img decoding=\"async\" width=\"1024\" height=\"576\" data-id=\"126714\" src=\"https:\/\/www.fraterinternacional.org\/wp-content\/uploads\/2023\/09\/Comunidade-Luz_irmandade_FFHI_3-1024x576.jpg\" alt=\"\" class=\"wp-image-126714\" srcset=\"https:\/\/www.fraterinternacional.org\/wp-content\/uploads\/2023\/09\/Comunidade-Luz_irmandade_FFHI_3-200x113.jpg 200w, https:\/\/www.fraterinternacional.org\/wp-content\/uploads\/2023\/09\/Comunidade-Luz_irmandade_FFHI_3-300x169.jpg 300w, https:\/\/www.fraterinternacional.org\/wp-content\/uploads\/2023\/09\/Comunidade-Luz_irmandade_FFHI_3-400x225.jpg 400w, https:\/\/www.fraterinternacional.org\/wp-content\/uploads\/2023\/09\/Comunidade-Luz_irmandade_FFHI_3-600x338.jpg 600w, https:\/\/www.fraterinternacional.org\/wp-content\/uploads\/2023\/09\/Comunidade-Luz_irmandade_FFHI_3-800x450.jpg 800w, https:\/\/www.fraterinternacional.org\/wp-content\/uploads\/2023\/09\/Comunidade-Luz_irmandade_FFHI_3-1024x576.jpg 1024w, https:\/\/www.fraterinternacional.org\/wp-content\/uploads\/2023\/09\/Comunidade-Luz_irmandade_FFHI_3-1200x675.jpg 1200w, https:\/\/www.fraterinternacional.org\/wp-content\/uploads\/2023\/09\/Comunidade-Luz_irmandade_FFHI_3.jpg 1280w\" sizes=\"(max-width: 1024px) 100vw, 1024px\" \/><\/a><\/figure>\n<\/figure>\n\n\n\n<p>Desde el principio, en presencia de perros, gallos y algunos caballos, todos se reunieron para distribuir y satisfacer las necesidades del d\u00eda, entre ellas, la limpieza de los establos, el mantenimiento de las vallas y el orden de los medicamentos y del \u00e1rea de curaci\u00f3n de los caballos. Todas las tareas se realizaron seg\u00fan el principio del servicio desinteresado y de forma grupal, de modo que todos se beneficiaron y se renovaron con la alquimia oculta del dar y recibir.<\/p>\n\n\n\n<p>Como dijo Viviana, residente de la&nbsp;<a href=\"https:\/\/www.fraterinternacional.org\/es\/?s=Comunidade-Luz+da+Irmandade\">Comunidad-Luz<\/a>: \u00abFue una experiencia agradable compartir entre los participantes. Fue posible sentir realmente la uni\u00f3n, la fraternidad entre todos. Fue muy especial trabajar con el Reino Animal\u00bb. Seg\u00fan ella, la experiencia m\u00e1s gratificante fue cuando interactu\u00f3 con la yegua Aurora. Viviana recibi\u00f3 el encargo de pasear a Aurora, pero tuvo cuidado de mantenerla a cierta distancia.&nbsp; Pero ocurri\u00f3 que \u00aben un momento dado se acerc\u00f3 mucho a m\u00ed; fue una sensaci\u00f3n muy agradable, muy profunda.&nbsp;El animal irradiaba mucha paz, mucho amor, mucha armon\u00eda\u00bb.<\/p>\n\n\n\n<figure class=\"wp-block-gallery has-nested-images columns-default is-cropped wp-block-gallery-2 is-layout-flex wp-block-gallery-is-layout-flex\">\n<figure class=\"wp-block-image size-large\"><a href=\"https:\/\/www.fraterinternacional.org\/wp-content\/uploads\/2023\/09\/Comunidade-Luz_irmandade_FFHI_5-1.jpg\"><img decoding=\"async\" width=\"1000\" height=\"563\" data-id=\"126717\" src=\"https:\/\/www.fraterinternacional.org\/wp-content\/uploads\/2023\/09\/Comunidade-Luz_irmandade_FFHI_5-1.jpg\" alt=\"\" class=\"wp-image-126717\" srcset=\"https:\/\/www.fraterinternacional.org\/wp-content\/uploads\/2023\/09\/Comunidade-Luz_irmandade_FFHI_5-1-200x113.jpg 200w, https:\/\/www.fraterinternacional.org\/wp-content\/uploads\/2023\/09\/Comunidade-Luz_irmandade_FFHI_5-1-300x169.jpg 300w, https:\/\/www.fraterinternacional.org\/wp-content\/uploads\/2023\/09\/Comunidade-Luz_irmandade_FFHI_5-1-400x225.jpg 400w, https:\/\/www.fraterinternacional.org\/wp-content\/uploads\/2023\/09\/Comunidade-Luz_irmandade_FFHI_5-1-600x338.jpg 600w, https:\/\/www.fraterinternacional.org\/wp-content\/uploads\/2023\/09\/Comunidade-Luz_irmandade_FFHI_5-1-800x450.jpg 800w, https:\/\/www.fraterinternacional.org\/wp-content\/uploads\/2023\/09\/Comunidade-Luz_irmandade_FFHI_5-1.jpg 1000w\" sizes=\"(max-width: 1000px) 100vw, 1000px\" \/><\/a><\/figure>\n\n\n\n<figure class=\"wp-block-image size-large\"><a href=\"https:\/\/www.fraterinternacional.org\/wp-content\/uploads\/2023\/09\/Comunidade-Luz_irmandade_FFHI_6.jpg\"><img decoding=\"async\" width=\"1024\" height=\"576\" data-id=\"126719\" src=\"https:\/\/www.fraterinternacional.org\/wp-content\/uploads\/2023\/09\/Comunidade-Luz_irmandade_FFHI_6-1024x576.jpg\" alt=\"\" class=\"wp-image-126719\" srcset=\"https:\/\/www.fraterinternacional.org\/wp-content\/uploads\/2023\/09\/Comunidade-Luz_irmandade_FFHI_6-200x113.jpg 200w, https:\/\/www.fraterinternacional.org\/wp-content\/uploads\/2023\/09\/Comunidade-Luz_irmandade_FFHI_6-300x169.jpg 300w, https:\/\/www.fraterinternacional.org\/wp-content\/uploads\/2023\/09\/Comunidade-Luz_irmandade_FFHI_6-400x225.jpg 400w, https:\/\/www.fraterinternacional.org\/wp-content\/uploads\/2023\/09\/Comunidade-Luz_irmandade_FFHI_6-600x338.jpg 600w, https:\/\/www.fraterinternacional.org\/wp-content\/uploads\/2023\/09\/Comunidade-Luz_irmandade_FFHI_6-800x450.jpg 800w, https:\/\/www.fraterinternacional.org\/wp-content\/uploads\/2023\/09\/Comunidade-Luz_irmandade_FFHI_6-1024x576.jpg 1024w, https:\/\/www.fraterinternacional.org\/wp-content\/uploads\/2023\/09\/Comunidade-Luz_irmandade_FFHI_6-1200x675.jpg 1200w, https:\/\/www.fraterinternacional.org\/wp-content\/uploads\/2023\/09\/Comunidade-Luz_irmandade_FFHI_6.jpg 1280w\" sizes=\"(max-width: 1024px) 100vw, 1024px\" \/><\/a><\/figure>\n<\/figure>\n\n\n\n<p>Marcos, uno de los servidores veteranos de la Red-Luz C\u00f3rdoba, que acompa\u00f1a desde 2018 los servicios prestados por el grupo en la Fundaci\u00f3n, destac\u00f3 la necesidad de ayudan en este espacio y su aspiraci\u00f3n a seguir ayudando. Dijo que \u00abla primera sensaci\u00f3n fue la alegr\u00eda del reencuentro&nbsp; reencontrarme no s\u00f3lo con la gente, sino con todo el lugar, con el esp\u00edritu del lugar que tiene que ver con el rescate animal. Y sent\u00ed que hab\u00eda m\u00e1s necesidad que antes, el lugar tiene menos apoyo que antes\u00bb.<\/p>\n\n\n\n<p>La observaci\u00f3n de Marcos sirve para recordar que la necesidad abunda en todas partes. Sin embargo, tomando como ejemplo el trabajo realizado este fin de semana, es a trav\u00e9s de la acci\u00f3n de los seres humanos, en el servicio y en la donaci\u00f3n caritativa, que se hace posible que iniciativas como la de la Fundaci\u00f3n se fortalezcan, adem\u00e1s de recibir los frutos de la colaboraci\u00f3n mutua.<\/p>\n\n\n\n<figure class=\"wp-block-gallery has-nested-images columns-default is-cropped wp-block-gallery-3 is-layout-flex wp-block-gallery-is-layout-flex\">\n<figure class=\"wp-block-image size-large\"><a href=\"https:\/\/www.fraterinternacional.org\/wp-content\/uploads\/2023\/09\/Comunidade-Luz_irmandade_FFHI_1.jpg\"><img decoding=\"async\" width=\"1024\" height=\"576\" data-id=\"126709\" src=\"https:\/\/www.fraterinternacional.org\/wp-content\/uploads\/2023\/09\/Comunidade-Luz_irmandade_FFHI_1-1024x576.jpg\" alt=\"\" class=\"wp-image-126709\" srcset=\"https:\/\/www.fraterinternacional.org\/wp-content\/uploads\/2023\/09\/Comunidade-Luz_irmandade_FFHI_1-200x113.jpg 200w, https:\/\/www.fraterinternacional.org\/wp-content\/uploads\/2023\/09\/Comunidade-Luz_irmandade_FFHI_1-300x169.jpg 300w, https:\/\/www.fraterinternacional.org\/wp-content\/uploads\/2023\/09\/Comunidade-Luz_irmandade_FFHI_1-400x225.jpg 400w, https:\/\/www.fraterinternacional.org\/wp-content\/uploads\/2023\/09\/Comunidade-Luz_irmandade_FFHI_1-600x338.jpg 600w, https:\/\/www.fraterinternacional.org\/wp-content\/uploads\/2023\/09\/Comunidade-Luz_irmandade_FFHI_1-800x450.jpg 800w, https:\/\/www.fraterinternacional.org\/wp-content\/uploads\/2023\/09\/Comunidade-Luz_irmandade_FFHI_1-1024x576.jpg 1024w, https:\/\/www.fraterinternacional.org\/wp-content\/uploads\/2023\/09\/Comunidade-Luz_irmandade_FFHI_1-1200x675.jpg 1200w, https:\/\/www.fraterinternacional.org\/wp-content\/uploads\/2023\/09\/Comunidade-Luz_irmandade_FFHI_1.jpg 1280w\" sizes=\"(max-width: 1024px) 100vw, 1024px\" \/><\/a><\/figure>\n\n\n\n<figure class=\"wp-block-image size-large\"><a href=\"https:\/\/www.fraterinternacional.org\/wp-content\/uploads\/2023\/09\/Comunidade-Luz_irmandade_FFHI_2.jpg\"><img decoding=\"async\" width=\"1024\" height=\"576\" data-id=\"126725\" src=\"https:\/\/www.fraterinternacional.org\/wp-content\/uploads\/2023\/09\/Comunidade-Luz_irmandade_FFHI_2-1024x576.jpg\" alt=\"\" class=\"wp-image-126725\" srcset=\"https:\/\/www.fraterinternacional.org\/wp-content\/uploads\/2023\/09\/Comunidade-Luz_irmandade_FFHI_2-200x113.jpg 200w, https:\/\/www.fraterinternacional.org\/wp-content\/uploads\/2023\/09\/Comunidade-Luz_irmandade_FFHI_2-300x169.jpg 300w, https:\/\/www.fraterinternacional.org\/wp-content\/uploads\/2023\/09\/Comunidade-Luz_irmandade_FFHI_2-400x225.jpg 400w, https:\/\/www.fraterinternacional.org\/wp-content\/uploads\/2023\/09\/Comunidade-Luz_irmandade_FFHI_2-600x338.jpg 600w, https:\/\/www.fraterinternacional.org\/wp-content\/uploads\/2023\/09\/Comunidade-Luz_irmandade_FFHI_2-800x450.jpg 800w, https:\/\/www.fraterinternacional.org\/wp-content\/uploads\/2023\/09\/Comunidade-Luz_irmandade_FFHI_2-1024x576.jpg 1024w, https:\/\/www.fraterinternacional.org\/wp-content\/uploads\/2023\/09\/Comunidade-Luz_irmandade_FFHI_2-1200x675.jpg 1200w, https:\/\/www.fraterinternacional.org\/wp-content\/uploads\/2023\/09\/Comunidade-Luz_irmandade_FFHI_2.jpg 1280w\" sizes=\"(max-width: 1024px) 100vw, 1024px\" \/><\/a><\/figure>\n<\/figure>\n","protected":false},"excerpt":{"rendered":"<p>La Comunidad-Luz de la Hermandad y la Red-Luz se unen para ayudar a la&nbsp;Fundaci\u00f3n Sin&nbsp;Estribos, en C\u00f3rdoba, Argentina. Se dice [&hellip;]<\/p>\n","protected":false},"author":61,"featured_media":126722,"comment_status":"closed","ping_status":"closed","sticky":false,"template":"","format":"standard","meta":{"footnotes":""},"categories":[173,120],"tags":[],"class_list":["post-126819","post","type-post","status-publish","format-standard","has-post-thumbnail","hentry","category-noticia","category-red-luz-es"],"yoast_head":"<!-- This site is optimized with the Yoast SEO Premium plugin v21.0 (Yoast SEO v21.0) - https:\/\/yoast.com\/wordpress\/plugins\/seo\/ -->\n<title>VIVENCIA DE SERVICIO ABNEGADO AL REINO ANIMAL -<\/title>\n<meta name=\"robots\" content=\"index, follow, max-snippet:-1, max-image-preview:large, max-video-preview:-1\" \/>\n<link rel=\"canonical\" href=\"https:\/\/www.fraterinternacional.org\/es\/vivencia-de-servicio-abnegado-al-reino-animal\/\" \/>\n<meta property=\"og:locale\" content=\"es_ES\" \/>\n<meta property=\"og:type\" content=\"article\" \/>\n<meta property=\"og:title\" content=\"VIVENCIA DE SERVICIO ABNEGADO AL REINO ANIMAL\" \/>\n<meta property=\"og:description\" content=\"La Comunidad-Luz de la Hermandad y la Red-Luz se unen para ayudar a la&nbsp;Fundaci\u00f3n Sin&nbsp;Estribos, en C\u00f3rdoba, Argentina. Se dice [&hellip;]\" \/>\n<meta property=\"og:url\" content=\"https:\/\/www.fraterinternacional.org\/es\/vivencia-de-servicio-abnegado-al-reino-animal\/\" \/>\n<meta property=\"og:site_name\" content=\"Fraternidade - Federa\u00e7\u00e3o Humanit\u00e1ria Internacional\" \/>\n<meta property=\"article:publisher\" content=\"https:\/\/www.facebook.com\/fraternidadehumanitaria\" \/>\n<meta property=\"article:published_time\" content=\"2024-04-07T14:39:13+00:00\" \/>\n<meta property=\"article:modified_time\" content=\"2024-04-07T14:39:14+00:00\" \/>\n<meta property=\"og:image\" content=\"https:\/\/www.fraterinternacional.org\/wp-content\/uploads\/2023\/09\/Comunidade-Luz_irmandade_FFHI_6.jpg\" \/>\n\t<meta property=\"og:image:width\" content=\"1280\" \/>\n\t<meta property=\"og:image:height\" content=\"720\" \/>\n\t<meta property=\"og:image:type\" content=\"image\/jpeg\" \/>\n<meta name=\"author\" content=\"Pedro Duca\" \/>\n<meta name=\"twitter:card\" content=\"summary_large_image\" \/>\n<meta name=\"twitter:creator\" content=\"@fraternidadeFHI\" \/>\n<meta name=\"twitter:site\" content=\"@fraternidadeFHI\" \/>\n<meta name=\"twitter:label1\" content=\"Escrito por\" \/>\n\t<meta name=\"twitter:data1\" content=\"Pedro Duca\" \/>\n\t<meta name=\"twitter:label2\" content=\"Tiempo de lectura\" \/>\n\t<meta name=\"twitter:data2\" content=\"5 minutos\" \/>\n<script type=\"application\/ld+json\" class=\"yoast-schema-graph\">{\"@context\":\"https:\/\/schema.org\",\"@graph\":[{\"@type\":\"WebPage\",\"@id\":\"https:\/\/www.fraterinternacional.org\/es\/vivencia-de-servicio-abnegado-al-reino-animal\/\",\"url\":\"https:\/\/www.fraterinternacional.org\/es\/vivencia-de-servicio-abnegado-al-reino-animal\/\",\"name\":\"VIVENCIA DE SERVICIO ABNEGADO AL REINO ANIMAL -\",\"isPartOf\":{\"@id\":\"https:\/\/www.fraterinternacional.org\/es\/#website\"},\"datePublished\":\"2024-04-07T14:39:13+00:00\",\"dateModified\":\"2024-04-07T14:39:14+00:00\",\"author\":{\"@id\":\"https:\/\/www.fraterinternacional.org\/es\/#\/schema\/person\/7bc54bff40f88d72fe06ad6be655dec6\"},\"breadcrumb\":{\"@id\":\"https:\/\/www.fraterinternacional.org\/es\/vivencia-de-servicio-abnegado-al-reino-animal\/#breadcrumb\"},\"inLanguage\":\"es\",\"potentialAction\":[{\"@type\":\"ReadAction\",\"target\":[\"https:\/\/www.fraterinternacional.org\/es\/vivencia-de-servicio-abnegado-al-reino-animal\/\"]}]},{\"@type\":\"BreadcrumbList\",\"@id\":\"https:\/\/www.fraterinternacional.org\/es\/vivencia-de-servicio-abnegado-al-reino-animal\/#breadcrumb\",\"itemListElement\":[{\"@type\":\"ListItem\",\"position\":1,\"name\":\"In\u00edcio\",\"item\":\"https:\/\/www.fraterinternacional.org\/es\/\"},{\"@type\":\"ListItem\",\"position\":2,\"name\":\"VIVENCIA DE SERVICIO ABNEGADO AL REINO ANIMAL\"}]},{\"@type\":\"WebSite\",\"@id\":\"https:\/\/www.fraterinternacional.org\/es\/#website\",\"url\":\"https:\/\/www.fraterinternacional.org\/es\/\",\"name\":\"Fraternidade - Federa\u00e7\u00e3o Humanit\u00e1ria Internacional\",\"description\":\"Fraternidade - Federa\u00e7\u00e3o Humanit\u00e1ria Internacional\",\"potentialAction\":[{\"@type\":\"SearchAction\",\"target\":{\"@type\":\"EntryPoint\",\"urlTemplate\":\"https:\/\/www.fraterinternacional.org\/es\/?s={search_term_string}\"},\"query-input\":\"required name=search_term_string\"}],\"inLanguage\":\"es\"},{\"@type\":\"Person\",\"@id\":\"https:\/\/www.fraterinternacional.org\/es\/#\/schema\/person\/7bc54bff40f88d72fe06ad6be655dec6\",\"name\":\"Pedro Duca\"}]}<\/script>\n<!-- \/ Yoast SEO Premium plugin. -->","yoast_head_json":{"title":"VIVENCIA DE SERVICIO ABNEGADO AL REINO ANIMAL -","robots":{"index":"index","follow":"follow","max-snippet":"max-snippet:-1","max-image-preview":"max-image-preview:large","max-video-preview":"max-video-preview:-1"},"canonical":"https:\/\/www.fraterinternacional.org\/es\/vivencia-de-servicio-abnegado-al-reino-animal\/","og_locale":"es_ES","og_type":"article","og_title":"VIVENCIA DE SERVICIO ABNEGADO AL REINO ANIMAL","og_description":"La Comunidad-Luz de la Hermandad y la Red-Luz se unen para ayudar a la&nbsp;Fundaci\u00f3n Sin&nbsp;Estribos, en C\u00f3rdoba, Argentina. Se dice [&hellip;]","og_url":"https:\/\/www.fraterinternacional.org\/es\/vivencia-de-servicio-abnegado-al-reino-animal\/","og_site_name":"Fraternidade - Federa\u00e7\u00e3o Humanit\u00e1ria Internacional","article_publisher":"https:\/\/www.facebook.com\/fraternidadehumanitaria","article_published_time":"2024-04-07T14:39:13+00:00","article_modified_time":"2024-04-07T14:39:14+00:00","og_image":[{"width":1280,"height":720,"url":"https:\/\/www.fraterinternacional.org\/wp-content\/uploads\/2023\/09\/Comunidade-Luz_irmandade_FFHI_6.jpg","type":"image\/jpeg"}],"author":"Pedro Duca","twitter_card":"summary_large_image","twitter_creator":"@fraternidadeFHI","twitter_site":"@fraternidadeFHI","twitter_misc":{"Escrito por":"Pedro Duca","Tiempo de lectura":"5 minutos"},"schema":{"@context":"https:\/\/schema.org","@graph":[{"@type":"WebPage","@id":"https:\/\/www.fraterinternacional.org\/es\/vivencia-de-servicio-abnegado-al-reino-animal\/","url":"https:\/\/www.fraterinternacional.org\/es\/vivencia-de-servicio-abnegado-al-reino-animal\/","name":"VIVENCIA DE SERVICIO ABNEGADO AL REINO ANIMAL -","isPartOf":{"@id":"https:\/\/www.fraterinternacional.org\/es\/#website"},"datePublished":"2024-04-07T14:39:13+00:00","dateModified":"2024-04-07T14:39:14+00:00","author":{"@id":"https:\/\/www.fraterinternacional.org\/es\/#\/schema\/person\/7bc54bff40f88d72fe06ad6be655dec6"},"breadcrumb":{"@id":"https:\/\/www.fraterinternacional.org\/es\/vivencia-de-servicio-abnegado-al-reino-animal\/#breadcrumb"},"inLanguage":"es","potentialAction":[{"@type":"ReadAction","target":["https:\/\/www.fraterinternacional.org\/es\/vivencia-de-servicio-abnegado-al-reino-animal\/"]}]},{"@type":"BreadcrumbList","@id":"https:\/\/www.fraterinternacional.org\/es\/vivencia-de-servicio-abnegado-al-reino-animal\/#breadcrumb","itemListElement":[{"@type":"ListItem","position":1,"name":"In\u00edcio","item":"https:\/\/www.fraterinternacional.org\/es\/"},{"@type":"ListItem","position":2,"name":"VIVENCIA DE SERVICIO ABNEGADO AL REINO ANIMAL"}]},{"@type":"WebSite","@id":"https:\/\/www.fraterinternacional.org\/es\/#website","url":"https:\/\/www.fraterinternacional.org\/es\/","name":"Fraternidade - Federa\u00e7\u00e3o Humanit\u00e1ria Internacional","description":"Fraternidade - Federa\u00e7\u00e3o Humanit\u00e1ria Internacional","potentialAction":[{"@type":"SearchAction","target":{"@type":"EntryPoint","urlTemplate":"https:\/\/www.fraterinternacional.org\/es\/?s={search_term_string}"},"query-input":"required name=search_term_string"}],"inLanguage":"es"},{"@type":"Person","@id":"https:\/\/www.fraterinternacional.org\/es\/#\/schema\/person\/7bc54bff40f88d72fe06ad6be655dec6","name":"Pedro Duca"}]}},"_links":{"self":[{"href":"https:\/\/www.fraterinternacional.org\/es\/wp-json\/wp\/v2\/posts\/126819"}],"collection":[{"href":"https:\/\/www.fraterinternacional.org\/es\/wp-json\/wp\/v2\/posts"}],"about":[{"href":"https:\/\/www.fraterinternacional.org\/es\/wp-json\/wp\/v2\/types\/post"}],"author":[{"embeddable":true,"href":"https:\/\/www.fraterinternacional.org\/es\/wp-json\/wp\/v2\/users\/61"}],"replies":[{"embeddable":true,"href":"https:\/\/www.fraterinternacional.org\/es\/wp-json\/wp\/v2\/comments?post=126819"}],"version-history":[{"count":2,"href":"https:\/\/www.fraterinternacional.org\/es\/wp-json\/wp\/v2\/posts\/126819\/revisions"}],"predecessor-version":[{"id":126983,"href":"https:\/\/www.fraterinternacional.org\/es\/wp-json\/wp\/v2\/posts\/126819\/revisions\/126983"}],"wp:featuredmedia":[{"embeddable":true,"href":"https:\/\/www.fraterinternacional.org\/es\/wp-json\/wp\/v2\/media\/126722"}],"wp:attachment":[{"href":"https:\/\/www.fraterinternacional.org\/es\/wp-json\/wp\/v2\/media?parent=126819"}],"wp:term":[{"taxonomy":"category","embeddable":true,"href":"https:\/\/www.fraterinternacional.org\/es\/wp-json\/wp\/v2\/categories?post=126819"},{"taxonomy":"post_tag","embeddable":true,"href":"https:\/\/www.fraterinternacional.org\/es\/wp-json\/wp\/v2\/tags?post=126819"}],"curies":[{"name":"wp","href":"https:\/\/api.w.org\/{rel}","templated":true}]}}