{"id":126681,"date":"2023-08-03T13:52:41","date_gmt":"2023-08-03T16:52:41","guid":{"rendered":"https:\/\/www.fraterinternacional.org\/?p=126681"},"modified":"2023-08-03T13:52:44","modified_gmt":"2023-08-03T16:52:44","slug":"rede-luz-norte-nordeste-realiza-encontro-em-salvador","status":"publish","type":"post","link":"https:\/\/www.fraterinternacional.org\/es\/rede-luz-norte-nordeste-realiza-encontro-em-salvador\/","title":{"rendered":"Rede-Luz Norte-Nordeste realiza encontro em Salvador"},"content":{"rendered":"\n<p>Representantes de la Red-Luz Norte-Nordeste participaron de un retiro espiritual en la ciudad de Salvador-BA, entre los d\u00edas 21 y 23 de julio, en el Convento Dom Amando, conducido por Fray Thomas, de la Orden Gracia Misericordia &#8211; OGM, coordinador de la<a href=\"https:\/\/www.fraterinternacional.org\/es\/?s=Comunidade+-+Luz+Flor+do+Sagrado+Tepu%C3%AD+de+Roraima+\" target=\"_blank\" rel=\"noreferrer noopener\">&nbsp;Comunidad-Luz Sagrada Flor de Tepui de Roraima,<\/a>&nbsp;afiliada a la<a href=\"https:\/\/www.fraterinternacional.org\/es\/\" target=\"_blank\" rel=\"noreferrer noopener\">&nbsp;Fraternidad- Federaci\u00f3n Humanitaria Internacional (FFHI)<\/a>, y responsable por el acompa\u00f1amiento de la Red-Luz Norte-Nordeste.&nbsp;<\/p>\n\n\n\n<figure class=\"wp-block-gallery has-nested-images columns-default is-cropped wp-block-gallery-1 is-layout-flex wp-block-gallery-is-layout-flex\">\n<figure class=\"wp-block-image size-large\"><a href=\"https:\/\/www.fraterinternacional.org\/wp-content\/uploads\/2023\/07\/Rede_Luz_FFHI_2-1.jpg\"><img decoding=\"async\" width=\"1024\" height=\"768\" data-id=\"126666\" src=\"https:\/\/www.fraterinternacional.org\/wp-content\/uploads\/2023\/07\/Rede_Luz_FFHI_2-1.jpg\" alt=\"\" class=\"wp-image-126666\" srcset=\"https:\/\/www.fraterinternacional.org\/wp-content\/uploads\/2023\/07\/Rede_Luz_FFHI_2-1-200x150.jpg 200w, https:\/\/www.fraterinternacional.org\/wp-content\/uploads\/2023\/07\/Rede_Luz_FFHI_2-1-300x225.jpg 300w, https:\/\/www.fraterinternacional.org\/wp-content\/uploads\/2023\/07\/Rede_Luz_FFHI_2-1-400x300.jpg 400w, https:\/\/www.fraterinternacional.org\/wp-content\/uploads\/2023\/07\/Rede_Luz_FFHI_2-1-600x450.jpg 600w, https:\/\/www.fraterinternacional.org\/wp-content\/uploads\/2023\/07\/Rede_Luz_FFHI_2-1-800x600.jpg 800w, https:\/\/www.fraterinternacional.org\/wp-content\/uploads\/2023\/07\/Rede_Luz_FFHI_2-1.jpg 1024w\" sizes=\"(max-width: 1024px) 100vw, 1024px\" \/><\/a><\/figure>\n<\/figure>\n\n\n\n<p>El retiro, cuyo tema fue \u00abCaminando sobre las aguas con Cristo\u00bb cumple, seg\u00fan fray Thomas, la tarea de fortalecer y estimular el ejercicio del retiro entre los grupos de la Red-Luz. El fray reflexion\u00f3, en la apertura del encuentro, que \u00abeste trabajo debe dirigirse hacia dentro, hacia una escucha interior, y debe ir aumentando el voltaje, profundizando y elev\u00e1ndose. La vigilia es un estado de vigilancia y despertar sostenido por el alma, este es el camino que estamos construyendo individualmente y como grupo en estos tres d\u00edas\u00bb. Se propuso que el grupo intentara, durante el retiro, mantener la conexi\u00f3n con su interior, incluso al realizar tareas pr\u00e1cticas, como quien sostiene una bandeja invisible y no la deja caer.&nbsp;<\/p>\n\n\n\n<p>El evento proporcion\u00f3 a los participantes momentos de profundo silencio y recogimiento, en comuni\u00f3n con la naturaleza, una oportunidad \u00fanica, seg\u00fan Eliane, miembro del grupo Red-Luz de Pernambuco: \u00abel retiro est\u00e1 representando para m\u00ed un regalo de Dios, un b\u00e1lsamo que llega en un momento dif\u00edcil de mi vida. El lugar es muy agradable y tiene mucha armon\u00eda\u00bb.<\/p>\n\n\n\n<figure class=\"wp-block-gallery has-nested-images columns-default is-cropped wp-block-gallery-2 is-layout-flex wp-block-gallery-is-layout-flex\">\n<figure class=\"wp-block-image size-large\"><a href=\"https:\/\/www.fraterinternacional.org\/wp-content\/uploads\/2023\/07\/Rede_Luz_FFHI_3.jpg\"><img decoding=\"async\" width=\"768\" height=\"1024\" data-id=\"126651\" src=\"https:\/\/www.fraterinternacional.org\/wp-content\/uploads\/2023\/07\/Rede_Luz_FFHI_3-768x1024.jpg\" alt=\"\" class=\"wp-image-126651\" srcset=\"https:\/\/www.fraterinternacional.org\/wp-content\/uploads\/2023\/07\/Rede_Luz_FFHI_3-200x267.jpg 200w, https:\/\/www.fraterinternacional.org\/wp-content\/uploads\/2023\/07\/Rede_Luz_FFHI_3-225x300.jpg 225w, https:\/\/www.fraterinternacional.org\/wp-content\/uploads\/2023\/07\/Rede_Luz_FFHI_3-400x533.jpg 400w, https:\/\/www.fraterinternacional.org\/wp-content\/uploads\/2023\/07\/Rede_Luz_FFHI_3-600x800.jpg 600w, https:\/\/www.fraterinternacional.org\/wp-content\/uploads\/2023\/07\/Rede_Luz_FFHI_3-768x1024.jpg 768w, https:\/\/www.fraterinternacional.org\/wp-content\/uploads\/2023\/07\/Rede_Luz_FFHI_3-800x1067.jpg 800w, https:\/\/www.fraterinternacional.org\/wp-content\/uploads\/2023\/07\/Rede_Luz_FFHI_3.jpg 960w\" sizes=\"(max-width: 768px) 100vw, 768px\" \/><\/a><\/figure>\n\n\n\n<figure class=\"wp-block-image size-large is-style-default\"><a href=\"https:\/\/www.fraterinternacional.org\/wp-content\/uploads\/2023\/07\/photo_2023-07-22_20-36-09.jpg\"><img decoding=\"async\" width=\"768\" height=\"1024\" data-id=\"126652\" src=\"https:\/\/www.fraterinternacional.org\/wp-content\/uploads\/2023\/07\/photo_2023-07-22_20-36-09-768x1024.jpg\" alt=\"\" class=\"wp-image-126652\" srcset=\"https:\/\/www.fraterinternacional.org\/wp-content\/uploads\/2023\/07\/photo_2023-07-22_20-36-09-200x267.jpg 200w, https:\/\/www.fraterinternacional.org\/wp-content\/uploads\/2023\/07\/photo_2023-07-22_20-36-09-225x300.jpg 225w, https:\/\/www.fraterinternacional.org\/wp-content\/uploads\/2023\/07\/photo_2023-07-22_20-36-09-400x533.jpg 400w, https:\/\/www.fraterinternacional.org\/wp-content\/uploads\/2023\/07\/photo_2023-07-22_20-36-09-600x800.jpg 600w, https:\/\/www.fraterinternacional.org\/wp-content\/uploads\/2023\/07\/photo_2023-07-22_20-36-09-768x1024.jpg 768w, https:\/\/www.fraterinternacional.org\/wp-content\/uploads\/2023\/07\/photo_2023-07-22_20-36-09-800x1067.jpg 800w, https:\/\/www.fraterinternacional.org\/wp-content\/uploads\/2023\/07\/photo_2023-07-22_20-36-09.jpg 960w\" sizes=\"(max-width: 768px) 100vw, 768px\" \/><\/a><\/figure>\n<\/figure>\n\n\n\n<p>El s\u00edmbolo de la flor de Loto fue tra\u00eddo a la reflexi\u00f3n del grupo como fuente inspiradora para encontrar respuestas interiores m\u00e1s profundas que den sentido a la existencia humana. Estuvieron presentes estudios en el retiro, el primero de ellos basado en pasajes de las escrituras cristianas, en los que Cristo multiplica los panes y los peces y camina sobre las aguas. Las par\u00e1bolas se contextualizaron reflejando el viaje interno humano, que oscila entre momentos de mayor y menor vivencias de fe y conexi\u00f3n con lo divino.<\/p>\n\n\n\n<p>En un intento de resumir la instrucci\u00f3n interiorizada, Arlim\u00e1rio, de la Red-Luz de Salvador, reflexion\u00f3 que \u00abdebemos concentrar nuestra atenci\u00f3n en dos puntos: centrarnos en Cristo para salir de la mente, que nos asegura que uno se hunde en el agua, y centrarnos en sostener la bandeja para que la conexi\u00f3n con lo sagrado sea permanente\u00bb.<\/p>\n\n\n\n<p>Un trabajo de mantras marc\u00f3 el inicio de la jornada y durante el d\u00eda, estudios, oraciones y sinton\u00edas profundizaban el trabajo. Permeados por la vibraci\u00f3n de los cantos, los colaboradores de la Red-Luz tambi\u00e9n participaron de un momento de reflexi\u00f3n sobre la tarea que la Red-Luz Norte-Nordeste recibe en este ciclo para la manifestaci\u00f3n de la vida comunitaria en Roraima, tomando al retiro como preparaci\u00f3n para el pr\u00f3ximo encuentro de colaboradores previsto para realizarse en Roraima en octubre. Seg\u00fan Fray Thomas, las instrucciones y experiencias ya internalizadas por este grupo en otras comunidades-luz vinculadas a este obra, especialmente en la Comunidad-Luz de Figueira, la sinergia entre las almas y la fe son herramientas que el grupo tiene a su disposici\u00f3n para la manifestaci\u00f3n de la nueva comunidad-luz.<\/p>\n\n\n\n<p>Cuando le preguntaron sobre la dimensi\u00f3n que puede alcanzar la&nbsp;<a href=\"https:\/\/www.fraterinternacional.org\/es\/?s=Comunidade+-+Luz+Flor+do+Sagrado+Tepu%C3%AD+de+Roraima+\" target=\"_blank\" rel=\"noreferrer noopener\">Comunidad-Luz en Roraima,<\/a>&nbsp;el fray respondi\u00f3 que \u00abse conocer\u00e1n nuevas etapas a medida que se concluyan las ya previstas\u00bb. Seg\u00fan el lema de las Hermanas Misioneras Franciscanas del Convento Dom Amando: \u00abArraigadas en Cristo, se revela el Amor de Dios\u00bb.<\/p>\n\n\n\n<p><\/p>\n\n\n\n<figure class=\"wp-block-gallery has-nested-images columns-default is-cropped wp-block-gallery-3 is-layout-flex wp-block-gallery-is-layout-flex\">\n<figure class=\"wp-block-image size-large\"><a href=\"https:\/\/www.fraterinternacional.org\/wp-content\/uploads\/2023\/07\/Rede_Luz_FFHI_1.jpg\"><img decoding=\"async\" width=\"750\" height=\"1000\" data-id=\"126669\" src=\"https:\/\/www.fraterinternacional.org\/wp-content\/uploads\/2023\/07\/Rede_Luz_FFHI_1.jpg\" alt=\"\" class=\"wp-image-126669\" srcset=\"https:\/\/www.fraterinternacional.org\/wp-content\/uploads\/2023\/07\/Rede_Luz_FFHI_1-200x267.jpg 200w, https:\/\/www.fraterinternacional.org\/wp-content\/uploads\/2023\/07\/Rede_Luz_FFHI_1-225x300.jpg 225w, https:\/\/www.fraterinternacional.org\/wp-content\/uploads\/2023\/07\/Rede_Luz_FFHI_1-400x533.jpg 400w, https:\/\/www.fraterinternacional.org\/wp-content\/uploads\/2023\/07\/Rede_Luz_FFHI_1-600x800.jpg 600w, https:\/\/www.fraterinternacional.org\/wp-content\/uploads\/2023\/07\/Rede_Luz_FFHI_1.jpg 750w\" sizes=\"(max-width: 750px) 100vw, 750px\" \/><\/a><\/figure>\n\n\n\n<figure class=\"wp-block-image size-full\"><a href=\"https:\/\/www.fraterinternacional.org\/wp-content\/uploads\/2023\/07\/Rede_Luz_FFHI_4.jpg\"><img decoding=\"async\" width=\"750\" height=\"1000\" data-id=\"126670\" src=\"https:\/\/www.fraterinternacional.org\/wp-content\/uploads\/2023\/07\/Rede_Luz_FFHI_4.jpg\" alt=\"\" class=\"wp-image-126670\" srcset=\"https:\/\/www.fraterinternacional.org\/wp-content\/uploads\/2023\/07\/Rede_Luz_FFHI_4-200x267.jpg 200w, https:\/\/www.fraterinternacional.org\/wp-content\/uploads\/2023\/07\/Rede_Luz_FFHI_4-225x300.jpg 225w, https:\/\/www.fraterinternacional.org\/wp-content\/uploads\/2023\/07\/Rede_Luz_FFHI_4-400x533.jpg 400w, https:\/\/www.fraterinternacional.org\/wp-content\/uploads\/2023\/07\/Rede_Luz_FFHI_4-600x800.jpg 600w, https:\/\/www.fraterinternacional.org\/wp-content\/uploads\/2023\/07\/Rede_Luz_FFHI_4.jpg 750w\" sizes=\"(max-width: 750px) 100vw, 750px\" \/><\/a><\/figure>\n<\/figure>\n","protected":false},"excerpt":{"rendered":"<p>Representantes de la Red-Luz Norte-Nordeste participaron de un retiro espiritual en la ciudad de Salvador-BA, entre los d\u00edas 21 y [&hellip;]<\/p>\n","protected":false},"author":61,"featured_media":126665,"comment_status":"closed","ping_status":"closed","sticky":false,"template":"","format":"standard","meta":{"footnotes":""},"categories":[173],"tags":[],"class_list":["post-126681","post","type-post","status-publish","format-standard","has-post-thumbnail","hentry","category-noticia"],"yoast_head":"<!-- This site is optimized with the Yoast SEO Premium plugin v21.0 (Yoast SEO v21.0) - https:\/\/yoast.com\/wordpress\/plugins\/seo\/ -->\n<title>Rede-Luz Norte-Nordeste realiza encontro em Salvador -<\/title>\n<meta name=\"robots\" content=\"index, follow, max-snippet:-1, max-image-preview:large, max-video-preview:-1\" \/>\n<link rel=\"canonical\" href=\"https:\/\/www.fraterinternacional.org\/es\/rede-luz-norte-nordeste-realiza-encontro-em-salvador\/\" \/>\n<meta property=\"og:locale\" content=\"es_ES\" \/>\n<meta property=\"og:type\" content=\"article\" \/>\n<meta property=\"og:title\" content=\"Rede-Luz Norte-Nordeste realiza encontro em Salvador\" \/>\n<meta property=\"og:description\" content=\"Representantes de la Red-Luz Norte-Nordeste participaron de un retiro espiritual en la ciudad de Salvador-BA, entre los d\u00edas 21 y [&hellip;]\" \/>\n<meta property=\"og:url\" content=\"https:\/\/www.fraterinternacional.org\/es\/rede-luz-norte-nordeste-realiza-encontro-em-salvador\/\" \/>\n<meta property=\"og:site_name\" content=\"Fraternidade - Federa\u00e7\u00e3o Humanit\u00e1ria Internacional\" \/>\n<meta property=\"article:publisher\" content=\"https:\/\/www.facebook.com\/fraternidadehumanitaria\" \/>\n<meta property=\"article:published_time\" content=\"2023-08-03T16:52:41+00:00\" \/>\n<meta property=\"article:modified_time\" content=\"2023-08-03T16:52:44+00:00\" \/>\n<meta property=\"og:image\" content=\"https:\/\/www.fraterinternacional.org\/wp-content\/uploads\/2023\/07\/Rede_Luz_FFHI_2.jpg\" \/>\n\t<meta property=\"og:image:width\" content=\"1024\" \/>\n\t<meta property=\"og:image:height\" content=\"768\" \/>\n\t<meta property=\"og:image:type\" content=\"image\/jpeg\" \/>\n<meta name=\"author\" content=\"Pedro Duca\" \/>\n<meta name=\"twitter:card\" content=\"summary_large_image\" \/>\n<meta name=\"twitter:creator\" content=\"@fraternidadeFHI\" \/>\n<meta name=\"twitter:site\" content=\"@fraternidadeFHI\" \/>\n<meta name=\"twitter:label1\" content=\"Escrito por\" \/>\n\t<meta name=\"twitter:data1\" content=\"Pedro Duca\" \/>\n\t<meta name=\"twitter:label2\" content=\"Tiempo de lectura\" \/>\n\t<meta name=\"twitter:data2\" content=\"5 minutos\" \/>\n<script type=\"application\/ld+json\" class=\"yoast-schema-graph\">{\"@context\":\"https:\/\/schema.org\",\"@graph\":[{\"@type\":\"WebPage\",\"@id\":\"https:\/\/www.fraterinternacional.org\/es\/rede-luz-norte-nordeste-realiza-encontro-em-salvador\/\",\"url\":\"https:\/\/www.fraterinternacional.org\/es\/rede-luz-norte-nordeste-realiza-encontro-em-salvador\/\",\"name\":\"Rede-Luz Norte-Nordeste realiza encontro em Salvador -\",\"isPartOf\":{\"@id\":\"https:\/\/www.fraterinternacional.org\/es\/#website\"},\"datePublished\":\"2023-08-03T16:52:41+00:00\",\"dateModified\":\"2023-08-03T16:52:44+00:00\",\"author\":{\"@id\":\"https:\/\/www.fraterinternacional.org\/es\/#\/schema\/person\/7bc54bff40f88d72fe06ad6be655dec6\"},\"breadcrumb\":{\"@id\":\"https:\/\/www.fraterinternacional.org\/es\/rede-luz-norte-nordeste-realiza-encontro-em-salvador\/#breadcrumb\"},\"inLanguage\":\"es\",\"potentialAction\":[{\"@type\":\"ReadAction\",\"target\":[\"https:\/\/www.fraterinternacional.org\/es\/rede-luz-norte-nordeste-realiza-encontro-em-salvador\/\"]}]},{\"@type\":\"BreadcrumbList\",\"@id\":\"https:\/\/www.fraterinternacional.org\/es\/rede-luz-norte-nordeste-realiza-encontro-em-salvador\/#breadcrumb\",\"itemListElement\":[{\"@type\":\"ListItem\",\"position\":1,\"name\":\"In\u00edcio\",\"item\":\"https:\/\/www.fraterinternacional.org\/es\/\"},{\"@type\":\"ListItem\",\"position\":2,\"name\":\"Rede-Luz Norte-Nordeste realiza encontro em Salvador\"}]},{\"@type\":\"WebSite\",\"@id\":\"https:\/\/www.fraterinternacional.org\/es\/#website\",\"url\":\"https:\/\/www.fraterinternacional.org\/es\/\",\"name\":\"Fraternidade - Federa\u00e7\u00e3o Humanit\u00e1ria Internacional\",\"description\":\"Fraternidade - Federa\u00e7\u00e3o Humanit\u00e1ria Internacional\",\"potentialAction\":[{\"@type\":\"SearchAction\",\"target\":{\"@type\":\"EntryPoint\",\"urlTemplate\":\"https:\/\/www.fraterinternacional.org\/es\/?s={search_term_string}\"},\"query-input\":\"required name=search_term_string\"}],\"inLanguage\":\"es\"},{\"@type\":\"Person\",\"@id\":\"https:\/\/www.fraterinternacional.org\/es\/#\/schema\/person\/7bc54bff40f88d72fe06ad6be655dec6\",\"name\":\"Pedro Duca\"}]}<\/script>\n<!-- \/ Yoast SEO Premium plugin. -->","yoast_head_json":{"title":"Rede-Luz Norte-Nordeste realiza encontro em Salvador -","robots":{"index":"index","follow":"follow","max-snippet":"max-snippet:-1","max-image-preview":"max-image-preview:large","max-video-preview":"max-video-preview:-1"},"canonical":"https:\/\/www.fraterinternacional.org\/es\/rede-luz-norte-nordeste-realiza-encontro-em-salvador\/","og_locale":"es_ES","og_type":"article","og_title":"Rede-Luz Norte-Nordeste realiza encontro em Salvador","og_description":"Representantes de la Red-Luz Norte-Nordeste participaron de un retiro espiritual en la ciudad de Salvador-BA, entre los d\u00edas 21 y [&hellip;]","og_url":"https:\/\/www.fraterinternacional.org\/es\/rede-luz-norte-nordeste-realiza-encontro-em-salvador\/","og_site_name":"Fraternidade - Federa\u00e7\u00e3o Humanit\u00e1ria Internacional","article_publisher":"https:\/\/www.facebook.com\/fraternidadehumanitaria","article_published_time":"2023-08-03T16:52:41+00:00","article_modified_time":"2023-08-03T16:52:44+00:00","og_image":[{"width":1024,"height":768,"url":"https:\/\/www.fraterinternacional.org\/wp-content\/uploads\/2023\/07\/Rede_Luz_FFHI_2.jpg","type":"image\/jpeg"}],"author":"Pedro Duca","twitter_card":"summary_large_image","twitter_creator":"@fraternidadeFHI","twitter_site":"@fraternidadeFHI","twitter_misc":{"Escrito por":"Pedro Duca","Tiempo de lectura":"5 minutos"},"schema":{"@context":"https:\/\/schema.org","@graph":[{"@type":"WebPage","@id":"https:\/\/www.fraterinternacional.org\/es\/rede-luz-norte-nordeste-realiza-encontro-em-salvador\/","url":"https:\/\/www.fraterinternacional.org\/es\/rede-luz-norte-nordeste-realiza-encontro-em-salvador\/","name":"Rede-Luz Norte-Nordeste realiza encontro em Salvador -","isPartOf":{"@id":"https:\/\/www.fraterinternacional.org\/es\/#website"},"datePublished":"2023-08-03T16:52:41+00:00","dateModified":"2023-08-03T16:52:44+00:00","author":{"@id":"https:\/\/www.fraterinternacional.org\/es\/#\/schema\/person\/7bc54bff40f88d72fe06ad6be655dec6"},"breadcrumb":{"@id":"https:\/\/www.fraterinternacional.org\/es\/rede-luz-norte-nordeste-realiza-encontro-em-salvador\/#breadcrumb"},"inLanguage":"es","potentialAction":[{"@type":"ReadAction","target":["https:\/\/www.fraterinternacional.org\/es\/rede-luz-norte-nordeste-realiza-encontro-em-salvador\/"]}]},{"@type":"BreadcrumbList","@id":"https:\/\/www.fraterinternacional.org\/es\/rede-luz-norte-nordeste-realiza-encontro-em-salvador\/#breadcrumb","itemListElement":[{"@type":"ListItem","position":1,"name":"In\u00edcio","item":"https:\/\/www.fraterinternacional.org\/es\/"},{"@type":"ListItem","position":2,"name":"Rede-Luz Norte-Nordeste realiza encontro em Salvador"}]},{"@type":"WebSite","@id":"https:\/\/www.fraterinternacional.org\/es\/#website","url":"https:\/\/www.fraterinternacional.org\/es\/","name":"Fraternidade - Federa\u00e7\u00e3o Humanit\u00e1ria Internacional","description":"Fraternidade - Federa\u00e7\u00e3o Humanit\u00e1ria Internacional","potentialAction":[{"@type":"SearchAction","target":{"@type":"EntryPoint","urlTemplate":"https:\/\/www.fraterinternacional.org\/es\/?s={search_term_string}"},"query-input":"required name=search_term_string"}],"inLanguage":"es"},{"@type":"Person","@id":"https:\/\/www.fraterinternacional.org\/es\/#\/schema\/person\/7bc54bff40f88d72fe06ad6be655dec6","name":"Pedro Duca"}]}},"_links":{"self":[{"href":"https:\/\/www.fraterinternacional.org\/es\/wp-json\/wp\/v2\/posts\/126681"}],"collection":[{"href":"https:\/\/www.fraterinternacional.org\/es\/wp-json\/wp\/v2\/posts"}],"about":[{"href":"https:\/\/www.fraterinternacional.org\/es\/wp-json\/wp\/v2\/types\/post"}],"author":[{"embeddable":true,"href":"https:\/\/www.fraterinternacional.org\/es\/wp-json\/wp\/v2\/users\/61"}],"replies":[{"embeddable":true,"href":"https:\/\/www.fraterinternacional.org\/es\/wp-json\/wp\/v2\/comments?post=126681"}],"version-history":[{"count":0,"href":"https:\/\/www.fraterinternacional.org\/es\/wp-json\/wp\/v2\/posts\/126681\/revisions"}],"wp:featuredmedia":[{"embeddable":true,"href":"https:\/\/www.fraterinternacional.org\/es\/wp-json\/wp\/v2\/media\/126665"}],"wp:attachment":[{"href":"https:\/\/www.fraterinternacional.org\/es\/wp-json\/wp\/v2\/media?parent=126681"}],"wp:term":[{"taxonomy":"category","embeddable":true,"href":"https:\/\/www.fraterinternacional.org\/es\/wp-json\/wp\/v2\/categories?post=126681"},{"taxonomy":"post_tag","embeddable":true,"href":"https:\/\/www.fraterinternacional.org\/es\/wp-json\/wp\/v2\/tags?post=126681"}],"curies":[{"name":"wp","href":"https:\/\/api.w.org\/{rel}","templated":true}]}}