{"id":126545,"date":"2023-05-18T06:48:16","date_gmt":"2023-05-18T09:48:16","guid":{"rendered":"https:\/\/www.fraterinternacional.org\/?p=126545"},"modified":"2023-06-01T06:54:31","modified_gmt":"2023-06-01T09:54:31","slug":"primeros-pasos-de-manifestacion-la-flor-del-sagrado-tepui-de-roraima","status":"publish","type":"post","link":"https:\/\/www.fraterinternacional.org\/es\/primeros-pasos-de-manifestacion-la-flor-del-sagrado-tepui-de-roraima\/","title":{"rendered":"Primeros pasos de manifestaci\u00f3n: la Flor del Sagrado Tepui de Roraima"},"content":{"rendered":"\n<p>La\u00a0<a href=\"https:\/\/www.fraterinternacional.org\/es\/?s=Comunidade-Luz+Roraima\" target=\"_blank\" rel=\"noreferrer noopener\">Comunidad-Luz de Roraima<\/a>\u00a0fue anunciada en 2021, fruto del trabajo de oraci\u00f3n y esfuerzo de las\u00a0<a href=\"https:\/\/www.fraterinternacional.org\/es\/encuentro-regional-de-la-red-luz-norte-nordeste-en-aracaju-se\/\" target=\"_blank\" rel=\"noreferrer noopener\">Redes-Luz Venezuela y Norte-Nordeste\u00a0<\/a>de Brasil, adem\u00e1s del servicio humanitario de la\u00a0<a href=\"https:\/\/www.missoeshumanitarias.org\/es\/mision-roraima\/\" target=\"_blank\" rel=\"noreferrer noopener\">Misi\u00f3n Roraima.<\/a><\/p>\n\n\n<div class=\"wp-block-image\">\n<figure class=\"aligncenter size-large\"><a href=\"https:\/\/www.fraterinternacional.org\/wp-content\/uploads\/2023\/05\/Comunidade-Luz_Roraima_FFHI_1.jpg\"><img decoding=\"async\" width=\"1024\" height=\"768\" src=\"https:\/\/www.fraterinternacional.org\/wp-content\/uploads\/2023\/05\/Comunidade-Luz_Roraima_FFHI_1-1024x768.jpg\" alt=\"\" class=\"wp-image-126463\" srcset=\"https:\/\/www.fraterinternacional.org\/wp-content\/uploads\/2023\/05\/Comunidade-Luz_Roraima_FFHI_1-200x150.jpg 200w, https:\/\/www.fraterinternacional.org\/wp-content\/uploads\/2023\/05\/Comunidade-Luz_Roraima_FFHI_1-300x225.jpg 300w, https:\/\/www.fraterinternacional.org\/wp-content\/uploads\/2023\/05\/Comunidade-Luz_Roraima_FFHI_1-400x300.jpg 400w, https:\/\/www.fraterinternacional.org\/wp-content\/uploads\/2023\/05\/Comunidade-Luz_Roraima_FFHI_1-600x450.jpg 600w, https:\/\/www.fraterinternacional.org\/wp-content\/uploads\/2023\/05\/Comunidade-Luz_Roraima_FFHI_1-800x600.jpg 800w, https:\/\/www.fraterinternacional.org\/wp-content\/uploads\/2023\/05\/Comunidade-Luz_Roraima_FFHI_1-1024x768.jpg 1024w, https:\/\/www.fraterinternacional.org\/wp-content\/uploads\/2023\/05\/Comunidade-Luz_Roraima_FFHI_1-1200x900.jpg 1200w, https:\/\/www.fraterinternacional.org\/wp-content\/uploads\/2023\/05\/Comunidade-Luz_Roraima_FFHI_1.jpg 1280w\" sizes=\"(max-width: 1024px) 100vw, 1024px\" \/><\/a><figcaption class=\"wp-element-caption\">Membros da Comunidade-Luz de Roraima: monges, servidores humanit\u00e1rios volunt\u00e1rios e colaboradores.<\/figcaption><\/figure><\/div>\n\n\n<p>Antes, lo que exist\u00eda era el N\u00facleo-Luz, que desde 2017 daba apoyo espiritual y log\u00edstico a la misi\u00f3n humanitaria con la migraci\u00f3n venezolana a Brasil.<\/p>\n\n\n\n<p>La&nbsp;<a href=\"https:\/\/www.fraterinternacional.org\/es\/?s=Comunidade-Luz+Roraima\" target=\"_blank\" rel=\"noreferrer noopener\">Comunidad-Luz de Roraima<\/a>&nbsp;tiene dos Monasterios: uno masculino y otro femenino. Son los Monasterios de la Sagrada Humildad de San Jos\u00e9. La Comunidad tambi\u00e9n est\u00e1 compuesta por trabajadores humanitarios que sirven a la&nbsp;<a href=\"https:\/\/www.missoeshumanitarias.org\/es\/mision-roraima\/\" target=\"_blank\" rel=\"noreferrer noopener\">Misi\u00f3n Roraima<\/a>&nbsp;a trav\u00e9s del&nbsp;<a href=\"https:\/\/www.missoeshumanitarias.org\/es\/ccfi\/\" target=\"_blank\" rel=\"noreferrer noopener\">Centro Cultural y de Formaci\u00f3n Ind\u00edgena(CCFI)<\/a>; adem\u00e1s de miembros de la Rede-Luz o de otras Comunidades-Luz que permanecen por un per\u00edodo de tiempo en Boa Vista.<\/p>\n\n\n\n<figure class=\"wp-block-gallery has-nested-images columns-default is-cropped wp-block-gallery-1 is-layout-flex wp-block-gallery-is-layout-flex\">\n<figure class=\"wp-block-image size-large\"><a href=\"https:\/\/www.fraterinternacional.org\/wp-content\/uploads\/2023\/05\/Comunidade-Luz_Roraima_FFHI_3.jpg\"><img decoding=\"async\" width=\"1024\" height=\"768\" data-id=\"126469\" src=\"https:\/\/www.fraterinternacional.org\/wp-content\/uploads\/2023\/05\/Comunidade-Luz_Roraima_FFHI_3-1024x768.jpg\" alt=\"\" class=\"wp-image-126469\" srcset=\"https:\/\/www.fraterinternacional.org\/wp-content\/uploads\/2023\/05\/Comunidade-Luz_Roraima_FFHI_3-200x150.jpg 200w, https:\/\/www.fraterinternacional.org\/wp-content\/uploads\/2023\/05\/Comunidade-Luz_Roraima_FFHI_3-300x225.jpg 300w, https:\/\/www.fraterinternacional.org\/wp-content\/uploads\/2023\/05\/Comunidade-Luz_Roraima_FFHI_3-400x300.jpg 400w, https:\/\/www.fraterinternacional.org\/wp-content\/uploads\/2023\/05\/Comunidade-Luz_Roraima_FFHI_3-600x450.jpg 600w, https:\/\/www.fraterinternacional.org\/wp-content\/uploads\/2023\/05\/Comunidade-Luz_Roraima_FFHI_3-800x600.jpg 800w, https:\/\/www.fraterinternacional.org\/wp-content\/uploads\/2023\/05\/Comunidade-Luz_Roraima_FFHI_3-1024x768.jpg 1024w, https:\/\/www.fraterinternacional.org\/wp-content\/uploads\/2023\/05\/Comunidade-Luz_Roraima_FFHI_3-1200x900.jpg 1200w, https:\/\/www.fraterinternacional.org\/wp-content\/uploads\/2023\/05\/Comunidade-Luz_Roraima_FFHI_3.jpg 1280w\" sizes=\"(max-width: 1024px) 100vw, 1024px\" \/><\/a><figcaption class=\"wp-element-caption\">Encontro mensal na Sede da Comunidade-Luz para transmiss\u00e3o p\u00fablica das grava\u00e7\u00f5es de palestras do Trigueirinho<\/figcaption><\/figure>\n\n\n\n<figure class=\"wp-block-image size-large\"><a href=\"https:\/\/www.fraterinternacional.org\/wp-content\/uploads\/2023\/05\/Comunidade-Luz_Roraima_FFHI_2.jpg\"><img decoding=\"async\" width=\"1024\" height=\"768\" data-id=\"126472\" src=\"https:\/\/www.fraterinternacional.org\/wp-content\/uploads\/2023\/05\/Comunidade-Luz_Roraima_FFHI_2-1024x768.jpg\" alt=\"\" class=\"wp-image-126472\" srcset=\"https:\/\/www.fraterinternacional.org\/wp-content\/uploads\/2023\/05\/Comunidade-Luz_Roraima_FFHI_2-200x150.jpg 200w, https:\/\/www.fraterinternacional.org\/wp-content\/uploads\/2023\/05\/Comunidade-Luz_Roraima_FFHI_2-300x225.jpg 300w, https:\/\/www.fraterinternacional.org\/wp-content\/uploads\/2023\/05\/Comunidade-Luz_Roraima_FFHI_2-400x300.jpg 400w, https:\/\/www.fraterinternacional.org\/wp-content\/uploads\/2023\/05\/Comunidade-Luz_Roraima_FFHI_2-600x450.jpg 600w, https:\/\/www.fraterinternacional.org\/wp-content\/uploads\/2023\/05\/Comunidade-Luz_Roraima_FFHI_2-800x600.jpg 800w, https:\/\/www.fraterinternacional.org\/wp-content\/uploads\/2023\/05\/Comunidade-Luz_Roraima_FFHI_2-1024x768.jpg 1024w, https:\/\/www.fraterinternacional.org\/wp-content\/uploads\/2023\/05\/Comunidade-Luz_Roraima_FFHI_2-1200x900.jpg 1200w, https:\/\/www.fraterinternacional.org\/wp-content\/uploads\/2023\/05\/Comunidade-Luz_Roraima_FFHI_2.jpg 1280w\" sizes=\"(max-width: 1024px) 100vw, 1024px\" \/><\/a><figcaption class=\"wp-element-caption\">Encontros ecum\u00eanicos que re\u00fanem pessoas que buscam o despertar interior<\/figcaption><\/figure>\n<\/figure>\n\n\n\n<p>La Comunidad-Luz est\u00e1 dividida en dos espacios: la Sede en la ciudad de Boa Vista y la Comunidad-Luz propiamente dicha, que se encuentra en una zona semirural de Boa Vista.<\/p>\n\n\n\n<p>Actualmente, se est\u00e1 llevando a cabo una gran construcci\u00f3n que marca el inicio de la&nbsp;<a href=\"https:\/\/www.fraterinternacional.org\/filiadas\/comunidade-luz-roraima\/\" target=\"_blank\" rel=\"noreferrer noopener\">Comunidad-Luz Flor do Sagrado Tepui&nbsp;<\/a>dentro de una planificaci\u00f3n que prev\u00e9 4 m\u00f3dulos de hospedaje, 2 monasterios, comedor, sala de oraci\u00f3n, auditorio y \u00e1rea de mantenimiento.<\/p>\n\n\n\n<figure class=\"wp-block-gallery has-nested-images columns-default is-cropped wp-block-gallery-2 is-layout-flex wp-block-gallery-is-layout-flex\">\n<figure class=\"wp-block-image size-large\"><a href=\"https:\/\/www.fraterinternacional.org\/wp-content\/uploads\/2023\/05\/Comunidade-Luz_Roraima_FFHI_6.jpg\"><img decoding=\"async\" width=\"1024\" height=\"461\" data-id=\"126475\" src=\"https:\/\/www.fraterinternacional.org\/wp-content\/uploads\/2023\/05\/Comunidade-Luz_Roraima_FFHI_6-1024x461.jpg\" alt=\"\" class=\"wp-image-126475\" srcset=\"https:\/\/www.fraterinternacional.org\/wp-content\/uploads\/2023\/05\/Comunidade-Luz_Roraima_FFHI_6-200x90.jpg 200w, https:\/\/www.fraterinternacional.org\/wp-content\/uploads\/2023\/05\/Comunidade-Luz_Roraima_FFHI_6-300x135.jpg 300w, https:\/\/www.fraterinternacional.org\/wp-content\/uploads\/2023\/05\/Comunidade-Luz_Roraima_FFHI_6-400x180.jpg 400w, https:\/\/www.fraterinternacional.org\/wp-content\/uploads\/2023\/05\/Comunidade-Luz_Roraima_FFHI_6-600x270.jpg 600w, https:\/\/www.fraterinternacional.org\/wp-content\/uploads\/2023\/05\/Comunidade-Luz_Roraima_FFHI_6-800x360.jpg 800w, https:\/\/www.fraterinternacional.org\/wp-content\/uploads\/2023\/05\/Comunidade-Luz_Roraima_FFHI_6-1024x461.jpg 1024w, https:\/\/www.fraterinternacional.org\/wp-content\/uploads\/2023\/05\/Comunidade-Luz_Roraima_FFHI_6-1200x540.jpg 1200w, https:\/\/www.fraterinternacional.org\/wp-content\/uploads\/2023\/05\/Comunidade-Luz_Roraima_FFHI_6.jpg 1280w\" sizes=\"(max-width: 1024px) 100vw, 1024px\" \/><\/a><figcaption class=\"wp-element-caption\">\u00c1rea de agrofloresta faz parte do projeto futuro de autossustentabilidade da Comunidade-Luz<\/figcaption><\/figure>\n\n\n\n<figure class=\"wp-block-image size-large\"><a href=\"https:\/\/www.fraterinternacional.org\/wp-content\/uploads\/2023\/05\/Comunidade-Luz_Roraima_FFHI_5.jpg\"><img decoding=\"async\" width=\"1000\" height=\"750\" data-id=\"126478\" src=\"https:\/\/www.fraterinternacional.org\/wp-content\/uploads\/2023\/05\/Comunidade-Luz_Roraima_FFHI_5.jpg\" alt=\"\" class=\"wp-image-126478\" srcset=\"https:\/\/www.fraterinternacional.org\/wp-content\/uploads\/2023\/05\/Comunidade-Luz_Roraima_FFHI_5-200x150.jpg 200w, https:\/\/www.fraterinternacional.org\/wp-content\/uploads\/2023\/05\/Comunidade-Luz_Roraima_FFHI_5-300x225.jpg 300w, https:\/\/www.fraterinternacional.org\/wp-content\/uploads\/2023\/05\/Comunidade-Luz_Roraima_FFHI_5-400x300.jpg 400w, https:\/\/www.fraterinternacional.org\/wp-content\/uploads\/2023\/05\/Comunidade-Luz_Roraima_FFHI_5-600x450.jpg 600w, https:\/\/www.fraterinternacional.org\/wp-content\/uploads\/2023\/05\/Comunidade-Luz_Roraima_FFHI_5-800x600.jpg 800w, https:\/\/www.fraterinternacional.org\/wp-content\/uploads\/2023\/05\/Comunidade-Luz_Roraima_FFHI_5.jpg 1000w\" sizes=\"(max-width: 1000px) 100vw, 1000px\" \/><\/a><figcaption class=\"wp-element-caption\">\u00c1rea de Servi\u00e7o do SAF com sala de sementes e reservat\u00f3rio de 20 mil litros. Est\u00e3o em constru\u00e7\u00e3o viveiro e composteira<\/figcaption><\/figure>\n<\/figure>\n\n\n\n<p>Esta construcci\u00f3n es un primer m\u00f3dulo de hospedaje para que los grupos de colaboradores, misioneros humanitarios voluntarios, miembros de otras<a href=\"https:\/\/www.fraterinternacional.org\/es\/?s=Comunidade-Luz+Roraima\" target=\"_blank\" rel=\"noreferrer noopener\">&nbsp;Comunidades-Luz&nbsp;<\/a>y monasterios puedan vivir en la&nbsp;<a href=\"https:\/\/www.fraterinternacional.org\/es\/?s=Comunidade-Luz+Roraima\" target=\"_blank\" rel=\"noreferrer noopener\">Comunidad-Luz deRoraima.<\/a><\/p>\n\n\n\n<p>El terreno de la&nbsp;<a href=\"https:\/\/www.fraterinternacional.org\/es\/?s=Comunidade-Luz+Roraima\" target=\"_blank\" rel=\"noreferrer noopener\">Comunidad-Luz<\/a>&nbsp;tiene forma alargada: son 10 hect\u00e1reas, que tienen100 metros de ancho por 1000 metros de largo.<\/p>\n\n\n<div class=\"wp-block-image\">\n<figure class=\"aligncenter size-large\"><a href=\"https:\/\/www.fraterinternacional.org\/wp-content\/uploads\/2023\/05\/Comunidade-Luz_Roraima_FFHI_7.jpg\"><img decoding=\"async\" width=\"1024\" height=\"576\" src=\"https:\/\/www.fraterinternacional.org\/wp-content\/uploads\/2023\/05\/Comunidade-Luz_Roraima_FFHI_7-1024x576.jpg\" alt=\"\" class=\"wp-image-126460\" srcset=\"https:\/\/www.fraterinternacional.org\/wp-content\/uploads\/2023\/05\/Comunidade-Luz_Roraima_FFHI_7-200x113.jpg 200w, https:\/\/www.fraterinternacional.org\/wp-content\/uploads\/2023\/05\/Comunidade-Luz_Roraima_FFHI_7-300x169.jpg 300w, https:\/\/www.fraterinternacional.org\/wp-content\/uploads\/2023\/05\/Comunidade-Luz_Roraima_FFHI_7-400x225.jpg 400w, https:\/\/www.fraterinternacional.org\/wp-content\/uploads\/2023\/05\/Comunidade-Luz_Roraima_FFHI_7-600x338.jpg 600w, https:\/\/www.fraterinternacional.org\/wp-content\/uploads\/2023\/05\/Comunidade-Luz_Roraima_FFHI_7-800x450.jpg 800w, https:\/\/www.fraterinternacional.org\/wp-content\/uploads\/2023\/05\/Comunidade-Luz_Roraima_FFHI_7-1024x576.jpg 1024w, https:\/\/www.fraterinternacional.org\/wp-content\/uploads\/2023\/05\/Comunidade-Luz_Roraima_FFHI_7-1200x675.jpg 1200w, https:\/\/www.fraterinternacional.org\/wp-content\/uploads\/2023\/05\/Comunidade-Luz_Roraima_FFHI_7.jpg 1280w\" sizes=\"(max-width: 1024px) 100vw, 1024px\" \/><\/a><figcaption class=\"wp-element-caption\">No futuro, a agrofloresta integrar\u00e1 a rede de servi\u00e7o doando parte da produ\u00e7\u00e3o ser\u00e1 para institui\u00e7\u00f5es e pessoas necessitadas<\/figcaption><\/figure><\/div>\n\n\n<p>Actualmente, hay un \u00e1rea de plantaci\u00f3n de media hect\u00e1rea en la&nbsp;<a href=\"https:\/\/www.fraterinternacional.org\/es\/?s=Comunidade-Luz+Roraima\" target=\"_blank\" rel=\"noreferrer noopener\">Comunidad-Luz,<\/a>&nbsp;manejada con la metodolog\u00eda Agroforestal y algunas construcciones de apoyo.<\/p>\n\n\n\n<p>Recientemente, el monasterio masculino emigr\u00f3 al Campo dejando la casa alquilada en la ciudad.&nbsp; Fray Thomas, gestor de la&nbsp;<a href=\"https:\/\/www.fraterinternacional.org\/es\/?s=Comunidade-Luz+Roraima\" target=\"_blank\" rel=\"noreferrer noopener\">Comunidad-Luz&nbsp;<\/a>y coordinador del Monasterio de masculino comenta la importancia de este traslado:<\/p>\n\n\n\n<p>\u00abEl monasterio masculino fue improvisado en dos contenedores para brindar albergue provisorio y permitir el desarrollo de las actividades de esta etapa pionera de la Comunidad-Luz: Mutir\u00f5es (trabajos grupales voluntarios), la construcci\u00f3n, las \u00e1reas de plantaci\u00f3n y proteger la misma tierra. Adem\u00e1s, la presencia espiritual del monasterio en los terrenos de la Comunidad-Luz facilita que las actividades p\u00fablicas de oraci\u00f3n con vecinos e invitados puedan tener un mejor acompa\u00f1amiento.\u00bb<\/p>\n\n\n\n<p>Junto a los contenedores del monasterio se sit\u00faa el espacio lit\u00fargico de la\u00a0<a href=\"https:\/\/www.fraterinternacional.org\/es\/?s=Comunidade-Luz+Roraima\" target=\"_blank\" rel=\"noreferrer noopener\">Comunidad-Luz<\/a>: la sala de oraci\u00f3n tambi\u00e9n est\u00e1 adaptada en un contenedor y la zona de los \u00c1rboles Guardianes que es una especie de epicentro espiritual, donde tienen lugar importantes trabajos como sacramentos en las Maratones y sinton\u00edas.<\/p>\n\n\n<div class=\"wp-block-image\">\n<figure class=\"aligncenter size-large\"><a href=\"https:\/\/www.fraterinternacional.org\/wp-content\/uploads\/2023\/05\/Comunidade-Luz_Roraima_FFHI_11.jpg\"><img decoding=\"async\" width=\"1024\" height=\"768\" src=\"https:\/\/www.fraterinternacional.org\/wp-content\/uploads\/2023\/05\/Comunidade-Luz_Roraima_FFHI_11-1024x768.jpg\" alt=\"\" class=\"wp-image-126466\" srcset=\"https:\/\/www.fraterinternacional.org\/wp-content\/uploads\/2023\/05\/Comunidade-Luz_Roraima_FFHI_11-200x150.jpg 200w, https:\/\/www.fraterinternacional.org\/wp-content\/uploads\/2023\/05\/Comunidade-Luz_Roraima_FFHI_11-300x225.jpg 300w, https:\/\/www.fraterinternacional.org\/wp-content\/uploads\/2023\/05\/Comunidade-Luz_Roraima_FFHI_11-400x300.jpg 400w, https:\/\/www.fraterinternacional.org\/wp-content\/uploads\/2023\/05\/Comunidade-Luz_Roraima_FFHI_11-600x450.jpg 600w, https:\/\/www.fraterinternacional.org\/wp-content\/uploads\/2023\/05\/Comunidade-Luz_Roraima_FFHI_11-800x600.jpg 800w, https:\/\/www.fraterinternacional.org\/wp-content\/uploads\/2023\/05\/Comunidade-Luz_Roraima_FFHI_11-1024x768.jpg 1024w, https:\/\/www.fraterinternacional.org\/wp-content\/uploads\/2023\/05\/Comunidade-Luz_Roraima_FFHI_11-1200x900.jpg 1200w, https:\/\/www.fraterinternacional.org\/wp-content\/uploads\/2023\/05\/Comunidade-Luz_Roraima_FFHI_11.jpg 1280w\" sizes=\"(max-width: 1024px) 100vw, 1024px\" \/><\/a><figcaption class=\"wp-element-caption\">Casa de ora\u00e7\u00e3o da Comunidade-Luz atualmente est\u00e1 adaptada em um container<\/figcaption><\/figure><\/div>\n\n\n<h3 class=\"wp-block-heading\">La construcci\u00f3n del primer m\u00f3dulo de hospedaje<\/h3>\n\n\n\n<p>La presente construcci\u00f3n representa el primer paso de la\u00a0<a href=\"https:\/\/www.fraterinternacional.org\/es\/?s=Comunidade-Luz+Roraima\" target=\"_blank\" rel=\"noreferrer noopener\">Comunidad-Luz<\/a>\u00a0dentro del proyecto establecido. Se trata de un m\u00f3dulo de hospedaje de 250 metros cuadrados, con seis habitaciones, un ba\u00f1o por cada dos habitaciones, adem\u00e1s de sala de oraci\u00f3n, oficina, sala de ba\u00f1o terap\u00e9utico, cocina y \u00e1rea de servicios.<\/p>\n\n\n<div class=\"wp-block-image\">\n<figure class=\"aligncenter size-large\"><a href=\"https:\/\/www.fraterinternacional.org\/wp-content\/uploads\/2023\/05\/Comunidade-Luz_Roraima_FFHI_12.jpg\"><img decoding=\"async\" width=\"1024\" height=\"768\" src=\"https:\/\/www.fraterinternacional.org\/wp-content\/uploads\/2023\/05\/Comunidade-Luz_Roraima_FFHI_12-1024x768.jpg\" alt=\"\" class=\"wp-image-126481\" srcset=\"https:\/\/www.fraterinternacional.org\/wp-content\/uploads\/2023\/05\/Comunidade-Luz_Roraima_FFHI_12-200x150.jpg 200w, https:\/\/www.fraterinternacional.org\/wp-content\/uploads\/2023\/05\/Comunidade-Luz_Roraima_FFHI_12-300x225.jpg 300w, https:\/\/www.fraterinternacional.org\/wp-content\/uploads\/2023\/05\/Comunidade-Luz_Roraima_FFHI_12-400x300.jpg 400w, https:\/\/www.fraterinternacional.org\/wp-content\/uploads\/2023\/05\/Comunidade-Luz_Roraima_FFHI_12-600x450.jpg 600w, https:\/\/www.fraterinternacional.org\/wp-content\/uploads\/2023\/05\/Comunidade-Luz_Roraima_FFHI_12-800x600.jpg 800w, https:\/\/www.fraterinternacional.org\/wp-content\/uploads\/2023\/05\/Comunidade-Luz_Roraima_FFHI_12-1024x768.jpg 1024w, https:\/\/www.fraterinternacional.org\/wp-content\/uploads\/2023\/05\/Comunidade-Luz_Roraima_FFHI_12-1200x900.jpg 1200w, https:\/\/www.fraterinternacional.org\/wp-content\/uploads\/2023\/05\/Comunidade-Luz_Roraima_FFHI_12.jpg 1280w\" sizes=\"(max-width: 1024px) 100vw, 1024px\" \/><\/a><figcaption class=\"wp-element-caption\">Na Comunidade-Luz haver\u00e1 um espa\u00e7o onde ser\u00e3o realizadas, com apoio dos monast\u00e9rios, exerc\u00edcios espirituais de ora\u00e7\u00e3o, sil\u00eancio e sintonia.<\/figcaption><\/figure><\/div>\n\n\n<p>Cesar Daltro forma parte de Red-Luz Salvador y es el jefe de obra de la<a href=\"https:\/\/www.fraterinternacional.org\/es\/?s=Comunidade-Luz+Roraima\" target=\"_blank\" rel=\"noreferrer noopener\">\u00a0Comunidad-Luz de Roraima<\/a>, siguiendo a distancia la evoluci\u00f3n de la construcci\u00f3n, adem\u00e1s de realizar visitas t\u00e9cnicas peri\u00f3dicas. Cesar cuenta que hubo un cuidado especial en la elaboraci\u00f3n de los proyectos de esta primera construcci\u00f3n:<\/p>\n\n\n\n<p>\u00abDesarrollamos todos los dise\u00f1os arquitect\u00f3nicos, estructura de hormig\u00f3n, estructura met\u00e1lica de la cubierta, electricidad, climatizaci\u00f3n y instalaci\u00f3n hidr\u00e1ulica. La construcci\u00f3n se dise\u00f1\u00f3 cuidando la seguridad s\u00edsmica y contra inundaciones, tal y como nos indic\u00f3 el Consejo de Gu\u00eda .Permanente\u00bb.<\/p>\n\n\n\n<p>Con el apoyo de la&nbsp;<a href=\"https:\/\/www.fraterinternacional.org\/es\/\" target=\"_blank\" rel=\"noreferrer noopener\">Fraternidad &#8211; Federaci\u00f3n HumanitariaInternacional (FFHI)<\/a>&nbsp;y la donaci\u00f3n inicial de colaboradores externos, se obtuvieron los recursos para iniciar la construcci\u00f3n en Roraima.<\/p>\n\n\n\n<p>Con estos fondos, se ha concluido la construcci\u00f3n b\u00e1sica del edificio y se han terminado los cimientos, la superestructura, la alba\u00f1iler\u00eda y parte de las instalaciones.<\/p>\n\n\n<div class=\"wp-block-image\">\n<figure class=\"aligncenter size-large\"><a href=\"https:\/\/www.fraterinternacional.org\/wp-content\/uploads\/2023\/05\/Comunidade-Luz_Roraima_FFHI_15.jpg\"><img decoding=\"async\" width=\"1024\" height=\"768\" src=\"https:\/\/www.fraterinternacional.org\/wp-content\/uploads\/2023\/05\/Comunidade-Luz_Roraima_FFHI_15-1024x768.jpg\" alt=\"\" class=\"wp-image-126484\" srcset=\"https:\/\/www.fraterinternacional.org\/wp-content\/uploads\/2023\/05\/Comunidade-Luz_Roraima_FFHI_15-200x150.jpg 200w, https:\/\/www.fraterinternacional.org\/wp-content\/uploads\/2023\/05\/Comunidade-Luz_Roraima_FFHI_15-300x225.jpg 300w, https:\/\/www.fraterinternacional.org\/wp-content\/uploads\/2023\/05\/Comunidade-Luz_Roraima_FFHI_15-400x300.jpg 400w, https:\/\/www.fraterinternacional.org\/wp-content\/uploads\/2023\/05\/Comunidade-Luz_Roraima_FFHI_15-600x450.jpg 600w, https:\/\/www.fraterinternacional.org\/wp-content\/uploads\/2023\/05\/Comunidade-Luz_Roraima_FFHI_15-800x600.jpg 800w, https:\/\/www.fraterinternacional.org\/wp-content\/uploads\/2023\/05\/Comunidade-Luz_Roraima_FFHI_15-1024x768.jpg 1024w, https:\/\/www.fraterinternacional.org\/wp-content\/uploads\/2023\/05\/Comunidade-Luz_Roraima_FFHI_15-1200x900.jpg 1200w, https:\/\/www.fraterinternacional.org\/wp-content\/uploads\/2023\/05\/Comunidade-Luz_Roraima_FFHI_15.jpg 1280w\" sizes=\"(max-width: 1024px) 100vw, 1024px\" \/><\/a><figcaption class=\"wp-element-caption\">Setor de Obras da Comunidade-Luz tem feito um acompanhamento di\u00e1rio jdo desenvolvimento da obra<\/figcaption><\/figure><\/div>\n\n\n<figure class=\"wp-block-gallery has-nested-images columns-default is-cropped wp-block-gallery-3 is-layout-flex wp-block-gallery-is-layout-flex\">\n<figure class=\"wp-block-image size-large\"><a href=\"https:\/\/www.fraterinternacional.org\/wp-content\/uploads\/2023\/05\/Comunidade-Luz_Roraima_FFHI_17.jpg\"><img decoding=\"async\" width=\"1024\" height=\"768\" data-id=\"126490\" src=\"https:\/\/www.fraterinternacional.org\/wp-content\/uploads\/2023\/05\/Comunidade-Luz_Roraima_FFHI_17-1024x768.jpg\" alt=\"\" class=\"wp-image-126490\" srcset=\"https:\/\/www.fraterinternacional.org\/wp-content\/uploads\/2023\/05\/Comunidade-Luz_Roraima_FFHI_17-200x150.jpg 200w, https:\/\/www.fraterinternacional.org\/wp-content\/uploads\/2023\/05\/Comunidade-Luz_Roraima_FFHI_17-300x225.jpg 300w, https:\/\/www.fraterinternacional.org\/wp-content\/uploads\/2023\/05\/Comunidade-Luz_Roraima_FFHI_17-400x300.jpg 400w, https:\/\/www.fraterinternacional.org\/wp-content\/uploads\/2023\/05\/Comunidade-Luz_Roraima_FFHI_17-600x450.jpg 600w, https:\/\/www.fraterinternacional.org\/wp-content\/uploads\/2023\/05\/Comunidade-Luz_Roraima_FFHI_17-800x600.jpg 800w, https:\/\/www.fraterinternacional.org\/wp-content\/uploads\/2023\/05\/Comunidade-Luz_Roraima_FFHI_17-1024x768.jpg 1024w, https:\/\/www.fraterinternacional.org\/wp-content\/uploads\/2023\/05\/Comunidade-Luz_Roraima_FFHI_17-1200x900.jpg 1200w, https:\/\/www.fraterinternacional.org\/wp-content\/uploads\/2023\/05\/Comunidade-Luz_Roraima_FFHI_17.jpg 1280w\" sizes=\"(max-width: 1024px) 100vw, 1024px\" \/><\/a><figcaption class=\"wp-element-caption\">Etapas da constru\u00e7\u00e3o<\/figcaption><\/figure>\n\n\n\n<figure class=\"wp-block-image size-large\"><a href=\"https:\/\/www.fraterinternacional.org\/wp-content\/uploads\/2023\/05\/Comunidade-Luz_Roraima_FFHI_18.jpg\"><img decoding=\"async\" width=\"1024\" height=\"768\" data-id=\"126492\" src=\"https:\/\/www.fraterinternacional.org\/wp-content\/uploads\/2023\/05\/Comunidade-Luz_Roraima_FFHI_18-1024x768.jpg\" alt=\"\" class=\"wp-image-126492\" srcset=\"https:\/\/www.fraterinternacional.org\/wp-content\/uploads\/2023\/05\/Comunidade-Luz_Roraima_FFHI_18-200x150.jpg 200w, https:\/\/www.fraterinternacional.org\/wp-content\/uploads\/2023\/05\/Comunidade-Luz_Roraima_FFHI_18-300x225.jpg 300w, https:\/\/www.fraterinternacional.org\/wp-content\/uploads\/2023\/05\/Comunidade-Luz_Roraima_FFHI_18-400x300.jpg 400w, https:\/\/www.fraterinternacional.org\/wp-content\/uploads\/2023\/05\/Comunidade-Luz_Roraima_FFHI_18-600x450.jpg 600w, https:\/\/www.fraterinternacional.org\/wp-content\/uploads\/2023\/05\/Comunidade-Luz_Roraima_FFHI_18-800x600.jpg 800w, https:\/\/www.fraterinternacional.org\/wp-content\/uploads\/2023\/05\/Comunidade-Luz_Roraima_FFHI_18-1024x768.jpg 1024w, https:\/\/www.fraterinternacional.org\/wp-content\/uploads\/2023\/05\/Comunidade-Luz_Roraima_FFHI_18-1200x900.jpg 1200w, https:\/\/www.fraterinternacional.org\/wp-content\/uploads\/2023\/05\/Comunidade-Luz_Roraima_FFHI_18.jpg 1280w\" sizes=\"(max-width: 1024px) 100vw, 1024px\" \/><\/a><figcaption class=\"wp-element-caption\">Etapas da constru\u00e7\u00e3o<\/figcaption><\/figure>\n\n\n\n<figure class=\"wp-block-image size-large\"><a href=\"https:\/\/www.fraterinternacional.org\/wp-content\/uploads\/2023\/05\/Comunidade-Luz_Roraima_FFHI_19.jpg\"><img decoding=\"async\" width=\"1024\" height=\"768\" data-id=\"126487\" src=\"https:\/\/www.fraterinternacional.org\/wp-content\/uploads\/2023\/05\/Comunidade-Luz_Roraima_FFHI_19-1024x768.jpg\" alt=\"\" class=\"wp-image-126487\" srcset=\"https:\/\/www.fraterinternacional.org\/wp-content\/uploads\/2023\/05\/Comunidade-Luz_Roraima_FFHI_19-200x150.jpg 200w, https:\/\/www.fraterinternacional.org\/wp-content\/uploads\/2023\/05\/Comunidade-Luz_Roraima_FFHI_19-300x225.jpg 300w, https:\/\/www.fraterinternacional.org\/wp-content\/uploads\/2023\/05\/Comunidade-Luz_Roraima_FFHI_19-400x300.jpg 400w, https:\/\/www.fraterinternacional.org\/wp-content\/uploads\/2023\/05\/Comunidade-Luz_Roraima_FFHI_19-600x450.jpg 600w, https:\/\/www.fraterinternacional.org\/wp-content\/uploads\/2023\/05\/Comunidade-Luz_Roraima_FFHI_19-800x600.jpg 800w, https:\/\/www.fraterinternacional.org\/wp-content\/uploads\/2023\/05\/Comunidade-Luz_Roraima_FFHI_19-1024x768.jpg 1024w, https:\/\/www.fraterinternacional.org\/wp-content\/uploads\/2023\/05\/Comunidade-Luz_Roraima_FFHI_19-1200x900.jpg 1200w, https:\/\/www.fraterinternacional.org\/wp-content\/uploads\/2023\/05\/Comunidade-Luz_Roraima_FFHI_19.jpg 1280w\" sizes=\"(max-width: 1024px) 100vw, 1024px\" \/><\/a><figcaption class=\"wp-element-caption\">Etapas da constru\u00e7\u00e3o<\/figcaption><\/figure>\n<\/figure>\n\n\n\n<p>En el ciclo actual se est\u00e1 llevando a cabo una fase delicada: el montaje de las estructuras del tejado y la cubierta. Esta actividad tambi\u00e9n se est\u00e1 llevando a cabo con el apoyo del FFHI.<\/p>\n\n\n\n<p>Ya est\u00e1n en marcha las siguientes etapas:<\/p>\n\n\n\n<ol class=\"wp-block-list\">\n<li>Revestimientos;<\/li>\n\n\n\n<li>Marcos de ventanas;<\/li>\n\n\n\n<li>Instalaciones de equipamiento\u00a0\u00a0\u00a0 ;<\/li>\n\n\n\n<li>Revestimiento y pintura;<\/li>\n\n\n\n<li>Trabajos de acabado.<\/li>\n<\/ol>\n\n\n\n<p>A trav\u00e9s de una importante colaboraci\u00f3n de un miembro de Rede-Luz de la regi\u00f3n sudeste, fue posible garantizar la construcci\u00f3n hasta fines de abril.<\/p>\n\n\n\n<p>En este proceso, el papel de Red-Luz Norte-Nordeste ha sido fundamental, ya que financia todo el apoyo de la Comunidad-Luz y sus gastos mensuales, adem\u00e1s del alquiler del terreno vecino a Comunidad-Luz.<\/p>\n\n\n\n<p>Estos recursos tambi\u00e9n financian la presencia de un colaborador permanente, que acompa\u00f1a directamente las obras.<\/p>\n\n\n\n<figure class=\"wp-block-gallery has-nested-images columns-default is-cropped wp-block-gallery-4 is-layout-flex wp-block-gallery-is-layout-flex\">\n<figure class=\"wp-block-image size-large\"><a href=\"https:\/\/www.fraterinternacional.org\/wp-content\/uploads\/2023\/05\/Comunidade-Luz_Roraima_FFHI_9.jpg\"><img decoding=\"async\" width=\"1024\" height=\"768\" data-id=\"126496\" src=\"https:\/\/www.fraterinternacional.org\/wp-content\/uploads\/2023\/05\/Comunidade-Luz_Roraima_FFHI_9-1024x768.jpg\" alt=\"\" class=\"wp-image-126496\" srcset=\"https:\/\/www.fraterinternacional.org\/wp-content\/uploads\/2023\/05\/Comunidade-Luz_Roraima_FFHI_9-200x150.jpg 200w, https:\/\/www.fraterinternacional.org\/wp-content\/uploads\/2023\/05\/Comunidade-Luz_Roraima_FFHI_9-300x225.jpg 300w, https:\/\/www.fraterinternacional.org\/wp-content\/uploads\/2023\/05\/Comunidade-Luz_Roraima_FFHI_9-400x300.jpg 400w, https:\/\/www.fraterinternacional.org\/wp-content\/uploads\/2023\/05\/Comunidade-Luz_Roraima_FFHI_9-600x450.jpg 600w, https:\/\/www.fraterinternacional.org\/wp-content\/uploads\/2023\/05\/Comunidade-Luz_Roraima_FFHI_9-800x600.jpg 800w, https:\/\/www.fraterinternacional.org\/wp-content\/uploads\/2023\/05\/Comunidade-Luz_Roraima_FFHI_9-1024x768.jpg 1024w, https:\/\/www.fraterinternacional.org\/wp-content\/uploads\/2023\/05\/Comunidade-Luz_Roraima_FFHI_9-1200x900.jpg 1200w, https:\/\/www.fraterinternacional.org\/wp-content\/uploads\/2023\/05\/Comunidade-Luz_Roraima_FFHI_9.jpg 1280w\" sizes=\"(max-width: 1024px) 100vw, 1024px\" \/><\/a><figcaption class=\"wp-element-caption\">Pela rede de servi\u00e7o, a Comunidade-Luz repassa para a popula\u00e7\u00e3o local bens recebidos em doa\u00e7\u00e3o<\/figcaption><\/figure>\n\n\n\n<figure class=\"wp-block-image size-large\"><a href=\"https:\/\/www.fraterinternacional.org\/wp-content\/uploads\/2023\/05\/Comunidade-Luz_Roraima_FFHI_8.jpg\"><img decoding=\"async\" width=\"1024\" height=\"768\" data-id=\"126499\" src=\"https:\/\/www.fraterinternacional.org\/wp-content\/uploads\/2023\/05\/Comunidade-Luz_Roraima_FFHI_8-1024x768.jpg\" alt=\"\" class=\"wp-image-126499\" srcset=\"https:\/\/www.fraterinternacional.org\/wp-content\/uploads\/2023\/05\/Comunidade-Luz_Roraima_FFHI_8-200x150.jpg 200w, https:\/\/www.fraterinternacional.org\/wp-content\/uploads\/2023\/05\/Comunidade-Luz_Roraima_FFHI_8-300x225.jpg 300w, https:\/\/www.fraterinternacional.org\/wp-content\/uploads\/2023\/05\/Comunidade-Luz_Roraima_FFHI_8-400x300.jpg 400w, https:\/\/www.fraterinternacional.org\/wp-content\/uploads\/2023\/05\/Comunidade-Luz_Roraima_FFHI_8-600x450.jpg 600w, https:\/\/www.fraterinternacional.org\/wp-content\/uploads\/2023\/05\/Comunidade-Luz_Roraima_FFHI_8-800x600.jpg 800w, https:\/\/www.fraterinternacional.org\/wp-content\/uploads\/2023\/05\/Comunidade-Luz_Roraima_FFHI_8-1024x768.jpg 1024w, https:\/\/www.fraterinternacional.org\/wp-content\/uploads\/2023\/05\/Comunidade-Luz_Roraima_FFHI_8-1200x900.jpg 1200w, https:\/\/www.fraterinternacional.org\/wp-content\/uploads\/2023\/05\/Comunidade-Luz_Roraima_FFHI_8.jpg 1280w\" sizes=\"(max-width: 1024px) 100vw, 1024px\" \/><\/a><figcaption class=\"wp-element-caption\">Uma vez por semana, membros da Comunidade-Luz auxiliam as Irm\u00e3s da Caridade de Madre Teresa na entrega do caf\u00e9 da manh\u00e3 a migrantes venezuelanos em situa\u00e7\u00e3o de rua<\/figcaption><\/figure>\n<\/figure>\n\n\n\n<p><\/p>\n\n\n\n<p>Para la conclusi\u00f3n de las obras, que llegar\u00e1n hasta la tercera semana de junio, ser\u00e1n necesarios apoyos adicionales para completar los recursos previstos. La&nbsp;<a href=\"https:\/\/www.fraterinternacional.org\/es\/encuentro-regional-de-la-red-luz-norte-nordeste-en-aracaju-se\/\" target=\"_blank\" rel=\"noreferrer noopener\">Red-Luz Norte-Nordeste&nbsp;<\/a>est\u00e1 realizando una campa\u00f1a de recaudaci\u00f3n de fondos para la conclusi\u00f3n de las obras.<\/p>\n\n\n\n<p>Colaborar: <a href=\"tel:+5571999721851\">+5571999721851<\/a> &#8211; Celina &#8211; Coordena\u00e7\u00e3o Rede-Luz Norte Nordeste<\/p>\n","protected":false},"excerpt":{"rendered":"<p>La\u00a0Comunidad-Luz de Roraima\u00a0fue anunciada en 2021, fruto del trabajo de oraci\u00f3n y esfuerzo de las\u00a0Redes-Luz Venezuela y Norte-Nordeste\u00a0de Brasil, adem\u00e1s [&hellip;]<\/p>\n","protected":false},"author":4,"featured_media":126535,"comment_status":"closed","ping_status":"closed","sticky":false,"template":"","format":"standard","meta":{"footnotes":""},"categories":[173,120],"tags":[],"class_list":["post-126545","post","type-post","status-publish","format-standard","has-post-thumbnail","hentry","category-noticia","category-red-luz-es"],"yoast_head":"<!-- This site is optimized with the Yoast SEO Premium plugin v21.0 (Yoast SEO v21.0) - https:\/\/yoast.com\/wordpress\/plugins\/seo\/ -->\n<title>Primeros pasos de manifestaci\u00f3n: la Flor del Sagrado Tepui de Roraima -<\/title>\n<meta name=\"robots\" content=\"index, follow, max-snippet:-1, max-image-preview:large, max-video-preview:-1\" \/>\n<link rel=\"canonical\" href=\"https:\/\/www.fraterinternacional.org\/es\/primeros-pasos-de-manifestacion-la-flor-del-sagrado-tepui-de-roraima\/\" \/>\n<meta property=\"og:locale\" content=\"es_ES\" \/>\n<meta property=\"og:type\" content=\"article\" \/>\n<meta property=\"og:title\" content=\"Primeros pasos de manifestaci\u00f3n: la Flor del Sagrado Tepui de Roraima\" \/>\n<meta property=\"og:description\" content=\"La\u00a0Comunidad-Luz de Roraima\u00a0fue anunciada en 2021, fruto del trabajo de oraci\u00f3n y esfuerzo de las\u00a0Redes-Luz Venezuela y Norte-Nordeste\u00a0de Brasil, adem\u00e1s [&hellip;]\" \/>\n<meta property=\"og:url\" content=\"https:\/\/www.fraterinternacional.org\/es\/primeros-pasos-de-manifestacion-la-flor-del-sagrado-tepui-de-roraima\/\" \/>\n<meta property=\"og:site_name\" content=\"Fraternidade - Federa\u00e7\u00e3o Humanit\u00e1ria Internacional\" \/>\n<meta property=\"article:publisher\" content=\"https:\/\/www.facebook.com\/fraternidadehumanitaria\" \/>\n<meta property=\"article:published_time\" content=\"2023-05-18T09:48:16+00:00\" \/>\n<meta property=\"article:modified_time\" content=\"2023-06-01T09:54:31+00:00\" \/>\n<meta property=\"og:image\" content=\"https:\/\/www.fraterinternacional.org\/wp-content\/uploads\/2023\/05\/comunidade-luz-RR.jpeg\" \/>\n\t<meta property=\"og:image:width\" content=\"1000\" \/>\n\t<meta property=\"og:image:height\" content=\"750\" \/>\n\t<meta property=\"og:image:type\" content=\"image\/jpeg\" \/>\n<meta name=\"author\" content=\"maducato_admin\" \/>\n<meta name=\"twitter:card\" content=\"summary_large_image\" \/>\n<meta name=\"twitter:creator\" content=\"@fraternidadeFHI\" \/>\n<meta name=\"twitter:site\" content=\"@fraternidadeFHI\" \/>\n<meta name=\"twitter:label1\" content=\"Escrito por\" \/>\n\t<meta name=\"twitter:data1\" content=\"maducato_admin\" \/>\n\t<meta name=\"twitter:label2\" content=\"Tiempo de lectura\" \/>\n\t<meta name=\"twitter:data2\" content=\"9 minutos\" \/>\n<script type=\"application\/ld+json\" class=\"yoast-schema-graph\">{\"@context\":\"https:\/\/schema.org\",\"@graph\":[{\"@type\":\"WebPage\",\"@id\":\"https:\/\/www.fraterinternacional.org\/es\/primeros-pasos-de-manifestacion-la-flor-del-sagrado-tepui-de-roraima\/\",\"url\":\"https:\/\/www.fraterinternacional.org\/es\/primeros-pasos-de-manifestacion-la-flor-del-sagrado-tepui-de-roraima\/\",\"name\":\"Primeros pasos de manifestaci\u00f3n: la Flor del Sagrado Tepui de Roraima -\",\"isPartOf\":{\"@id\":\"https:\/\/www.fraterinternacional.org\/es\/#website\"},\"datePublished\":\"2023-05-18T09:48:16+00:00\",\"dateModified\":\"2023-06-01T09:54:31+00:00\",\"author\":{\"@id\":\"https:\/\/www.fraterinternacional.org\/es\/#\/schema\/person\/19cb7a5541fd019768c7fe255d72701e\"},\"breadcrumb\":{\"@id\":\"https:\/\/www.fraterinternacional.org\/es\/primeros-pasos-de-manifestacion-la-flor-del-sagrado-tepui-de-roraima\/#breadcrumb\"},\"inLanguage\":\"es\",\"potentialAction\":[{\"@type\":\"ReadAction\",\"target\":[\"https:\/\/www.fraterinternacional.org\/es\/primeros-pasos-de-manifestacion-la-flor-del-sagrado-tepui-de-roraima\/\"]}]},{\"@type\":\"BreadcrumbList\",\"@id\":\"https:\/\/www.fraterinternacional.org\/es\/primeros-pasos-de-manifestacion-la-flor-del-sagrado-tepui-de-roraima\/#breadcrumb\",\"itemListElement\":[{\"@type\":\"ListItem\",\"position\":1,\"name\":\"In\u00edcio\",\"item\":\"https:\/\/www.fraterinternacional.org\/es\/\"},{\"@type\":\"ListItem\",\"position\":2,\"name\":\"Primeros pasos de manifestaci\u00f3n: la Flor del Sagrado Tepui de Roraima\"}]},{\"@type\":\"WebSite\",\"@id\":\"https:\/\/www.fraterinternacional.org\/es\/#website\",\"url\":\"https:\/\/www.fraterinternacional.org\/es\/\",\"name\":\"Fraternidade - Federa\u00e7\u00e3o Humanit\u00e1ria Internacional\",\"description\":\"Fraternidade - Federa\u00e7\u00e3o Humanit\u00e1ria Internacional\",\"potentialAction\":[{\"@type\":\"SearchAction\",\"target\":{\"@type\":\"EntryPoint\",\"urlTemplate\":\"https:\/\/www.fraterinternacional.org\/es\/?s={search_term_string}\"},\"query-input\":\"required name=search_term_string\"}],\"inLanguage\":\"es\"},{\"@type\":\"Person\",\"@id\":\"https:\/\/www.fraterinternacional.org\/es\/#\/schema\/person\/19cb7a5541fd019768c7fe255d72701e\",\"name\":\"maducato_admin\"}]}<\/script>\n<!-- \/ Yoast SEO Premium plugin. -->","yoast_head_json":{"title":"Primeros pasos de manifestaci\u00f3n: la Flor del Sagrado Tepui de Roraima -","robots":{"index":"index","follow":"follow","max-snippet":"max-snippet:-1","max-image-preview":"max-image-preview:large","max-video-preview":"max-video-preview:-1"},"canonical":"https:\/\/www.fraterinternacional.org\/es\/primeros-pasos-de-manifestacion-la-flor-del-sagrado-tepui-de-roraima\/","og_locale":"es_ES","og_type":"article","og_title":"Primeros pasos de manifestaci\u00f3n: la Flor del Sagrado Tepui de Roraima","og_description":"La\u00a0Comunidad-Luz de Roraima\u00a0fue anunciada en 2021, fruto del trabajo de oraci\u00f3n y esfuerzo de las\u00a0Redes-Luz Venezuela y Norte-Nordeste\u00a0de Brasil, adem\u00e1s [&hellip;]","og_url":"https:\/\/www.fraterinternacional.org\/es\/primeros-pasos-de-manifestacion-la-flor-del-sagrado-tepui-de-roraima\/","og_site_name":"Fraternidade - Federa\u00e7\u00e3o Humanit\u00e1ria Internacional","article_publisher":"https:\/\/www.facebook.com\/fraternidadehumanitaria","article_published_time":"2023-05-18T09:48:16+00:00","article_modified_time":"2023-06-01T09:54:31+00:00","og_image":[{"width":1000,"height":750,"url":"https:\/\/www.fraterinternacional.org\/wp-content\/uploads\/2023\/05\/comunidade-luz-RR.jpeg","type":"image\/jpeg"}],"author":"maducato_admin","twitter_card":"summary_large_image","twitter_creator":"@fraternidadeFHI","twitter_site":"@fraternidadeFHI","twitter_misc":{"Escrito por":"maducato_admin","Tiempo de lectura":"9 minutos"},"schema":{"@context":"https:\/\/schema.org","@graph":[{"@type":"WebPage","@id":"https:\/\/www.fraterinternacional.org\/es\/primeros-pasos-de-manifestacion-la-flor-del-sagrado-tepui-de-roraima\/","url":"https:\/\/www.fraterinternacional.org\/es\/primeros-pasos-de-manifestacion-la-flor-del-sagrado-tepui-de-roraima\/","name":"Primeros pasos de manifestaci\u00f3n: la Flor del Sagrado Tepui de Roraima -","isPartOf":{"@id":"https:\/\/www.fraterinternacional.org\/es\/#website"},"datePublished":"2023-05-18T09:48:16+00:00","dateModified":"2023-06-01T09:54:31+00:00","author":{"@id":"https:\/\/www.fraterinternacional.org\/es\/#\/schema\/person\/19cb7a5541fd019768c7fe255d72701e"},"breadcrumb":{"@id":"https:\/\/www.fraterinternacional.org\/es\/primeros-pasos-de-manifestacion-la-flor-del-sagrado-tepui-de-roraima\/#breadcrumb"},"inLanguage":"es","potentialAction":[{"@type":"ReadAction","target":["https:\/\/www.fraterinternacional.org\/es\/primeros-pasos-de-manifestacion-la-flor-del-sagrado-tepui-de-roraima\/"]}]},{"@type":"BreadcrumbList","@id":"https:\/\/www.fraterinternacional.org\/es\/primeros-pasos-de-manifestacion-la-flor-del-sagrado-tepui-de-roraima\/#breadcrumb","itemListElement":[{"@type":"ListItem","position":1,"name":"In\u00edcio","item":"https:\/\/www.fraterinternacional.org\/es\/"},{"@type":"ListItem","position":2,"name":"Primeros pasos de manifestaci\u00f3n: la Flor del Sagrado Tepui de Roraima"}]},{"@type":"WebSite","@id":"https:\/\/www.fraterinternacional.org\/es\/#website","url":"https:\/\/www.fraterinternacional.org\/es\/","name":"Fraternidade - Federa\u00e7\u00e3o Humanit\u00e1ria Internacional","description":"Fraternidade - Federa\u00e7\u00e3o Humanit\u00e1ria Internacional","potentialAction":[{"@type":"SearchAction","target":{"@type":"EntryPoint","urlTemplate":"https:\/\/www.fraterinternacional.org\/es\/?s={search_term_string}"},"query-input":"required name=search_term_string"}],"inLanguage":"es"},{"@type":"Person","@id":"https:\/\/www.fraterinternacional.org\/es\/#\/schema\/person\/19cb7a5541fd019768c7fe255d72701e","name":"maducato_admin"}]}},"_links":{"self":[{"href":"https:\/\/www.fraterinternacional.org\/es\/wp-json\/wp\/v2\/posts\/126545"}],"collection":[{"href":"https:\/\/www.fraterinternacional.org\/es\/wp-json\/wp\/v2\/posts"}],"about":[{"href":"https:\/\/www.fraterinternacional.org\/es\/wp-json\/wp\/v2\/types\/post"}],"author":[{"embeddable":true,"href":"https:\/\/www.fraterinternacional.org\/es\/wp-json\/wp\/v2\/users\/4"}],"replies":[{"embeddable":true,"href":"https:\/\/www.fraterinternacional.org\/es\/wp-json\/wp\/v2\/comments?post=126545"}],"version-history":[{"count":0,"href":"https:\/\/www.fraterinternacional.org\/es\/wp-json\/wp\/v2\/posts\/126545\/revisions"}],"wp:featuredmedia":[{"embeddable":true,"href":"https:\/\/www.fraterinternacional.org\/es\/wp-json\/wp\/v2\/media\/126535"}],"wp:attachment":[{"href":"https:\/\/www.fraterinternacional.org\/es\/wp-json\/wp\/v2\/media?parent=126545"}],"wp:term":[{"taxonomy":"category","embeddable":true,"href":"https:\/\/www.fraterinternacional.org\/es\/wp-json\/wp\/v2\/categories?post=126545"},{"taxonomy":"post_tag","embeddable":true,"href":"https:\/\/www.fraterinternacional.org\/es\/wp-json\/wp\/v2\/tags?post=126545"}],"curies":[{"name":"wp","href":"https:\/\/api.w.org\/{rel}","templated":true}]}}