{"id":125863,"date":"2022-12-15T08:39:58","date_gmt":"2022-12-15T11:39:58","guid":{"rendered":"https:\/\/www.fraterinternacional.org\/?p=125863"},"modified":"2022-12-20T08:41:12","modified_gmt":"2022-12-20T11:41:12","slug":"navidad-solidaria-2022","status":"publish","type":"post","link":"https:\/\/www.fraterinternacional.org\/es\/navidad-solidaria-2022\/","title":{"rendered":"Navidad solidaria &#8211; 2022"},"content":{"rendered":"\n<p>Los miembros de la&nbsp;<a href=\"https:\/\/www.fraterinternacional.org\/es\/?s=Rede-Luz+Guaruj%C3%A1+\" target=\"_blank\" rel=\"noopener\">Red-Luz Guaruj\u00e1<\/a>, afiliada a la&nbsp;<a href=\"https:\/\/www.fraterinternacional.org\/es\/\" target=\"_blank\" rel=\"noopener\">Fraternidad &#8211; Federaci\u00f3n Humanitaria Internacional (FFHI)<\/a>, asumieron una vez m\u00e1s la tarea de distribuir 100 canastas de productos b\u00e1sicos en esta Navidad para familias socialmente vulnerables de la Comunidad Morrinhos IV, en la ciudad de Guaruj\u00e1, en el litoral de S\u00e3o Paulo.<\/p>\n\n\n\n<p>La campa\u00f1a tiene el mismo lema \u00abApadrina a una familia de la Comunidad Morrinhos IV, con una cesta de productos b\u00e1sicos\u00bb. Seg\u00fan la coordinadora de la Red-Luz San Pablo y responsable de la campa\u00f1a, Rosi Freitas: \u00ablas donaciones pueden ser de alimentos o de valor econ\u00f3mico, con lo que hacemos una \u00fanica compra directamente al distribuidor\u00bb.<\/p>\n\n\n<div class=\"wp-block-image\">\n<figure class=\"aligncenter size-large is-resized\"><a href=\"https:\/\/www.fraterinternacional.org\/wp-content\/uploads\/2022\/12\/Natal_Solidario_4.jpg\"><img decoding=\"async\" src=\"https:\/\/www.fraterinternacional.org\/wp-content\/uploads\/2022\/12\/Natal_Solidario_4-1024x1024.jpg\" alt=\"\" class=\"wp-image-125822\" width=\"498\" height=\"498\" srcset=\"https:\/\/www.fraterinternacional.org\/wp-content\/uploads\/2022\/12\/Natal_Solidario_4-150x150.jpg 150w, https:\/\/www.fraterinternacional.org\/wp-content\/uploads\/2022\/12\/Natal_Solidario_4-200x200.jpg 200w, https:\/\/www.fraterinternacional.org\/wp-content\/uploads\/2022\/12\/Natal_Solidario_4-300x300.jpg 300w, https:\/\/www.fraterinternacional.org\/wp-content\/uploads\/2022\/12\/Natal_Solidario_4-400x400.jpg 400w, https:\/\/www.fraterinternacional.org\/wp-content\/uploads\/2022\/12\/Natal_Solidario_4-600x600.jpg 600w, https:\/\/www.fraterinternacional.org\/wp-content\/uploads\/2022\/12\/Natal_Solidario_4-800x800.jpg 800w, https:\/\/www.fraterinternacional.org\/wp-content\/uploads\/2022\/12\/Natal_Solidario_4-1024x1024.jpg 1024w, https:\/\/www.fraterinternacional.org\/wp-content\/uploads\/2022\/12\/Natal_Solidario_4-1200x1200.jpg 1200w, https:\/\/www.fraterinternacional.org\/wp-content\/uploads\/2022\/12\/Natal_Solidario_4.jpg 1250w\" sizes=\"(max-width: 498px) 100vw, 498px\" \/><\/a><\/figure><\/div>\n\n\n<p>Hace muchos a\u00f1os que la Red-Luz Guaruj\u00e1 viene prestando asistencia a esta comunidad, ayudando de diferentes formas, entre ellas la entrega de canastas b\u00e1sicas de alimentos, verduras, frutas y hortalizas a las familias registradas.<\/p>\n\n\n\n<figure class=\"wp-block-gallery has-nested-images columns-default is-cropped wp-block-gallery-1 is-layout-flex wp-block-gallery-is-layout-flex\">\n<figure class=\"wp-block-image size-large\"><a href=\"https:\/\/www.fraterinternacional.org\/wp-content\/uploads\/2022\/12\/Natal_Solidario_1.jpg\"><img decoding=\"async\" width=\"1024\" height=\"768\" data-id=\"125828\" src=\"https:\/\/www.fraterinternacional.org\/wp-content\/uploads\/2022\/12\/Natal_Solidario_1-1024x768.jpg\" alt=\"\" class=\"wp-image-125828\" srcset=\"https:\/\/www.fraterinternacional.org\/wp-content\/uploads\/2022\/12\/Natal_Solidario_1-200x150.jpg 200w, https:\/\/www.fraterinternacional.org\/wp-content\/uploads\/2022\/12\/Natal_Solidario_1-300x225.jpg 300w, https:\/\/www.fraterinternacional.org\/wp-content\/uploads\/2022\/12\/Natal_Solidario_1-400x300.jpg 400w, https:\/\/www.fraterinternacional.org\/wp-content\/uploads\/2022\/12\/Natal_Solidario_1-600x450.jpg 600w, https:\/\/www.fraterinternacional.org\/wp-content\/uploads\/2022\/12\/Natal_Solidario_1-800x600.jpg 800w, https:\/\/www.fraterinternacional.org\/wp-content\/uploads\/2022\/12\/Natal_Solidario_1-1024x768.jpg 1024w, https:\/\/www.fraterinternacional.org\/wp-content\/uploads\/2022\/12\/Natal_Solidario_1-1200x900.jpg 1200w, https:\/\/www.fraterinternacional.org\/wp-content\/uploads\/2022\/12\/Natal_Solidario_1.jpg 1280w\" sizes=\"(max-width: 1024px) 100vw, 1024px\" \/><\/a><figcaption class=\"wp-element-caption\">Campa\u00f1a de Navidad 2019<\/figcaption><\/figure>\n\n\n\n<figure class=\"wp-block-image size-large\"><a href=\"https:\/\/www.fraterinternacional.org\/wp-content\/uploads\/2022\/12\/Natal_Solidario_2.jpg\"><img decoding=\"async\" width=\"1000\" height=\"750\" data-id=\"125831\" src=\"https:\/\/www.fraterinternacional.org\/wp-content\/uploads\/2022\/12\/Natal_Solidario_2.jpg\" alt=\"\" class=\"wp-image-125831\" srcset=\"https:\/\/www.fraterinternacional.org\/wp-content\/uploads\/2022\/12\/Natal_Solidario_2-200x150.jpg 200w, https:\/\/www.fraterinternacional.org\/wp-content\/uploads\/2022\/12\/Natal_Solidario_2-300x225.jpg 300w, https:\/\/www.fraterinternacional.org\/wp-content\/uploads\/2022\/12\/Natal_Solidario_2-400x300.jpg 400w, https:\/\/www.fraterinternacional.org\/wp-content\/uploads\/2022\/12\/Natal_Solidario_2-600x450.jpg 600w, https:\/\/www.fraterinternacional.org\/wp-content\/uploads\/2022\/12\/Natal_Solidario_2-800x600.jpg 800w, https:\/\/www.fraterinternacional.org\/wp-content\/uploads\/2022\/12\/Natal_Solidario_2.jpg 1000w\" sizes=\"(max-width: 1000px) 100vw, 1000px\" \/><\/a><figcaption class=\"wp-element-caption\">Familias de la Comunidad Morrinhos IV &#8211; 2019<\/figcaption><\/figure>\n\n\n\n<figure class=\"wp-block-image size-large\"><a href=\"https:\/\/www.fraterinternacional.org\/wp-content\/uploads\/2022\/12\/Natal_Solidario_3.jpg\"><img decoding=\"async\" width=\"1024\" height=\"576\" data-id=\"125825\" src=\"https:\/\/www.fraterinternacional.org\/wp-content\/uploads\/2022\/12\/Natal_Solidario_3.jpg\" alt=\"\" class=\"wp-image-125825\" srcset=\"https:\/\/www.fraterinternacional.org\/wp-content\/uploads\/2022\/12\/Natal_Solidario_3-200x113.jpg 200w, https:\/\/www.fraterinternacional.org\/wp-content\/uploads\/2022\/12\/Natal_Solidario_3-300x169.jpg 300w, https:\/\/www.fraterinternacional.org\/wp-content\/uploads\/2022\/12\/Natal_Solidario_3-400x225.jpg 400w, https:\/\/www.fraterinternacional.org\/wp-content\/uploads\/2022\/12\/Natal_Solidario_3-600x338.jpg 600w, https:\/\/www.fraterinternacional.org\/wp-content\/uploads\/2022\/12\/Natal_Solidario_3-800x450.jpg 800w, https:\/\/www.fraterinternacional.org\/wp-content\/uploads\/2022\/12\/Natal_Solidario_3.jpg 1024w\" sizes=\"(max-width: 1024px) 100vw, 1024px\" \/><\/a><figcaption class=\"wp-element-caption\">Distribuci\u00f3n de las cestas de alimentos b\u00e1sicos &#8211; 2020<\/figcaption><\/figure>\n<\/figure>\n\n\n\n<p><b>\u00a1Colabora!<\/b><\/p>\n\n\n\n<p><p style=\"font-weight: 400;\">Red-Luz Guaruj\u00e1 cuenta con tu apoyo.<\/p><span style=\"font-size: revert; letter-spacing: 0px;\">Contactos: Rosi Freitas &#8211; 13 99788-7941 y Francisca Santana &#8211; 13 98229-2542<\/span> <p style=\"font-weight: 400;\">Correo electr\u00f3nico:\u00a0<a href=\"http:\/\/redeluzsaopaulo@redeluzplanetaria.org\/\">redeluzsaopaulo@redeluzplanetaria.org<\/a><\/p><\/p>\n","protected":false},"excerpt":{"rendered":"<p>Los miembros de la&nbsp;Red-Luz Guaruj\u00e1, afiliada a la&nbsp;Fraternidad &#8211; Federaci\u00f3n Humanitaria Internacional (FFHI), asumieron una vez m\u00e1s la tarea de [&hellip;]<\/p>\n","protected":false},"author":4,"featured_media":125830,"comment_status":"closed","ping_status":"closed","sticky":false,"template":"","format":"standard","meta":{"footnotes":""},"categories":[173,120],"tags":[],"class_list":["post-125863","post","type-post","status-publish","format-standard","has-post-thumbnail","hentry","category-noticia","category-red-luz-es"],"yoast_head":"<!-- This site is optimized with the Yoast SEO Premium plugin v21.0 (Yoast SEO v21.0) - https:\/\/yoast.com\/wordpress\/plugins\/seo\/ -->\n<title>Navidad solidaria - 2022 -<\/title>\n<meta name=\"robots\" content=\"index, follow, max-snippet:-1, max-image-preview:large, max-video-preview:-1\" \/>\n<link rel=\"canonical\" href=\"https:\/\/www.fraterinternacional.org\/es\/navidad-solidaria-2022\/\" \/>\n<meta property=\"og:locale\" content=\"es_ES\" \/>\n<meta property=\"og:type\" content=\"article\" \/>\n<meta property=\"og:title\" content=\"Navidad solidaria - 2022\" \/>\n<meta property=\"og:description\" content=\"Los miembros de la&nbsp;Red-Luz Guaruj\u00e1, afiliada a la&nbsp;Fraternidad &#8211; Federaci\u00f3n Humanitaria Internacional (FFHI), asumieron una vez m\u00e1s la tarea de [&hellip;]\" \/>\n<meta property=\"og:url\" content=\"https:\/\/www.fraterinternacional.org\/es\/navidad-solidaria-2022\/\" \/>\n<meta property=\"og:site_name\" content=\"Fraternidade - Federa\u00e7\u00e3o Humanit\u00e1ria Internacional\" \/>\n<meta property=\"article:publisher\" content=\"https:\/\/www.facebook.com\/fraternidadehumanitaria\" \/>\n<meta property=\"article:published_time\" content=\"2022-12-15T11:39:58+00:00\" \/>\n<meta property=\"article:modified_time\" content=\"2022-12-20T11:41:12+00:00\" \/>\n<meta property=\"og:image\" content=\"https:\/\/www.fraterinternacional.org\/wp-content\/uploads\/2022\/12\/Natal_Solidario_1.jpg\" \/>\n\t<meta property=\"og:image:width\" content=\"1280\" \/>\n\t<meta property=\"og:image:height\" content=\"960\" \/>\n\t<meta property=\"og:image:type\" content=\"image\/jpeg\" \/>\n<meta name=\"author\" content=\"maducato_admin\" \/>\n<meta name=\"twitter:card\" content=\"summary_large_image\" \/>\n<meta name=\"twitter:creator\" content=\"@fraternidadeFHI\" \/>\n<meta name=\"twitter:site\" content=\"@fraternidadeFHI\" \/>\n<meta name=\"twitter:label1\" content=\"Escrito por\" \/>\n\t<meta name=\"twitter:data1\" content=\"maducato_admin\" \/>\n\t<meta name=\"twitter:label2\" content=\"Tiempo de lectura\" \/>\n\t<meta name=\"twitter:data2\" content=\"2 minutos\" \/>\n<script type=\"application\/ld+json\" class=\"yoast-schema-graph\">{\"@context\":\"https:\/\/schema.org\",\"@graph\":[{\"@type\":\"WebPage\",\"@id\":\"https:\/\/www.fraterinternacional.org\/es\/navidad-solidaria-2022\/\",\"url\":\"https:\/\/www.fraterinternacional.org\/es\/navidad-solidaria-2022\/\",\"name\":\"Navidad solidaria - 2022 -\",\"isPartOf\":{\"@id\":\"https:\/\/www.fraterinternacional.org\/es\/#website\"},\"datePublished\":\"2022-12-15T11:39:58+00:00\",\"dateModified\":\"2022-12-20T11:41:12+00:00\",\"author\":{\"@id\":\"https:\/\/www.fraterinternacional.org\/es\/#\/schema\/person\/19cb7a5541fd019768c7fe255d72701e\"},\"breadcrumb\":{\"@id\":\"https:\/\/www.fraterinternacional.org\/es\/navidad-solidaria-2022\/#breadcrumb\"},\"inLanguage\":\"es\",\"potentialAction\":[{\"@type\":\"ReadAction\",\"target\":[\"https:\/\/www.fraterinternacional.org\/es\/navidad-solidaria-2022\/\"]}]},{\"@type\":\"BreadcrumbList\",\"@id\":\"https:\/\/www.fraterinternacional.org\/es\/navidad-solidaria-2022\/#breadcrumb\",\"itemListElement\":[{\"@type\":\"ListItem\",\"position\":1,\"name\":\"In\u00edcio\",\"item\":\"https:\/\/www.fraterinternacional.org\/es\/\"},{\"@type\":\"ListItem\",\"position\":2,\"name\":\"Navidad solidaria &#8211; 2022\"}]},{\"@type\":\"WebSite\",\"@id\":\"https:\/\/www.fraterinternacional.org\/es\/#website\",\"url\":\"https:\/\/www.fraterinternacional.org\/es\/\",\"name\":\"Fraternidade - Federa\u00e7\u00e3o Humanit\u00e1ria Internacional\",\"description\":\"Fraternidade - Federa\u00e7\u00e3o Humanit\u00e1ria Internacional\",\"potentialAction\":[{\"@type\":\"SearchAction\",\"target\":{\"@type\":\"EntryPoint\",\"urlTemplate\":\"https:\/\/www.fraterinternacional.org\/es\/?s={search_term_string}\"},\"query-input\":\"required name=search_term_string\"}],\"inLanguage\":\"es\"},{\"@type\":\"Person\",\"@id\":\"https:\/\/www.fraterinternacional.org\/es\/#\/schema\/person\/19cb7a5541fd019768c7fe255d72701e\",\"name\":\"maducato_admin\"}]}<\/script>\n<!-- \/ Yoast SEO Premium plugin. -->","yoast_head_json":{"title":"Navidad solidaria - 2022 -","robots":{"index":"index","follow":"follow","max-snippet":"max-snippet:-1","max-image-preview":"max-image-preview:large","max-video-preview":"max-video-preview:-1"},"canonical":"https:\/\/www.fraterinternacional.org\/es\/navidad-solidaria-2022\/","og_locale":"es_ES","og_type":"article","og_title":"Navidad solidaria - 2022","og_description":"Los miembros de la&nbsp;Red-Luz Guaruj\u00e1, afiliada a la&nbsp;Fraternidad &#8211; Federaci\u00f3n Humanitaria Internacional (FFHI), asumieron una vez m\u00e1s la tarea de [&hellip;]","og_url":"https:\/\/www.fraterinternacional.org\/es\/navidad-solidaria-2022\/","og_site_name":"Fraternidade - Federa\u00e7\u00e3o Humanit\u00e1ria Internacional","article_publisher":"https:\/\/www.facebook.com\/fraternidadehumanitaria","article_published_time":"2022-12-15T11:39:58+00:00","article_modified_time":"2022-12-20T11:41:12+00:00","og_image":[{"width":1280,"height":960,"url":"https:\/\/www.fraterinternacional.org\/wp-content\/uploads\/2022\/12\/Natal_Solidario_1.jpg","type":"image\/jpeg"}],"author":"maducato_admin","twitter_card":"summary_large_image","twitter_creator":"@fraternidadeFHI","twitter_site":"@fraternidadeFHI","twitter_misc":{"Escrito por":"maducato_admin","Tiempo de lectura":"2 minutos"},"schema":{"@context":"https:\/\/schema.org","@graph":[{"@type":"WebPage","@id":"https:\/\/www.fraterinternacional.org\/es\/navidad-solidaria-2022\/","url":"https:\/\/www.fraterinternacional.org\/es\/navidad-solidaria-2022\/","name":"Navidad solidaria - 2022 -","isPartOf":{"@id":"https:\/\/www.fraterinternacional.org\/es\/#website"},"datePublished":"2022-12-15T11:39:58+00:00","dateModified":"2022-12-20T11:41:12+00:00","author":{"@id":"https:\/\/www.fraterinternacional.org\/es\/#\/schema\/person\/19cb7a5541fd019768c7fe255d72701e"},"breadcrumb":{"@id":"https:\/\/www.fraterinternacional.org\/es\/navidad-solidaria-2022\/#breadcrumb"},"inLanguage":"es","potentialAction":[{"@type":"ReadAction","target":["https:\/\/www.fraterinternacional.org\/es\/navidad-solidaria-2022\/"]}]},{"@type":"BreadcrumbList","@id":"https:\/\/www.fraterinternacional.org\/es\/navidad-solidaria-2022\/#breadcrumb","itemListElement":[{"@type":"ListItem","position":1,"name":"In\u00edcio","item":"https:\/\/www.fraterinternacional.org\/es\/"},{"@type":"ListItem","position":2,"name":"Navidad solidaria &#8211; 2022"}]},{"@type":"WebSite","@id":"https:\/\/www.fraterinternacional.org\/es\/#website","url":"https:\/\/www.fraterinternacional.org\/es\/","name":"Fraternidade - Federa\u00e7\u00e3o Humanit\u00e1ria Internacional","description":"Fraternidade - Federa\u00e7\u00e3o Humanit\u00e1ria Internacional","potentialAction":[{"@type":"SearchAction","target":{"@type":"EntryPoint","urlTemplate":"https:\/\/www.fraterinternacional.org\/es\/?s={search_term_string}"},"query-input":"required name=search_term_string"}],"inLanguage":"es"},{"@type":"Person","@id":"https:\/\/www.fraterinternacional.org\/es\/#\/schema\/person\/19cb7a5541fd019768c7fe255d72701e","name":"maducato_admin"}]}},"_links":{"self":[{"href":"https:\/\/www.fraterinternacional.org\/es\/wp-json\/wp\/v2\/posts\/125863"}],"collection":[{"href":"https:\/\/www.fraterinternacional.org\/es\/wp-json\/wp\/v2\/posts"}],"about":[{"href":"https:\/\/www.fraterinternacional.org\/es\/wp-json\/wp\/v2\/types\/post"}],"author":[{"embeddable":true,"href":"https:\/\/www.fraterinternacional.org\/es\/wp-json\/wp\/v2\/users\/4"}],"replies":[{"embeddable":true,"href":"https:\/\/www.fraterinternacional.org\/es\/wp-json\/wp\/v2\/comments?post=125863"}],"version-history":[{"count":0,"href":"https:\/\/www.fraterinternacional.org\/es\/wp-json\/wp\/v2\/posts\/125863\/revisions"}],"wp:featuredmedia":[{"embeddable":true,"href":"https:\/\/www.fraterinternacional.org\/es\/wp-json\/wp\/v2\/media\/125830"}],"wp:attachment":[{"href":"https:\/\/www.fraterinternacional.org\/es\/wp-json\/wp\/v2\/media?parent=125863"}],"wp:term":[{"taxonomy":"category","embeddable":true,"href":"https:\/\/www.fraterinternacional.org\/es\/wp-json\/wp\/v2\/categories?post=125863"},{"taxonomy":"post_tag","embeddable":true,"href":"https:\/\/www.fraterinternacional.org\/es\/wp-json\/wp\/v2\/tags?post=125863"}],"curies":[{"name":"wp","href":"https:\/\/api.w.org\/{rel}","templated":true}]}}