{"id":125579,"date":"2022-10-31T12:22:29","date_gmt":"2022-10-31T15:22:29","guid":{"rendered":"https:\/\/www.fraterinternacional.org\/fray-luciano-concede-una-entrevista-a-radio-jovem-pan\/"},"modified":"2022-11-04T12:23:04","modified_gmt":"2022-11-04T15:23:04","slug":"fray-luciano-concede-una-entrevista-a-radio-jovem-pan","status":"publish","type":"post","link":"https:\/\/www.fraterinternacional.org\/es\/fray-luciano-concede-una-entrevista-a-radio-jovem-pan\/","title":{"rendered":"Fray Luciano concede una entrevista a Radio Jovem Pan"},"content":{"rendered":"\n<p><span lang=\"es-419\">El director general de la\u00a0<\/span><a href=\"https:\/\/www.fraterinternacional.org\/es\/\" target=\"_blank\" rel=\"noopener\">Fraternidad &#8211; Federaci\u00f3n Humanitaria Internacional(FFHI)<\/a><span lang=\"es-419\">, Fray Luciano, concedi\u00f3 una entrevista a Patrick Santos para el programa &#8217;45 do Primeiro Tempo&#8217;, que se emiti\u00f3 el 21 de octubre en Radio Joven Pan, ahora tambi\u00e9n disponible en varias plataformas de\u00a0<i>streaming<\/i>.<\/span><\/p>\n<div class=\"wp-block-image\">\n<figure class=\"alignleft size-full is-resized\"><img decoding=\"async\" src=\"https:\/\/www.fraterinternacional.org\/wp-content\/uploads\/2022\/10\/Entrevista_Frei-Luciano_FFHI_FMHI_Jovem-Pan.jpg\" alt=\"Fray Luciano \" class=\"wp-image-125534\" width=\"264\" height=\"264\" srcset=\"https:\/\/www.fraterinternacional.org\/wp-content\/uploads\/2022\/10\/Entrevista_Frei-Luciano_FFHI_FMHI_Jovem-Pan-150x150.jpg 150w, https:\/\/www.fraterinternacional.org\/wp-content\/uploads\/2022\/10\/Entrevista_Frei-Luciano_FFHI_FMHI_Jovem-Pan-200x201.jpg 200w, https:\/\/www.fraterinternacional.org\/wp-content\/uploads\/2022\/10\/Entrevista_Frei-Luciano_FFHI_FMHI_Jovem-Pan.jpg 570w\" sizes=\"(max-width: 264px) 100vw, 264px\" \/><\/figure><\/div>\n<p><span lang=\"es-419\">Durante la entrevista, cuyo tema fue \u00abNuestra consciencia es m\u00e1s amplia que la mente\u00bb, Fray Luciano habl\u00f3 de su b\u00fasqueda espiritual, de las ense\u00f1anzas adquiridas a lo largo de casi 30 a\u00f1os de convivencia con el fil\u00f3sofo espiritualista Jos\u00e9 Trigueirinho Netto, de la creaci\u00f3n de la\u00a0<\/span><a href=\"https:\/\/www.fraterinternacional.org\/es\/\" target=\"_blank\" rel=\"noopener\">Fraternidad -Humanitaria (FFHI)\u00a0<\/a><span lang=\"es-419\">y de los principios fundamentales que gu\u00edan las actividades de sus 25 afiliadas: neutralidad, imparcialidad, independencia, humanidad, cuidado de los Reinos de la Naturaleza y servicio abnegado realizado por el bien com\u00fan.<\/span><\/p>\n\n<p><span lang=\"es-419\">Fray Luciano tambi\u00e9n destac\u00f3 el trabajo de la\u00a0<\/span><a href=\"https:\/\/www.missoeshumanitarias.org\/es\/\" target=\"_blank\" rel=\"noopener\">Fraternidad &#8211; Misiones HumanitariasInternacionales (FMHI)\u00a0<\/a><span lang=\"es-419\">en respuesta a las cat\u00e1strofes sociales, naturales y ambientales, la asistencia a los refugiados y a los migrantes, tanto en Brasil como en varios pa\u00edses.\u00a0<\/span><\/p>\n\n<p><span lang=\"es-419\">Preguntado por los retos de nuestro tiempo, el director general de la\u00a0<\/span><a href=\"https:\/\/www.fraterinternacional.org\/es\/\" target=\"_blank\" rel=\"noopener\">Fraternidad-Humanitarias Internacional (FFHI)\u00a0<\/a><span lang=\"es-419\">explic\u00f3: \u00abestamos viviendo un momento muy particular en el mundo. En muchas etapas de este mundo hemos visto situaciones conflictivas, disolutivas, sin embargo, parece que en este momento, todo est\u00e1 convergiendo intensificado; y es importante reflexionar sobre algunas situaciones, dentro y fuera de nosotros, para encontrar aquella fuerza, la alineaci\u00f3n y la comprensi\u00f3n de c\u00f3mo podemos lidiar con todo esto de forma m\u00e1s sabia y m\u00e1s equilibrada.\u00bb<\/span><\/p>\n\n<div class=\"wp-block-buttons is-layout-flex wp-block-buttons-is-layout-flex\">\n<div class=\"wp-block-button\"><a class=\"wp-block-button__link\" href=\"https:\/\/open.spotify.com\/episode\/4RK616oFw1S5YGkWDty8NB\" target=\"_blank\" rel=\"noreferrer noopener\">Siga la entrevista completa<\/a><\/div>\n<\/div>\n","protected":false},"excerpt":{"rendered":"<p>El director general de la\u00a0Fraternidad &#8211; Federaci\u00f3n Humanitaria Internacional(FFHI), Fray Luciano, concedi\u00f3 una entrevista a Patrick Santos para el programa [&hellip;]<\/p>\n","protected":false},"author":4,"featured_media":125536,"comment_status":"closed","ping_status":"closed","sticky":false,"template":"","format":"standard","meta":{"footnotes":""},"categories":[173],"tags":[],"class_list":["post-125579","post","type-post","status-publish","format-standard","has-post-thumbnail","hentry","category-noticia"],"yoast_head":"<!-- This site is optimized with the Yoast SEO Premium plugin v21.0 (Yoast SEO v21.0) - https:\/\/yoast.com\/wordpress\/plugins\/seo\/ -->\n<title>Fray Luciano concede una entrevista a Radio Jovem Pan -<\/title>\n<meta name=\"robots\" content=\"index, follow, max-snippet:-1, max-image-preview:large, max-video-preview:-1\" \/>\n<link rel=\"canonical\" href=\"https:\/\/www.fraterinternacional.org\/es\/fray-luciano-concede-una-entrevista-a-radio-jovem-pan\/\" \/>\n<meta property=\"og:locale\" content=\"es_ES\" \/>\n<meta property=\"og:type\" content=\"article\" \/>\n<meta property=\"og:title\" content=\"Fray Luciano concede una entrevista a Radio Jovem Pan\" \/>\n<meta property=\"og:description\" content=\"El director general de la\u00a0Fraternidad &#8211; Federaci\u00f3n Humanitaria Internacional(FFHI), Fray Luciano, concedi\u00f3 una entrevista a Patrick Santos para el programa [&hellip;]\" \/>\n<meta property=\"og:url\" content=\"https:\/\/www.fraterinternacional.org\/es\/fray-luciano-concede-una-entrevista-a-radio-jovem-pan\/\" \/>\n<meta property=\"og:site_name\" content=\"Fraternidade - Federa\u00e7\u00e3o Humanit\u00e1ria Internacional\" \/>\n<meta property=\"article:publisher\" content=\"https:\/\/www.facebook.com\/fraternidadehumanitaria\" \/>\n<meta property=\"article:published_time\" content=\"2022-10-31T15:22:29+00:00\" \/>\n<meta property=\"article:modified_time\" content=\"2022-11-04T15:23:04+00:00\" \/>\n<meta property=\"og:image\" content=\"https:\/\/www.fraterinternacional.org\/wp-content\/uploads\/2022\/10\/Entrevista_Frei-Luciano_FFHI_FMHI_Jovem-Pan.jpg\" \/>\n\t<meta property=\"og:image:width\" content=\"570\" \/>\n\t<meta property=\"og:image:height\" content=\"574\" \/>\n\t<meta property=\"og:image:type\" content=\"image\/jpeg\" \/>\n<meta name=\"author\" content=\"maducato_admin\" \/>\n<meta name=\"twitter:card\" content=\"summary_large_image\" \/>\n<meta name=\"twitter:creator\" content=\"@fraternidadeFHI\" \/>\n<meta name=\"twitter:site\" content=\"@fraternidadeFHI\" \/>\n<meta name=\"twitter:label1\" content=\"Escrito por\" \/>\n\t<meta name=\"twitter:data1\" content=\"maducato_admin\" \/>\n\t<meta name=\"twitter:label2\" content=\"Tiempo de lectura\" \/>\n\t<meta name=\"twitter:data2\" content=\"1 minuto\" \/>\n<script type=\"application\/ld+json\" class=\"yoast-schema-graph\">{\"@context\":\"https:\/\/schema.org\",\"@graph\":[{\"@type\":\"WebPage\",\"@id\":\"https:\/\/www.fraterinternacional.org\/es\/fray-luciano-concede-una-entrevista-a-radio-jovem-pan\/\",\"url\":\"https:\/\/www.fraterinternacional.org\/es\/fray-luciano-concede-una-entrevista-a-radio-jovem-pan\/\",\"name\":\"Fray Luciano concede una entrevista a Radio Jovem Pan -\",\"isPartOf\":{\"@id\":\"https:\/\/www.fraterinternacional.org\/es\/#website\"},\"datePublished\":\"2022-10-31T15:22:29+00:00\",\"dateModified\":\"2022-11-04T15:23:04+00:00\",\"author\":{\"@id\":\"https:\/\/www.fraterinternacional.org\/es\/#\/schema\/person\/19cb7a5541fd019768c7fe255d72701e\"},\"breadcrumb\":{\"@id\":\"https:\/\/www.fraterinternacional.org\/es\/fray-luciano-concede-una-entrevista-a-radio-jovem-pan\/#breadcrumb\"},\"inLanguage\":\"es\",\"potentialAction\":[{\"@type\":\"ReadAction\",\"target\":[\"https:\/\/www.fraterinternacional.org\/es\/fray-luciano-concede-una-entrevista-a-radio-jovem-pan\/\"]}]},{\"@type\":\"BreadcrumbList\",\"@id\":\"https:\/\/www.fraterinternacional.org\/es\/fray-luciano-concede-una-entrevista-a-radio-jovem-pan\/#breadcrumb\",\"itemListElement\":[{\"@type\":\"ListItem\",\"position\":1,\"name\":\"In\u00edcio\",\"item\":\"https:\/\/www.fraterinternacional.org\/es\/\"},{\"@type\":\"ListItem\",\"position\":2,\"name\":\"Fray Luciano concede una entrevista a Radio Jovem Pan\"}]},{\"@type\":\"WebSite\",\"@id\":\"https:\/\/www.fraterinternacional.org\/es\/#website\",\"url\":\"https:\/\/www.fraterinternacional.org\/es\/\",\"name\":\"Fraternidade - Federa\u00e7\u00e3o Humanit\u00e1ria Internacional\",\"description\":\"Fraternidade - Federa\u00e7\u00e3o Humanit\u00e1ria Internacional\",\"potentialAction\":[{\"@type\":\"SearchAction\",\"target\":{\"@type\":\"EntryPoint\",\"urlTemplate\":\"https:\/\/www.fraterinternacional.org\/es\/?s={search_term_string}\"},\"query-input\":\"required name=search_term_string\"}],\"inLanguage\":\"es\"},{\"@type\":\"Person\",\"@id\":\"https:\/\/www.fraterinternacional.org\/es\/#\/schema\/person\/19cb7a5541fd019768c7fe255d72701e\",\"name\":\"maducato_admin\"}]}<\/script>\n<!-- \/ Yoast SEO Premium plugin. -->","yoast_head_json":{"title":"Fray Luciano concede una entrevista a Radio Jovem Pan -","robots":{"index":"index","follow":"follow","max-snippet":"max-snippet:-1","max-image-preview":"max-image-preview:large","max-video-preview":"max-video-preview:-1"},"canonical":"https:\/\/www.fraterinternacional.org\/es\/fray-luciano-concede-una-entrevista-a-radio-jovem-pan\/","og_locale":"es_ES","og_type":"article","og_title":"Fray Luciano concede una entrevista a Radio Jovem Pan","og_description":"El director general de la\u00a0Fraternidad &#8211; Federaci\u00f3n Humanitaria Internacional(FFHI), Fray Luciano, concedi\u00f3 una entrevista a Patrick Santos para el programa [&hellip;]","og_url":"https:\/\/www.fraterinternacional.org\/es\/fray-luciano-concede-una-entrevista-a-radio-jovem-pan\/","og_site_name":"Fraternidade - Federa\u00e7\u00e3o Humanit\u00e1ria Internacional","article_publisher":"https:\/\/www.facebook.com\/fraternidadehumanitaria","article_published_time":"2022-10-31T15:22:29+00:00","article_modified_time":"2022-11-04T15:23:04+00:00","og_image":[{"width":570,"height":574,"url":"https:\/\/www.fraterinternacional.org\/wp-content\/uploads\/2022\/10\/Entrevista_Frei-Luciano_FFHI_FMHI_Jovem-Pan.jpg","type":"image\/jpeg"}],"author":"maducato_admin","twitter_card":"summary_large_image","twitter_creator":"@fraternidadeFHI","twitter_site":"@fraternidadeFHI","twitter_misc":{"Escrito por":"maducato_admin","Tiempo de lectura":"1 minuto"},"schema":{"@context":"https:\/\/schema.org","@graph":[{"@type":"WebPage","@id":"https:\/\/www.fraterinternacional.org\/es\/fray-luciano-concede-una-entrevista-a-radio-jovem-pan\/","url":"https:\/\/www.fraterinternacional.org\/es\/fray-luciano-concede-una-entrevista-a-radio-jovem-pan\/","name":"Fray Luciano concede una entrevista a Radio Jovem Pan -","isPartOf":{"@id":"https:\/\/www.fraterinternacional.org\/es\/#website"},"datePublished":"2022-10-31T15:22:29+00:00","dateModified":"2022-11-04T15:23:04+00:00","author":{"@id":"https:\/\/www.fraterinternacional.org\/es\/#\/schema\/person\/19cb7a5541fd019768c7fe255d72701e"},"breadcrumb":{"@id":"https:\/\/www.fraterinternacional.org\/es\/fray-luciano-concede-una-entrevista-a-radio-jovem-pan\/#breadcrumb"},"inLanguage":"es","potentialAction":[{"@type":"ReadAction","target":["https:\/\/www.fraterinternacional.org\/es\/fray-luciano-concede-una-entrevista-a-radio-jovem-pan\/"]}]},{"@type":"BreadcrumbList","@id":"https:\/\/www.fraterinternacional.org\/es\/fray-luciano-concede-una-entrevista-a-radio-jovem-pan\/#breadcrumb","itemListElement":[{"@type":"ListItem","position":1,"name":"In\u00edcio","item":"https:\/\/www.fraterinternacional.org\/es\/"},{"@type":"ListItem","position":2,"name":"Fray Luciano concede una entrevista a Radio Jovem Pan"}]},{"@type":"WebSite","@id":"https:\/\/www.fraterinternacional.org\/es\/#website","url":"https:\/\/www.fraterinternacional.org\/es\/","name":"Fraternidade - Federa\u00e7\u00e3o Humanit\u00e1ria Internacional","description":"Fraternidade - Federa\u00e7\u00e3o Humanit\u00e1ria Internacional","potentialAction":[{"@type":"SearchAction","target":{"@type":"EntryPoint","urlTemplate":"https:\/\/www.fraterinternacional.org\/es\/?s={search_term_string}"},"query-input":"required name=search_term_string"}],"inLanguage":"es"},{"@type":"Person","@id":"https:\/\/www.fraterinternacional.org\/es\/#\/schema\/person\/19cb7a5541fd019768c7fe255d72701e","name":"maducato_admin"}]}},"_links":{"self":[{"href":"https:\/\/www.fraterinternacional.org\/es\/wp-json\/wp\/v2\/posts\/125579"}],"collection":[{"href":"https:\/\/www.fraterinternacional.org\/es\/wp-json\/wp\/v2\/posts"}],"about":[{"href":"https:\/\/www.fraterinternacional.org\/es\/wp-json\/wp\/v2\/types\/post"}],"author":[{"embeddable":true,"href":"https:\/\/www.fraterinternacional.org\/es\/wp-json\/wp\/v2\/users\/4"}],"replies":[{"embeddable":true,"href":"https:\/\/www.fraterinternacional.org\/es\/wp-json\/wp\/v2\/comments?post=125579"}],"version-history":[{"count":0,"href":"https:\/\/www.fraterinternacional.org\/es\/wp-json\/wp\/v2\/posts\/125579\/revisions"}],"wp:featuredmedia":[{"embeddable":true,"href":"https:\/\/www.fraterinternacional.org\/es\/wp-json\/wp\/v2\/media\/125536"}],"wp:attachment":[{"href":"https:\/\/www.fraterinternacional.org\/es\/wp-json\/wp\/v2\/media?parent=125579"}],"wp:term":[{"taxonomy":"category","embeddable":true,"href":"https:\/\/www.fraterinternacional.org\/es\/wp-json\/wp\/v2\/categories?post=125579"},{"taxonomy":"post_tag","embeddable":true,"href":"https:\/\/www.fraterinternacional.org\/es\/wp-json\/wp\/v2\/tags?post=125579"}],"curies":[{"name":"wp","href":"https:\/\/api.w.org\/{rel}","templated":true}]}}