{"id":125511,"date":"2022-10-03T07:09:32","date_gmt":"2022-10-03T10:09:32","guid":{"rendered":"https:\/\/www.fraterinternacional.org\/la-comunidad-luz-de-roraima-implanta-un-sistema-agroforestal\/"},"modified":"2022-10-14T07:10:36","modified_gmt":"2022-10-14T10:10:36","slug":"la-comunidad-luz-de-roraima-implanta-un-sistema-agroforestal","status":"publish","type":"post","link":"https:\/\/www.fraterinternacional.org\/es\/la-comunidad-luz-de-roraima-implanta-un-sistema-agroforestal\/","title":{"rendered":"La Comunidad-Luz de Roraima implanta un Sistema Agroforestal"},"content":{"rendered":"&#13;\n<p>La\u00a0<a href=\"https:\/\/www.fraterinternacional.org\/es\/afiliadas\/comunidad-luz-roraima\/\" target=\"_blank\" rel=\"noopener\">Comunidad-Luz Flor del Sagrado Tepui de Roraima<\/a>, afiliada a la\u00a0<a href=\"https:\/\/www.fraterinternacional.org\/es\/\" target=\"_blank\" rel=\"noopener\">Fraternidad &#8211; Federaci\u00f3n Humanitaria Internacional (FFHI)<\/a>, inici\u00f3 en junio de este a\u00f1o, aprovechando la \u00e9poca de lluvias, el proyecto de implantaci\u00f3n de un Sistema Agroforestal en un \u00e1rea de media hect\u00e1rea ubicada en la regi\u00f3n semi-rural de Boa Vista, que tiene como primer objetivo expresar uno de los atributos de las Comunidades-Luz que es el Amor a los Reinos, especialmente al Reino Vegetal.<\/p>&#13;\n&#13;\n<figure class=\"wp-block-image aligncenter size-large\"><a href=\"https:\/\/www.fraterinternacional.org\/wp-content\/uploads\/2022\/10\/Agrofloresta_Comunidade_Luz_RR_FFHI_5.jpg\"><img decoding=\"async\" width=\"1024\" height=\"768\" class=\"wp-image-125380\" src=\"https:\/\/www.fraterinternacional.org\/wp-content\/uploads\/2022\/10\/Agrofloresta_Comunidade_Luz_RR_FFHI_5-1024x768.jpg\" alt=\"\" srcset=\"https:\/\/www.fraterinternacional.org\/wp-content\/uploads\/2022\/10\/Agrofloresta_Comunidade_Luz_RR_FFHI_5-200x150.jpg 200w, https:\/\/www.fraterinternacional.org\/wp-content\/uploads\/2022\/10\/Agrofloresta_Comunidade_Luz_RR_FFHI_5-300x225.jpg 300w, https:\/\/www.fraterinternacional.org\/wp-content\/uploads\/2022\/10\/Agrofloresta_Comunidade_Luz_RR_FFHI_5-400x300.jpg 400w, https:\/\/www.fraterinternacional.org\/wp-content\/uploads\/2022\/10\/Agrofloresta_Comunidade_Luz_RR_FFHI_5-600x450.jpg 600w, https:\/\/www.fraterinternacional.org\/wp-content\/uploads\/2022\/10\/Agrofloresta_Comunidade_Luz_RR_FFHI_5-800x600.jpg 800w, https:\/\/www.fraterinternacional.org\/wp-content\/uploads\/2022\/10\/Agrofloresta_Comunidade_Luz_RR_FFHI_5-1024x768.jpg 1024w, https:\/\/www.fraterinternacional.org\/wp-content\/uploads\/2022\/10\/Agrofloresta_Comunidade_Luz_RR_FFHI_5-1200x900.jpg 1200w, https:\/\/www.fraterinternacional.org\/wp-content\/uploads\/2022\/10\/Agrofloresta_Comunidade_Luz_RR_FFHI_5.jpg 1280w\" sizes=\"(max-width: 1024px) 100vw, 1024px\" \/><\/a><\/figure>&#13;\n&#13;\n<p>El Sistema Agroforestal o SAF es una forma de producci\u00f3n inspirada en la din\u00e1mica de los ecosistemas naturales, en la que se plantan diferentes especies de \u00e1rboles intercalados con cultivos agr\u00edcolas. Se trata de un sistema ancestral de uso de la tierra que ha sido practicado durante miles de a\u00f1os por ind\u00edgenas y agricultores.<\/p>&#13;\n&#13;\n<p>Seg\u00fan Fray Faustino, que es el responsable de la implementaci\u00f3n del proyecto, \u00aben este sistema se alternan l\u00edneas de plantaci\u00f3n e interl\u00edneas, buscando en esta interacci\u00f3n la regeneraci\u00f3n del suelo y la creaci\u00f3n de condiciones para que la plantaci\u00f3n se produzca de forma equilibrada y se autoregule, como en un bosque\u00bb.<\/p>&#13;\n&#13;\n<h3 class=\"wp-block-heading\" id=\"h-rede-de-apoio\">Red de apoyo<\/h3>&#13;\n&#13;\n<p>Una verdadera uni\u00f3n de esfuerzos est\u00e1 haciendo posible la implementaci\u00f3n del SAF: las semillas fueron enviadas por la Comunidad-Luz Figueira, de Carmo da Cachoeira\/Minas Gerais; para la adquisici\u00f3n de insumos se cont\u00f3 con el apoyo del gobierno local; los abonos naturales y las cenizas fueron donados por empresas; las pl\u00e1ntulas fueron proporcionadas por Embrapa. \u00abAs\u00ed se est\u00e1 consolidando una red de relaciones institucionales\u00bb, dice fray Thomas, monje de la Orden Gracia Misericordia y director de la\u00a0<a href=\"https:\/\/www.fraterinternacional.org\/es\/afiliadas\/comunidad-luz-roraima\/\" target=\"_blank\" rel=\"noopener\">Comunidad-Luz Roraima<\/a>.<\/p>&#13;\n\r\n<figure class=\"wp-block-gallery has-nested-images columns-default is-cropped wp-block-gallery-1 is-layout-flex wp-block-gallery-is-layout-flex\">&#13;\n<figure class=\"wp-block-image size-large\"><a href=\"https:\/\/www.fraterinternacional.org\/wp-content\/uploads\/2022\/10\/Agrofloresta_Comunidade_Luz_RR_FFHI_4-e1664834791937.jpg\"><img decoding=\"async\" data-id=\"125383\" class=\"alignnone size-full wp-image-125383\" src=\"https:\/\/www.fraterinternacional.org\/wp-content\/uploads\/2022\/10\/Agrofloresta_Comunidade_Luz_RR_FFHI_4-e1664834791937.jpg\" alt=\"La Comunidad-Luz de Roraima implanta un Sistema Agroforestal\" width=\"930\" height=\"562\" srcset=\"https:\/\/www.fraterinternacional.org\/wp-content\/uploads\/2022\/10\/Agrofloresta_Comunidade_Luz_RR_FFHI_4-e1664834791937-200x121.jpg 200w, https:\/\/www.fraterinternacional.org\/wp-content\/uploads\/2022\/10\/Agrofloresta_Comunidade_Luz_RR_FFHI_4-e1664834791937-300x181.jpg 300w, https:\/\/www.fraterinternacional.org\/wp-content\/uploads\/2022\/10\/Agrofloresta_Comunidade_Luz_RR_FFHI_4-e1664834791937-400x242.jpg 400w, https:\/\/www.fraterinternacional.org\/wp-content\/uploads\/2022\/10\/Agrofloresta_Comunidade_Luz_RR_FFHI_4-e1664834791937-600x363.jpg 600w, https:\/\/www.fraterinternacional.org\/wp-content\/uploads\/2022\/10\/Agrofloresta_Comunidade_Luz_RR_FFHI_4-e1664834791937-800x483.jpg 800w, https:\/\/www.fraterinternacional.org\/wp-content\/uploads\/2022\/10\/Agrofloresta_Comunidade_Luz_RR_FFHI_4-e1664834791937.jpg 930w\" sizes=\"(max-width: 930px) 100vw, 930px\" \/><\/a><\/figure>&#13;\n\r\n\r\n&#13;\n<figure class=\"wp-block-image size-large\"><a href=\"https:\/\/www.fraterinternacional.org\/wp-content\/uploads\/2022\/10\/Agrofloresta_Comunidade_Luz_RR_FFHI_3.jpg\"><img decoding=\"async\" width=\"1024\" height=\"768\" data-id=\"125385\" class=\"wp-image-125385\" src=\"https:\/\/www.fraterinternacional.org\/wp-content\/uploads\/2022\/10\/Agrofloresta_Comunidade_Luz_RR_FFHI_3-1024x768.jpg\" alt=\"\" srcset=\"https:\/\/www.fraterinternacional.org\/wp-content\/uploads\/2022\/10\/Agrofloresta_Comunidade_Luz_RR_FFHI_3-200x150.jpg 200w, https:\/\/www.fraterinternacional.org\/wp-content\/uploads\/2022\/10\/Agrofloresta_Comunidade_Luz_RR_FFHI_3-300x225.jpg 300w, https:\/\/www.fraterinternacional.org\/wp-content\/uploads\/2022\/10\/Agrofloresta_Comunidade_Luz_RR_FFHI_3-400x300.jpg 400w, https:\/\/www.fraterinternacional.org\/wp-content\/uploads\/2022\/10\/Agrofloresta_Comunidade_Luz_RR_FFHI_3-600x450.jpg 600w, https:\/\/www.fraterinternacional.org\/wp-content\/uploads\/2022\/10\/Agrofloresta_Comunidade_Luz_RR_FFHI_3-800x600.jpg 800w, https:\/\/www.fraterinternacional.org\/wp-content\/uploads\/2022\/10\/Agrofloresta_Comunidade_Luz_RR_FFHI_3-1024x768.jpg 1024w, https:\/\/www.fraterinternacional.org\/wp-content\/uploads\/2022\/10\/Agrofloresta_Comunidade_Luz_RR_FFHI_3-1200x900.jpg 1200w, https:\/\/www.fraterinternacional.org\/wp-content\/uploads\/2022\/10\/Agrofloresta_Comunidade_Luz_RR_FFHI_3.jpg 1280w\" sizes=\"(max-width: 1024px) 100vw, 1024px\" \/><\/a><\/figure>&#13;\n<\/figure>\r\n&#13;\n<p>\u00abCon pocos recursos estamos consiguiendo realizar el dise\u00f1o agroforestal previsto en toda su extensi\u00f3n. En un primer momento, la propuesta es trabajar en una autosuficiencia gradual de la\u00a0<a href=\"https:\/\/www.fraterinternacional.org\/es\/afiliadas\/comunidad-luz-roraima\/\" target=\"_blank\" rel=\"noopener\">Comunidad-Luz<\/a>. Al mismo tiempo, integrar la agrofloresta a la Red de Servicio donando los excedentes producidos, en un futuro, a las comunidades en situaci\u00f3n de vulnerabilidad, adem\u00e1s de la propuesta de hacer de este espacio, un lugar de transferencia de saberes para que personas y grupos ajenos a la Comunidad-Luz conozcan tanto la pr\u00e1ctica y la metodolog\u00eda agroforestal como el principio de amor y cuidado de la naturaleza\u00bb, enfatiza el monje.<\/p>&#13;\n&#13;\n<p>Un ejemplo de transferencia de saberes es el intercambio promovido por el<a href=\"https:\/\/www.missoeshumanitarias.org\/es\/?s=CCFI\" target=\"_blank\" rel=\"noopener\">\u00a0Centro Cultural y de Formaci\u00f3n Ind\u00edgena (CCFI)<\/a>, coordinado por la\u00a0<a href=\"https:\/\/www.fraterinternacional.org\/es\/\" target=\"_blank\" rel=\"noopener\">Fraternidad &#8211; Humanitaria (FFHI)<\/a>, que permiti\u00f3 a los\u00a0<a href=\"https:\/\/www.missoeshumanitarias.org\/ccfi-promove-intercambio-sobre-agrofloresta-para-indigenas-pemons-taurepangs\/\" target=\"_blank\" rel=\"noopener\">ind\u00edgenas venezolanospemon-taurepang<\/a>\u00a0permanecer tres meses en la\u00a0<a href=\"https:\/\/www.fraterinternacional.org\/es\/?s=comunidade-luz+figueira\" target=\"_blank\" rel=\"noopener\">Comunidad-Luz Figueira<\/a>\u00a0para aprender sobre agrofloresta y llevar estas pr\u00e1cticas a sus comunidades, y as\u00ed contribuir a su desarrollo socioecon\u00f3mico.<\/p>&#13;\n&#13;\n<p>\u00abEstos mismos ind\u00edgenas ya han ofrecido a participar con grupos m\u00e1s grandes en esfuerzos conjuntos (mutir\u00f5es) en la agrofloresta de la\u00a0<a href=\"https:\/\/www.fraterinternacional.org\/es\/afiliadas\/comunidad-luz-roraima\/\" target=\"_blank\" rel=\"noopener\">Comunidad-Luz<\/a>\u00ab, dice Fray Thomas.<\/p>&#13;\n&#13;\n<h3 class=\"wp-block-heading\">Mutir\u00f5es (trabajo comunitario) &#8211; la fuerza est\u00e1 en la uni\u00f3n de esfuerzos<\/h3>&#13;\n&#13;\n<p>Los fines de semana, los mutir\u00f5es(trabajos grupales voluntarios) re\u00fanen a servidores humanitarios, misioneros, monjes y miembros de Red-Luz en las tareas de mantenimiento de la agrofloresta.<\/p>&#13;\n&#13;\n<p>\u00abEn esta fase del proyecto, la propuesta es hacer una implantaci\u00f3n de bajo costo, principalmente dirigida a la regeneraci\u00f3n del suelo y a la plantaci\u00f3n de \u00e1rboles en las l\u00edneas. Tambi\u00e9n estamos avanzando en la construcci\u00f3n de un primer sistema de riego, ya que en octubre comienza la estaci\u00f3n seca\u00bb, explica Fray Faustino.<\/p>&#13;\n\r\n<figure class=\"wp-block-gallery has-nested-images columns-default is-cropped wp-block-gallery-2 is-layout-flex wp-block-gallery-is-layout-flex\">&#13;\n<figure class=\"wp-block-image size-large\"><a href=\"https:\/\/www.fraterinternacional.org\/wp-content\/uploads\/2022\/10\/Agrofloresta_Comunidade_Luz_RR_FFHI_2.jpg\"><img decoding=\"async\" width=\"1024\" height=\"576\" data-id=\"125389\" class=\"wp-image-125389\" src=\"https:\/\/www.fraterinternacional.org\/wp-content\/uploads\/2022\/10\/Agrofloresta_Comunidade_Luz_RR_FFHI_2-1024x576.jpg\" alt=\"\" srcset=\"https:\/\/www.fraterinternacional.org\/wp-content\/uploads\/2022\/10\/Agrofloresta_Comunidade_Luz_RR_FFHI_2-200x113.jpg 200w, https:\/\/www.fraterinternacional.org\/wp-content\/uploads\/2022\/10\/Agrofloresta_Comunidade_Luz_RR_FFHI_2-300x169.jpg 300w, https:\/\/www.fraterinternacional.org\/wp-content\/uploads\/2022\/10\/Agrofloresta_Comunidade_Luz_RR_FFHI_2-400x225.jpg 400w, https:\/\/www.fraterinternacional.org\/wp-content\/uploads\/2022\/10\/Agrofloresta_Comunidade_Luz_RR_FFHI_2-600x338.jpg 600w, https:\/\/www.fraterinternacional.org\/wp-content\/uploads\/2022\/10\/Agrofloresta_Comunidade_Luz_RR_FFHI_2-800x450.jpg 800w, https:\/\/www.fraterinternacional.org\/wp-content\/uploads\/2022\/10\/Agrofloresta_Comunidade_Luz_RR_FFHI_2-1024x576.jpg 1024w, https:\/\/www.fraterinternacional.org\/wp-content\/uploads\/2022\/10\/Agrofloresta_Comunidade_Luz_RR_FFHI_2-1200x675.jpg 1200w, https:\/\/www.fraterinternacional.org\/wp-content\/uploads\/2022\/10\/Agrofloresta_Comunidade_Luz_RR_FFHI_2.jpg 1280w\" sizes=\"(max-width: 1024px) 100vw, 1024px\" \/><\/a><\/figure>&#13;\n\r\n\r\n&#13;\n<figure class=\"wp-block-image size-large\"><a href=\"https:\/\/www.fraterinternacional.org\/wp-content\/uploads\/2022\/10\/Agrofloresta_Comunidade_Luz_RR_FFHI.jpg\"><img decoding=\"async\" width=\"1000\" height=\"751\" data-id=\"125392\" class=\"wp-image-125392\" src=\"https:\/\/www.fraterinternacional.org\/wp-content\/uploads\/2022\/10\/Agrofloresta_Comunidade_Luz_RR_FFHI.jpg\" alt=\"\" srcset=\"https:\/\/www.fraterinternacional.org\/wp-content\/uploads\/2022\/10\/Agrofloresta_Comunidade_Luz_RR_FFHI-200x150.jpg 200w, https:\/\/www.fraterinternacional.org\/wp-content\/uploads\/2022\/10\/Agrofloresta_Comunidade_Luz_RR_FFHI-300x225.jpg 300w, https:\/\/www.fraterinternacional.org\/wp-content\/uploads\/2022\/10\/Agrofloresta_Comunidade_Luz_RR_FFHI-400x300.jpg 400w, https:\/\/www.fraterinternacional.org\/wp-content\/uploads\/2022\/10\/Agrofloresta_Comunidade_Luz_RR_FFHI-600x451.jpg 600w, https:\/\/www.fraterinternacional.org\/wp-content\/uploads\/2022\/10\/Agrofloresta_Comunidade_Luz_RR_FFHI-800x601.jpg 800w, https:\/\/www.fraterinternacional.org\/wp-content\/uploads\/2022\/10\/Agrofloresta_Comunidade_Luz_RR_FFHI.jpg 1000w\" sizes=\"(max-width: 1000px) 100vw, 1000px\" \/><\/a><\/figure>&#13;\n<\/figure>\r\n&#13;\n<p>Para las etapas futuras, la idea es consolidar la metodolog\u00eda agroforestal, iniciar una producci\u00f3n sustentable para la Comunidad-Luz, integrar la tarea de plantaci\u00f3n con la Red de Servicios y conseguir implementos que ayuden en el manejo, como por ejemplo un tractor.<\/p>&#13;\n&#13;\n<p>Beatriz Os\u00f3rio, servidora humanitaria de la Misi\u00f3n de Roraima e integrante de la Red-Luz, expresa su gratitud y alegr\u00eda por unir esfuerzos con el grupo en la implantaci\u00f3n de la agrofloresta: \u00abHa sido una experiencia muy rica en muchos sentidos, sobre todo por empezar desde el principio, ver que no hab\u00eda nada en un suelo degradado y que todo se est\u00e1 transformando en riqueza y diversidad de especies que se van complementando y ayudando mutuamente. El trabajo colectivo de los mutir\u00f5es, la uni\u00f3n de esfuerzos tambi\u00e9n me ha ense\u00f1ado mucho, dice Beatriz\u00bb.<\/p>&#13;\n&#13;\n<figure class=\"wp-block-image aligncenter size-large\"><a href=\"https:\/\/www.fraterinternacional.org\/wp-content\/uploads\/2022\/10\/Agrofloresta_Comunidade_Luz_RR_FFHI_6.jpg\"><img decoding=\"async\" width=\"1024\" height=\"471\" class=\"wp-image-125395\" src=\"https:\/\/www.fraterinternacional.org\/wp-content\/uploads\/2022\/10\/Agrofloresta_Comunidade_Luz_RR_FFHI_6-1024x471.jpg\" alt=\"\" srcset=\"https:\/\/www.fraterinternacional.org\/wp-content\/uploads\/2022\/10\/Agrofloresta_Comunidade_Luz_RR_FFHI_6-200x92.jpg 200w, https:\/\/www.fraterinternacional.org\/wp-content\/uploads\/2022\/10\/Agrofloresta_Comunidade_Luz_RR_FFHI_6-300x138.jpg 300w, https:\/\/www.fraterinternacional.org\/wp-content\/uploads\/2022\/10\/Agrofloresta_Comunidade_Luz_RR_FFHI_6-400x184.jpg 400w, https:\/\/www.fraterinternacional.org\/wp-content\/uploads\/2022\/10\/Agrofloresta_Comunidade_Luz_RR_FFHI_6-600x276.jpg 600w, https:\/\/www.fraterinternacional.org\/wp-content\/uploads\/2022\/10\/Agrofloresta_Comunidade_Luz_RR_FFHI_6-800x368.jpg 800w, https:\/\/www.fraterinternacional.org\/wp-content\/uploads\/2022\/10\/Agrofloresta_Comunidade_Luz_RR_FFHI_6-1024x471.jpg 1024w, https:\/\/www.fraterinternacional.org\/wp-content\/uploads\/2022\/10\/Agrofloresta_Comunidade_Luz_RR_FFHI_6-1200x552.jpg 1200w, https:\/\/www.fraterinternacional.org\/wp-content\/uploads\/2022\/10\/Agrofloresta_Comunidade_Luz_RR_FFHI_6.jpg 1280w\" sizes=\"(max-width: 1024px) 100vw, 1024px\" \/><\/a><\/figure>&#13;\n","protected":false},"excerpt":{"rendered":"<p>&#13; La\u00a0Comunidad-Luz Flor del Sagrado Tepui de Roraima, afiliada a la\u00a0Fraternidad &#8211; Federaci\u00f3n Humanitaria Internacional (FFHI), inici\u00f3 en junio de [&hellip;]<\/p>\n","protected":false},"author":4,"featured_media":125382,"comment_status":"closed","ping_status":"closed","sticky":false,"template":"","format":"standard","meta":{"footnotes":""},"categories":[173],"tags":[],"class_list":["post-125511","post","type-post","status-publish","format-standard","has-post-thumbnail","hentry","category-noticia"],"yoast_head":"<!-- This site is optimized with the Yoast SEO Premium plugin v21.0 (Yoast SEO v21.0) - https:\/\/yoast.com\/wordpress\/plugins\/seo\/ -->\n<title>La Comunidad-Luz de Roraima implanta un Sistema Agroforestal -<\/title>\n<meta name=\"robots\" content=\"index, follow, max-snippet:-1, max-image-preview:large, max-video-preview:-1\" \/>\n<link rel=\"canonical\" href=\"https:\/\/www.fraterinternacional.org\/es\/la-comunidad-luz-de-roraima-implanta-un-sistema-agroforestal\/\" \/>\n<meta property=\"og:locale\" content=\"es_ES\" \/>\n<meta property=\"og:type\" content=\"article\" \/>\n<meta property=\"og:title\" content=\"La Comunidad-Luz de Roraima implanta un Sistema Agroforestal\" \/>\n<meta property=\"og:description\" content=\"&#013; La\u00a0Comunidad-Luz Flor del Sagrado Tepui de Roraima, afiliada a la\u00a0Fraternidad &#8211; Federaci\u00f3n Humanitaria Internacional (FFHI), inici\u00f3 en junio de [&hellip;]\" \/>\n<meta property=\"og:url\" content=\"https:\/\/www.fraterinternacional.org\/es\/la-comunidad-luz-de-roraima-implanta-un-sistema-agroforestal\/\" \/>\n<meta property=\"og:site_name\" content=\"Fraternidade - Federa\u00e7\u00e3o Humanit\u00e1ria Internacional\" \/>\n<meta property=\"article:publisher\" content=\"https:\/\/www.facebook.com\/fraternidadehumanitaria\" \/>\n<meta property=\"article:published_time\" content=\"2022-10-03T10:09:32+00:00\" \/>\n<meta property=\"article:modified_time\" content=\"2022-10-14T10:10:36+00:00\" \/>\n<meta property=\"og:image\" content=\"https:\/\/www.fraterinternacional.org\/wp-content\/uploads\/2022\/10\/Agrofloresta_Comunidade_Luz_RR_FFHI_5.jpg\" \/>\n\t<meta property=\"og:image:width\" content=\"1280\" \/>\n\t<meta property=\"og:image:height\" content=\"960\" \/>\n\t<meta property=\"og:image:type\" content=\"image\/jpeg\" \/>\n<meta name=\"author\" content=\"maducato_admin\" \/>\n<meta name=\"twitter:card\" content=\"summary_large_image\" \/>\n<meta name=\"twitter:creator\" content=\"@fraternidadeFHI\" \/>\n<meta name=\"twitter:site\" content=\"@fraternidadeFHI\" \/>\n<meta name=\"twitter:label1\" content=\"Escrito por\" \/>\n\t<meta name=\"twitter:data1\" content=\"maducato_admin\" \/>\n\t<meta name=\"twitter:label2\" content=\"Tiempo de lectura\" \/>\n\t<meta name=\"twitter:data2\" content=\"4 minutos\" \/>\n<script type=\"application\/ld+json\" class=\"yoast-schema-graph\">{\"@context\":\"https:\/\/schema.org\",\"@graph\":[{\"@type\":\"WebPage\",\"@id\":\"https:\/\/www.fraterinternacional.org\/es\/la-comunidad-luz-de-roraima-implanta-un-sistema-agroforestal\/\",\"url\":\"https:\/\/www.fraterinternacional.org\/es\/la-comunidad-luz-de-roraima-implanta-un-sistema-agroforestal\/\",\"name\":\"La Comunidad-Luz de Roraima implanta un Sistema Agroforestal -\",\"isPartOf\":{\"@id\":\"https:\/\/www.fraterinternacional.org\/es\/#website\"},\"datePublished\":\"2022-10-03T10:09:32+00:00\",\"dateModified\":\"2022-10-14T10:10:36+00:00\",\"author\":{\"@id\":\"https:\/\/www.fraterinternacional.org\/es\/#\/schema\/person\/19cb7a5541fd019768c7fe255d72701e\"},\"breadcrumb\":{\"@id\":\"https:\/\/www.fraterinternacional.org\/es\/la-comunidad-luz-de-roraima-implanta-un-sistema-agroforestal\/#breadcrumb\"},\"inLanguage\":\"es\",\"potentialAction\":[{\"@type\":\"ReadAction\",\"target\":[\"https:\/\/www.fraterinternacional.org\/es\/la-comunidad-luz-de-roraima-implanta-un-sistema-agroforestal\/\"]}]},{\"@type\":\"BreadcrumbList\",\"@id\":\"https:\/\/www.fraterinternacional.org\/es\/la-comunidad-luz-de-roraima-implanta-un-sistema-agroforestal\/#breadcrumb\",\"itemListElement\":[{\"@type\":\"ListItem\",\"position\":1,\"name\":\"In\u00edcio\",\"item\":\"https:\/\/www.fraterinternacional.org\/es\/\"},{\"@type\":\"ListItem\",\"position\":2,\"name\":\"La Comunidad-Luz de Roraima implanta un Sistema Agroforestal\"}]},{\"@type\":\"WebSite\",\"@id\":\"https:\/\/www.fraterinternacional.org\/es\/#website\",\"url\":\"https:\/\/www.fraterinternacional.org\/es\/\",\"name\":\"Fraternidade - Federa\u00e7\u00e3o Humanit\u00e1ria Internacional\",\"description\":\"Fraternidade - Federa\u00e7\u00e3o Humanit\u00e1ria Internacional\",\"potentialAction\":[{\"@type\":\"SearchAction\",\"target\":{\"@type\":\"EntryPoint\",\"urlTemplate\":\"https:\/\/www.fraterinternacional.org\/es\/?s={search_term_string}\"},\"query-input\":\"required name=search_term_string\"}],\"inLanguage\":\"es\"},{\"@type\":\"Person\",\"@id\":\"https:\/\/www.fraterinternacional.org\/es\/#\/schema\/person\/19cb7a5541fd019768c7fe255d72701e\",\"name\":\"maducato_admin\"}]}<\/script>\n<!-- \/ Yoast SEO Premium plugin. -->","yoast_head_json":{"title":"La Comunidad-Luz de Roraima implanta un Sistema Agroforestal -","robots":{"index":"index","follow":"follow","max-snippet":"max-snippet:-1","max-image-preview":"max-image-preview:large","max-video-preview":"max-video-preview:-1"},"canonical":"https:\/\/www.fraterinternacional.org\/es\/la-comunidad-luz-de-roraima-implanta-un-sistema-agroforestal\/","og_locale":"es_ES","og_type":"article","og_title":"La Comunidad-Luz de Roraima implanta un Sistema Agroforestal","og_description":"&#13; La\u00a0Comunidad-Luz Flor del Sagrado Tepui de Roraima, afiliada a la\u00a0Fraternidad &#8211; Federaci\u00f3n Humanitaria Internacional (FFHI), inici\u00f3 en junio de [&hellip;]","og_url":"https:\/\/www.fraterinternacional.org\/es\/la-comunidad-luz-de-roraima-implanta-un-sistema-agroforestal\/","og_site_name":"Fraternidade - Federa\u00e7\u00e3o Humanit\u00e1ria Internacional","article_publisher":"https:\/\/www.facebook.com\/fraternidadehumanitaria","article_published_time":"2022-10-03T10:09:32+00:00","article_modified_time":"2022-10-14T10:10:36+00:00","og_image":[{"width":1280,"height":960,"url":"https:\/\/www.fraterinternacional.org\/wp-content\/uploads\/2022\/10\/Agrofloresta_Comunidade_Luz_RR_FFHI_5.jpg","type":"image\/jpeg"}],"author":"maducato_admin","twitter_card":"summary_large_image","twitter_creator":"@fraternidadeFHI","twitter_site":"@fraternidadeFHI","twitter_misc":{"Escrito por":"maducato_admin","Tiempo de lectura":"4 minutos"},"schema":{"@context":"https:\/\/schema.org","@graph":[{"@type":"WebPage","@id":"https:\/\/www.fraterinternacional.org\/es\/la-comunidad-luz-de-roraima-implanta-un-sistema-agroforestal\/","url":"https:\/\/www.fraterinternacional.org\/es\/la-comunidad-luz-de-roraima-implanta-un-sistema-agroforestal\/","name":"La Comunidad-Luz de Roraima implanta un Sistema Agroforestal -","isPartOf":{"@id":"https:\/\/www.fraterinternacional.org\/es\/#website"},"datePublished":"2022-10-03T10:09:32+00:00","dateModified":"2022-10-14T10:10:36+00:00","author":{"@id":"https:\/\/www.fraterinternacional.org\/es\/#\/schema\/person\/19cb7a5541fd019768c7fe255d72701e"},"breadcrumb":{"@id":"https:\/\/www.fraterinternacional.org\/es\/la-comunidad-luz-de-roraima-implanta-un-sistema-agroforestal\/#breadcrumb"},"inLanguage":"es","potentialAction":[{"@type":"ReadAction","target":["https:\/\/www.fraterinternacional.org\/es\/la-comunidad-luz-de-roraima-implanta-un-sistema-agroforestal\/"]}]},{"@type":"BreadcrumbList","@id":"https:\/\/www.fraterinternacional.org\/es\/la-comunidad-luz-de-roraima-implanta-un-sistema-agroforestal\/#breadcrumb","itemListElement":[{"@type":"ListItem","position":1,"name":"In\u00edcio","item":"https:\/\/www.fraterinternacional.org\/es\/"},{"@type":"ListItem","position":2,"name":"La Comunidad-Luz de Roraima implanta un Sistema Agroforestal"}]},{"@type":"WebSite","@id":"https:\/\/www.fraterinternacional.org\/es\/#website","url":"https:\/\/www.fraterinternacional.org\/es\/","name":"Fraternidade - Federa\u00e7\u00e3o Humanit\u00e1ria Internacional","description":"Fraternidade - Federa\u00e7\u00e3o Humanit\u00e1ria Internacional","potentialAction":[{"@type":"SearchAction","target":{"@type":"EntryPoint","urlTemplate":"https:\/\/www.fraterinternacional.org\/es\/?s={search_term_string}"},"query-input":"required name=search_term_string"}],"inLanguage":"es"},{"@type":"Person","@id":"https:\/\/www.fraterinternacional.org\/es\/#\/schema\/person\/19cb7a5541fd019768c7fe255d72701e","name":"maducato_admin"}]}},"_links":{"self":[{"href":"https:\/\/www.fraterinternacional.org\/es\/wp-json\/wp\/v2\/posts\/125511"}],"collection":[{"href":"https:\/\/www.fraterinternacional.org\/es\/wp-json\/wp\/v2\/posts"}],"about":[{"href":"https:\/\/www.fraterinternacional.org\/es\/wp-json\/wp\/v2\/types\/post"}],"author":[{"embeddable":true,"href":"https:\/\/www.fraterinternacional.org\/es\/wp-json\/wp\/v2\/users\/4"}],"replies":[{"embeddable":true,"href":"https:\/\/www.fraterinternacional.org\/es\/wp-json\/wp\/v2\/comments?post=125511"}],"version-history":[{"count":0,"href":"https:\/\/www.fraterinternacional.org\/es\/wp-json\/wp\/v2\/posts\/125511\/revisions"}],"wp:featuredmedia":[{"embeddable":true,"href":"https:\/\/www.fraterinternacional.org\/es\/wp-json\/wp\/v2\/media\/125382"}],"wp:attachment":[{"href":"https:\/\/www.fraterinternacional.org\/es\/wp-json\/wp\/v2\/media?parent=125511"}],"wp:term":[{"taxonomy":"category","embeddable":true,"href":"https:\/\/www.fraterinternacional.org\/es\/wp-json\/wp\/v2\/categories?post=125511"},{"taxonomy":"post_tag","embeddable":true,"href":"https:\/\/www.fraterinternacional.org\/es\/wp-json\/wp\/v2\/tags?post=125511"}],"curies":[{"name":"wp","href":"https:\/\/api.w.org\/{rel}","templated":true}]}}