{"id":124955,"date":"2022-03-09T08:17:12","date_gmt":"2022-03-09T11:17:12","guid":{"rendered":"https:\/\/www.fraterinternacional.org\/confraternidad-una-historia-con-varios-capitulos\/"},"modified":"2022-03-10T06:30:08","modified_gmt":"2022-03-10T09:30:08","slug":"confraternidad-una-historia-con-varios-capitulos","status":"publish","type":"post","link":"https:\/\/www.fraterinternacional.org\/es\/confraternidad-una-historia-con-varios-capitulos\/","title":{"rendered":"CONFRATERNIDAD, una historia con varios cap\u00edtulos."},"content":{"rendered":"\n<p>Seg\u00fan el diccionario, la palabra \u201cConfraternidad\u201d describe una relaci\u00f3n de afecto y solidaridad entre un grupo de personas o pueblos que se consideran \u201chermanos\u201d. Es en este esp\u00edritu que este art\u00edculo relata las vivencias de una tarea de servicio llevada adelante por la\u00a0<a href=\"https:\/\/www.fraterinternacional.org\/es\/?s=rede-luz+de+salta\" target=\"_blank\" rel=\"noopener\">Red-Luz de la Ciudad de Salta, Argentina<\/a>, desde el a\u00f1o 2018 hasta la actualidad.<\/p>\n\n<p>En el a\u00f1o, se llev\u00f3 adelante la \u201cMisi\u00f3n Confraternizar\u201d, misi\u00f3n de ayuda humanitaria organizada por la\u00a0<a href=\"https:\/\/www.fraterinternacional.org\/es\/\" target=\"_blank\" rel=\"noopener\">Fraternidad &#8211; Federaci\u00f3nHumanitaria Internacional (FFHI)<\/a>\u00a0que contemplaba y desarrollaba\u00a0 una serie de actividades de servicio para asistir a las comunidades de pueblos originarios de Tartagal.<\/p>\n\n<div class=\"wp-block-image\"><figure class=\"aligncenter size-large\"><a href=\"https:\/\/www.fraterinternacional.org\/wp-content\/uploads\/2022\/03\/Claudia_del_Castillo_23_de_feb_de_2022_a_las_14_03_Hola_hermano-2.png\"><img decoding=\"async\" width=\"1024\" height=\"768\" src=\"https:\/\/www.fraterinternacional.org\/wp-content\/uploads\/2022\/03\/Claudia_del_Castillo_23_de_feb_de_2022_a_las_14_03_Hola_hermano-2-1024x768.png\" alt=\"Red-Luz de la Ciudad de Salta, Argentina\" class=\"wp-image-124942\" srcset=\"https:\/\/www.fraterinternacional.org\/wp-content\/uploads\/2022\/03\/Claudia_del_Castillo_23_de_feb_de_2022_a_las_14_03_Hola_hermano-2-200x150.png 200w, https:\/\/www.fraterinternacional.org\/wp-content\/uploads\/2022\/03\/Claudia_del_Castillo_23_de_feb_de_2022_a_las_14_03_Hola_hermano-2-300x225.png 300w, https:\/\/www.fraterinternacional.org\/wp-content\/uploads\/2022\/03\/Claudia_del_Castillo_23_de_feb_de_2022_a_las_14_03_Hola_hermano-2-400x300.png 400w, https:\/\/www.fraterinternacional.org\/wp-content\/uploads\/2022\/03\/Claudia_del_Castillo_23_de_feb_de_2022_a_las_14_03_Hola_hermano-2-600x450.png 600w, https:\/\/www.fraterinternacional.org\/wp-content\/uploads\/2022\/03\/Claudia_del_Castillo_23_de_feb_de_2022_a_las_14_03_Hola_hermano-2-800x600.png 800w, https:\/\/www.fraterinternacional.org\/wp-content\/uploads\/2022\/03\/Claudia_del_Castillo_23_de_feb_de_2022_a_las_14_03_Hola_hermano-2-1024x768.png 1024w, https:\/\/www.fraterinternacional.org\/wp-content\/uploads\/2022\/03\/Claudia_del_Castillo_23_de_feb_de_2022_a_las_14_03_Hola_hermano-2-1200x900.png 1200w, https:\/\/www.fraterinternacional.org\/wp-content\/uploads\/2022\/03\/Claudia_del_Castillo_23_de_feb_de_2022_a_las_14_03_Hola_hermano-2.png 1280w\" sizes=\"(max-width: 1024px) 100vw, 1024px\" \/><\/a><\/figure><\/div>\n\n<p>Se llev\u00f3 asistencia a las comunidades de: El Cabur\u00e9, El Mistol, Nueva Esperanza, El Algarrobo, La Avispa, El Cresp\u00edn, Zopota-Fr\u00edas, Fwolit y El Escrito como tambi\u00e9n comunidades n\u00f3mades del monte. Estas actividades se hicieron con la colaboraci\u00f3n de los miembros de la FFHI y colaboradores y referentes de las comunidades originarias.<\/p>\n\n<p>En estas acciones qued\u00f3 plasmado un v\u00ednculo s\u00f3lido, un v\u00ednculo de ayuda solidaria, un v\u00ednculo de \u201cconfraternidad\u201d entre estas comunidades originarias y los miembros de la Red-Luz de Salta que nunca perdieron el contacto.<\/p>\n\n<p>Durante los dos a\u00f1os de situaci\u00f3n de pandemia de COVID19 las acciones presenciales de ayuda y servicio se vieron limitadas. <\/p>\n\n<p>A\u00fan as\u00ed se mantuvo activa la tarea y el env\u00edo de donaciones en mercader\u00eda, ropa y calzado.<\/p>\n\n<div class=\"wp-block-image\"><figure class=\"aligncenter size-large\"><a href=\"https:\/\/www.fraterinternacional.org\/wp-content\/uploads\/2022\/03\/rede_luz_de_salta_argetina_02.png\"><img decoding=\"async\" width=\"1024\" height=\"768\" src=\"https:\/\/www.fraterinternacional.org\/wp-content\/uploads\/2022\/03\/rede_luz_de_salta_argetina_02-1024x768.png\" alt=\"Red-Luz de la Ciudad de Salta, Argentina\" class=\"wp-image-124945\" srcset=\"https:\/\/www.fraterinternacional.org\/wp-content\/uploads\/2022\/03\/rede_luz_de_salta_argetina_02-200x150.png 200w, https:\/\/www.fraterinternacional.org\/wp-content\/uploads\/2022\/03\/rede_luz_de_salta_argetina_02-300x225.png 300w, https:\/\/www.fraterinternacional.org\/wp-content\/uploads\/2022\/03\/rede_luz_de_salta_argetina_02-400x300.png 400w, https:\/\/www.fraterinternacional.org\/wp-content\/uploads\/2022\/03\/rede_luz_de_salta_argetina_02-600x450.png 600w, https:\/\/www.fraterinternacional.org\/wp-content\/uploads\/2022\/03\/rede_luz_de_salta_argetina_02-800x600.png 800w, https:\/\/www.fraterinternacional.org\/wp-content\/uploads\/2022\/03\/rede_luz_de_salta_argetina_02-1024x768.png 1024w, https:\/\/www.fraterinternacional.org\/wp-content\/uploads\/2022\/03\/rede_luz_de_salta_argetina_02-1200x900.png 1200w, https:\/\/www.fraterinternacional.org\/wp-content\/uploads\/2022\/03\/rede_luz_de_salta_argetina_02.png 1280w\" sizes=\"(max-width: 1024px) 100vw, 1024px\" \/><\/a><\/figure><\/div>\n\n<p>La falta de presencialidad no fue capaz de romper \u201cel v\u00ednculo\u201d y el grupo se mantuvo firme y seguro en su compromisos asumidos con estas comunidades, con confianza en que dentro del proceso de servicio hay momentos que son de calma, de preparaci\u00f3n y otros momentos de acci\u00f3n y movimiento y lo importante es mantener la sinton\u00eda y el discernimiento correcto en cada paso del camino y saber c\u00f3mo actuar.<\/p>\n\n<h3 class=\"wp-block-heading\" id=\"h-encontrar-a-maneira-de-retomar-o-servi-o-ativo\">Encontrar la manera,  de retomar el servicio activo<\/h3>\n\n<p>En el a\u00f1o 2021, el Grupo\u00a0<a href=\"https:\/\/www.fraterinternacional.org\/es\/?s=rede-luz+de+salta\" target=\"_blank\" rel=\"noopener\">Red-Luz de Salta<\/a>, volvi\u00f3 a sentir el fuerte llamado a reactivar estas tareas de servicio, de una manera renovada. El grupo decidi\u00f3 entrar en reflexi\u00f3n interna para ver qu\u00e9 camino deb\u00edan tomar y a partir de ese momento, las respuestas comenzaron a llegar.<\/p>\n\n<p>Providencialmente, el d\u00eda 9 del mismo mes, se sum\u00f3 al grupo una colaboradora de la ciudad de Salta que lleva adelante desde hace 25 a\u00f1os tareas de servicio con las comunidades wichis de Santa Victoria Este (localidad ubicada al norte de la provincia a orillas del R\u00edo Pilcomayo), a trav\u00e9s del desarrollo cultural y art\u00edstico, especialmente orientado a dar apoyo al fortalecimiento de las mujeres wichis de esa zona. <\/p>\n\n<p>Por ejemplo, una de sus tareas consiste en ayudar a publicar libros biling\u00fces de poemas escritos por las mujeres wichis y que tratan sobre esta cultura originaria. Ya llevan dos libros publicados de esta tem\u00e1tica.<\/p>\n\n<p>A partir de este contacto, el grupo sinti\u00f3 que la respuesta era esa\u2026 \u00a1hab\u00eda que reactivar las tareas de servicio de manera m\u00e1s consciente! Se decidieron a tomar un contacto m\u00e1s amplio con las comunidades de esta zona, para conocer sus necesidades y anhelos, a fin de iniciar apoyos y proyectos en ese sentido.<\/p>\n\n<h3 class=\"wp-block-heading\">Ante la adversidad, Acci\u00f3n<\/h3>\n\n<p>En el mes de diciembre de 2021 una noticia sorprendi\u00f3 al grupo de la\u00a0<a href=\"https:\/\/www.fraterinternacional.org\/es\/?s=rede-luz+de+salta\" target=\"_blank\" rel=\"noopener\">Red-Luz de Salta<\/a>, el momento de una acci\u00f3n concreta hab\u00eda llegado.<\/p>\n\n<p>D\u00edas antes de la Navidad, se declar\u00f3 alerta naranja en las zonas aleda\u00f1as a la costa del R\u00edo Pilcomayo, debido a una r\u00e1pida crecida del caudal del r\u00edo. Esta situaci\u00f3n, dadas las caracter\u00edsticas del r\u00edo, dej\u00f3 aisladas a varias comunidades locales; siendo que el pico de crecida m\u00e1xima del r\u00edo ser\u00eda despu\u00e9s de A\u00f1o Nuevo.<\/p>\n\n<p>Por delante, las comunidades aisladas tendr\u00edan semanas de aislamiento, sin servicios b\u00e1sicos de luz y agua potable, expuestos a las inclemencias del clima y con bajo nivel de atenci\u00f3n sanitaria o de salud.<\/p>\n\n<p>Uno de los caciques de estas comunidades, llamado Abel \u201cLutsej\u201d Mendoza, conocido por el grupo\u00a0<a href=\"https:\/\/www.fraterinternacional.org\/es\/?s=rede-luz+de+salta\" target=\"_blank\" rel=\"noopener\">Red-Luz de Salta<\/a>\u00a0se comunic\u00f3 con el grupo para compartir su preocupaci\u00f3n; ellos tambi\u00e9n hab\u00edan sido afectados por las inundaciones y estaban aislados. Familias enteras hab\u00edan quedado con sus hogares bajo el agua.<\/p>\n\n<p>Ante este pedido de ayuda, la\u00a0<a href=\"https:\/\/www.fraterinternacional.org\/es\/?s=rede-luz+de+salta\" target=\"_blank\" rel=\"noopener\">Red-Luz Salta\u00a0<\/a>se activ\u00f3, pero dada la situaci\u00f3n extrema, el pedido de colaboraci\u00f3n se hizo extensivo a toda la\u00a0<a href=\"https:\/\/www.fraterinternacional.org\/es\/?s=rede-luz+de+argentina&amp;lang=es\" target=\"_blank\" rel=\"noopener\">Red-Luz Argentina<\/a>. Se organiz\u00f3 una campa\u00f1a nacional entre los grupos de colaboradores de todo el pa\u00eds para orar por esta situaci\u00f3n y reunir fondos para ayudar.<\/p>\n\n<p>Con prontitud los fondos fueron llegando para suplir las necesidades externas y se acompa\u00f1\u00f3 toda esta tarea con reuniones de reflexi\u00f3n grupal  que fueron abriendo camino hacia un discernimiento correcto para organizar las acciones.<\/p>\n\n<div class=\"wp-block-image\"><figure class=\"aligncenter size-large\"><a href=\"https:\/\/www.fraterinternacional.org\/wp-content\/uploads\/2022\/03\/rede_luz_de_salta_argetina_03.png\"><img decoding=\"async\" width=\"1024\" height=\"461\" src=\"https:\/\/www.fraterinternacional.org\/wp-content\/uploads\/2022\/03\/rede_luz_de_salta_argetina_03-1024x461.png\" alt=\"Red-Luz de la Ciudad de Salta, Argentina\" class=\"wp-image-124948\" srcset=\"https:\/\/www.fraterinternacional.org\/wp-content\/uploads\/2022\/03\/rede_luz_de_salta_argetina_03-200x90.png 200w, https:\/\/www.fraterinternacional.org\/wp-content\/uploads\/2022\/03\/rede_luz_de_salta_argetina_03-300x135.png 300w, https:\/\/www.fraterinternacional.org\/wp-content\/uploads\/2022\/03\/rede_luz_de_salta_argetina_03-400x180.png 400w, https:\/\/www.fraterinternacional.org\/wp-content\/uploads\/2022\/03\/rede_luz_de_salta_argetina_03-600x270.png 600w, https:\/\/www.fraterinternacional.org\/wp-content\/uploads\/2022\/03\/rede_luz_de_salta_argetina_03-800x360.png 800w, https:\/\/www.fraterinternacional.org\/wp-content\/uploads\/2022\/03\/rede_luz_de_salta_argetina_03-1024x461.png 1024w, https:\/\/www.fraterinternacional.org\/wp-content\/uploads\/2022\/03\/rede_luz_de_salta_argetina_03-1200x540.png 1200w, https:\/\/www.fraterinternacional.org\/wp-content\/uploads\/2022\/03\/rede_luz_de_salta_argetina_03.png 1280w\" sizes=\"(max-width: 1024px) 100vw, 1024px\" \/><\/a><\/figure><\/div>\n\n<p>Como el grupo no pod\u00eda llegar hasta el lugar de las inundaciones para llevar alimentos, mercader\u00edas, ropa etc. junto con el cacique, se organiz\u00f3 un sistema de colaboraci\u00f3n con un supermercado local, a donde se enviaron los fondos y all\u00ed los referentes de las comunidades pudieron retirar alimentos y elementos de primera necesidad. Gracias a la colaboraci\u00f3n de una red de personas que aportaron sus veh\u00edculos, estas mercader\u00edas pudieron ser distribuidas y llegar a manos de los damnificados por las inundaciones.<\/p>\n\n<p>Como una cadena de eslabones, unidos a trav\u00e9s de la solidaridad, se pudieron realizar distintos env\u00edos, debido a que el r\u00edo volvi\u00f3 a subir varias veces en los \u00faltimos meses. <\/p>\n\n<p>Se pudieron asistir a las siguientes comunidades de Santa Victoria: Pozo Tigre 3, Ca\u00f1ada Larga, San Rafael, Meche, Algarrobita, La Puntana, Pozo Tigre, Santa Mar\u00eda 3, San Valent\u00edn, Misi\u00f3n Vieja, Welo\u00ed.<\/p>\n\n<div class=\"wp-block-image\"><figure class=\"aligncenter size-large\"><a href=\"https:\/\/www.fraterinternacional.org\/wp-content\/uploads\/2022\/03\/rede_luz_de_salta_argetina_04.png\"><img decoding=\"async\" width=\"1024\" height=\"768\" src=\"https:\/\/www.fraterinternacional.org\/wp-content\/uploads\/2022\/03\/rede_luz_de_salta_argetina_04-1024x768.png\" alt=\"Red-Luz de la Ciudad de Salta, Argentina\" class=\"wp-image-124939\" srcset=\"https:\/\/www.fraterinternacional.org\/wp-content\/uploads\/2022\/03\/rede_luz_de_salta_argetina_04-200x150.png 200w, https:\/\/www.fraterinternacional.org\/wp-content\/uploads\/2022\/03\/rede_luz_de_salta_argetina_04-300x225.png 300w, https:\/\/www.fraterinternacional.org\/wp-content\/uploads\/2022\/03\/rede_luz_de_salta_argetina_04-400x300.png 400w, https:\/\/www.fraterinternacional.org\/wp-content\/uploads\/2022\/03\/rede_luz_de_salta_argetina_04-600x450.png 600w, https:\/\/www.fraterinternacional.org\/wp-content\/uploads\/2022\/03\/rede_luz_de_salta_argetina_04-800x600.png 800w, https:\/\/www.fraterinternacional.org\/wp-content\/uploads\/2022\/03\/rede_luz_de_salta_argetina_04-1024x768.png 1024w, https:\/\/www.fraterinternacional.org\/wp-content\/uploads\/2022\/03\/rede_luz_de_salta_argetina_04-1200x900.png 1200w, https:\/\/www.fraterinternacional.org\/wp-content\/uploads\/2022\/03\/rede_luz_de_salta_argetina_04.png 1280w\" sizes=\"(max-width: 1024px) 100vw, 1024px\" \/><\/a><figcaption>Comunidad ind\u00ecgena asistida por la Red-Luz<\/figcaption><\/figure><\/div>\n\n<p>Tambi\u00e9n se envi\u00f3 ayuda alimentaria a comunidades de la ciudad de Tartagal, donaciones que fueron distribuidas por un colaborador, el Sr Carlos Ferro, maestro rural jubilado de la zona.<\/p>\n\n<p>A modo de conclusi\u00f3n de este relato, Claudia del Castillo (Coordinadora Red-Luz de Salta), nos dec\u00eda:<\/p>\n\n<p>Al principio fue todo un desaf\u00edo\u2026 desde el inicio fue un gran aprendizaje y a nivel personal fue adem\u00e1s mi primer contacto pr\u00f3ximo con las comunidades originarias, con quienes hab\u00eda tenido muy poca relaci\u00f3n a pesar de ser asistente social.<\/p>\n\n<p>Como grupo, esta tarea nos ha permitido crecer mucho, nos llev\u00f3 a conocer hermanos nuevos, nos llev\u00f3 a aprender a estar a disposici\u00f3n permanentemente. Tambi\u00e9n, cada acci\u00f3n que fuimos realizando nos ha tra\u00eddo una inmensa alegr\u00eda y mucha satisfacci\u00f3n.<\/p>\n\n<p>A veces solo pod\u00edamos ver las fotos de lo que se estaba entregando y esto nos llenaba de alegr\u00eda, no ten\u00edamos otra referencia m\u00e1s que esa.<\/p>\n\n<p>Esta tarea nos trajo mucho crecimiento espiritual y reforz\u00f3 nuestra uni\u00f3n grupal, especialmente para poder movernos hacia el otro para aliviar las necesidades, las carencias, los dolores de otros hermanos.<\/p>\n\n<p>Seguiremos buscando profundizar el acercamiento con estas comunidades, y reforzar la hermandad, sentimos que esta es la tarea de la Misi\u00f3n Confraternidad.<\/p>\n\n<p><\/p>\n","protected":false},"excerpt":{"rendered":"<p>Seg\u00fan el diccionario, la palabra \u201cConfraternidad\u201d describe una relaci\u00f3n de afecto y solidaridad entre un grupo de personas o pueblos [&hellip;]<\/p>\n","protected":false},"author":4,"featured_media":124944,"comment_status":"closed","ping_status":"closed","sticky":false,"template":"","format":"standard","meta":{"footnotes":""},"categories":[173,120],"tags":[],"class_list":["post-124955","post","type-post","status-publish","format-standard","has-post-thumbnail","hentry","category-noticia","category-red-luz-es"],"yoast_head":"<!-- This site is optimized with the Yoast SEO Premium plugin v21.0 (Yoast SEO v21.0) - https:\/\/yoast.com\/wordpress\/plugins\/seo\/ -->\n<title>CONFRATERNIDAD, una historia con varios cap\u00edtulos. -<\/title>\n<meta name=\"description\" content=\"Seg\u00fan el diccionario, la palabra \u201cConfraternidad\u201d describe una relaci\u00f3n de afecto y solidaridad entre un grupo de personas o pueblos que se consideran \u201chermanos\u201d.\" \/>\n<meta name=\"robots\" content=\"index, follow, max-snippet:-1, max-image-preview:large, max-video-preview:-1\" \/>\n<link rel=\"canonical\" href=\"https:\/\/www.fraterinternacional.org\/es\/confraternidad-una-historia-con-varios-capitulos\/\" \/>\n<meta property=\"og:locale\" content=\"es_ES\" \/>\n<meta property=\"og:type\" content=\"article\" \/>\n<meta property=\"og:title\" content=\"CONFRATERNIDAD, una historia con varios cap\u00edtulos.\" \/>\n<meta property=\"og:description\" content=\"Seg\u00fan el diccionario, la palabra \u201cConfraternidad\u201d describe una relaci\u00f3n de afecto y solidaridad entre un grupo de personas o pueblos que se consideran \u201chermanos\u201d.\" \/>\n<meta property=\"og:url\" content=\"https:\/\/www.fraterinternacional.org\/es\/confraternidad-una-historia-con-varios-capitulos\/\" \/>\n<meta property=\"og:site_name\" content=\"Fraternidade - Federa\u00e7\u00e3o Humanit\u00e1ria Internacional\" \/>\n<meta property=\"article:publisher\" content=\"https:\/\/www.facebook.com\/fraternidadehumanitaria\" \/>\n<meta property=\"article:published_time\" content=\"2022-03-09T11:17:12+00:00\" \/>\n<meta property=\"article:modified_time\" content=\"2022-03-10T09:30:08+00:00\" \/>\n<meta property=\"og:image\" content=\"https:\/\/www.fraterinternacional.org\/wp-content\/uploads\/2022\/03\/Claudia_del_Castillo_23_de_feb_de_2022_a_las_14_03_Hola_hermano-2.png\" \/>\n\t<meta property=\"og:image:width\" content=\"1280\" \/>\n\t<meta property=\"og:image:height\" content=\"960\" \/>\n\t<meta property=\"og:image:type\" content=\"image\/png\" \/>\n<meta name=\"author\" content=\"maducato_admin\" \/>\n<meta name=\"twitter:card\" content=\"summary_large_image\" \/>\n<meta name=\"twitter:creator\" content=\"@fraternidadeFHI\" \/>\n<meta name=\"twitter:site\" content=\"@fraternidadeFHI\" \/>\n<meta name=\"twitter:label1\" content=\"Escrito por\" \/>\n\t<meta name=\"twitter:data1\" content=\"maducato_admin\" \/>\n\t<meta name=\"twitter:label2\" content=\"Tiempo de lectura\" \/>\n\t<meta name=\"twitter:data2\" content=\"6 minutos\" \/>\n<script type=\"application\/ld+json\" class=\"yoast-schema-graph\">{\"@context\":\"https:\/\/schema.org\",\"@graph\":[{\"@type\":\"WebPage\",\"@id\":\"https:\/\/www.fraterinternacional.org\/es\/confraternidad-una-historia-con-varios-capitulos\/\",\"url\":\"https:\/\/www.fraterinternacional.org\/es\/confraternidad-una-historia-con-varios-capitulos\/\",\"name\":\"CONFRATERNIDAD, una historia con varios cap\u00edtulos. -\",\"isPartOf\":{\"@id\":\"https:\/\/www.fraterinternacional.org\/es\/#website\"},\"datePublished\":\"2022-03-09T11:17:12+00:00\",\"dateModified\":\"2022-03-10T09:30:08+00:00\",\"author\":{\"@id\":\"https:\/\/www.fraterinternacional.org\/es\/#\/schema\/person\/19cb7a5541fd019768c7fe255d72701e\"},\"description\":\"Seg\u00fan el diccionario, la palabra \u201cConfraternidad\u201d describe una relaci\u00f3n de afecto y solidaridad entre un grupo de personas o pueblos que se consideran \u201chermanos\u201d.\",\"breadcrumb\":{\"@id\":\"https:\/\/www.fraterinternacional.org\/es\/confraternidad-una-historia-con-varios-capitulos\/#breadcrumb\"},\"inLanguage\":\"es\",\"potentialAction\":[{\"@type\":\"ReadAction\",\"target\":[\"https:\/\/www.fraterinternacional.org\/es\/confraternidad-una-historia-con-varios-capitulos\/\"]}]},{\"@type\":\"BreadcrumbList\",\"@id\":\"https:\/\/www.fraterinternacional.org\/es\/confraternidad-una-historia-con-varios-capitulos\/#breadcrumb\",\"itemListElement\":[{\"@type\":\"ListItem\",\"position\":1,\"name\":\"In\u00edcio\",\"item\":\"https:\/\/www.fraterinternacional.org\/es\/\"},{\"@type\":\"ListItem\",\"position\":2,\"name\":\"CONFRATERNIDAD, una historia con varios cap\u00edtulos.\"}]},{\"@type\":\"WebSite\",\"@id\":\"https:\/\/www.fraterinternacional.org\/es\/#website\",\"url\":\"https:\/\/www.fraterinternacional.org\/es\/\",\"name\":\"Fraternidade - Federa\u00e7\u00e3o Humanit\u00e1ria Internacional\",\"description\":\"Fraternidade - Federa\u00e7\u00e3o Humanit\u00e1ria Internacional\",\"potentialAction\":[{\"@type\":\"SearchAction\",\"target\":{\"@type\":\"EntryPoint\",\"urlTemplate\":\"https:\/\/www.fraterinternacional.org\/es\/?s={search_term_string}\"},\"query-input\":\"required name=search_term_string\"}],\"inLanguage\":\"es\"},{\"@type\":\"Person\",\"@id\":\"https:\/\/www.fraterinternacional.org\/es\/#\/schema\/person\/19cb7a5541fd019768c7fe255d72701e\",\"name\":\"maducato_admin\"}]}<\/script>\n<!-- \/ Yoast SEO Premium plugin. -->","yoast_head_json":{"title":"CONFRATERNIDAD, una historia con varios cap\u00edtulos. -","description":"Seg\u00fan el diccionario, la palabra \u201cConfraternidad\u201d describe una relaci\u00f3n de afecto y solidaridad entre un grupo de personas o pueblos que se consideran \u201chermanos\u201d.","robots":{"index":"index","follow":"follow","max-snippet":"max-snippet:-1","max-image-preview":"max-image-preview:large","max-video-preview":"max-video-preview:-1"},"canonical":"https:\/\/www.fraterinternacional.org\/es\/confraternidad-una-historia-con-varios-capitulos\/","og_locale":"es_ES","og_type":"article","og_title":"CONFRATERNIDAD, una historia con varios cap\u00edtulos.","og_description":"Seg\u00fan el diccionario, la palabra \u201cConfraternidad\u201d describe una relaci\u00f3n de afecto y solidaridad entre un grupo de personas o pueblos que se consideran \u201chermanos\u201d.","og_url":"https:\/\/www.fraterinternacional.org\/es\/confraternidad-una-historia-con-varios-capitulos\/","og_site_name":"Fraternidade - Federa\u00e7\u00e3o Humanit\u00e1ria Internacional","article_publisher":"https:\/\/www.facebook.com\/fraternidadehumanitaria","article_published_time":"2022-03-09T11:17:12+00:00","article_modified_time":"2022-03-10T09:30:08+00:00","og_image":[{"width":1280,"height":960,"url":"https:\/\/www.fraterinternacional.org\/wp-content\/uploads\/2022\/03\/Claudia_del_Castillo_23_de_feb_de_2022_a_las_14_03_Hola_hermano-2.png","type":"image\/png"}],"author":"maducato_admin","twitter_card":"summary_large_image","twitter_creator":"@fraternidadeFHI","twitter_site":"@fraternidadeFHI","twitter_misc":{"Escrito por":"maducato_admin","Tiempo de lectura":"6 minutos"},"schema":{"@context":"https:\/\/schema.org","@graph":[{"@type":"WebPage","@id":"https:\/\/www.fraterinternacional.org\/es\/confraternidad-una-historia-con-varios-capitulos\/","url":"https:\/\/www.fraterinternacional.org\/es\/confraternidad-una-historia-con-varios-capitulos\/","name":"CONFRATERNIDAD, una historia con varios cap\u00edtulos. -","isPartOf":{"@id":"https:\/\/www.fraterinternacional.org\/es\/#website"},"datePublished":"2022-03-09T11:17:12+00:00","dateModified":"2022-03-10T09:30:08+00:00","author":{"@id":"https:\/\/www.fraterinternacional.org\/es\/#\/schema\/person\/19cb7a5541fd019768c7fe255d72701e"},"description":"Seg\u00fan el diccionario, la palabra \u201cConfraternidad\u201d describe una relaci\u00f3n de afecto y solidaridad entre un grupo de personas o pueblos que se consideran \u201chermanos\u201d.","breadcrumb":{"@id":"https:\/\/www.fraterinternacional.org\/es\/confraternidad-una-historia-con-varios-capitulos\/#breadcrumb"},"inLanguage":"es","potentialAction":[{"@type":"ReadAction","target":["https:\/\/www.fraterinternacional.org\/es\/confraternidad-una-historia-con-varios-capitulos\/"]}]},{"@type":"BreadcrumbList","@id":"https:\/\/www.fraterinternacional.org\/es\/confraternidad-una-historia-con-varios-capitulos\/#breadcrumb","itemListElement":[{"@type":"ListItem","position":1,"name":"In\u00edcio","item":"https:\/\/www.fraterinternacional.org\/es\/"},{"@type":"ListItem","position":2,"name":"CONFRATERNIDAD, una historia con varios cap\u00edtulos."}]},{"@type":"WebSite","@id":"https:\/\/www.fraterinternacional.org\/es\/#website","url":"https:\/\/www.fraterinternacional.org\/es\/","name":"Fraternidade - Federa\u00e7\u00e3o Humanit\u00e1ria Internacional","description":"Fraternidade - Federa\u00e7\u00e3o Humanit\u00e1ria Internacional","potentialAction":[{"@type":"SearchAction","target":{"@type":"EntryPoint","urlTemplate":"https:\/\/www.fraterinternacional.org\/es\/?s={search_term_string}"},"query-input":"required name=search_term_string"}],"inLanguage":"es"},{"@type":"Person","@id":"https:\/\/www.fraterinternacional.org\/es\/#\/schema\/person\/19cb7a5541fd019768c7fe255d72701e","name":"maducato_admin"}]}},"_links":{"self":[{"href":"https:\/\/www.fraterinternacional.org\/es\/wp-json\/wp\/v2\/posts\/124955"}],"collection":[{"href":"https:\/\/www.fraterinternacional.org\/es\/wp-json\/wp\/v2\/posts"}],"about":[{"href":"https:\/\/www.fraterinternacional.org\/es\/wp-json\/wp\/v2\/types\/post"}],"author":[{"embeddable":true,"href":"https:\/\/www.fraterinternacional.org\/es\/wp-json\/wp\/v2\/users\/4"}],"replies":[{"embeddable":true,"href":"https:\/\/www.fraterinternacional.org\/es\/wp-json\/wp\/v2\/comments?post=124955"}],"version-history":[{"count":0,"href":"https:\/\/www.fraterinternacional.org\/es\/wp-json\/wp\/v2\/posts\/124955\/revisions"}],"wp:featuredmedia":[{"embeddable":true,"href":"https:\/\/www.fraterinternacional.org\/es\/wp-json\/wp\/v2\/media\/124944"}],"wp:attachment":[{"href":"https:\/\/www.fraterinternacional.org\/es\/wp-json\/wp\/v2\/media?parent=124955"}],"wp:term":[{"taxonomy":"category","embeddable":true,"href":"https:\/\/www.fraterinternacional.org\/es\/wp-json\/wp\/v2\/categories?post=124955"},{"taxonomy":"post_tag","embeddable":true,"href":"https:\/\/www.fraterinternacional.org\/es\/wp-json\/wp\/v2\/tags?post=124955"}],"curies":[{"name":"wp","href":"https:\/\/api.w.org\/{rel}","templated":true}]}}