{"id":124781,"date":"2022-01-15T19:27:24","date_gmt":"2022-01-15T22:27:24","guid":{"rendered":"https:\/\/www.fraterinternacional.org\/?p=124781"},"modified":"2022-02-03T19:30:05","modified_gmt":"2022-02-03T22:30:05","slug":"laberinto-proyectos-de-renovacion","status":"publish","type":"post","link":"https:\/\/www.fraterinternacional.org\/es\/laberinto-proyectos-de-renovacion\/","title":{"rendered":"Laberinto &#8211; Proyectos de renovaci\u00f3n"},"content":{"rendered":"\r\n<div class=\"wp-block-image\">\r\n<figure class=\"aligncenter size-large\"><a href=\"https:\/\/www.fraterinternacional.org\/wp-content\/uploads\/2022\/01\/1_labirinto_Nucleo_Luz_FFHI.jpg\"><img decoding=\"async\" width=\"1024\" height=\"485\" class=\"wp-image-124646\" src=\"https:\/\/www.fraterinternacional.org\/wp-content\/uploads\/2022\/01\/1_labirinto_Nucleo_Luz_FFHI-1024x485.jpg\" alt=\"Labirinto na Comunidade-Luz Figueira\" srcset=\"https:\/\/www.fraterinternacional.org\/wp-content\/uploads\/2022\/01\/1_labirinto_Nucleo_Luz_FFHI-200x95.jpg 200w, https:\/\/www.fraterinternacional.org\/wp-content\/uploads\/2022\/01\/1_labirinto_Nucleo_Luz_FFHI-300x142.jpg 300w, https:\/\/www.fraterinternacional.org\/wp-content\/uploads\/2022\/01\/1_labirinto_Nucleo_Luz_FFHI-400x189.jpg 400w, https:\/\/www.fraterinternacional.org\/wp-content\/uploads\/2022\/01\/1_labirinto_Nucleo_Luz_FFHI-600x284.jpg 600w, https:\/\/www.fraterinternacional.org\/wp-content\/uploads\/2022\/01\/1_labirinto_Nucleo_Luz_FFHI-800x379.jpg 800w, https:\/\/www.fraterinternacional.org\/wp-content\/uploads\/2022\/01\/1_labirinto_Nucleo_Luz_FFHI-1024x485.jpg 1024w, https:\/\/www.fraterinternacional.org\/wp-content\/uploads\/2022\/01\/1_labirinto_Nucleo_Luz_FFHI-1200x568.jpg 1200w, https:\/\/www.fraterinternacional.org\/wp-content\/uploads\/2022\/01\/1_labirinto_Nucleo_Luz_FFHI.jpg 1280w\" sizes=\"(max-width: 1024px) 100vw, 1024px\" \/><\/a><\/figure>\r\n<\/div>\r\n\r\n\r\n\r\n<p style=\"font-weight: 400;\">Recorrer el laberinto, s\u00edmbolo de nuestro andar por la vida, ofrece una valiosa oportunidad a quienes buscan el autoconocimiento. Sobre este instrumento evolutivo, el fil\u00f3sofo espiritualista\u00a0<a href=\"https:\/\/www.fraterinternacional.org\/es\/?s=Trigueirinho\">Jos\u00e9 Trigueirinho Netto<\/a>\u00a0nos instruye:<\/p>\r\n<p style=\"font-weight: 400;\">\u00ab(&#8230;) El Laberinto es un s\u00edmbolo muy antiguo y tiene muchos significados.\u00a0 Estos significados var\u00edan en Egipto, en Grecia, en Asia. En fin, es un s\u00edmbolo complejo, rico y muy profundo.\u00a0\u00a0Para nosotros, en la <a href=\"https:\/\/www.fraterinternacional.org\/?s=Comunidade-Luz+Figueira&amp;lang=pt-br\">Comunidad-Luz de Figueira<\/a>, el Laberinto simboliza nuestra caminata hacia el contacto con el Yo Superior.\u00a0 Esta forma circular del Laberinto simboliza nuestro caminar por la vida, acerc\u00e1ndonos al centro.\u00a0 Caminar en el Laberinto nos lleva a reflexionar que nos estamos dirigiendo hacia el centro de nuestra Consciencia.\u00a0\u00a0El Laberinto, como forma de alineaci\u00f3n, concentraci\u00f3n y b\u00fasqueda del silencio interior, es recomendable para todos (&#8230;)\u00bb<\/p>\r\n<p style=\"font-weight: 400;\">El Laberinto no es el Camino Directo. Es un aprendizaje que hacemos antes. Primero, tenemos que dar muchas vueltas hasta optar por el Camino Directo.<\/p>\r\n<p style=\"font-weight: 400;\">El Laberinto corresponde a los 12 Trabajos de H\u00e9rcules.<\/p>\r\n<p style=\"font-weight: 400;\">El <a href=\"https:\/\/www.fraterinternacional.org\/es\/?s=N%C3%BAcleo-Luz+de+Figueira+em+Bras%C3%ADlia+Sagrados+Reinos+%28NLSR\">N\u00facleo-Luz de Figueira en Brasilia Sagrados Reinos(NLSR)<\/a>, afiliado a la\u00a0<a href=\"https:\/\/www.fraterinternacional.org\/es\/\">Fraternidad \u2013 Federaci\u00f3n Humanitaria Internacional(FFHI)<\/a>, est\u00e1 realizando actualmente algunos proyectos que posibilitan ofrecer ejercicios a quien busca el autoconocimiento.<\/p>\r\n<p style=\"font-weight: 400;\">As\u00ed como en el N\u00facleo-Luz, en las Comunidades-Luz vinculadas a la <a href=\"https:\/\/www.fraterinternacional.org\/es\/\">Fraternidad \u2013 Humanitaria (FFHI)<\/a>\u00a0est\u00e1n presentes: laberinto, casa de oraci\u00f3n en formato geod\u00e9sico, c\u00edrculo de piedras y otros. Estas manifestaciones pueden proporcionar el despertar de la realidad interna, ayudando a expandir la consciencia. Sabemos que, en el mundo de las energ\u00edas, un peque\u00f1o impulso puede provocar importantes desplazamientos.<\/p>\r\n<p style=\"font-weight: 400;\">Materializaci\u00f3n en el <a href=\"https:\/\/www.fraterinternacional.org\/es\/?s=N%C3%BAcleo-Luz+de+Figueira+em+Bras%C3%ADlia+Sagrados+Reinos+%28NLSR\">NLSR<\/a>: un laberinto, inspirado en el de la Catedral de N\u00f4tre-Dame de Chartres (Francia); una casa de oraci\u00f3n en formato geod\u00e9sico; un c\u00edrculo de piedras y una zona de ba\u00f1o al aire libre. Completando este escenario, existen dos lagos en el \u00e1rea, rodeados por una vegetaci\u00f3n abundante del Cerrado, que brindan mucha serenidad al lugar.<\/p>\r\n\r\n\r\n\r\n<h3 class=\"wp-block-heading\" id=\"h-labirinto-concentra-o-e-alinhamento\"><b>Laberinto &#8211; Concentraci\u00f3n y Alineaci\u00f3n<\/b><\/h3>\r\n\r\n\r\n\r\n<p style=\"font-weight: 400;\">Desde la antig\u00fcedad, el laberinto ha despertado el inter\u00e9s del hombre. Para muchos es un misterio, mientras que otros le atribuyen significados inquietantes. El laberinto de la isla de Creta formaba parte de los rituales de iniciaci\u00f3n, y los de Egipto del 1800 aC, formado por doce jardines contiguos y cubiertos, rodeados de muros. Eran habituales en los suelos de las iglesias cristianas, y en los grandes pueblos y parques italianos se ve\u00edan jardines con este formato.<\/p>\r\n<p style=\"font-weight: 400;\">Recorrer un laberinto puede simbolizar el camino hacia el centro del ser. Quien sigue el trazado con determinaci\u00f3n, sin divagar ni confundirse, aprende que las desviaciones y las aproximaciones son aparentes. Al caminar en un laberinto, cada vez que cambiamos de perspectiva, nos damos cuenta de que pr\u00e1cticamente nunca estamos volviendo en la misma direcci\u00f3n durante mucho tiempo.<\/p>\r\n<p style=\"font-weight: 400;\">Un laberinto est\u00e1 asociado con la espiral de la vida y la creaci\u00f3n. Es una manifestaci\u00f3n del camino simb\u00f3lico que lleva al hombre a Dios. De hecho, se activan energ\u00edas cuando caminamos muchos metros de ese camino de piedra. En el Boletim de Se\u00f1ales n\u00ba 4, antigua publicaci\u00f3n trimestral del Centro Espiritual de Figueira, leemos: \u201cEste viaje\u00a0 hacia el centro del ser requiere fe, obediencia y disciplina de quien lo transita. Fe para continuar en su senda, aunque a veces parece desviarse del centro, que es la meta; obediencia para completar pacientemente el recorrido; disciplina para no retrasar ni apresurar los pasos\u201d.<\/p>\r\n\r\n\r\n\r\n<h3 class=\"wp-block-heading\"><b>Proyecto del Laberinto &#8211; Fotos y Datos<\/b><\/h3>\r\n\r\n\r\n\r\n<p>La entrada al laberinto del N\u00facleo-Luz Sagrados Reinos est\u00e1 situada de suroeste a noreste, de acuerdo con la orientaci\u00f3n geogr\u00e1fica del laberinto de Chartres, de la siguiente manera:<\/p>\r\n\r\n\r\n\r\n<div class=\"wp-block-image\">\r\n<figure class=\"aligncenter size-full\"><a href=\"https:\/\/www.fraterinternacional.org\/wp-content\/uploads\/2022\/01\/2_labirinto_Nucleo_Luz_FFHI.jpg\"><img decoding=\"async\" width=\"661\" height=\"800\" class=\"wp-image-124649\" src=\"https:\/\/www.fraterinternacional.org\/wp-content\/uploads\/2022\/01\/2_labirinto_Nucleo_Luz_FFHI.jpg\" alt=\"Labirinto na Comunidade-Luz Figueira\" srcset=\"https:\/\/www.fraterinternacional.org\/wp-content\/uploads\/2022\/01\/2_labirinto_Nucleo_Luz_FFHI-200x242.jpg 200w, https:\/\/www.fraterinternacional.org\/wp-content\/uploads\/2022\/01\/2_labirinto_Nucleo_Luz_FFHI-248x300.jpg 248w, https:\/\/www.fraterinternacional.org\/wp-content\/uploads\/2022\/01\/2_labirinto_Nucleo_Luz_FFHI-400x484.jpg 400w, https:\/\/www.fraterinternacional.org\/wp-content\/uploads\/2022\/01\/2_labirinto_Nucleo_Luz_FFHI-600x726.jpg 600w, https:\/\/www.fraterinternacional.org\/wp-content\/uploads\/2022\/01\/2_labirinto_Nucleo_Luz_FFHI.jpg 661w\" sizes=\"(max-width: 661px) 100vw, 661px\" \/><\/a>\r\n<figcaption>Orientaci\u00f3n geogr\u00e1fica de la Catedral de Notre-Dame. Fuente: internet<\/figcaption>\r\n<\/figure>\r\n<\/div>\r\n\r\n\r\n\r\n<p>Tambi\u00e9n se alinear\u00e1 en su eje suroeste\/noreste (SW\/NE) con la puerta de acceso a la casa de oraci\u00f3n de la siguiente manera:<\/p>\r\n\r\n\r\n\r\n<div class=\"wp-block-image\">\r\n<figure class=\"aligncenter size-full\"><a href=\"https:\/\/www.fraterinternacional.org\/wp-content\/uploads\/2022\/01\/3_labirinto_Nucleo_Luz_FFHI.jpg\"><img decoding=\"async\" class=\"alignnone wp-image-124652\" src=\"https:\/\/www.fraterinternacional.org\/wp-content\/uploads\/2022\/01\/3_labirinto_Nucleo_Luz_FFHI.jpg\" alt=\"Labirinto na Comunidade-Luz Figueira\" width=\"865\" height=\"689\" srcset=\"https:\/\/www.fraterinternacional.org\/wp-content\/uploads\/2022\/01\/3_labirinto_Nucleo_Luz_FFHI-200x159.jpg 200w, https:\/\/www.fraterinternacional.org\/wp-content\/uploads\/2022\/01\/3_labirinto_Nucleo_Luz_FFHI-300x239.jpg 300w, https:\/\/www.fraterinternacional.org\/wp-content\/uploads\/2022\/01\/3_labirinto_Nucleo_Luz_FFHI-400x319.jpg 400w, https:\/\/www.fraterinternacional.org\/wp-content\/uploads\/2022\/01\/3_labirinto_Nucleo_Luz_FFHI-600x478.jpg 600w, https:\/\/www.fraterinternacional.org\/wp-content\/uploads\/2022\/01\/3_labirinto_Nucleo_Luz_FFHI-800x637.jpg 800w, https:\/\/www.fraterinternacional.org\/wp-content\/uploads\/2022\/01\/3_labirinto_Nucleo_Luz_FFHI.jpg 865w\" sizes=\"(max-width: 865px) 100vw, 865px\" \/><\/a>\r\n<figcaption>Dimensiones del laberinto NLSR y orientaci\u00f3n SO\/NE<\/figcaption>\r\n<\/figure>\r\n<\/div>\r\n<p>El laberinto dise\u00f1ado para el\u00a0<a href=\"https:\/\/www.fraterinternacional.org\/es\/?s=N%C3%BAcleo-Luz+de+Figueira+em+Bras%C3%ADlia+Sagrados+Reinos+%28NLSR\" target=\"_blank\" rel=\"noopener\">NLSR<\/a>\u00a0mantiene las proporciones arm\u00f3nicas de la geometr\u00eda sagrada del laberinto de Chartres, con el doble del di\u00e1metro original de 12,90 m. Se construy\u00f3 con un di\u00e1metro de 25,80 m, manteniendo las dem\u00e1s proporciones del proyecto original, as\u00ed:<\/p>\r\n\r\n\r\n\r\n<div class=\"wp-block-image\">\r\n<figure class=\"aligncenter size-full\"><a href=\"https:\/\/www.fraterinternacional.org\/wp-content\/uploads\/2022\/01\/4_labirinto_Nucleo_Luz_FFHI.jpg\"><img decoding=\"async\" width=\"563\" height=\"395\" class=\"wp-image-124655\" src=\"https:\/\/www.fraterinternacional.org\/wp-content\/uploads\/2022\/01\/4_labirinto_Nucleo_Luz_FFHI.jpg\" alt=\"Labirinto na Comunidade-Luz Figueira\" srcset=\"https:\/\/www.fraterinternacional.org\/wp-content\/uploads\/2022\/01\/4_labirinto_Nucleo_Luz_FFHI-200x140.jpg 200w, https:\/\/www.fraterinternacional.org\/wp-content\/uploads\/2022\/01\/4_labirinto_Nucleo_Luz_FFHI-300x210.jpg 300w, https:\/\/www.fraterinternacional.org\/wp-content\/uploads\/2022\/01\/4_labirinto_Nucleo_Luz_FFHI-400x281.jpg 400w, https:\/\/www.fraterinternacional.org\/wp-content\/uploads\/2022\/01\/4_labirinto_Nucleo_Luz_FFHI.jpg 563w\" sizes=\"(max-width: 563px) 100vw, 563px\" \/><\/a>\r\n<figcaption>Dimensiones del laberinto de Chartres en la Catedral de Notre-Dame. Fuente: internet<\/figcaption>\r\n<\/figure>\r\n<\/div>\r\n<p style=\"font-weight: 400;\">La longitud del camino del laberinto en el\u00a0<a href=\"https:\/\/www.fraterinternacional.org\/es\/?s=N%C3%BAcleo-Luz+de+Figueira+em+Bras%C3%ADlia+Sagrados+Reinos+%28NLSR\">NLSR<\/a>\u00a0es de 526,10 m hasta el centro, haciendo un total de 1.052,20 m su recorrido total de ida y vuelta. Este camino, de 70 cm de ancho, fue construido con piedras de Piren\u00f3polis, con pasto dentro y alrededor.<\/p>\r\n<p style=\"font-weight: 400;\">Terminada la construcci\u00f3n, se plantaron 30 pl\u00e1ntulas de cipr\u00e9s italiano (Tuia piramidalis) alrededor del laberinto, a una distancia circular entre ellas de 3,14 m.<\/p>\r\n\r\n\r\n\r\n<div class=\"wp-block-image\">\r\n<figure class=\"aligncenter size-full\"><a href=\"https:\/\/www.fraterinternacional.org\/wp-content\/uploads\/2022\/01\/5_labirinto_Nucleo_Luz_FFHI.jpg\"><img decoding=\"async\" width=\"1024\" height=\"768\" class=\"wp-image-124658\" src=\"https:\/\/www.fraterinternacional.org\/wp-content\/uploads\/2022\/01\/5_labirinto_Nucleo_Luz_FFHI.jpg\" alt=\"Labirinto na Comunidade-Luz Figueira\" srcset=\"https:\/\/www.fraterinternacional.org\/wp-content\/uploads\/2022\/01\/5_labirinto_Nucleo_Luz_FFHI-200x150.jpg 200w, https:\/\/www.fraterinternacional.org\/wp-content\/uploads\/2022\/01\/5_labirinto_Nucleo_Luz_FFHI-300x225.jpg 300w, https:\/\/www.fraterinternacional.org\/wp-content\/uploads\/2022\/01\/5_labirinto_Nucleo_Luz_FFHI-400x300.jpg 400w, https:\/\/www.fraterinternacional.org\/wp-content\/uploads\/2022\/01\/5_labirinto_Nucleo_Luz_FFHI-600x450.jpg 600w, https:\/\/www.fraterinternacional.org\/wp-content\/uploads\/2022\/01\/5_labirinto_Nucleo_Luz_FFHI-800x600.jpg 800w, https:\/\/www.fraterinternacional.org\/wp-content\/uploads\/2022\/01\/5_labirinto_Nucleo_Luz_FFHI.jpg 1024w\" sizes=\"(max-width: 1024px) 100vw, 1024px\" \/><\/a><\/figure>\r\n<\/div>\r\n\r\n\r\n\r\n<p>Que la reciente realizaci\u00f3n del Laberinto, que simboliza un ejercicio para el alineamiento y la armon\u00eda interior de los seres, represente un nuevo ciclo para el <a href=\"https:\/\/www.fraterinternacional.org\/es\/?s=N%C3%BAcleo-Luz+de+Figueira+em+Bras%C3%ADlia+Sagrados+Reinos+%28NLSR\" target=\"_blank\" rel=\"noopener\">N\u00facleo-Luz de Figueira en Brasilia<\/a>, que se dedica plenamente al servicio de los amados Reinos de la Naturaleza: mineral, vegetal , animal, elemental y humano.<\/p>\r\n<p><a href=\"https:\/\/www.fraterinternacional.org\/wp-content\/uploads\/2022\/01\/6_labirinto_Nucleo_Luz_FFHI.jpg\"><img decoding=\"async\" width=\"1024\" height=\"461\" class=\"wp-image-124643\" src=\"https:\/\/www.fraterinternacional.org\/wp-content\/uploads\/2022\/01\/6_labirinto_Nucleo_Luz_FFHI-1024x461.jpg\" alt=\"Labirinto na Comunidade-Luz Figueira\" srcset=\"https:\/\/www.fraterinternacional.org\/wp-content\/uploads\/2022\/01\/6_labirinto_Nucleo_Luz_FFHI-200x90.jpg 200w, https:\/\/www.fraterinternacional.org\/wp-content\/uploads\/2022\/01\/6_labirinto_Nucleo_Luz_FFHI-300x135.jpg 300w, https:\/\/www.fraterinternacional.org\/wp-content\/uploads\/2022\/01\/6_labirinto_Nucleo_Luz_FFHI-400x180.jpg 400w, https:\/\/www.fraterinternacional.org\/wp-content\/uploads\/2022\/01\/6_labirinto_Nucleo_Luz_FFHI-600x270.jpg 600w, https:\/\/www.fraterinternacional.org\/wp-content\/uploads\/2022\/01\/6_labirinto_Nucleo_Luz_FFHI-800x360.jpg 800w, https:\/\/www.fraterinternacional.org\/wp-content\/uploads\/2022\/01\/6_labirinto_Nucleo_Luz_FFHI-1024x461.jpg 1024w, https:\/\/www.fraterinternacional.org\/wp-content\/uploads\/2022\/01\/6_labirinto_Nucleo_Luz_FFHI-1200x540.jpg 1200w, https:\/\/www.fraterinternacional.org\/wp-content\/uploads\/2022\/01\/6_labirinto_Nucleo_Luz_FFHI.jpg 1280w\" sizes=\"(max-width: 1024px) 100vw, 1024px\" \/><\/a><\/p>\r\n","protected":false},"excerpt":{"rendered":"<p>Recorrer el laberinto, s\u00edmbolo de nuestro andar por la vida, ofrece una valiosa oportunidad a quienes buscan el autoconocimiento. Sobre [&hellip;]<\/p>\n","protected":false},"author":4,"featured_media":124660,"comment_status":"closed","ping_status":"closed","sticky":false,"template":"","format":"standard","meta":{"footnotes":""},"categories":[173],"tags":[],"class_list":["post-124781","post","type-post","status-publish","format-standard","has-post-thumbnail","hentry","category-noticia"],"yoast_head":"<!-- This site is optimized with the Yoast SEO Premium plugin v21.0 (Yoast SEO v21.0) - https:\/\/yoast.com\/wordpress\/plugins\/seo\/ -->\n<title>Laberinto - Proyectos de renovaci\u00f3n -<\/title>\n<meta name=\"description\" content=\"Materializaci\u00f3n en el NLSR: un laberinto, inspirado en el de la Catedral de N\u00f4tre-Dame de Chartres (Francia)\" \/>\n<meta name=\"robots\" content=\"index, follow, max-snippet:-1, max-image-preview:large, max-video-preview:-1\" \/>\n<link rel=\"canonical\" href=\"https:\/\/www.fraterinternacional.org\/es\/laberinto-proyectos-de-renovacion\/\" \/>\n<meta property=\"og:locale\" content=\"es_ES\" \/>\n<meta property=\"og:type\" content=\"article\" \/>\n<meta property=\"og:title\" content=\"Laberinto - Proyectos de renovaci\u00f3n\" \/>\n<meta property=\"og:description\" content=\"Materializaci\u00f3n en el NLSR: un laberinto, inspirado en el de la Catedral de N\u00f4tre-Dame de Chartres (Francia)\" \/>\n<meta property=\"og:url\" content=\"https:\/\/www.fraterinternacional.org\/es\/laberinto-proyectos-de-renovacion\/\" \/>\n<meta property=\"og:site_name\" content=\"Fraternidade - Federa\u00e7\u00e3o Humanit\u00e1ria Internacional\" \/>\n<meta property=\"article:publisher\" content=\"https:\/\/www.facebook.com\/fraternidadehumanitaria\" \/>\n<meta property=\"article:published_time\" content=\"2022-01-15T22:27:24+00:00\" \/>\n<meta property=\"article:modified_time\" content=\"2022-02-03T22:30:05+00:00\" \/>\n<meta property=\"og:image\" content=\"https:\/\/www.fraterinternacional.org\/wp-content\/uploads\/2022\/01\/5_labirinto_Nucleo_Luz_FFHI.jpg\" \/>\n\t<meta property=\"og:image:width\" content=\"1024\" \/>\n\t<meta property=\"og:image:height\" content=\"768\" \/>\n\t<meta property=\"og:image:type\" content=\"image\/jpeg\" \/>\n<meta name=\"author\" content=\"maducato_admin\" \/>\n<meta name=\"twitter:card\" content=\"summary_large_image\" \/>\n<meta name=\"twitter:creator\" content=\"@fraternidadeFHI\" \/>\n<meta name=\"twitter:site\" content=\"@fraternidadeFHI\" \/>\n<meta name=\"twitter:label1\" content=\"Escrito por\" \/>\n\t<meta name=\"twitter:data1\" content=\"maducato_admin\" \/>\n\t<meta name=\"twitter:label2\" content=\"Tiempo de lectura\" \/>\n\t<meta name=\"twitter:data2\" content=\"6 minutos\" \/>\n<script type=\"application\/ld+json\" class=\"yoast-schema-graph\">{\"@context\":\"https:\/\/schema.org\",\"@graph\":[{\"@type\":\"WebPage\",\"@id\":\"https:\/\/www.fraterinternacional.org\/es\/laberinto-proyectos-de-renovacion\/\",\"url\":\"https:\/\/www.fraterinternacional.org\/es\/laberinto-proyectos-de-renovacion\/\",\"name\":\"Laberinto - Proyectos de renovaci\u00f3n -\",\"isPartOf\":{\"@id\":\"https:\/\/www.fraterinternacional.org\/es\/#website\"},\"datePublished\":\"2022-01-15T22:27:24+00:00\",\"dateModified\":\"2022-02-03T22:30:05+00:00\",\"author\":{\"@id\":\"https:\/\/www.fraterinternacional.org\/es\/#\/schema\/person\/19cb7a5541fd019768c7fe255d72701e\"},\"description\":\"Materializaci\u00f3n en el NLSR: un laberinto, inspirado en el de la Catedral de N\u00f4tre-Dame de Chartres (Francia)\",\"breadcrumb\":{\"@id\":\"https:\/\/www.fraterinternacional.org\/es\/laberinto-proyectos-de-renovacion\/#breadcrumb\"},\"inLanguage\":\"es\",\"potentialAction\":[{\"@type\":\"ReadAction\",\"target\":[\"https:\/\/www.fraterinternacional.org\/es\/laberinto-proyectos-de-renovacion\/\"]}]},{\"@type\":\"BreadcrumbList\",\"@id\":\"https:\/\/www.fraterinternacional.org\/es\/laberinto-proyectos-de-renovacion\/#breadcrumb\",\"itemListElement\":[{\"@type\":\"ListItem\",\"position\":1,\"name\":\"In\u00edcio\",\"item\":\"https:\/\/www.fraterinternacional.org\/es\/\"},{\"@type\":\"ListItem\",\"position\":2,\"name\":\"Laberinto &#8211; Proyectos de renovaci\u00f3n\"}]},{\"@type\":\"WebSite\",\"@id\":\"https:\/\/www.fraterinternacional.org\/es\/#website\",\"url\":\"https:\/\/www.fraterinternacional.org\/es\/\",\"name\":\"Fraternidade - Federa\u00e7\u00e3o Humanit\u00e1ria Internacional\",\"description\":\"Fraternidade - Federa\u00e7\u00e3o Humanit\u00e1ria Internacional\",\"potentialAction\":[{\"@type\":\"SearchAction\",\"target\":{\"@type\":\"EntryPoint\",\"urlTemplate\":\"https:\/\/www.fraterinternacional.org\/es\/?s={search_term_string}\"},\"query-input\":\"required name=search_term_string\"}],\"inLanguage\":\"es\"},{\"@type\":\"Person\",\"@id\":\"https:\/\/www.fraterinternacional.org\/es\/#\/schema\/person\/19cb7a5541fd019768c7fe255d72701e\",\"name\":\"maducato_admin\"}]}<\/script>\n<!-- \/ Yoast SEO Premium plugin. -->","yoast_head_json":{"title":"Laberinto - Proyectos de renovaci\u00f3n -","description":"Materializaci\u00f3n en el NLSR: un laberinto, inspirado en el de la Catedral de N\u00f4tre-Dame de Chartres (Francia)","robots":{"index":"index","follow":"follow","max-snippet":"max-snippet:-1","max-image-preview":"max-image-preview:large","max-video-preview":"max-video-preview:-1"},"canonical":"https:\/\/www.fraterinternacional.org\/es\/laberinto-proyectos-de-renovacion\/","og_locale":"es_ES","og_type":"article","og_title":"Laberinto - Proyectos de renovaci\u00f3n","og_description":"Materializaci\u00f3n en el NLSR: un laberinto, inspirado en el de la Catedral de N\u00f4tre-Dame de Chartres (Francia)","og_url":"https:\/\/www.fraterinternacional.org\/es\/laberinto-proyectos-de-renovacion\/","og_site_name":"Fraternidade - Federa\u00e7\u00e3o Humanit\u00e1ria Internacional","article_publisher":"https:\/\/www.facebook.com\/fraternidadehumanitaria","article_published_time":"2022-01-15T22:27:24+00:00","article_modified_time":"2022-02-03T22:30:05+00:00","og_image":[{"width":1024,"height":768,"url":"https:\/\/www.fraterinternacional.org\/wp-content\/uploads\/2022\/01\/5_labirinto_Nucleo_Luz_FFHI.jpg","type":"image\/jpeg"}],"author":"maducato_admin","twitter_card":"summary_large_image","twitter_creator":"@fraternidadeFHI","twitter_site":"@fraternidadeFHI","twitter_misc":{"Escrito por":"maducato_admin","Tiempo de lectura":"6 minutos"},"schema":{"@context":"https:\/\/schema.org","@graph":[{"@type":"WebPage","@id":"https:\/\/www.fraterinternacional.org\/es\/laberinto-proyectos-de-renovacion\/","url":"https:\/\/www.fraterinternacional.org\/es\/laberinto-proyectos-de-renovacion\/","name":"Laberinto - Proyectos de renovaci\u00f3n -","isPartOf":{"@id":"https:\/\/www.fraterinternacional.org\/es\/#website"},"datePublished":"2022-01-15T22:27:24+00:00","dateModified":"2022-02-03T22:30:05+00:00","author":{"@id":"https:\/\/www.fraterinternacional.org\/es\/#\/schema\/person\/19cb7a5541fd019768c7fe255d72701e"},"description":"Materializaci\u00f3n en el NLSR: un laberinto, inspirado en el de la Catedral de N\u00f4tre-Dame de Chartres (Francia)","breadcrumb":{"@id":"https:\/\/www.fraterinternacional.org\/es\/laberinto-proyectos-de-renovacion\/#breadcrumb"},"inLanguage":"es","potentialAction":[{"@type":"ReadAction","target":["https:\/\/www.fraterinternacional.org\/es\/laberinto-proyectos-de-renovacion\/"]}]},{"@type":"BreadcrumbList","@id":"https:\/\/www.fraterinternacional.org\/es\/laberinto-proyectos-de-renovacion\/#breadcrumb","itemListElement":[{"@type":"ListItem","position":1,"name":"In\u00edcio","item":"https:\/\/www.fraterinternacional.org\/es\/"},{"@type":"ListItem","position":2,"name":"Laberinto &#8211; Proyectos de renovaci\u00f3n"}]},{"@type":"WebSite","@id":"https:\/\/www.fraterinternacional.org\/es\/#website","url":"https:\/\/www.fraterinternacional.org\/es\/","name":"Fraternidade - Federa\u00e7\u00e3o Humanit\u00e1ria Internacional","description":"Fraternidade - Federa\u00e7\u00e3o Humanit\u00e1ria Internacional","potentialAction":[{"@type":"SearchAction","target":{"@type":"EntryPoint","urlTemplate":"https:\/\/www.fraterinternacional.org\/es\/?s={search_term_string}"},"query-input":"required name=search_term_string"}],"inLanguage":"es"},{"@type":"Person","@id":"https:\/\/www.fraterinternacional.org\/es\/#\/schema\/person\/19cb7a5541fd019768c7fe255d72701e","name":"maducato_admin"}]}},"_links":{"self":[{"href":"https:\/\/www.fraterinternacional.org\/es\/wp-json\/wp\/v2\/posts\/124781"}],"collection":[{"href":"https:\/\/www.fraterinternacional.org\/es\/wp-json\/wp\/v2\/posts"}],"about":[{"href":"https:\/\/www.fraterinternacional.org\/es\/wp-json\/wp\/v2\/types\/post"}],"author":[{"embeddable":true,"href":"https:\/\/www.fraterinternacional.org\/es\/wp-json\/wp\/v2\/users\/4"}],"replies":[{"embeddable":true,"href":"https:\/\/www.fraterinternacional.org\/es\/wp-json\/wp\/v2\/comments?post=124781"}],"version-history":[{"count":0,"href":"https:\/\/www.fraterinternacional.org\/es\/wp-json\/wp\/v2\/posts\/124781\/revisions"}],"wp:featuredmedia":[{"embeddable":true,"href":"https:\/\/www.fraterinternacional.org\/es\/wp-json\/wp\/v2\/media\/124660"}],"wp:attachment":[{"href":"https:\/\/www.fraterinternacional.org\/es\/wp-json\/wp\/v2\/media?parent=124781"}],"wp:term":[{"taxonomy":"category","embeddable":true,"href":"https:\/\/www.fraterinternacional.org\/es\/wp-json\/wp\/v2\/categories?post=124781"},{"taxonomy":"post_tag","embeddable":true,"href":"https:\/\/www.fraterinternacional.org\/es\/wp-json\/wp\/v2\/tags?post=124781"}],"curies":[{"name":"wp","href":"https:\/\/api.w.org\/{rel}","templated":true}]}}