{"id":124200,"date":"2021-11-12T19:19:52","date_gmt":"2021-11-12T22:19:52","guid":{"rendered":"https:\/\/www.fraterinternacional.org\/?p=124200"},"modified":"2021-11-12T19:19:52","modified_gmt":"2021-11-12T22:19:52","slug":"la-instalacion-de-placas-fotovoltaicas-en-el-parque-francisco-de-assis-reducira-los-costes-energeticos","status":"publish","type":"post","link":"https:\/\/www.fraterinternacional.org\/es\/la-instalacion-de-placas-fotovoltaicas-en-el-parque-francisco-de-assis-reducira-los-costes-energeticos\/","title":{"rendered":"La instalaci\u00f3n de placas fotovoltaicas en el Parque Francisco de Assis reducir\u00e1 los costes energ\u00e9ticos."},"content":{"rendered":"<p>Sostenibilidad, reducci\u00f3n de la contaminaci\u00f3n y de las tasas de carbono en la atm\u00f3sfera combinada con la disminuci\u00f3n del valor de la factura de \u00a0energ\u00eda el\u00e9ctrica. Estos son algunos de los beneficios de la energ\u00eda solar. Mediante instalaciones de placas fotovoltaicas, esta energ\u00eda limpia fue implementada\u00a0en el\u00a0<a href=\"https:\/\/www.fraterinternacional.org\/es\/adopcion-de-perros-caminos-hacia-la-nueva-humanidad\/\">Parque Francisco de Assis<\/a>, en Lavras, con finalizaci\u00f3n de obras a principios de enero de 2021.<\/p>\n<p>En total hay 33 placas, siete de las cuales se destinan a alimentar la bomba del pozo semiartesiano y funcionar\u00e1n continuamente, con sol o con \u00a0lluvia. Esto es lo que explica el empresario Jo\u00e3o Carmona, del sector de las Energ\u00edas Renovables y socio fundador de la empresa EuSouSolar, quien trabaja junto a su socio, Paulo Carvalho, y los ingenieros Roberto dos Passos Vidal y Jos\u00e9 M\u00e1rio Costa en este valioso proyecto.<\/p>\n\n\t\t<style type=\"text\/css\">\n\t\t\t#gallery-1 {\n\t\t\t\tmargin: auto;\n\t\t\t}\n\t\t\t#gallery-1 .gallery-item {\n\t\t\t\tfloat: left;\n\t\t\t\tmargin-top: 10px;\n\t\t\t\ttext-align: center;\n\t\t\t\twidth: 50%;\n\t\t\t}\n\t\t\t#gallery-1 img {\n\t\t\t\tborder: 2px solid #cfcfcf;\n\t\t\t}\n\t\t\t#gallery-1 .gallery-caption {\n\t\t\t\tmargin-left: 0;\n\t\t\t}\n\t\t\t\/* see gallery_shortcode() in wp-includes\/media.php *\/\n\t\t<\/style>\n\t\t<div id='gallery-1' class='gallery galleryid-124200 gallery-columns-2 gallery-size-full'><dl class='gallery-item'>\n\t\t\t<dt class='gallery-icon landscape'>\n\t\t\t\t<a data-rel=\"iLightbox[postimages]\" data-title=\"parque-francisco-assis03\" data-caption=\"\" href='https:\/\/www.fraterinternacional.org\/wp-content\/uploads\/2021\/11\/parque-francisco-assis03.jpeg'><img decoding=\"async\" width=\"1000\" height=\"563\" src=\"https:\/\/www.fraterinternacional.org\/wp-content\/uploads\/2021\/11\/parque-francisco-assis03.jpeg\" class=\"attachment-full size-full\" alt=\"Instala\u00e7\u00e3o de placas fotovoltaicas no Parque Francisco de Assis\" srcset=\"https:\/\/www.fraterinternacional.org\/wp-content\/uploads\/2021\/11\/parque-francisco-assis03-200x113.jpeg 200w, https:\/\/www.fraterinternacional.org\/wp-content\/uploads\/2021\/11\/parque-francisco-assis03-300x169.jpeg 300w, https:\/\/www.fraterinternacional.org\/wp-content\/uploads\/2021\/11\/parque-francisco-assis03-400x225.jpeg 400w, https:\/\/www.fraterinternacional.org\/wp-content\/uploads\/2021\/11\/parque-francisco-assis03-600x338.jpeg 600w, https:\/\/www.fraterinternacional.org\/wp-content\/uploads\/2021\/11\/parque-francisco-assis03-800x450.jpeg 800w, https:\/\/www.fraterinternacional.org\/wp-content\/uploads\/2021\/11\/parque-francisco-assis03.jpeg 1000w\" sizes=\"(max-width: 1000px) 100vw, 1000px\" \/><\/a>\n\t\t\t<\/dt><\/dl><dl class='gallery-item'>\n\t\t\t<dt class='gallery-icon landscape'>\n\t\t\t\t<a data-rel=\"iLightbox[postimages]\" data-title=\"parque-francisco-assis02\" data-caption=\"\" href='https:\/\/www.fraterinternacional.org\/wp-content\/uploads\/2021\/11\/parque-francisco-assis02.jpeg'><img decoding=\"async\" width=\"1000\" height=\"563\" src=\"https:\/\/www.fraterinternacional.org\/wp-content\/uploads\/2021\/11\/parque-francisco-assis02.jpeg\" class=\"attachment-full size-full\" alt=\"Instala\u00e7\u00e3o de placas fotovoltaicas no Parque Francisco de Assis\" srcset=\"https:\/\/www.fraterinternacional.org\/wp-content\/uploads\/2021\/11\/parque-francisco-assis02-200x113.jpeg 200w, https:\/\/www.fraterinternacional.org\/wp-content\/uploads\/2021\/11\/parque-francisco-assis02-300x169.jpeg 300w, https:\/\/www.fraterinternacional.org\/wp-content\/uploads\/2021\/11\/parque-francisco-assis02-400x225.jpeg 400w, https:\/\/www.fraterinternacional.org\/wp-content\/uploads\/2021\/11\/parque-francisco-assis02-600x338.jpeg 600w, https:\/\/www.fraterinternacional.org\/wp-content\/uploads\/2021\/11\/parque-francisco-assis02-800x450.jpeg 800w, https:\/\/www.fraterinternacional.org\/wp-content\/uploads\/2021\/11\/parque-francisco-assis02.jpeg 1000w\" sizes=\"(max-width: 1000px) 100vw, 1000px\" \/><\/a>\n\t\t\t<\/dt><\/dl><br style=\"clear: both\" \/>\n\t\t<\/div>\n\n<p>La iniciativa surgi\u00f3 de Fray Luciano, director general de la\u00a0<a href=\"https:\/\/www.fraterinternacional.org\/es\/\">Fraternidad &#8211; Federaci\u00f3n Humanitaria Internacional (FFHI)<\/a>, quien, en reuni\u00f3n con el equipo de administraci\u00f3n del Parque, se\u00f1al\u00f3 la necesidad de buscar alternativas para minimizar los costos de electricidad de la entidad. Y fue as\u00ed como se cre\u00f3 una campa\u00f1a con la Rede-Luz pidiendo donaciones para colocar las placas. La convocatoria tuvo respuesta inmediata y as\u00ed tuvieron inicio las obras.<\/p>\n<p>Una de las administradoras del Parque Francisco de Assis, Lenilce Resende Gomide, quien se desempe\u00f1a como vicepresidenta, comenta sobre los beneficios de instalar las placas : \u201cAhorraremos m\u00e1s del 90% de energ\u00eda. La cuenta corriente es de R $ 1.400 y con las placas bajar\u00e1 a unos R $ 100\u201d. Sobre el trabajo del equipo de voluntarios en la colocaci\u00f3n de las placas, coordinado por el ingeniero Jo\u00e3o Carmona, Lenilce, con profunda gratitud, dice: \u201c\u00a1hay cuatro \u00e1ngeles que est\u00e1n iluminando el Parque!\u201d.<\/p>\n\n\t\t<style type=\"text\/css\">\n\t\t\t#gallery-2 {\n\t\t\t\tmargin: auto;\n\t\t\t}\n\t\t\t#gallery-2 .gallery-item {\n\t\t\t\tfloat: left;\n\t\t\t\tmargin-top: 10px;\n\t\t\t\ttext-align: center;\n\t\t\t\twidth: 20%;\n\t\t\t}\n\t\t\t#gallery-2 img {\n\t\t\t\tborder: 2px solid #cfcfcf;\n\t\t\t}\n\t\t\t#gallery-2 .gallery-caption {\n\t\t\t\tmargin-left: 0;\n\t\t\t}\n\t\t\t\/* see gallery_shortcode() in wp-includes\/media.php *\/\n\t\t<\/style>\n\t\t<div id='gallery-2' class='gallery galleryid-124200 gallery-columns-5 gallery-size-full'><dl class='gallery-item'>\n\t\t\t<dt class='gallery-icon portrait'>\n\t\t\t\t<a data-rel=\"iLightbox[postimages]\" data-title=\"Energia Solar Parque Francisco de Assis FFHI 4\" data-caption=\"\" href='https:\/\/www.fraterinternacional.org\/wp-content\/uploads\/2021\/11\/Energia-Solar-Parque-Francisco-de-Assis-FFHI-4.jpg'><img decoding=\"async\" width=\"780\" height=\"1040\" src=\"https:\/\/www.fraterinternacional.org\/wp-content\/uploads\/2021\/11\/Energia-Solar-Parque-Francisco-de-Assis-FFHI-4.jpg\" class=\"attachment-full size-full\" alt=\"Instala\u00e7\u00e3o de placas fotovoltaicas\" srcset=\"https:\/\/www.fraterinternacional.org\/wp-content\/uploads\/2021\/11\/Energia-Solar-Parque-Francisco-de-Assis-FFHI-4-200x267.jpg 200w, https:\/\/www.fraterinternacional.org\/wp-content\/uploads\/2021\/11\/Energia-Solar-Parque-Francisco-de-Assis-FFHI-4-225x300.jpg 225w, https:\/\/www.fraterinternacional.org\/wp-content\/uploads\/2021\/11\/Energia-Solar-Parque-Francisco-de-Assis-FFHI-4-400x533.jpg 400w, https:\/\/www.fraterinternacional.org\/wp-content\/uploads\/2021\/11\/Energia-Solar-Parque-Francisco-de-Assis-FFHI-4-600x800.jpg 600w, https:\/\/www.fraterinternacional.org\/wp-content\/uploads\/2021\/11\/Energia-Solar-Parque-Francisco-de-Assis-FFHI-4-768x1024.jpg 768w, https:\/\/www.fraterinternacional.org\/wp-content\/uploads\/2021\/11\/Energia-Solar-Parque-Francisco-de-Assis-FFHI-4.jpg 780w\" sizes=\"(max-width: 780px) 100vw, 780px\" \/><\/a>\n\t\t\t<\/dt><\/dl><dl class='gallery-item'>\n\t\t\t<dt class='gallery-icon portrait'>\n\t\t\t\t<a data-rel=\"iLightbox[postimages]\" data-title=\"Energia Solar Parque Francisco de Assis FFHI 5\" data-caption=\"\" href='https:\/\/www.fraterinternacional.org\/wp-content\/uploads\/2021\/11\/Energia-Solar-Parque-Francisco-de-Assis-FFHI-5.jpg'><img decoding=\"async\" width=\"780\" height=\"1040\" src=\"https:\/\/www.fraterinternacional.org\/wp-content\/uploads\/2021\/11\/Energia-Solar-Parque-Francisco-de-Assis-FFHI-5.jpg\" class=\"attachment-full size-full\" alt=\"Instala\u00e7\u00e3o de placas fotovoltaicas no Parque Francisco de Assis\" srcset=\"https:\/\/www.fraterinternacional.org\/wp-content\/uploads\/2021\/11\/Energia-Solar-Parque-Francisco-de-Assis-FFHI-5-200x267.jpg 200w, https:\/\/www.fraterinternacional.org\/wp-content\/uploads\/2021\/11\/Energia-Solar-Parque-Francisco-de-Assis-FFHI-5-225x300.jpg 225w, https:\/\/www.fraterinternacional.org\/wp-content\/uploads\/2021\/11\/Energia-Solar-Parque-Francisco-de-Assis-FFHI-5-400x533.jpg 400w, https:\/\/www.fraterinternacional.org\/wp-content\/uploads\/2021\/11\/Energia-Solar-Parque-Francisco-de-Assis-FFHI-5-600x800.jpg 600w, https:\/\/www.fraterinternacional.org\/wp-content\/uploads\/2021\/11\/Energia-Solar-Parque-Francisco-de-Assis-FFHI-5-768x1024.jpg 768w, https:\/\/www.fraterinternacional.org\/wp-content\/uploads\/2021\/11\/Energia-Solar-Parque-Francisco-de-Assis-FFHI-5.jpg 780w\" sizes=\"(max-width: 780px) 100vw, 780px\" \/><\/a>\n\t\t\t<\/dt><\/dl><dl class='gallery-item'>\n\t\t\t<dt class='gallery-icon portrait'>\n\t\t\t\t<a data-rel=\"iLightbox[postimages]\" data-title=\"Energia Solar Parque Francisco de Assis FFHI 7\" data-caption=\"\" href='https:\/\/www.fraterinternacional.org\/wp-content\/uploads\/2021\/11\/Energia-Solar-Parque-Francisco-de-Assis-FFHI-7.jpg'><img decoding=\"async\" width=\"960\" height=\"1280\" src=\"https:\/\/www.fraterinternacional.org\/wp-content\/uploads\/2021\/11\/Energia-Solar-Parque-Francisco-de-Assis-FFHI-7.jpg\" class=\"attachment-full size-full\" alt=\"\" srcset=\"https:\/\/www.fraterinternacional.org\/wp-content\/uploads\/2021\/11\/Energia-Solar-Parque-Francisco-de-Assis-FFHI-7-200x267.jpg 200w, https:\/\/www.fraterinternacional.org\/wp-content\/uploads\/2021\/11\/Energia-Solar-Parque-Francisco-de-Assis-FFHI-7-225x300.jpg 225w, https:\/\/www.fraterinternacional.org\/wp-content\/uploads\/2021\/11\/Energia-Solar-Parque-Francisco-de-Assis-FFHI-7-400x533.jpg 400w, https:\/\/www.fraterinternacional.org\/wp-content\/uploads\/2021\/11\/Energia-Solar-Parque-Francisco-de-Assis-FFHI-7-600x800.jpg 600w, https:\/\/www.fraterinternacional.org\/wp-content\/uploads\/2021\/11\/Energia-Solar-Parque-Francisco-de-Assis-FFHI-7-768x1024.jpg 768w, https:\/\/www.fraterinternacional.org\/wp-content\/uploads\/2021\/11\/Energia-Solar-Parque-Francisco-de-Assis-FFHI-7-800x1067.jpg 800w, https:\/\/www.fraterinternacional.org\/wp-content\/uploads\/2021\/11\/Energia-Solar-Parque-Francisco-de-Assis-FFHI-7.jpg 960w\" sizes=\"(max-width: 960px) 100vw, 960px\" \/><\/a>\n\t\t\t<\/dt><\/dl><dl class='gallery-item'>\n\t\t\t<dt class='gallery-icon portrait'>\n\t\t\t\t<a data-rel=\"iLightbox[postimages]\" data-title=\"Energia Solar Parque Francisco de Assis FFHI 1\" data-caption=\"\" href='https:\/\/www.fraterinternacional.org\/wp-content\/uploads\/2021\/11\/Energia-Solar-Parque-Francisco-de-Assis-FFHI-1.jpg'><img decoding=\"async\" width=\"960\" height=\"1280\" src=\"https:\/\/www.fraterinternacional.org\/wp-content\/uploads\/2021\/11\/Energia-Solar-Parque-Francisco-de-Assis-FFHI-1.jpg\" class=\"attachment-full size-full\" alt=\"Instala\u00e7\u00e3o de placas fotovoltaicas no Parque Francisco de Assis\" srcset=\"https:\/\/www.fraterinternacional.org\/wp-content\/uploads\/2021\/11\/Energia-Solar-Parque-Francisco-de-Assis-FFHI-1-200x267.jpg 200w, https:\/\/www.fraterinternacional.org\/wp-content\/uploads\/2021\/11\/Energia-Solar-Parque-Francisco-de-Assis-FFHI-1-225x300.jpg 225w, https:\/\/www.fraterinternacional.org\/wp-content\/uploads\/2021\/11\/Energia-Solar-Parque-Francisco-de-Assis-FFHI-1-400x533.jpg 400w, https:\/\/www.fraterinternacional.org\/wp-content\/uploads\/2021\/11\/Energia-Solar-Parque-Francisco-de-Assis-FFHI-1-600x800.jpg 600w, https:\/\/www.fraterinternacional.org\/wp-content\/uploads\/2021\/11\/Energia-Solar-Parque-Francisco-de-Assis-FFHI-1-768x1024.jpg 768w, https:\/\/www.fraterinternacional.org\/wp-content\/uploads\/2021\/11\/Energia-Solar-Parque-Francisco-de-Assis-FFHI-1-800x1067.jpg 800w, https:\/\/www.fraterinternacional.org\/wp-content\/uploads\/2021\/11\/Energia-Solar-Parque-Francisco-de-Assis-FFHI-1.jpg 960w\" sizes=\"(max-width: 960px) 100vw, 960px\" \/><\/a>\n\t\t\t<\/dt><\/dl><dl class='gallery-item'>\n\t\t\t<dt class='gallery-icon portrait'>\n\t\t\t\t<a data-rel=\"iLightbox[postimages]\" data-title=\"Energia Solar Parque Francisco de Assis FFHI 3\" data-caption=\"\" href='https:\/\/www.fraterinternacional.org\/wp-content\/uploads\/2021\/11\/Energia-Solar-Parque-Francisco-de-Assis-FFHI-3.jpg'><img decoding=\"async\" width=\"960\" height=\"1280\" src=\"https:\/\/www.fraterinternacional.org\/wp-content\/uploads\/2021\/11\/Energia-Solar-Parque-Francisco-de-Assis-FFHI-3.jpg\" class=\"attachment-full size-full\" alt=\"Instala\u00e7\u00e3o de placas fotovoltaicas no Parque Francisco de Assis\" srcset=\"https:\/\/www.fraterinternacional.org\/wp-content\/uploads\/2021\/11\/Energia-Solar-Parque-Francisco-de-Assis-FFHI-3-200x267.jpg 200w, https:\/\/www.fraterinternacional.org\/wp-content\/uploads\/2021\/11\/Energia-Solar-Parque-Francisco-de-Assis-FFHI-3-225x300.jpg 225w, https:\/\/www.fraterinternacional.org\/wp-content\/uploads\/2021\/11\/Energia-Solar-Parque-Francisco-de-Assis-FFHI-3-400x533.jpg 400w, https:\/\/www.fraterinternacional.org\/wp-content\/uploads\/2021\/11\/Energia-Solar-Parque-Francisco-de-Assis-FFHI-3-600x800.jpg 600w, https:\/\/www.fraterinternacional.org\/wp-content\/uploads\/2021\/11\/Energia-Solar-Parque-Francisco-de-Assis-FFHI-3-768x1024.jpg 768w, https:\/\/www.fraterinternacional.org\/wp-content\/uploads\/2021\/11\/Energia-Solar-Parque-Francisco-de-Assis-FFHI-3-800x1067.jpg 800w, https:\/\/www.fraterinternacional.org\/wp-content\/uploads\/2021\/11\/Energia-Solar-Parque-Francisco-de-Assis-FFHI-3.jpg 960w\" sizes=\"(max-width: 960px) 100vw, 960px\" \/><\/a>\n\t\t\t<\/dt><\/dl><br style=\"clear: both\" \/>\n\t\t<\/div>\n\n<h3>Parque Francisco de Assis<\/h3>\n<p>El Parque Francisco de Assis se fund\u00f3 en 2010 a orillas de la BR 265, km 341, en Lavras, Minas Gerais (Brasil). Desde su creaci\u00f3n, esta instituci\u00f3n sin fines de lucro, sostenida por donaciones y trabajo voluntario, ha actuado para proteger a los animales y preservar el medio ambiente, a trav\u00e9s de programas de educaci\u00f3n y prestaci\u00f3n de servicios continuos.<\/p>\n<p><a href=\"https:\/\/www.fraterinternacional.org\/wp-content\/uploads\/2021\/11\/parque-francisco-assis01.jpeg\"><img decoding=\"async\" class=\"size-full wp-image-124186 aligncenter\" src=\"https:\/\/www.fraterinternacional.org\/wp-content\/uploads\/2021\/11\/parque-francisco-assis01.jpeg\" alt=\"Instala\u00e7\u00e3o de placas fotovoltaicas no Parque Francisco de Assis\" width=\"1280\" height=\"720\" srcset=\"https:\/\/www.fraterinternacional.org\/wp-content\/uploads\/2021\/11\/parque-francisco-assis01-200x113.jpeg 200w, https:\/\/www.fraterinternacional.org\/wp-content\/uploads\/2021\/11\/parque-francisco-assis01-300x169.jpeg 300w, https:\/\/www.fraterinternacional.org\/wp-content\/uploads\/2021\/11\/parque-francisco-assis01-400x225.jpeg 400w, https:\/\/www.fraterinternacional.org\/wp-content\/uploads\/2021\/11\/parque-francisco-assis01-600x338.jpeg 600w, https:\/\/www.fraterinternacional.org\/wp-content\/uploads\/2021\/11\/parque-francisco-assis01-800x450.jpeg 800w, https:\/\/www.fraterinternacional.org\/wp-content\/uploads\/2021\/11\/parque-francisco-assis01-1024x576.jpeg 1024w, https:\/\/www.fraterinternacional.org\/wp-content\/uploads\/2021\/11\/parque-francisco-assis01-1200x675.jpeg 1200w, https:\/\/www.fraterinternacional.org\/wp-content\/uploads\/2021\/11\/parque-francisco-assis01.jpeg 1280w\" sizes=\"(max-width: 1280px) 100vw, 1280px\" \/><\/a><\/p>\n","protected":false},"excerpt":{"rendered":"<p>Sostenibilidad, reducci\u00f3n de la contaminaci\u00f3n y de las tasas de carbono en la atm\u00f3sfera combinada con la disminuci\u00f3n del valor [&hellip;]<\/p>\n","protected":false},"author":4,"featured_media":124194,"comment_status":"closed","ping_status":"closed","sticky":false,"template":"","format":"standard","meta":{"footnotes":""},"categories":[173,120],"tags":[],"class_list":["post-124200","post","type-post","status-publish","format-standard","has-post-thumbnail","hentry","category-noticia","category-red-luz-es"],"yoast_head":"<!-- This site is optimized with the Yoast SEO Premium plugin v21.0 (Yoast SEO v21.0) - https:\/\/yoast.com\/wordpress\/plugins\/seo\/ -->\n<title>La instalaci\u00f3n de placas fotovoltaicas en el Parque Francisco de Assis reducir\u00e1 los costes energ\u00e9ticos. -<\/title>\n<meta name=\"description\" content=\"Sostenibilidad, reducci\u00f3n de la contaminaci\u00f3n y de las tasas de carbono en la atm\u00f3sfera combinada con la disminuci\u00f3n del valor de la factura de \u00a0energ\u00eda el\u00e9ctrica. Estos son algunos de los beneficios de la energ\u00eda solar. Mediante instalaciones de placas fotovoltaicas, esta energ\u00eda limpia fue implementada\u00a0en el\u00a0Parque Francisco de Assis, en Lavras, con finalizaci\u00f3n de obras a principios de enero de 2021.\" \/>\n<meta name=\"robots\" content=\"index, follow, max-snippet:-1, max-image-preview:large, max-video-preview:-1\" \/>\n<link rel=\"canonical\" href=\"https:\/\/www.fraterinternacional.org\/es\/la-instalacion-de-placas-fotovoltaicas-en-el-parque-francisco-de-assis-reducira-los-costes-energeticos\/\" \/>\n<meta property=\"og:locale\" content=\"es_ES\" \/>\n<meta property=\"og:type\" content=\"article\" \/>\n<meta property=\"og:title\" content=\"La instalaci\u00f3n de placas fotovoltaicas en el Parque Francisco de Assis reducir\u00e1 los costes energ\u00e9ticos.\" \/>\n<meta property=\"og:description\" content=\"Sostenibilidad, reducci\u00f3n de la contaminaci\u00f3n y de las tasas de carbono en la atm\u00f3sfera combinada con la disminuci\u00f3n del valor de la factura de \u00a0energ\u00eda el\u00e9ctrica. Estos son algunos de los beneficios de la energ\u00eda solar. Mediante instalaciones de placas fotovoltaicas, esta energ\u00eda limpia fue implementada\u00a0en el\u00a0Parque Francisco de Assis, en Lavras, con finalizaci\u00f3n de obras a principios de enero de 2021.\" \/>\n<meta property=\"og:url\" content=\"https:\/\/www.fraterinternacional.org\/es\/la-instalacion-de-placas-fotovoltaicas-en-el-parque-francisco-de-assis-reducira-los-costes-energeticos\/\" \/>\n<meta property=\"og:site_name\" content=\"Fraternidade - Federa\u00e7\u00e3o Humanit\u00e1ria Internacional\" \/>\n<meta property=\"article:publisher\" content=\"https:\/\/www.facebook.com\/fraternidadehumanitaria\" \/>\n<meta property=\"article:published_time\" content=\"2021-11-12T22:19:52+00:00\" \/>\n<meta property=\"og:image\" content=\"https:\/\/www.fraterinternacional.org\/wp-content\/uploads\/2021\/11\/parque-francisco-assis03.jpeg\" \/>\n\t<meta property=\"og:image:width\" content=\"1000\" \/>\n\t<meta property=\"og:image:height\" content=\"563\" \/>\n\t<meta property=\"og:image:type\" content=\"image\/jpeg\" \/>\n<meta name=\"author\" content=\"maducato_admin\" \/>\n<meta name=\"twitter:card\" content=\"summary_large_image\" \/>\n<meta name=\"twitter:creator\" content=\"@fraternidadeFHI\" \/>\n<meta name=\"twitter:site\" content=\"@fraternidadeFHI\" \/>\n<meta name=\"twitter:label1\" content=\"Escrito por\" \/>\n\t<meta name=\"twitter:data1\" content=\"maducato_admin\" \/>\n\t<meta name=\"twitter:label2\" content=\"Tiempo de lectura\" \/>\n\t<meta name=\"twitter:data2\" content=\"2 minutos\" \/>\n<script type=\"application\/ld+json\" class=\"yoast-schema-graph\">{\"@context\":\"https:\/\/schema.org\",\"@graph\":[{\"@type\":\"WebPage\",\"@id\":\"https:\/\/www.fraterinternacional.org\/es\/la-instalacion-de-placas-fotovoltaicas-en-el-parque-francisco-de-assis-reducira-los-costes-energeticos\/\",\"url\":\"https:\/\/www.fraterinternacional.org\/es\/la-instalacion-de-placas-fotovoltaicas-en-el-parque-francisco-de-assis-reducira-los-costes-energeticos\/\",\"name\":\"La instalaci\u00f3n de placas fotovoltaicas en el Parque Francisco de Assis reducir\u00e1 los costes energ\u00e9ticos. -\",\"isPartOf\":{\"@id\":\"https:\/\/www.fraterinternacional.org\/es\/#website\"},\"datePublished\":\"2021-11-12T22:19:52+00:00\",\"dateModified\":\"2021-11-12T22:19:52+00:00\",\"author\":{\"@id\":\"https:\/\/www.fraterinternacional.org\/es\/#\/schema\/person\/19cb7a5541fd019768c7fe255d72701e\"},\"description\":\"Sostenibilidad, reducci\u00f3n de la contaminaci\u00f3n y de las tasas de carbono en la atm\u00f3sfera combinada con la disminuci\u00f3n del valor de la factura de \u00a0energ\u00eda el\u00e9ctrica. Estos son algunos de los beneficios de la energ\u00eda solar. Mediante instalaciones de placas fotovoltaicas, esta energ\u00eda limpia fue implementada\u00a0en el\u00a0Parque Francisco de Assis, en Lavras, con finalizaci\u00f3n de obras a principios de enero de 2021.\",\"breadcrumb\":{\"@id\":\"https:\/\/www.fraterinternacional.org\/es\/la-instalacion-de-placas-fotovoltaicas-en-el-parque-francisco-de-assis-reducira-los-costes-energeticos\/#breadcrumb\"},\"inLanguage\":\"es\",\"potentialAction\":[{\"@type\":\"ReadAction\",\"target\":[\"https:\/\/www.fraterinternacional.org\/es\/la-instalacion-de-placas-fotovoltaicas-en-el-parque-francisco-de-assis-reducira-los-costes-energeticos\/\"]}]},{\"@type\":\"BreadcrumbList\",\"@id\":\"https:\/\/www.fraterinternacional.org\/es\/la-instalacion-de-placas-fotovoltaicas-en-el-parque-francisco-de-assis-reducira-los-costes-energeticos\/#breadcrumb\",\"itemListElement\":[{\"@type\":\"ListItem\",\"position\":1,\"name\":\"In\u00edcio\",\"item\":\"https:\/\/www.fraterinternacional.org\/es\/\"},{\"@type\":\"ListItem\",\"position\":2,\"name\":\"La instalaci\u00f3n de placas fotovoltaicas en el Parque Francisco de Assis reducir\u00e1 los costes energ\u00e9ticos.\"}]},{\"@type\":\"WebSite\",\"@id\":\"https:\/\/www.fraterinternacional.org\/es\/#website\",\"url\":\"https:\/\/www.fraterinternacional.org\/es\/\",\"name\":\"Fraternidade - Federa\u00e7\u00e3o Humanit\u00e1ria Internacional\",\"description\":\"Fraternidade - Federa\u00e7\u00e3o Humanit\u00e1ria Internacional\",\"potentialAction\":[{\"@type\":\"SearchAction\",\"target\":{\"@type\":\"EntryPoint\",\"urlTemplate\":\"https:\/\/www.fraterinternacional.org\/es\/?s={search_term_string}\"},\"query-input\":\"required name=search_term_string\"}],\"inLanguage\":\"es\"},{\"@type\":\"Person\",\"@id\":\"https:\/\/www.fraterinternacional.org\/es\/#\/schema\/person\/19cb7a5541fd019768c7fe255d72701e\",\"name\":\"maducato_admin\"}]}<\/script>\n<!-- \/ Yoast SEO Premium plugin. -->","yoast_head_json":{"title":"La instalaci\u00f3n de placas fotovoltaicas en el Parque Francisco de Assis reducir\u00e1 los costes energ\u00e9ticos. -","description":"Sostenibilidad, reducci\u00f3n de la contaminaci\u00f3n y de las tasas de carbono en la atm\u00f3sfera combinada con la disminuci\u00f3n del valor de la factura de \u00a0energ\u00eda el\u00e9ctrica. Estos son algunos de los beneficios de la energ\u00eda solar. Mediante instalaciones de placas fotovoltaicas, esta energ\u00eda limpia fue implementada\u00a0en el\u00a0Parque Francisco de Assis, en Lavras, con finalizaci\u00f3n de obras a principios de enero de 2021.","robots":{"index":"index","follow":"follow","max-snippet":"max-snippet:-1","max-image-preview":"max-image-preview:large","max-video-preview":"max-video-preview:-1"},"canonical":"https:\/\/www.fraterinternacional.org\/es\/la-instalacion-de-placas-fotovoltaicas-en-el-parque-francisco-de-assis-reducira-los-costes-energeticos\/","og_locale":"es_ES","og_type":"article","og_title":"La instalaci\u00f3n de placas fotovoltaicas en el Parque Francisco de Assis reducir\u00e1 los costes energ\u00e9ticos.","og_description":"Sostenibilidad, reducci\u00f3n de la contaminaci\u00f3n y de las tasas de carbono en la atm\u00f3sfera combinada con la disminuci\u00f3n del valor de la factura de \u00a0energ\u00eda el\u00e9ctrica. Estos son algunos de los beneficios de la energ\u00eda solar. Mediante instalaciones de placas fotovoltaicas, esta energ\u00eda limpia fue implementada\u00a0en el\u00a0Parque Francisco de Assis, en Lavras, con finalizaci\u00f3n de obras a principios de enero de 2021.","og_url":"https:\/\/www.fraterinternacional.org\/es\/la-instalacion-de-placas-fotovoltaicas-en-el-parque-francisco-de-assis-reducira-los-costes-energeticos\/","og_site_name":"Fraternidade - Federa\u00e7\u00e3o Humanit\u00e1ria Internacional","article_publisher":"https:\/\/www.facebook.com\/fraternidadehumanitaria","article_published_time":"2021-11-12T22:19:52+00:00","og_image":[{"width":1000,"height":563,"url":"https:\/\/www.fraterinternacional.org\/wp-content\/uploads\/2021\/11\/parque-francisco-assis03.jpeg","type":"image\/jpeg"}],"author":"maducato_admin","twitter_card":"summary_large_image","twitter_creator":"@fraternidadeFHI","twitter_site":"@fraternidadeFHI","twitter_misc":{"Escrito por":"maducato_admin","Tiempo de lectura":"2 minutos"},"schema":{"@context":"https:\/\/schema.org","@graph":[{"@type":"WebPage","@id":"https:\/\/www.fraterinternacional.org\/es\/la-instalacion-de-placas-fotovoltaicas-en-el-parque-francisco-de-assis-reducira-los-costes-energeticos\/","url":"https:\/\/www.fraterinternacional.org\/es\/la-instalacion-de-placas-fotovoltaicas-en-el-parque-francisco-de-assis-reducira-los-costes-energeticos\/","name":"La instalaci\u00f3n de placas fotovoltaicas en el Parque Francisco de Assis reducir\u00e1 los costes energ\u00e9ticos. -","isPartOf":{"@id":"https:\/\/www.fraterinternacional.org\/es\/#website"},"datePublished":"2021-11-12T22:19:52+00:00","dateModified":"2021-11-12T22:19:52+00:00","author":{"@id":"https:\/\/www.fraterinternacional.org\/es\/#\/schema\/person\/19cb7a5541fd019768c7fe255d72701e"},"description":"Sostenibilidad, reducci\u00f3n de la contaminaci\u00f3n y de las tasas de carbono en la atm\u00f3sfera combinada con la disminuci\u00f3n del valor de la factura de \u00a0energ\u00eda el\u00e9ctrica. Estos son algunos de los beneficios de la energ\u00eda solar. Mediante instalaciones de placas fotovoltaicas, esta energ\u00eda limpia fue implementada\u00a0en el\u00a0Parque Francisco de Assis, en Lavras, con finalizaci\u00f3n de obras a principios de enero de 2021.","breadcrumb":{"@id":"https:\/\/www.fraterinternacional.org\/es\/la-instalacion-de-placas-fotovoltaicas-en-el-parque-francisco-de-assis-reducira-los-costes-energeticos\/#breadcrumb"},"inLanguage":"es","potentialAction":[{"@type":"ReadAction","target":["https:\/\/www.fraterinternacional.org\/es\/la-instalacion-de-placas-fotovoltaicas-en-el-parque-francisco-de-assis-reducira-los-costes-energeticos\/"]}]},{"@type":"BreadcrumbList","@id":"https:\/\/www.fraterinternacional.org\/es\/la-instalacion-de-placas-fotovoltaicas-en-el-parque-francisco-de-assis-reducira-los-costes-energeticos\/#breadcrumb","itemListElement":[{"@type":"ListItem","position":1,"name":"In\u00edcio","item":"https:\/\/www.fraterinternacional.org\/es\/"},{"@type":"ListItem","position":2,"name":"La instalaci\u00f3n de placas fotovoltaicas en el Parque Francisco de Assis reducir\u00e1 los costes energ\u00e9ticos."}]},{"@type":"WebSite","@id":"https:\/\/www.fraterinternacional.org\/es\/#website","url":"https:\/\/www.fraterinternacional.org\/es\/","name":"Fraternidade - Federa\u00e7\u00e3o Humanit\u00e1ria Internacional","description":"Fraternidade - Federa\u00e7\u00e3o Humanit\u00e1ria Internacional","potentialAction":[{"@type":"SearchAction","target":{"@type":"EntryPoint","urlTemplate":"https:\/\/www.fraterinternacional.org\/es\/?s={search_term_string}"},"query-input":"required name=search_term_string"}],"inLanguage":"es"},{"@type":"Person","@id":"https:\/\/www.fraterinternacional.org\/es\/#\/schema\/person\/19cb7a5541fd019768c7fe255d72701e","name":"maducato_admin"}]}},"_links":{"self":[{"href":"https:\/\/www.fraterinternacional.org\/es\/wp-json\/wp\/v2\/posts\/124200"}],"collection":[{"href":"https:\/\/www.fraterinternacional.org\/es\/wp-json\/wp\/v2\/posts"}],"about":[{"href":"https:\/\/www.fraterinternacional.org\/es\/wp-json\/wp\/v2\/types\/post"}],"author":[{"embeddable":true,"href":"https:\/\/www.fraterinternacional.org\/es\/wp-json\/wp\/v2\/users\/4"}],"replies":[{"embeddable":true,"href":"https:\/\/www.fraterinternacional.org\/es\/wp-json\/wp\/v2\/comments?post=124200"}],"version-history":[{"count":0,"href":"https:\/\/www.fraterinternacional.org\/es\/wp-json\/wp\/v2\/posts\/124200\/revisions"}],"wp:featuredmedia":[{"embeddable":true,"href":"https:\/\/www.fraterinternacional.org\/es\/wp-json\/wp\/v2\/media\/124194"}],"wp:attachment":[{"href":"https:\/\/www.fraterinternacional.org\/es\/wp-json\/wp\/v2\/media?parent=124200"}],"wp:term":[{"taxonomy":"category","embeddable":true,"href":"https:\/\/www.fraterinternacional.org\/es\/wp-json\/wp\/v2\/categories?post=124200"},{"taxonomy":"post_tag","embeddable":true,"href":"https:\/\/www.fraterinternacional.org\/es\/wp-json\/wp\/v2\/tags?post=124200"}],"curies":[{"name":"wp","href":"https:\/\/api.w.org\/{rel}","templated":true}]}}