{"id":124049,"date":"2021-10-27T20:07:17","date_gmt":"2021-10-27T23:07:17","guid":{"rendered":"https:\/\/www.fraterinternacional.org\/?p=124049"},"modified":"2021-11-03T20:39:22","modified_gmt":"2021-11-03T23:39:22","slug":"cuidar-con-amor-a-los-ninos-de-hoy-es-formar-a-los-hombres-y-mujeres-felices-del-manana","status":"publish","type":"post","link":"https:\/\/www.fraterinternacional.org\/es\/cuidar-con-amor-a-los-ninos-de-hoy-es-formar-a-los-hombres-y-mujeres-felices-del-manana\/","title":{"rendered":"Cuidar con amor a los ni\u00f1os de hoy es formar a los hombres y mujeres felices del ma\u00f1ana."},"content":{"rendered":"<p>Los miembros de la Red-Luz Planetaria de Argentina, a lo largo y ancho del pa\u00eds, desarrollan diferentes tareas voluntarias de sinton\u00eda interna y servicio activo en comunidades con diversos tipos de necesidades.<\/p>\n<p>Recientemente, uno de los Grupos Red-Luz de la Ciudad Aut\u00f3noma de Buenos Aires, con ocasi\u00f3n del \u00abD\u00eda del Ni\u00f1o\u00bb organiz\u00f3 lo que se denomin\u00f3 \u00abLa Fiesta del Barrilete\u00bb en el \u00abComedor Los Gurises\u00bb ubicado en la localidad de San Francisco Solano.<\/p>\n<p>Luego de muchos meses de pandemia y sin poder realizar estas tareas con los ni\u00f1os de manera presencial, el reencuentro fue maravilloso. El grupo de voluntarios comparti\u00f3 juegos, adivinanzas, ronda de canciones, pi\u00f1atas, carreras de embolsados&#8230; actividades repletas de sonrisas, de alegr\u00eda sana, con diversi\u00f3n y mucho amor. Tambi\u00e9n compartieron alimentos, golosinas y juguetes.<\/p>\n<p>En esa hermosa ma\u00f1ana soleada los barriletes y molinillos danzantes se hicieron presentes en el barrio, seguramente tocando los corazones de los ni\u00f1os, pero tambi\u00e9n de todos los vecinos que asist\u00edan a las actividades, algunos participando y otros como espectadores.<\/p>\n<p>La fraternidad, la uni\u00f3n y la alegr\u00eda fueron los principales protagonistas de este fraternal festejo.<\/p>\n\n\t\t<style type=\"text\/css\">\n\t\t\t#gallery-1 {\n\t\t\t\tmargin: auto;\n\t\t\t}\n\t\t\t#gallery-1 .gallery-item {\n\t\t\t\tfloat: left;\n\t\t\t\tmargin-top: 10px;\n\t\t\t\ttext-align: center;\n\t\t\t\twidth: 33%;\n\t\t\t}\n\t\t\t#gallery-1 img {\n\t\t\t\tborder: 2px solid #cfcfcf;\n\t\t\t}\n\t\t\t#gallery-1 .gallery-caption {\n\t\t\t\tmargin-left: 0;\n\t\t\t}\n\t\t\t\/* see gallery_shortcode() in wp-includes\/media.php *\/\n\t\t<\/style>\n\t\t<div id='gallery-1' class='gallery galleryid-124049 gallery-columns-3 gallery-size-full'><dl class='gallery-item'>\n\t\t\t<dt class='gallery-icon portrait'>\n\t\t\t\t<a data-rel=\"iLightbox[postimages]\" data-title=\"Los_Gurises_Rede-Luz_Argentina_FFHI\" data-caption=\"\" href='https:\/\/www.fraterinternacional.org\/wp-content\/uploads\/2021\/10\/Los_Gurises_Rede-Luz_Argentina_FFHI.jpg'><img decoding=\"async\" width=\"719\" height=\"1280\" src=\"https:\/\/www.fraterinternacional.org\/wp-content\/uploads\/2021\/10\/Los_Gurises_Rede-Luz_Argentina_FFHI.jpg\" class=\"attachment-full size-full\" alt=\"Rede-Luz Planet\u00e1ria da Argentina,\" srcset=\"https:\/\/www.fraterinternacional.org\/wp-content\/uploads\/2021\/10\/Los_Gurises_Rede-Luz_Argentina_FFHI-169x300.jpg 169w, https:\/\/www.fraterinternacional.org\/wp-content\/uploads\/2021\/10\/Los_Gurises_Rede-Luz_Argentina_FFHI-200x356.jpg 200w, https:\/\/www.fraterinternacional.org\/wp-content\/uploads\/2021\/10\/Los_Gurises_Rede-Luz_Argentina_FFHI-400x712.jpg 400w, https:\/\/www.fraterinternacional.org\/wp-content\/uploads\/2021\/10\/Los_Gurises_Rede-Luz_Argentina_FFHI-575x1024.jpg 575w, https:\/\/www.fraterinternacional.org\/wp-content\/uploads\/2021\/10\/Los_Gurises_Rede-Luz_Argentina_FFHI-600x1068.jpg 600w, https:\/\/www.fraterinternacional.org\/wp-content\/uploads\/2021\/10\/Los_Gurises_Rede-Luz_Argentina_FFHI.jpg 719w\" sizes=\"(max-width: 719px) 100vw, 719px\" \/><\/a>\n\t\t\t<\/dt><\/dl><dl class='gallery-item'>\n\t\t\t<dt class='gallery-icon portrait'>\n\t\t\t\t<a data-rel=\"iLightbox[postimages]\" data-title=\"Los_Gurises_Rede-Luz_Argentina_FFHI_2\" data-caption=\"\" href='https:\/\/www.fraterinternacional.org\/wp-content\/uploads\/2021\/10\/Los_Gurises_Rede-Luz_Argentina_FFHI_2.jpg'><img decoding=\"async\" width=\"719\" height=\"1280\" src=\"https:\/\/www.fraterinternacional.org\/wp-content\/uploads\/2021\/10\/Los_Gurises_Rede-Luz_Argentina_FFHI_2.jpg\" class=\"attachment-full size-full\" alt=\"Rede-Luz Planet\u00e1ria da Argentina,\" srcset=\"https:\/\/www.fraterinternacional.org\/wp-content\/uploads\/2021\/10\/Los_Gurises_Rede-Luz_Argentina_FFHI_2-169x300.jpg 169w, https:\/\/www.fraterinternacional.org\/wp-content\/uploads\/2021\/10\/Los_Gurises_Rede-Luz_Argentina_FFHI_2-200x356.jpg 200w, https:\/\/www.fraterinternacional.org\/wp-content\/uploads\/2021\/10\/Los_Gurises_Rede-Luz_Argentina_FFHI_2-400x712.jpg 400w, https:\/\/www.fraterinternacional.org\/wp-content\/uploads\/2021\/10\/Los_Gurises_Rede-Luz_Argentina_FFHI_2-575x1024.jpg 575w, https:\/\/www.fraterinternacional.org\/wp-content\/uploads\/2021\/10\/Los_Gurises_Rede-Luz_Argentina_FFHI_2-600x1068.jpg 600w, https:\/\/www.fraterinternacional.org\/wp-content\/uploads\/2021\/10\/Los_Gurises_Rede-Luz_Argentina_FFHI_2.jpg 719w\" sizes=\"(max-width: 719px) 100vw, 719px\" \/><\/a>\n\t\t\t<\/dt><\/dl><dl class='gallery-item'>\n\t\t\t<dt class='gallery-icon portrait'>\n\t\t\t\t<a data-rel=\"iLightbox[postimages]\" data-title=\"Los_Gurises_Rede-Luz_Argentina_FFHI_3\" data-caption=\"\" href='https:\/\/www.fraterinternacional.org\/wp-content\/uploads\/2021\/10\/Los_Gurises_Rede-Luz_Argentina_FFHI_3.jpg'><img decoding=\"async\" width=\"720\" height=\"1280\" src=\"https:\/\/www.fraterinternacional.org\/wp-content\/uploads\/2021\/10\/Los_Gurises_Rede-Luz_Argentina_FFHI_3.jpg\" class=\"attachment-full size-full\" alt=\"Rede-Luz Planet\u00e1ria da Argentina,\" srcset=\"https:\/\/www.fraterinternacional.org\/wp-content\/uploads\/2021\/10\/Los_Gurises_Rede-Luz_Argentina_FFHI_3-169x300.jpg 169w, https:\/\/www.fraterinternacional.org\/wp-content\/uploads\/2021\/10\/Los_Gurises_Rede-Luz_Argentina_FFHI_3-200x356.jpg 200w, https:\/\/www.fraterinternacional.org\/wp-content\/uploads\/2021\/10\/Los_Gurises_Rede-Luz_Argentina_FFHI_3-400x711.jpg 400w, https:\/\/www.fraterinternacional.org\/wp-content\/uploads\/2021\/10\/Los_Gurises_Rede-Luz_Argentina_FFHI_3-576x1024.jpg 576w, https:\/\/www.fraterinternacional.org\/wp-content\/uploads\/2021\/10\/Los_Gurises_Rede-Luz_Argentina_FFHI_3-600x1067.jpg 600w, https:\/\/www.fraterinternacional.org\/wp-content\/uploads\/2021\/10\/Los_Gurises_Rede-Luz_Argentina_FFHI_3.jpg 720w\" sizes=\"(max-width: 720px) 100vw, 720px\" \/><\/a>\n\t\t\t<\/dt><\/dl><br style=\"clear: both\" \/>\n\t\t<\/div>\n\n<h3>Comedor Los Gurises: breve historia y contexto<\/h3>\n<p><a href=\"https:\/\/www.fraterinternacional.org\/wp-content\/uploads\/2021\/10\/Los_Gurises_Rede-Luz_Argentina_FFHI_4.jpg\"><img decoding=\"async\" class=\" wp-image-124034 alignleft\" src=\"https:\/\/www.fraterinternacional.org\/wp-content\/uploads\/2021\/10\/Los_Gurises_Rede-Luz_Argentina_FFHI_4.jpg\" alt=\"Rede-Luz Planet\u00e1ria da Argentina,\" width=\"400\" height=\"711\" srcset=\"https:\/\/www.fraterinternacional.org\/wp-content\/uploads\/2021\/10\/Los_Gurises_Rede-Luz_Argentina_FFHI_4-169x300.jpg 169w, https:\/\/www.fraterinternacional.org\/wp-content\/uploads\/2021\/10\/Los_Gurises_Rede-Luz_Argentina_FFHI_4-200x356.jpg 200w, https:\/\/www.fraterinternacional.org\/wp-content\/uploads\/2021\/10\/Los_Gurises_Rede-Luz_Argentina_FFHI_4-400x711.jpg 400w, https:\/\/www.fraterinternacional.org\/wp-content\/uploads\/2021\/10\/Los_Gurises_Rede-Luz_Argentina_FFHI_4-576x1024.jpg 576w, https:\/\/www.fraterinternacional.org\/wp-content\/uploads\/2021\/10\/Los_Gurises_Rede-Luz_Argentina_FFHI_4-600x1067.jpg 600w, https:\/\/www.fraterinternacional.org\/wp-content\/uploads\/2021\/10\/Los_Gurises_Rede-Luz_Argentina_FFHI_4.jpg 720w\" sizes=\"(max-width: 400px) 100vw, 400px\" \/><\/a><\/p>\n<p>En el Barrio Los Eucaliptos y bordeando el arroyo Las Piedras, de la localidad de Francisco Solano, se encuentra en Comedor Los Gurises. El lugar est\u00e1 a cargo de Elsa, una se\u00f1ora pensionada que hace muchos a\u00f1os cre\u00f3 el comedor en su casa y, luego de un tiempo, lo traslad\u00f3 a una casilla en un terreno frente a su casa.<\/p>\n<p>Con las inundaciones ocasionadas por el arroyo la casilla se destruy\u00f3. Reci\u00e9n en el a\u00f1o 2009, gracias a donaciones de materiales de construcci\u00f3n se mejor\u00f3 el predio. El objetivo era que los chicos tuvieran un lugar fijo para almorzar todos los d\u00edas y realizar actividades de esparcimiento, as\u00ed como resguardarse de las inundaciones. Fueron a\u00f1os muy dif\u00edciles pero el comedor se fue tornando el centro de ayuda y contenci\u00f3n de los ni\u00f1os y sus familias.<\/p>\n<p>Al comedor asisten m\u00e1s de 100 ni\u00f1os y ni\u00f1as de todas las edades y brinda apoyo a sus familias. Toda esta tarea es sustentada por los esfuerzos de Elsa y donaciones de grupos de voluntarios y colaboradores.<\/p>\n<p>La m\u00fasica como un camino de servicio; la sonrisa y el juego como lenguaje de cura y contenci\u00f3n.<\/p>\n<p>Hace casi 20 a\u00f1os que uno de los grupos de\u00a0<a href=\"https:\/\/www.fraterinternacional.org\/es\/?s=Rede-Luz+Argentina\">Red-Luz Argentina<\/a> Centro asiste al Comedor Los Gurises. Es una historia hermosa, es una historia con melod\u00eda propia. El grupo del Coro de Buenos Aires ha mantenido esta tarea a lo largo del tiempo, a trav\u00e9s de encuentros organizados para compartir m\u00fasica, actividades con instrumentos musicales y expresi\u00f3n corporal. El objetivo es llevar alegr\u00eda, es llevar paz, es generar sonrisas, crear en cada encuentro un \u00abespacio diferente\u00bb un espacio de contenci\u00f3n y afecto en donde se generan charlas con los chicos y sus familias, se generan v\u00ednculos sanos y a trav\u00e9s del amor se intenta suplir\u00a0 sus necesidades. Se comparten tambi\u00e9n donaciones de alimentos, se realizan tareas de mantenimiento del edificio, pero por sobre todas las cosas, se mantiene encendida la llama de la dignidad frente a las adversidades.<\/p>\n<p>Mar\u00eda Cristina, una voluntaria de la <a href=\"https:\/\/www.fraterinternacional.org\/es\/?s=Rede-Luz+Argentina\">Red-Luz Argentina<\/a> nos dec\u00eda: \u00ablo que me mueve a ir al comedor es sentir las necesidades que estos ni\u00f1os est\u00e1n pasando. Es poder mostrarles que existe otra realidad, llevarles una peque\u00f1a luz, una semillita de esperanza\u2026 Es llevarles amor, mucho amor que adem\u00e1s de tantas otras cosas, es lo que ellos m\u00e1s necesitan para salir adelante\u00bb.<\/p>\n<p>La Fiesta del Barrilete organizada por el grupo del Coro de Buenos Aires fue una celebraci\u00f3n de la vida, una celebraci\u00f3n del acto de \u00abvolver a estar juntos\u00bb luego de todos estos meses de pandemia. La Red-Luz Planetaria Argentina agradece a todos aquellos voluntarios que forman parte de esta y tantas otras tareas de servicio.<\/p>\n","protected":false},"excerpt":{"rendered":"<p>Los miembros de la Red-Luz Planetaria de Argentina, a lo largo y ancho del pa\u00eds, desarrollan diferentes tareas voluntarias de [&hellip;]<\/p>\n","protected":false},"author":4,"featured_media":124042,"comment_status":"closed","ping_status":"closed","sticky":false,"template":"","format":"standard","meta":{"footnotes":""},"categories":[173,120],"tags":[],"class_list":["post-124049","post","type-post","status-publish","format-standard","has-post-thumbnail","hentry","category-noticia","category-red-luz-es"],"yoast_head":"<!-- This site is optimized with the Yoast SEO Premium plugin v21.0 (Yoast SEO v21.0) - https:\/\/yoast.com\/wordpress\/plugins\/seo\/ -->\n<title>Cuidar con amor a los ni\u00f1os de hoy es formar a los hombres y mujeres felices del ma\u00f1ana. -<\/title>\n<meta name=\"description\" content=\"Los miembros de la Red-Luz Planetaria de Argentina, a lo largo y ancho del pa\u00eds desarrollan diferentes tareas voluntarias de sinton\u00eda interna y servicio activo en comunidades con diversos tipos de necesidades.\" \/>\n<meta name=\"robots\" content=\"index, follow, max-snippet:-1, max-image-preview:large, max-video-preview:-1\" \/>\n<link rel=\"canonical\" href=\"https:\/\/www.fraterinternacional.org\/es\/cuidar-con-amor-a-los-ninos-de-hoy-es-formar-a-los-hombres-y-mujeres-felices-del-manana\/\" \/>\n<meta property=\"og:locale\" content=\"es_ES\" \/>\n<meta property=\"og:type\" content=\"article\" \/>\n<meta property=\"og:title\" content=\"Cuidar con amor a los ni\u00f1os de hoy es formar a los hombres y mujeres felices del ma\u00f1ana.\" \/>\n<meta property=\"og:description\" content=\"Los miembros de la Red-Luz Planetaria de Argentina, a lo largo y ancho del pa\u00eds desarrollan diferentes tareas voluntarias de sinton\u00eda interna y servicio activo en comunidades con diversos tipos de necesidades.\" \/>\n<meta property=\"og:url\" content=\"https:\/\/www.fraterinternacional.org\/es\/cuidar-con-amor-a-los-ninos-de-hoy-es-formar-a-los-hombres-y-mujeres-felices-del-manana\/\" \/>\n<meta property=\"og:site_name\" content=\"Fraternidade - Federa\u00e7\u00e3o Humanit\u00e1ria Internacional\" \/>\n<meta property=\"article:publisher\" content=\"https:\/\/www.facebook.com\/fraternidadehumanitaria\" \/>\n<meta property=\"article:published_time\" content=\"2021-10-27T23:07:17+00:00\" \/>\n<meta property=\"article:modified_time\" content=\"2021-11-03T23:39:22+00:00\" \/>\n<meta property=\"og:image\" content=\"https:\/\/www.fraterinternacional.org\/wp-content\/uploads\/2021\/10\/Los_Gurises_Rede-Luz_Argentina_FFHI_capa.jpg\" \/>\n\t<meta property=\"og:image:width\" content=\"720\" \/>\n\t<meta property=\"og:image:height\" content=\"515\" \/>\n\t<meta property=\"og:image:type\" content=\"image\/jpeg\" \/>\n<meta name=\"author\" content=\"maducato_admin\" \/>\n<meta name=\"twitter:card\" content=\"summary_large_image\" \/>\n<meta name=\"twitter:creator\" content=\"@fraternidadeFHI\" \/>\n<meta name=\"twitter:site\" content=\"@fraternidadeFHI\" \/>\n<meta name=\"twitter:label1\" content=\"Escrito por\" \/>\n\t<meta name=\"twitter:data1\" content=\"maducato_admin\" \/>\n\t<meta name=\"twitter:label2\" content=\"Tiempo de lectura\" \/>\n\t<meta name=\"twitter:data2\" content=\"4 minutos\" \/>\n<script type=\"application\/ld+json\" class=\"yoast-schema-graph\">{\"@context\":\"https:\/\/schema.org\",\"@graph\":[{\"@type\":\"WebPage\",\"@id\":\"https:\/\/www.fraterinternacional.org\/es\/cuidar-con-amor-a-los-ninos-de-hoy-es-formar-a-los-hombres-y-mujeres-felices-del-manana\/\",\"url\":\"https:\/\/www.fraterinternacional.org\/es\/cuidar-con-amor-a-los-ninos-de-hoy-es-formar-a-los-hombres-y-mujeres-felices-del-manana\/\",\"name\":\"Cuidar con amor a los ni\u00f1os de hoy es formar a los hombres y mujeres felices del ma\u00f1ana. -\",\"isPartOf\":{\"@id\":\"https:\/\/www.fraterinternacional.org\/es\/#website\"},\"datePublished\":\"2021-10-27T23:07:17+00:00\",\"dateModified\":\"2021-11-03T23:39:22+00:00\",\"author\":{\"@id\":\"https:\/\/www.fraterinternacional.org\/es\/#\/schema\/person\/19cb7a5541fd019768c7fe255d72701e\"},\"description\":\"Los miembros de la Red-Luz Planetaria de Argentina, a lo largo y ancho del pa\u00eds desarrollan diferentes tareas voluntarias de sinton\u00eda interna y servicio activo en comunidades con diversos tipos de necesidades.\",\"breadcrumb\":{\"@id\":\"https:\/\/www.fraterinternacional.org\/es\/cuidar-con-amor-a-los-ninos-de-hoy-es-formar-a-los-hombres-y-mujeres-felices-del-manana\/#breadcrumb\"},\"inLanguage\":\"es\",\"potentialAction\":[{\"@type\":\"ReadAction\",\"target\":[\"https:\/\/www.fraterinternacional.org\/es\/cuidar-con-amor-a-los-ninos-de-hoy-es-formar-a-los-hombres-y-mujeres-felices-del-manana\/\"]}]},{\"@type\":\"BreadcrumbList\",\"@id\":\"https:\/\/www.fraterinternacional.org\/es\/cuidar-con-amor-a-los-ninos-de-hoy-es-formar-a-los-hombres-y-mujeres-felices-del-manana\/#breadcrumb\",\"itemListElement\":[{\"@type\":\"ListItem\",\"position\":1,\"name\":\"In\u00edcio\",\"item\":\"https:\/\/www.fraterinternacional.org\/es\/\"},{\"@type\":\"ListItem\",\"position\":2,\"name\":\"Cuidar con amor a los ni\u00f1os de hoy es formar a los hombres y mujeres felices del ma\u00f1ana.\"}]},{\"@type\":\"WebSite\",\"@id\":\"https:\/\/www.fraterinternacional.org\/es\/#website\",\"url\":\"https:\/\/www.fraterinternacional.org\/es\/\",\"name\":\"Fraternidade - Federa\u00e7\u00e3o Humanit\u00e1ria Internacional\",\"description\":\"Fraternidade - Federa\u00e7\u00e3o Humanit\u00e1ria Internacional\",\"potentialAction\":[{\"@type\":\"SearchAction\",\"target\":{\"@type\":\"EntryPoint\",\"urlTemplate\":\"https:\/\/www.fraterinternacional.org\/es\/?s={search_term_string}\"},\"query-input\":\"required name=search_term_string\"}],\"inLanguage\":\"es\"},{\"@type\":\"Person\",\"@id\":\"https:\/\/www.fraterinternacional.org\/es\/#\/schema\/person\/19cb7a5541fd019768c7fe255d72701e\",\"name\":\"maducato_admin\"}]}<\/script>\n<!-- \/ Yoast SEO Premium plugin. -->","yoast_head_json":{"title":"Cuidar con amor a los ni\u00f1os de hoy es formar a los hombres y mujeres felices del ma\u00f1ana. -","description":"Los miembros de la Red-Luz Planetaria de Argentina, a lo largo y ancho del pa\u00eds desarrollan diferentes tareas voluntarias de sinton\u00eda interna y servicio activo en comunidades con diversos tipos de necesidades.","robots":{"index":"index","follow":"follow","max-snippet":"max-snippet:-1","max-image-preview":"max-image-preview:large","max-video-preview":"max-video-preview:-1"},"canonical":"https:\/\/www.fraterinternacional.org\/es\/cuidar-con-amor-a-los-ninos-de-hoy-es-formar-a-los-hombres-y-mujeres-felices-del-manana\/","og_locale":"es_ES","og_type":"article","og_title":"Cuidar con amor a los ni\u00f1os de hoy es formar a los hombres y mujeres felices del ma\u00f1ana.","og_description":"Los miembros de la Red-Luz Planetaria de Argentina, a lo largo y ancho del pa\u00eds desarrollan diferentes tareas voluntarias de sinton\u00eda interna y servicio activo en comunidades con diversos tipos de necesidades.","og_url":"https:\/\/www.fraterinternacional.org\/es\/cuidar-con-amor-a-los-ninos-de-hoy-es-formar-a-los-hombres-y-mujeres-felices-del-manana\/","og_site_name":"Fraternidade - Federa\u00e7\u00e3o Humanit\u00e1ria Internacional","article_publisher":"https:\/\/www.facebook.com\/fraternidadehumanitaria","article_published_time":"2021-10-27T23:07:17+00:00","article_modified_time":"2021-11-03T23:39:22+00:00","og_image":[{"width":720,"height":515,"url":"https:\/\/www.fraterinternacional.org\/wp-content\/uploads\/2021\/10\/Los_Gurises_Rede-Luz_Argentina_FFHI_capa.jpg","type":"image\/jpeg"}],"author":"maducato_admin","twitter_card":"summary_large_image","twitter_creator":"@fraternidadeFHI","twitter_site":"@fraternidadeFHI","twitter_misc":{"Escrito por":"maducato_admin","Tiempo de lectura":"4 minutos"},"schema":{"@context":"https:\/\/schema.org","@graph":[{"@type":"WebPage","@id":"https:\/\/www.fraterinternacional.org\/es\/cuidar-con-amor-a-los-ninos-de-hoy-es-formar-a-los-hombres-y-mujeres-felices-del-manana\/","url":"https:\/\/www.fraterinternacional.org\/es\/cuidar-con-amor-a-los-ninos-de-hoy-es-formar-a-los-hombres-y-mujeres-felices-del-manana\/","name":"Cuidar con amor a los ni\u00f1os de hoy es formar a los hombres y mujeres felices del ma\u00f1ana. -","isPartOf":{"@id":"https:\/\/www.fraterinternacional.org\/es\/#website"},"datePublished":"2021-10-27T23:07:17+00:00","dateModified":"2021-11-03T23:39:22+00:00","author":{"@id":"https:\/\/www.fraterinternacional.org\/es\/#\/schema\/person\/19cb7a5541fd019768c7fe255d72701e"},"description":"Los miembros de la Red-Luz Planetaria de Argentina, a lo largo y ancho del pa\u00eds desarrollan diferentes tareas voluntarias de sinton\u00eda interna y servicio activo en comunidades con diversos tipos de necesidades.","breadcrumb":{"@id":"https:\/\/www.fraterinternacional.org\/es\/cuidar-con-amor-a-los-ninos-de-hoy-es-formar-a-los-hombres-y-mujeres-felices-del-manana\/#breadcrumb"},"inLanguage":"es","potentialAction":[{"@type":"ReadAction","target":["https:\/\/www.fraterinternacional.org\/es\/cuidar-con-amor-a-los-ninos-de-hoy-es-formar-a-los-hombres-y-mujeres-felices-del-manana\/"]}]},{"@type":"BreadcrumbList","@id":"https:\/\/www.fraterinternacional.org\/es\/cuidar-con-amor-a-los-ninos-de-hoy-es-formar-a-los-hombres-y-mujeres-felices-del-manana\/#breadcrumb","itemListElement":[{"@type":"ListItem","position":1,"name":"In\u00edcio","item":"https:\/\/www.fraterinternacional.org\/es\/"},{"@type":"ListItem","position":2,"name":"Cuidar con amor a los ni\u00f1os de hoy es formar a los hombres y mujeres felices del ma\u00f1ana."}]},{"@type":"WebSite","@id":"https:\/\/www.fraterinternacional.org\/es\/#website","url":"https:\/\/www.fraterinternacional.org\/es\/","name":"Fraternidade - Federa\u00e7\u00e3o Humanit\u00e1ria Internacional","description":"Fraternidade - Federa\u00e7\u00e3o Humanit\u00e1ria Internacional","potentialAction":[{"@type":"SearchAction","target":{"@type":"EntryPoint","urlTemplate":"https:\/\/www.fraterinternacional.org\/es\/?s={search_term_string}"},"query-input":"required name=search_term_string"}],"inLanguage":"es"},{"@type":"Person","@id":"https:\/\/www.fraterinternacional.org\/es\/#\/schema\/person\/19cb7a5541fd019768c7fe255d72701e","name":"maducato_admin"}]}},"_links":{"self":[{"href":"https:\/\/www.fraterinternacional.org\/es\/wp-json\/wp\/v2\/posts\/124049"}],"collection":[{"href":"https:\/\/www.fraterinternacional.org\/es\/wp-json\/wp\/v2\/posts"}],"about":[{"href":"https:\/\/www.fraterinternacional.org\/es\/wp-json\/wp\/v2\/types\/post"}],"author":[{"embeddable":true,"href":"https:\/\/www.fraterinternacional.org\/es\/wp-json\/wp\/v2\/users\/4"}],"replies":[{"embeddable":true,"href":"https:\/\/www.fraterinternacional.org\/es\/wp-json\/wp\/v2\/comments?post=124049"}],"version-history":[{"count":0,"href":"https:\/\/www.fraterinternacional.org\/es\/wp-json\/wp\/v2\/posts\/124049\/revisions"}],"wp:featuredmedia":[{"embeddable":true,"href":"https:\/\/www.fraterinternacional.org\/es\/wp-json\/wp\/v2\/media\/124042"}],"wp:attachment":[{"href":"https:\/\/www.fraterinternacional.org\/es\/wp-json\/wp\/v2\/media?parent=124049"}],"wp:term":[{"taxonomy":"category","embeddable":true,"href":"https:\/\/www.fraterinternacional.org\/es\/wp-json\/wp\/v2\/categories?post=124049"},{"taxonomy":"post_tag","embeddable":true,"href":"https:\/\/www.fraterinternacional.org\/es\/wp-json\/wp\/v2\/tags?post=124049"}],"curies":[{"name":"wp","href":"https:\/\/api.w.org\/{rel}","templated":true}]}}