{"id":123733,"date":"2021-05-26T15:40:33","date_gmt":"2021-05-26T18:40:33","guid":{"rendered":"https:\/\/www.fraterinternacional.org\/?p=123733"},"modified":"2021-09-21T15:43:51","modified_gmt":"2021-09-21T18:43:51","slug":"familias-en-cuarentena-oportunidad-para-renovar-lazos-reinventar-la-rutina-y-madurar-en-la-superacion-de-desafios","status":"publish","type":"post","link":"https:\/\/www.fraterinternacional.org\/es\/familias-en-cuarentena-oportunidad-para-renovar-lazos-reinventar-la-rutina-y-madurar-en-la-superacion-de-desafios\/","title":{"rendered":"Familias en cuarentena: oportunidad para renovar lazos, reinventar la rutina y madurar en la superaci\u00f3n de desaf\u00edos"},"content":{"rendered":"<p style=\"font-weight: 400;\">Que la pandemia haya cambiado la forma en que nos relacionamos no es nada nuevo para nadie. Las familias con ni\u00f1os, en particular, se enfrentan a desaf\u00edos que las generaciones anteriores desconocen.<\/p>\n<p style=\"font-weight: 400;\">La necesidad de aislamiento social y la suspensi\u00f3n de las clases presenciales est\u00e1 provocando que los padres reinventen la rutina diaria y asuman nuevas tareas, mientras luchan por equilibrar el hogar y la vida familiar, el trabajo y otras actividades.<\/p>\n<p style=\"font-weight: 400;\">Por otro lado, la cuarentena est\u00e1 brindando nuevas oportunidades de convivencia entre familias y rescatando v\u00ednculos que, en muchos hogares, se vieron debilitados por la agitada y tecnol\u00f3gica posmodernidad. En este contexto, padres e hijos pueden reencontrarse y redescubrirse, ense\u00f1ar y aprender, ejercitar el amor, la paciencia y el perd\u00f3n.<\/p>\n<div id=\"attachment_121522\" style=\"width: 1290px\" class=\"wp-caption aligncenter\"><a href=\"https:\/\/www.fraterinternacional.org\/wp-content\/uploads\/2021\/05\/Familia-Aline-Kevison-CL-Figueira-FFHI-02.jpg\"><img decoding=\"async\" aria-describedby=\"caption-attachment-121522\" class=\"size-full wp-image-121522\" src=\"https:\/\/www.fraterinternacional.org\/wp-content\/uploads\/2021\/05\/Familia-Aline-Kevison-CL-Figueira-FFHI-02.jpg\" alt=\"Fam\u00edlia Aline e Kevinson Comunidade-Luz Figueira \" width=\"1280\" height=\"720\" srcset=\"https:\/\/www.fraterinternacional.org\/wp-content\/uploads\/2021\/05\/Familia-Aline-Kevison-CL-Figueira-FFHI-02-200x113.jpg 200w, https:\/\/www.fraterinternacional.org\/wp-content\/uploads\/2021\/05\/Familia-Aline-Kevison-CL-Figueira-FFHI-02-300x169.jpg 300w, https:\/\/www.fraterinternacional.org\/wp-content\/uploads\/2021\/05\/Familia-Aline-Kevison-CL-Figueira-FFHI-02-400x225.jpg 400w, https:\/\/www.fraterinternacional.org\/wp-content\/uploads\/2021\/05\/Familia-Aline-Kevison-CL-Figueira-FFHI-02-600x338.jpg 600w, https:\/\/www.fraterinternacional.org\/wp-content\/uploads\/2021\/05\/Familia-Aline-Kevison-CL-Figueira-FFHI-02-800x450.jpg 800w, https:\/\/www.fraterinternacional.org\/wp-content\/uploads\/2021\/05\/Familia-Aline-Kevison-CL-Figueira-FFHI-02-1024x576.jpg 1024w, https:\/\/www.fraterinternacional.org\/wp-content\/uploads\/2021\/05\/Familia-Aline-Kevison-CL-Figueira-FFHI-02-1200x675.jpg 1200w, https:\/\/www.fraterinternacional.org\/wp-content\/uploads\/2021\/05\/Familia-Aline-Kevison-CL-Figueira-FFHI-02.jpg 1280w\" sizes=\"(max-width: 1280px) 100vw, 1280px\" \/><\/a><p id=\"caption-attachment-121522\" class=\"wp-caption-text\">Fam\u00edlia Aline e Kevinson Comunidade-Luz Figueira<\/p><\/div>\n<p>Est\u00e1 claro que el encierro hace que todo sea m\u00e1s intenso. Los adultos deben lidiar con el miedo y la tensi\u00f3n derivados del coronavirus y un futuro incierto, resolver los problemas derivados de una crisis multisectorial, monitorear la educaci\u00f3n escolar de los ni\u00f1os y entretenerlos en su tiempo libre, cuidar la salud de la familia, mantener los quehaceres dom\u00e9sticos al d\u00eda, buscando nuevas formas de ocio\u00a0 recortando las aristas que surgen con la convivencia prolongada.<\/p>\n<p>En este proceso, es fundamental mantener la fe y la esperanza de que lleguen d\u00edas mejores, ya que esto nos dar\u00e1 la paz necesaria para actuar con m\u00e1s sabidur\u00eda y discernimiento. Adem\u00e1s, sabemos que, en el momento planetario actual, todos los acontecimientos se deben ver como formas de crecer en el amor incondicional, la trascendencia y la solidaridad.<\/p>\n<p>Para conocer c\u00f3mo las familias est\u00e1n pasando por la cuarentena, la<a href=\"https:\/\/www.fraterinternacional.org\/es\/?s=Comunidade-Luz+Figueira\">\u00a0Comunidad-Luz Figueira,<\/a>\u00a0afiliada a la\u00a0<a href=\"https:\/\/www.fraterinternacional.org\/es\/accion-de-la-fraternidad-humanitaria-ffhi-en-el-segundo-semestre-de-2020\/\">Fraternidad &#8211; Federaci\u00f3n Humanitaria Internacional (FFHI),<\/a>\u00a0convers\u00f3 con cuatro madres, quienes informaron sobre los ajustes en sus rutinas, as\u00ed como los desaf\u00edos y la lecciones aprendidas para el aislamiento social. Es importante se\u00f1alar que uno de los puntos en com\u00fan entre estas familias es la\u00a0pr\u00e1ctica de la oraci\u00f3n\u00a0como ejercicio diario.<\/p>\n<div id=\"attachment_121516\" style=\"width: 1290px\" class=\"wp-caption aligncenter\"><a href=\"https:\/\/www.fraterinternacional.org\/wp-content\/uploads\/2021\/05\/Familia-Talita-Rodrigo-CLFigueira-FFHI02.jpg\"><img decoding=\"async\" aria-describedby=\"caption-attachment-121516\" class=\"wp-image-121516 size-full\" src=\"https:\/\/www.fraterinternacional.org\/wp-content\/uploads\/2021\/05\/Familia-Talita-Rodrigo-CLFigueira-FFHI02.jpg\" alt=\"Familia Talita e Rodrigo Comunidade-Luz Figueira\" width=\"1280\" height=\"961\" srcset=\"https:\/\/www.fraterinternacional.org\/wp-content\/uploads\/2021\/05\/Familia-Talita-Rodrigo-CLFigueira-FFHI02-200x150.jpg 200w, https:\/\/www.fraterinternacional.org\/wp-content\/uploads\/2021\/05\/Familia-Talita-Rodrigo-CLFigueira-FFHI02-300x225.jpg 300w, https:\/\/www.fraterinternacional.org\/wp-content\/uploads\/2021\/05\/Familia-Talita-Rodrigo-CLFigueira-FFHI02-400x300.jpg 400w, https:\/\/www.fraterinternacional.org\/wp-content\/uploads\/2021\/05\/Familia-Talita-Rodrigo-CLFigueira-FFHI02-600x450.jpg 600w, https:\/\/www.fraterinternacional.org\/wp-content\/uploads\/2021\/05\/Familia-Talita-Rodrigo-CLFigueira-FFHI02-800x601.jpg 800w, https:\/\/www.fraterinternacional.org\/wp-content\/uploads\/2021\/05\/Familia-Talita-Rodrigo-CLFigueira-FFHI02-1024x769.jpg 1024w, https:\/\/www.fraterinternacional.org\/wp-content\/uploads\/2021\/05\/Familia-Talita-Rodrigo-CLFigueira-FFHI02-1200x901.jpg 1200w, https:\/\/www.fraterinternacional.org\/wp-content\/uploads\/2021\/05\/Familia-Talita-Rodrigo-CLFigueira-FFHI02.jpg 1280w\" sizes=\"(max-width: 1280px) 100vw, 1280px\" \/><\/a><p id=\"caption-attachment-121516\" class=\"wp-caption-text\">Familia Talita e Rodrigo Comunidade-Luz Figueira<\/p><\/div>\n<h3>Familia entrevistada:<\/h3>\n<ul>\n<li>Aline y Kevison, padres de Mariah, 7, y Noah, 10.<\/li>\n<li>Marcela, madre de Abril, 5 a\u00f1os y Federico, 6 a\u00f1os.<\/li>\n<li>Joana y Eric, padres de Isabela, de 9 a\u00f1os, y Gabriel, de 7 a\u00f1os.<\/li>\n<li>Talita y Rodrigo, padres de Mahara, 2 a\u00f1os, y Noah, 4 a\u00f1os.<\/li>\n<\/ul>\n<p>&nbsp;<\/p>\n<p><b><strong>1. \u00bfD\u00f3nde vive su familia?<\/strong><\/b><\/p>\n<p><strong>Aline<\/strong>:\u00a0Mi familia y yo vivimos desde hace casi diez a\u00f1os en la ciudad de Carmo da Cachoeira, Minas Gerais, Brasil.<\/p>\n<p><strong>Marcela<\/strong>:\u00a0Vivimos en la\u00a0<a href=\"https:\/\/www.fraterinternacional.org\/es\/?s=Comunidade-Luz+Figueira\">Comunidad-Luz Figueira,<\/a>\u00a0en la zona de Tierras de la Hermandad.<\/p>\n<p><strong>Joana<\/strong>:\u00a0Mi esposo, mis hijos y yo vivimos en Carmo da Cachoeira. El contexto actual nos ha llevado a buscar cambios de vida. Tomamos la decisi\u00f3n de vivir en el campo para brindar m\u00e1s espacio a los ni\u00f1os y tener m\u00e1s vivencias en medio de la naturaleza. Sentimos que estar m\u00e1s cerca de la naturaleza se ha vuelto imprescindible.<\/p>\n<p><strong>Talita<\/strong>:\u00a0Vivimos en la zona rural de Carmo da Cachoeira.<\/p>\n<div id=\"attachment_121501\" style=\"width: 1290px\" class=\"wp-caption aligncenter\"><a href=\"https:\/\/www.fraterinternacional.org\/wp-content\/uploads\/2021\/05\/Familia-Joana-Eric-CL-Figueira-FFHI-01.jpg\"><img decoding=\"async\" aria-describedby=\"caption-attachment-121501\" class=\"size-full wp-image-121501\" src=\"https:\/\/www.fraterinternacional.org\/wp-content\/uploads\/2021\/05\/Familia-Joana-Eric-CL-Figueira-FFHI-01.jpg\" alt=\"Familia Joana e Eric Comunidade-Luz Figueira \" width=\"1280\" height=\"960\" srcset=\"https:\/\/www.fraterinternacional.org\/wp-content\/uploads\/2021\/05\/Familia-Joana-Eric-CL-Figueira-FFHI-01-200x150.jpg 200w, https:\/\/www.fraterinternacional.org\/wp-content\/uploads\/2021\/05\/Familia-Joana-Eric-CL-Figueira-FFHI-01-300x225.jpg 300w, https:\/\/www.fraterinternacional.org\/wp-content\/uploads\/2021\/05\/Familia-Joana-Eric-CL-Figueira-FFHI-01-400x300.jpg 400w, https:\/\/www.fraterinternacional.org\/wp-content\/uploads\/2021\/05\/Familia-Joana-Eric-CL-Figueira-FFHI-01-600x450.jpg 600w, https:\/\/www.fraterinternacional.org\/wp-content\/uploads\/2021\/05\/Familia-Joana-Eric-CL-Figueira-FFHI-01-800x600.jpg 800w, https:\/\/www.fraterinternacional.org\/wp-content\/uploads\/2021\/05\/Familia-Joana-Eric-CL-Figueira-FFHI-01-1024x768.jpg 1024w, https:\/\/www.fraterinternacional.org\/wp-content\/uploads\/2021\/05\/Familia-Joana-Eric-CL-Figueira-FFHI-01-1200x900.jpg 1200w, https:\/\/www.fraterinternacional.org\/wp-content\/uploads\/2021\/05\/Familia-Joana-Eric-CL-Figueira-FFHI-01.jpg 1280w\" sizes=\"(max-width: 1280px) 100vw, 1280px\" \/><\/a><p id=\"caption-attachment-121501\" class=\"wp-caption-text\">Familia Joana e Eric Comunidade-Luz Figueira<\/p><\/div>\n<p><b><span lang=\"ES\">2. \u00bfC\u00f3mo est\u00e1 viviendo la cuarentena su familia?<\/span><\/b><span lang=\"ES\">\u00a0<\/span><\/p>\n<p><strong>Aline<\/strong>:\u00a0La cuarentena est\u00e1 siendo un momento para reinventarnos cada d\u00eda. Siempre estamos aprendiendo la mejor manera de convivir, a pesar de los diversos desaf\u00edos que surgen.<\/p>\n<p><strong>Marcela<\/strong>:\u00a0Bien, estamos atravesando este per\u00edodo con muchos desaf\u00edos superados y otros por superar, con alegr\u00eda y fuerza de voluntad.<\/p>\n<p><strong>Joana<\/strong>:\u00a0La cuarentena lleg\u00f3 de una manera inusual y lo m\u00e1s dif\u00edcil fue lidiar con las restricciones impuestas por el nuevo contexto. Ciertamente, la cuarentena trajo muchos desaf\u00edos y, junto con ellos, muchos aprendizajes. Como familia, vamos juntos aprendiendo a lidiar con las emociones, adquiriendo nuevos recursos y tomando consciencia de los procesos internos. Siempre trato de ver el lado bueno y hermoso de las situaciones y transmitir esta visi\u00f3n a los ni\u00f1os. Estamos m\u00e1s unidos y continuamos en la fe y en la esperanza de tiempos mejores. Juntos, a diario emanamos luz para todo el planeta, todos los seres y todos los reinos.<\/p>\n<p><strong>Talita<\/strong>:\u00a0Estamos, en la medida de lo posible, viviendo en armon\u00eda con los ni\u00f1os y con la naturaleza, ya que estamos lejos de la ciudad.<\/p>\n<div id=\"attachment_121510\" style=\"width: 970px\" class=\"wp-caption aligncenter\"><a href=\"https:\/\/www.fraterinternacional.org\/wp-content\/uploads\/2021\/05\/Familia-Marcela-CL-Figueira-FFHI02.jpg\"><img decoding=\"async\" aria-describedby=\"caption-attachment-121510\" class=\"size-full wp-image-121510\" src=\"https:\/\/www.fraterinternacional.org\/wp-content\/uploads\/2021\/05\/Familia-Marcela-CL-Figueira-FFHI02.jpg\" alt=\"Fam\u00edlia Marcela Comunidade-Luz Figueira\" width=\"960\" height=\"1280\" srcset=\"https:\/\/www.fraterinternacional.org\/wp-content\/uploads\/2021\/05\/Familia-Marcela-CL-Figueira-FFHI02-200x267.jpg 200w, https:\/\/www.fraterinternacional.org\/wp-content\/uploads\/2021\/05\/Familia-Marcela-CL-Figueira-FFHI02-225x300.jpg 225w, https:\/\/www.fraterinternacional.org\/wp-content\/uploads\/2021\/05\/Familia-Marcela-CL-Figueira-FFHI02-400x533.jpg 400w, https:\/\/www.fraterinternacional.org\/wp-content\/uploads\/2021\/05\/Familia-Marcela-CL-Figueira-FFHI02-600x800.jpg 600w, https:\/\/www.fraterinternacional.org\/wp-content\/uploads\/2021\/05\/Familia-Marcela-CL-Figueira-FFHI02-768x1024.jpg 768w, https:\/\/www.fraterinternacional.org\/wp-content\/uploads\/2021\/05\/Familia-Marcela-CL-Figueira-FFHI02-800x1067.jpg 800w, https:\/\/www.fraterinternacional.org\/wp-content\/uploads\/2021\/05\/Familia-Marcela-CL-Figueira-FFHI02.jpg 960w\" sizes=\"(max-width: 960px) 100vw, 960px\" \/><\/a><p id=\"caption-attachment-121510\" class=\"wp-caption-text\">Fam\u00edlia Marcela Comunidade-Luz Figueira<\/p><\/div>\n<p><strong>\u00a0<span lang=\"ES\">3. \u00bfC\u00f3mo es la rutina de su familia durante la cuarentena? \u00bfQu\u00e9 actividades ha estado realizando?<\/span><\/strong><\/p>\n<p><strong>Aline<\/strong>:\u00a0El ritmo siempre va cambiando, contemplando lo que cada uno puede ofrecer. Las tareas incluyen el cuidado de perros, gallinas y plantas, cultivo de la huerta, asistencia escolar, sinton\u00edas y oraciones, adem\u00e1s de actividades realizadas solo por adultos.<\/p>\n<p><strong>Marcela<\/strong>:\u00a0Por la ma\u00f1ana, al despertar, realizamos una oraci\u00f3n para consagrar nuestro d\u00eda a Jes\u00fas, la Virgen Mar\u00eda y San Jos\u00e9, desayunamos juntos y luego limpiamos y ordenamos las habitaciones, antes de iniciar la rutina de estudio. Luego, me dedico a las tareas del \u00e1rea. Mis hijos a veces me acompa\u00f1an, a veces juegan e interact\u00faan con la naturaleza.<\/p>\n<p>Al mediod\u00eda, tenemos una oraci\u00f3n grupal y, poco despu\u00e9s, almorzamos con todos en el \u00e1rea. Participamos en la limpieza y organizaci\u00f3n de la cocina, hecha por todos, y nos dirigimos a los cuartos, donde los ni\u00f1os hacen sus actividades de forma m\u00e1s recogida. A las 14.30 comienzo mi tarea en la organizaci\u00f3n del ceremonial para orar la Coronilla a la Divina Misericordia y la Comuni\u00f3n, del que participan todos los del \u00e1rea, a las 15. Posteriormente, volvemos a dedicarnos a las tareas de la finca, que incluyen el cuidado del jard\u00edn, la preparaci\u00f3n de algunos alimentos, la limpieza de los ambientes, la recolecci\u00f3n de frutos, costura y tejido, estudios, m\u00fasica. A las 18 cenamos y luego siempre tenemos alguna actividad instructiva, como escuchar conferencias o las ense\u00f1anzas de los Mensajeros Divinos.\u00a0Para terminar el d\u00eda, decimos una oraci\u00f3n grupal.<\/p>\n<p><strong>Joana<\/strong>:\u00a0Considerando que la escuela era un espacio importante de convivencia, experiencias y aprendizaje vivos diarios de los ni\u00f1os, la suspensi\u00f3n de las clases trajo un vac\u00edo en la vida diaria de la familia. Fue necesario reinventar la rutina y abrir un espacio con hora marcada para las actividades escolares de los ni\u00f1os, asegurando el espacio de la escuela en casa. Ritmo con la hora del despertar, organizaci\u00f3n de los espacios de la casa, cuidado de los animales, preparaci\u00f3n y desayuno con todos juntos. Para iniciar las actividades matinales con los ni\u00f1os, realizamos una sinton\u00eda: c\u00e1nticos, versos y oraciones en el altar. Entonces, junto al padre, cuando est\u00e1 disponible, guiados por la rutina enviado por cada maestro que construye el camino de aprendizaje a ser transitado por el ni\u00f1o, somos puentes de acceso que acompa\u00f1an, sostienen y marcan las referencias que indican el camino. Al final de la ma\u00f1ana, tiempo libre para los ni\u00f1os y la madre prepara el almuerzo. Las comidas se realizan todos \u00a0juntos y siempre tenemos un momento de oraci\u00f3n. Por la tarde, mientras la madre se dedica a las tareas de la gesti\u00f3n de la escuela y de la casa, los ni\u00f1os tienen momentos de juego, lectura, cocina, artes manuales. Isabela, la hija mayor, encontr\u00f3 est\u00edmulo en las artes para expresarse, dedicando muchas de sus horas a pintar, dibujar, tejidos hilados y otros. Gabriel se dedica a los juegos: juegos de mesa, juegos de equitaci\u00f3n, pelota, tambi\u00e9n le gusta cocinar y hacer manualidades. Al final del d\u00eda, ba\u00f1o, cena, cuentacuentos, oraci\u00f3n y hora de dormir alrededor de las 20.<\/p>\n<p><strong>Talita<\/strong>:\u00a0Debido a que tenemos ni\u00f1os peque\u00f1os, nuestra rutina es simple. Desde que comenz\u00f3 la cuarentena, los ni\u00f1os nunca fueron a la ciudad ni han estado en lugares con mucha gente. Siempre me quedo con ellos, mientras mi compa\u00f1ero hace los traslados necesarios. Cuando regresa, obedece todos los protocolos de higiene antes de ingresar a la casa y tener contacto con los ni\u00f1os.<\/p>\n<p>Nuestra rutina fluye seg\u00fan el d\u00eda. Al amanecer, los ni\u00f1os preguntan qu\u00e9 van a comer y luego comienzan a sugerir men\u00fas. Todo se va mezclando con los juegos y su mundo. En alg\u00fan momento, me piden que juguemos juntos.<\/p>\n<p>Un d\u00eda se nos termin\u00f3 la electricidad. Al anochecer, comenzamos a jugar, sentados en el sof\u00e1, que est\u00e1bamos en una nave espacial, viajando por el espacio. En un momento, aterrizamos en un planeta y fuimos a buscar una caverna: era el dormitorio. Entonces, nos acurrucamos y dormimos muy temprano. Me he dado cuenta, m\u00e1s que nunca, de c\u00f3mo nos imitan a su edad. Por tanto, nuestras actitudes son muy importantes. Al principio, cuando mi esposo regresaba de la ciudad, siempre necesitaba advertir a los ni\u00f1os que no pod\u00eda acercarse a \u00e9l antes de tomar una ducha, ya que lo ve\u00edan y sal\u00edan corriendo a saludarlo y abrazarlo. Entonces, un d\u00eda, escuch\u00e9 a mi hijo decir, \u00abno se acerca, mana\u00bb. Fui a ver qu\u00e9 pasaba y me dijo, sentado en su triciclo: \u00abVengo de la ciudad y mana no puede acercarse\u00bb.<\/p>\n<p>A veces, nos organizamos todo el d\u00eda para hacer algo especial. En esos d\u00edas en que encendemos un fuego, salimos a buscar le\u00f1a y palos y preparamos algo para hacer alrededor del fuego. Les gusta admirar todo el trabajo en el que participan y con lo que llenar\u00e1n el d\u00eda.<\/p>\n<p>En este contexto planetario los ni\u00f1os nos traen, todo el tiempo, al momento presente. Es importante buscar el equilibrio del cuerpo, del alma y del esp\u00edritu y estar m\u00e1s conectados a la naturaleza paa que nosotros y nuestros hijos aprendamos a vivir de forma m\u00e1s simpe verdadera.<\/p>\n<p>En alguna hora del d\u00eda, tambi\u00e9n oramos y cantamos. Cada uno toma un instrumento y hacemos \u00a1una fiesta! Son peque\u00f1os momentos en los que intentamos hacer el d\u00eda \u00fanico y especial.\u00a0 En medio las actividades rutinarias, siento que esos instantes hacen toda a diferencia para ellos y para m\u00ed.<\/p>\n<div id=\"attachment_121504\" style=\"width: 1290px\" class=\"wp-caption aligncenter\"><a href=\"https:\/\/www.fraterinternacional.org\/wp-content\/uploads\/2021\/05\/Familia-Joana-Eric-CL-Figueira-FFHI-02.jpg\"><img decoding=\"async\" aria-describedby=\"caption-attachment-121504\" class=\"size-full wp-image-121504\" src=\"https:\/\/www.fraterinternacional.org\/wp-content\/uploads\/2021\/05\/Familia-Joana-Eric-CL-Figueira-FFHI-02.jpg\" alt=\"Familia Joana e Eric Comunidade-Luz Figueira \" width=\"1280\" height=\"960\" srcset=\"https:\/\/www.fraterinternacional.org\/wp-content\/uploads\/2021\/05\/Familia-Joana-Eric-CL-Figueira-FFHI-02-200x150.jpg 200w, https:\/\/www.fraterinternacional.org\/wp-content\/uploads\/2021\/05\/Familia-Joana-Eric-CL-Figueira-FFHI-02-300x225.jpg 300w, https:\/\/www.fraterinternacional.org\/wp-content\/uploads\/2021\/05\/Familia-Joana-Eric-CL-Figueira-FFHI-02-400x300.jpg 400w, https:\/\/www.fraterinternacional.org\/wp-content\/uploads\/2021\/05\/Familia-Joana-Eric-CL-Figueira-FFHI-02-600x450.jpg 600w, https:\/\/www.fraterinternacional.org\/wp-content\/uploads\/2021\/05\/Familia-Joana-Eric-CL-Figueira-FFHI-02-800x600.jpg 800w, https:\/\/www.fraterinternacional.org\/wp-content\/uploads\/2021\/05\/Familia-Joana-Eric-CL-Figueira-FFHI-02-1024x768.jpg 1024w, https:\/\/www.fraterinternacional.org\/wp-content\/uploads\/2021\/05\/Familia-Joana-Eric-CL-Figueira-FFHI-02-1200x900.jpg 1200w, https:\/\/www.fraterinternacional.org\/wp-content\/uploads\/2021\/05\/Familia-Joana-Eric-CL-Figueira-FFHI-02.jpg 1280w\" sizes=\"(max-width: 1280px) 100vw, 1280px\" \/><\/a><p id=\"caption-attachment-121504\" class=\"wp-caption-text\">Familia Joana e Eric Comunidade-Luz Figueira<\/p><\/div>\n<p><strong>4. Debido a la cuarentena, \u00bfqu\u00e9 desaf\u00edos enfrenta su familia?<\/strong><\/p>\n<p><strong>Aline<\/strong>: Para los ni\u00f1os, ha sido un problema no tener tanto contacto con el resto de la familia y de los amigos. Para que todo se lleve a cabo de la mejor manera, los adultos deben asumir muchas tareas adicionales. Todos estamos en purificaci\u00f3n y, como familia, nos hemos ayudado unos a otros, con paciencia y empat\u00eda, a superar este proceso.<\/p>\n<p><strong>Marcela<\/strong>:\u00a0Llegu\u00e9 a la<a href=\"https:\/\/www.fraterinternacional.org\/es\/?s=Comunidade-Luz+Figueira\">\u00a0Comunidad-Luz Figueira<\/a>\u00a0poco antes de que comenzara la pandemia. Antes viv\u00edamos en nuestra casa en Argentina. Adem\u00e1s de la pandemia, el mayor desaf\u00edo fue adaptarnos a una nueva forma de vida, que nos coloc\u00f3 en un ritmo diferente y nos llev\u00f3 a convivir con nuevas personas, que ahora son nuestra familia. De ah\u00ed surgieron m\u00e1s dificultades diarias, relacionados con el desempe\u00f1o de nuestras tareas.<\/p>\n<p><strong>Joana<\/strong>:\u00a0La cuarentena trajo muchas pruebas. Para los ni\u00f1os, creo que la mayor es el aislamiento social y la falta de escuela, que les brindaba socializaci\u00f3n y ricas experiencias de aprendizaje.<\/p>\n<p>Para m\u00ed y mi esposo lo m\u00e1s dif\u00edcil fue el aislamiento de la Comunidad-Luz Figueira, que brindaba importantes impulsos de conexi\u00f3n presenciales, a trav\u00e9s de liturgias, y oportunidades de vivencias grupales, motivo por el cual nos mudamos a su proximidad.<\/p>\n<p>Ante tantos desaf\u00edos, estar atentos a las necesidades de cada uno fue importante para tratar de encontrar formas y soluciones. Al principio me pareci\u00f3 fugaz, pero poco a poco se fue convirtiendo en la nueva realidad, fue cuando un sentimiento de soledad me invadi\u00f3. La falta del trabajo en grupo, de las liturgias que daban sentido al prop\u00f3sito fueron una prueba de fe y constatar que el trabajo continuaba en lo invisible y la construcci\u00f3n del acceso al mundo espiritual ten\u00eda que construirse en mi interior, fue un paso importante. Fue necesario buscar fuerzas para sostener a la familia y la tarea de la escuela. Los ni\u00f1os tambi\u00e9n extra\u00f1aban inmensamente convivir con amigos. Para atender esta exigencia que iba entristeciendo el coraz\u00f3n de los m\u00e1s peque\u00f1os, nos fuimos abriendo a encuentros con unos amigos que son cuidadosos con los protocolos. A menudo se encuentran con sus primos y su abuela.<\/p>\n<p>El patio se ha vuelto peque\u00f1o para las necesidades de movimiento de los ni\u00f1os. Entonces iniciamos un ritmo con los ni\u00f1os en el campo, plantando, caminando, visitando el arroyo, jugando al aire libre, etc. \u00a1El contacto con la naturaleza y sus elementos se volvieron esenciales para la restauraci\u00f3n, la conexi\u00f3n con la vida y con Dios!<\/p>\n<p><strong>Talita<\/strong>:\u00a0Nuestros mayores desaf\u00edos son mantener el equilibrio y buscar la creatividad para llenar la vida diaria de los ni\u00f1os, para que se mantengan emocional y mentalmente sanos. Adem\u00e1s, estamos aprendiendo a aceptar la soledad y descubrir sus beneficios.<\/p>\n<div id=\"attachment_121513\" style=\"width: 1127px\" class=\"wp-caption aligncenter\"><a href=\"https:\/\/www.fraterinternacional.org\/wp-content\/uploads\/2021\/05\/Familia-Talita-Rodrigo-CLFigueira-FFHI01.jpg\"><img decoding=\"async\" aria-describedby=\"caption-attachment-121513\" class=\"size-full wp-image-121513\" src=\"https:\/\/www.fraterinternacional.org\/wp-content\/uploads\/2021\/05\/Familia-Talita-Rodrigo-CLFigueira-FFHI01.jpg\" alt=\"Familia Talita e Rodrigo Comunidade-Luz Figueira\" width=\"1117\" height=\"1280\" srcset=\"https:\/\/www.fraterinternacional.org\/wp-content\/uploads\/2021\/05\/Familia-Talita-Rodrigo-CLFigueira-FFHI01-200x229.jpg 200w, https:\/\/www.fraterinternacional.org\/wp-content\/uploads\/2021\/05\/Familia-Talita-Rodrigo-CLFigueira-FFHI01-262x300.jpg 262w, https:\/\/www.fraterinternacional.org\/wp-content\/uploads\/2021\/05\/Familia-Talita-Rodrigo-CLFigueira-FFHI01-400x458.jpg 400w, https:\/\/www.fraterinternacional.org\/wp-content\/uploads\/2021\/05\/Familia-Talita-Rodrigo-CLFigueira-FFHI01-600x688.jpg 600w, https:\/\/www.fraterinternacional.org\/wp-content\/uploads\/2021\/05\/Familia-Talita-Rodrigo-CLFigueira-FFHI01-800x917.jpg 800w, https:\/\/www.fraterinternacional.org\/wp-content\/uploads\/2021\/05\/Familia-Talita-Rodrigo-CLFigueira-FFHI01-894x1024.jpg 894w, https:\/\/www.fraterinternacional.org\/wp-content\/uploads\/2021\/05\/Familia-Talita-Rodrigo-CLFigueira-FFHI01.jpg 1117w\" sizes=\"(max-width: 1117px) 100vw, 1117px\" \/><\/a><p id=\"caption-attachment-121513\" class=\"wp-caption-text\">Familia Talita e Rodrigo Comunidade-Luz Figueira<\/p><\/div>\n<p><strong>5. Como familia, \u00bfcu\u00e1l fue la mejor experiencia de aprendizaje durante la cuarentena?<\/strong><\/p>\n<p style=\"font-weight: 400;\"><b><strong>Aline:\u00a0<\/strong><\/b>Hay un vers\u00edculo de Eclesiast\u00e9s 4:12 que expresa bien lo que estamos aprendiendo:<\/p>\n<p>\u00abUn hombre solo puede ser derrotado,\u00a0pero dos logran defenderse.Un cord\u00f3n de tres capas\u00a0no se rompe f\u00e1cilmente\u00bb.<\/p>\n<p>El\u00a0cordel\u00a0 (el poema) v\u00e9ase el comentario\u00a0\u00a0\u00a0\u00a0\u00a0 \u201cLa Fuerza de la Uni\u00f3n\u201d, de Br\u00e1ulio Bessa, tambi\u00e9n transmite esta lecci\u00f3n:<\/p>\n<p>Un hombre sabio, ya viejo<br \/>\ncon mirada vaga y distante<br \/>\nconvoc\u00f3 a sus cuatro hijos<br \/>\ny habl\u00f3 por un momento:<br \/>\nall\u00e1, en el fondo del patio hay cuatro varas de palo<br \/>\npor favor vayan all\u00e1 a buscar<br \/>\ne incluso sin entender<br \/>\nlo que el padre les mand\u00f3 a hacer<br \/>\nrespondieron: es para ahora<br \/>\ncuatro adultos para el mundo<br \/>\npara el padre, cuatro ni\u00f1os<br \/>\nrecibiendo una lecci\u00f3n<br \/>\nde aquella voz d\u00e9bil y mansa<br \/>\ncuatro hijos, cuatro varas<br \/>\nfrente a frente, cara a cara<br \/>\ny el padre anciano orden\u00f3:<br \/>\nque cada uno quiebre la suya<br \/>\nluego arrojaron a la calle los pedazos que sobraron<br \/>\nvayan a buscar cuatro varas m\u00e1s<br \/>\ndijo el viejo paciente<br \/>\ny dijo: sin embargo, ahora hag\u00e1moslo de otra manera<br \/>\njunt\u00f3 las varas \u00a0en su mano, los at\u00f3 con una cuerda<br \/>\ny dijo: pueden quebrarlas<br \/>\npusieron fuerza, gimieron, pero entendieron<br \/>\neso no servir\u00eda<br \/>\ny el anciano dijo: mis hijos<br \/>\nesta es mi herencia<br \/>\nno son autos importados<br \/>\nni dinero en ahorros<br \/>\nLes dejo esta lecci\u00f3n<br \/>\ncaminar juntos<br \/>\nes nuestro mejor transporte<br \/>\nsigan la vida unidos<br \/>\nque jam\u00e1s ser\u00e1n vencidos<br \/>\nporque juntos somos m\u00e1s fuertes.<\/p>\n<div id=\"attachment_121519\" style=\"width: 1290px\" class=\"wp-caption aligncenter\"><a href=\"https:\/\/www.fraterinternacional.org\/wp-content\/uploads\/2021\/05\/Familia-Aline-Kevison-CL-Figueira-FFHI-01.jpg\"><img decoding=\"async\" aria-describedby=\"caption-attachment-121519\" class=\"size-full wp-image-121519\" src=\"https:\/\/www.fraterinternacional.org\/wp-content\/uploads\/2021\/05\/Familia-Aline-Kevison-CL-Figueira-FFHI-01.jpg\" alt=\"Fam\u00edlia Aline e Kevinson Comunidade-Luz Figueira \" width=\"1280\" height=\"720\" srcset=\"https:\/\/www.fraterinternacional.org\/wp-content\/uploads\/2021\/05\/Familia-Aline-Kevison-CL-Figueira-FFHI-01-200x113.jpg 200w, https:\/\/www.fraterinternacional.org\/wp-content\/uploads\/2021\/05\/Familia-Aline-Kevison-CL-Figueira-FFHI-01-300x169.jpg 300w, https:\/\/www.fraterinternacional.org\/wp-content\/uploads\/2021\/05\/Familia-Aline-Kevison-CL-Figueira-FFHI-01-400x225.jpg 400w, https:\/\/www.fraterinternacional.org\/wp-content\/uploads\/2021\/05\/Familia-Aline-Kevison-CL-Figueira-FFHI-01-600x338.jpg 600w, https:\/\/www.fraterinternacional.org\/wp-content\/uploads\/2021\/05\/Familia-Aline-Kevison-CL-Figueira-FFHI-01-800x450.jpg 800w, https:\/\/www.fraterinternacional.org\/wp-content\/uploads\/2021\/05\/Familia-Aline-Kevison-CL-Figueira-FFHI-01-1024x576.jpg 1024w, https:\/\/www.fraterinternacional.org\/wp-content\/uploads\/2021\/05\/Familia-Aline-Kevison-CL-Figueira-FFHI-01-1200x675.jpg 1200w, https:\/\/www.fraterinternacional.org\/wp-content\/uploads\/2021\/05\/Familia-Aline-Kevison-CL-Figueira-FFHI-01.jpg 1280w\" sizes=\"(max-width: 1280px) 100vw, 1280px\" \/><\/a><p id=\"caption-attachment-121519\" class=\"wp-caption-text\">Fam\u00edlia Aline e Kevinson Comunidade-Luz Figueira<\/p><\/div>\n<p><strong>Marcela<\/strong>:\u00a0El mayor aprendizaje fue y sigue siendo que, m\u00e1s all\u00e1 de cualquier situaci\u00f3n, lo que realmente nos da la fuerza y \u200b\u200bla voluntad para superar todos los desaf\u00edos es la unidad y el amor. La cuarentena nos pone ante situaciones ineludibles, que solo se pueden resolver con tolerancia y paciencia.<\/p>\n<p><strong>Joana<\/strong>:\u00a0Mi esposo y yo sentimos que enfrentar los desaf\u00edos como oportunidades para aprender y mantener la fe han sido ejercicios muy importantes, que tambi\u00e9n sirven de ejemplo para los ni\u00f1os. Despu\u00e9s de todo, ellos ven el mundo tal como se lo presentamos. La fe, la unidad y la esperanza han sido ingredientes esenciales en el contexto actual, as\u00ed como la determinaci\u00f3n de mantener los pies firmes en el prop\u00f3sito mayor.<\/p>\n<p><strong>Talita<\/strong>:\u00a0El mayor aprendizaje que pudimos confirmar en este per\u00edodo es que lo que queremos y buscamos no est\u00e1 afuera, sino dentro de nosotros.<\/p>\n<div id=\"attachment_121507\" style=\"width: 1290px\" class=\"wp-caption aligncenter\"><a href=\"https:\/\/www.fraterinternacional.org\/wp-content\/uploads\/2021\/05\/Familia-Marcela-CL-Figueira-FFHI01.jpg\"><img decoding=\"async\" aria-describedby=\"caption-attachment-121507\" class=\"size-full wp-image-121507\" src=\"https:\/\/www.fraterinternacional.org\/wp-content\/uploads\/2021\/05\/Familia-Marcela-CL-Figueira-FFHI01.jpg\" alt=\"Fam\u00edlia Marcela Comunidade-Luz Figueira\" width=\"1280\" height=\"960\" srcset=\"https:\/\/www.fraterinternacional.org\/wp-content\/uploads\/2021\/05\/Familia-Marcela-CL-Figueira-FFHI01-200x150.jpg 200w, https:\/\/www.fraterinternacional.org\/wp-content\/uploads\/2021\/05\/Familia-Marcela-CL-Figueira-FFHI01-300x225.jpg 300w, https:\/\/www.fraterinternacional.org\/wp-content\/uploads\/2021\/05\/Familia-Marcela-CL-Figueira-FFHI01-400x300.jpg 400w, https:\/\/www.fraterinternacional.org\/wp-content\/uploads\/2021\/05\/Familia-Marcela-CL-Figueira-FFHI01-600x450.jpg 600w, https:\/\/www.fraterinternacional.org\/wp-content\/uploads\/2021\/05\/Familia-Marcela-CL-Figueira-FFHI01-800x600.jpg 800w, https:\/\/www.fraterinternacional.org\/wp-content\/uploads\/2021\/05\/Familia-Marcela-CL-Figueira-FFHI01-1024x768.jpg 1024w, https:\/\/www.fraterinternacional.org\/wp-content\/uploads\/2021\/05\/Familia-Marcela-CL-Figueira-FFHI01-1200x900.jpg 1200w, https:\/\/www.fraterinternacional.org\/wp-content\/uploads\/2021\/05\/Familia-Marcela-CL-Figueira-FFHI01.jpg 1280w\" sizes=\"(max-width: 1280px) 100vw, 1280px\" \/><\/a><p id=\"caption-attachment-121507\" class=\"wp-caption-text\">Fam\u00edlia Marcela Comunidade-Luz Figueira<\/p><\/div>\n","protected":false},"excerpt":{"rendered":"<p>Que la pandemia haya cambiado la forma en que nos relacionamos no es nada nuevo para nadie. Las familias con [&hellip;]<\/p>\n","protected":false},"author":4,"featured_media":121524,"comment_status":"closed","ping_status":"closed","sticky":false,"template":"","format":"standard","meta":{"footnotes":""},"categories":[173],"tags":[],"class_list":["post-123733","post","type-post","status-publish","format-standard","has-post-thumbnail","hentry","category-noticia"],"yoast_head":"<!-- This site is optimized with the Yoast SEO Premium plugin v21.0 (Yoast SEO v21.0) - https:\/\/yoast.com\/wordpress\/plugins\/seo\/ -->\n<title>Familias en cuarentena: oportunidad para renovar lazos, reinventar la rutina y madurar en la superaci\u00f3n de desaf\u00edos -<\/title>\n<meta name=\"robots\" content=\"index, follow, max-snippet:-1, max-image-preview:large, max-video-preview:-1\" \/>\n<link rel=\"canonical\" href=\"https:\/\/www.fraterinternacional.org\/es\/familias-en-cuarentena-oportunidad-para-renovar-lazos-reinventar-la-rutina-y-madurar-en-la-superacion-de-desafios\/\" \/>\n<meta property=\"og:locale\" content=\"es_ES\" \/>\n<meta property=\"og:type\" content=\"article\" \/>\n<meta property=\"og:title\" content=\"Familias en cuarentena: oportunidad para renovar lazos, reinventar la rutina y madurar en la superaci\u00f3n de desaf\u00edos\" \/>\n<meta property=\"og:description\" content=\"Que la pandemia haya cambiado la forma en que nos relacionamos no es nada nuevo para nadie. Las familias con [&hellip;]\" \/>\n<meta property=\"og:url\" content=\"https:\/\/www.fraterinternacional.org\/es\/familias-en-cuarentena-oportunidad-para-renovar-lazos-reinventar-la-rutina-y-madurar-en-la-superacion-de-desafios\/\" \/>\n<meta property=\"og:site_name\" content=\"Fraternidade - Federa\u00e7\u00e3o Humanit\u00e1ria Internacional\" \/>\n<meta property=\"article:publisher\" content=\"https:\/\/www.facebook.com\/fraternidadehumanitaria\" \/>\n<meta property=\"article:published_time\" content=\"2021-05-26T18:40:33+00:00\" \/>\n<meta property=\"article:modified_time\" content=\"2021-09-21T18:43:51+00:00\" \/>\n<meta property=\"og:image\" content=\"https:\/\/www.fraterinternacional.org\/wp-content\/uploads\/2021\/05\/Familia-Aline-Kevison-CL-Figueira-FFHI-02.jpg\" \/>\n\t<meta property=\"og:image:width\" content=\"1280\" \/>\n\t<meta property=\"og:image:height\" content=\"720\" \/>\n\t<meta property=\"og:image:type\" content=\"image\/jpeg\" \/>\n<meta name=\"author\" content=\"maducato_admin\" \/>\n<meta name=\"twitter:card\" content=\"summary_large_image\" \/>\n<meta name=\"twitter:creator\" content=\"@fraternidadeFHI\" \/>\n<meta name=\"twitter:site\" content=\"@fraternidadeFHI\" \/>\n<meta name=\"twitter:label1\" content=\"Escrito por\" \/>\n\t<meta name=\"twitter:data1\" content=\"maducato_admin\" \/>\n\t<meta name=\"twitter:label2\" content=\"Tiempo de lectura\" \/>\n\t<meta name=\"twitter:data2\" content=\"13 minutos\" \/>\n<script type=\"application\/ld+json\" class=\"yoast-schema-graph\">{\"@context\":\"https:\/\/schema.org\",\"@graph\":[{\"@type\":\"WebPage\",\"@id\":\"https:\/\/www.fraterinternacional.org\/es\/familias-en-cuarentena-oportunidad-para-renovar-lazos-reinventar-la-rutina-y-madurar-en-la-superacion-de-desafios\/\",\"url\":\"https:\/\/www.fraterinternacional.org\/es\/familias-en-cuarentena-oportunidad-para-renovar-lazos-reinventar-la-rutina-y-madurar-en-la-superacion-de-desafios\/\",\"name\":\"Familias en cuarentena: oportunidad para renovar lazos, reinventar la rutina y madurar en la superaci\u00f3n de desaf\u00edos -\",\"isPartOf\":{\"@id\":\"https:\/\/www.fraterinternacional.org\/es\/#website\"},\"datePublished\":\"2021-05-26T18:40:33+00:00\",\"dateModified\":\"2021-09-21T18:43:51+00:00\",\"author\":{\"@id\":\"https:\/\/www.fraterinternacional.org\/es\/#\/schema\/person\/19cb7a5541fd019768c7fe255d72701e\"},\"breadcrumb\":{\"@id\":\"https:\/\/www.fraterinternacional.org\/es\/familias-en-cuarentena-oportunidad-para-renovar-lazos-reinventar-la-rutina-y-madurar-en-la-superacion-de-desafios\/#breadcrumb\"},\"inLanguage\":\"es\",\"potentialAction\":[{\"@type\":\"ReadAction\",\"target\":[\"https:\/\/www.fraterinternacional.org\/es\/familias-en-cuarentena-oportunidad-para-renovar-lazos-reinventar-la-rutina-y-madurar-en-la-superacion-de-desafios\/\"]}]},{\"@type\":\"BreadcrumbList\",\"@id\":\"https:\/\/www.fraterinternacional.org\/es\/familias-en-cuarentena-oportunidad-para-renovar-lazos-reinventar-la-rutina-y-madurar-en-la-superacion-de-desafios\/#breadcrumb\",\"itemListElement\":[{\"@type\":\"ListItem\",\"position\":1,\"name\":\"In\u00edcio\",\"item\":\"https:\/\/www.fraterinternacional.org\/es\/\"},{\"@type\":\"ListItem\",\"position\":2,\"name\":\"Familias en cuarentena: oportunidad para renovar lazos, reinventar la rutina y madurar en la superaci\u00f3n de desaf\u00edos\"}]},{\"@type\":\"WebSite\",\"@id\":\"https:\/\/www.fraterinternacional.org\/es\/#website\",\"url\":\"https:\/\/www.fraterinternacional.org\/es\/\",\"name\":\"Fraternidade - Federa\u00e7\u00e3o Humanit\u00e1ria Internacional\",\"description\":\"Fraternidade - Federa\u00e7\u00e3o Humanit\u00e1ria Internacional\",\"potentialAction\":[{\"@type\":\"SearchAction\",\"target\":{\"@type\":\"EntryPoint\",\"urlTemplate\":\"https:\/\/www.fraterinternacional.org\/es\/?s={search_term_string}\"},\"query-input\":\"required name=search_term_string\"}],\"inLanguage\":\"es\"},{\"@type\":\"Person\",\"@id\":\"https:\/\/www.fraterinternacional.org\/es\/#\/schema\/person\/19cb7a5541fd019768c7fe255d72701e\",\"name\":\"maducato_admin\"}]}<\/script>\n<!-- \/ Yoast SEO Premium plugin. -->","yoast_head_json":{"title":"Familias en cuarentena: oportunidad para renovar lazos, reinventar la rutina y madurar en la superaci\u00f3n de desaf\u00edos -","robots":{"index":"index","follow":"follow","max-snippet":"max-snippet:-1","max-image-preview":"max-image-preview:large","max-video-preview":"max-video-preview:-1"},"canonical":"https:\/\/www.fraterinternacional.org\/es\/familias-en-cuarentena-oportunidad-para-renovar-lazos-reinventar-la-rutina-y-madurar-en-la-superacion-de-desafios\/","og_locale":"es_ES","og_type":"article","og_title":"Familias en cuarentena: oportunidad para renovar lazos, reinventar la rutina y madurar en la superaci\u00f3n de desaf\u00edos","og_description":"Que la pandemia haya cambiado la forma en que nos relacionamos no es nada nuevo para nadie. Las familias con [&hellip;]","og_url":"https:\/\/www.fraterinternacional.org\/es\/familias-en-cuarentena-oportunidad-para-renovar-lazos-reinventar-la-rutina-y-madurar-en-la-superacion-de-desafios\/","og_site_name":"Fraternidade - Federa\u00e7\u00e3o Humanit\u00e1ria Internacional","article_publisher":"https:\/\/www.facebook.com\/fraternidadehumanitaria","article_published_time":"2021-05-26T18:40:33+00:00","article_modified_time":"2021-09-21T18:43:51+00:00","og_image":[{"width":1280,"height":720,"url":"https:\/\/www.fraterinternacional.org\/wp-content\/uploads\/2021\/05\/Familia-Aline-Kevison-CL-Figueira-FFHI-02.jpg","type":"image\/jpeg"}],"author":"maducato_admin","twitter_card":"summary_large_image","twitter_creator":"@fraternidadeFHI","twitter_site":"@fraternidadeFHI","twitter_misc":{"Escrito por":"maducato_admin","Tiempo de lectura":"13 minutos"},"schema":{"@context":"https:\/\/schema.org","@graph":[{"@type":"WebPage","@id":"https:\/\/www.fraterinternacional.org\/es\/familias-en-cuarentena-oportunidad-para-renovar-lazos-reinventar-la-rutina-y-madurar-en-la-superacion-de-desafios\/","url":"https:\/\/www.fraterinternacional.org\/es\/familias-en-cuarentena-oportunidad-para-renovar-lazos-reinventar-la-rutina-y-madurar-en-la-superacion-de-desafios\/","name":"Familias en cuarentena: oportunidad para renovar lazos, reinventar la rutina y madurar en la superaci\u00f3n de desaf\u00edos -","isPartOf":{"@id":"https:\/\/www.fraterinternacional.org\/es\/#website"},"datePublished":"2021-05-26T18:40:33+00:00","dateModified":"2021-09-21T18:43:51+00:00","author":{"@id":"https:\/\/www.fraterinternacional.org\/es\/#\/schema\/person\/19cb7a5541fd019768c7fe255d72701e"},"breadcrumb":{"@id":"https:\/\/www.fraterinternacional.org\/es\/familias-en-cuarentena-oportunidad-para-renovar-lazos-reinventar-la-rutina-y-madurar-en-la-superacion-de-desafios\/#breadcrumb"},"inLanguage":"es","potentialAction":[{"@type":"ReadAction","target":["https:\/\/www.fraterinternacional.org\/es\/familias-en-cuarentena-oportunidad-para-renovar-lazos-reinventar-la-rutina-y-madurar-en-la-superacion-de-desafios\/"]}]},{"@type":"BreadcrumbList","@id":"https:\/\/www.fraterinternacional.org\/es\/familias-en-cuarentena-oportunidad-para-renovar-lazos-reinventar-la-rutina-y-madurar-en-la-superacion-de-desafios\/#breadcrumb","itemListElement":[{"@type":"ListItem","position":1,"name":"In\u00edcio","item":"https:\/\/www.fraterinternacional.org\/es\/"},{"@type":"ListItem","position":2,"name":"Familias en cuarentena: oportunidad para renovar lazos, reinventar la rutina y madurar en la superaci\u00f3n de desaf\u00edos"}]},{"@type":"WebSite","@id":"https:\/\/www.fraterinternacional.org\/es\/#website","url":"https:\/\/www.fraterinternacional.org\/es\/","name":"Fraternidade - Federa\u00e7\u00e3o Humanit\u00e1ria Internacional","description":"Fraternidade - Federa\u00e7\u00e3o Humanit\u00e1ria Internacional","potentialAction":[{"@type":"SearchAction","target":{"@type":"EntryPoint","urlTemplate":"https:\/\/www.fraterinternacional.org\/es\/?s={search_term_string}"},"query-input":"required name=search_term_string"}],"inLanguage":"es"},{"@type":"Person","@id":"https:\/\/www.fraterinternacional.org\/es\/#\/schema\/person\/19cb7a5541fd019768c7fe255d72701e","name":"maducato_admin"}]}},"_links":{"self":[{"href":"https:\/\/www.fraterinternacional.org\/es\/wp-json\/wp\/v2\/posts\/123733"}],"collection":[{"href":"https:\/\/www.fraterinternacional.org\/es\/wp-json\/wp\/v2\/posts"}],"about":[{"href":"https:\/\/www.fraterinternacional.org\/es\/wp-json\/wp\/v2\/types\/post"}],"author":[{"embeddable":true,"href":"https:\/\/www.fraterinternacional.org\/es\/wp-json\/wp\/v2\/users\/4"}],"replies":[{"embeddable":true,"href":"https:\/\/www.fraterinternacional.org\/es\/wp-json\/wp\/v2\/comments?post=123733"}],"version-history":[{"count":0,"href":"https:\/\/www.fraterinternacional.org\/es\/wp-json\/wp\/v2\/posts\/123733\/revisions"}],"wp:featuredmedia":[{"embeddable":true,"href":"https:\/\/www.fraterinternacional.org\/es\/wp-json\/wp\/v2\/media\/121524"}],"wp:attachment":[{"href":"https:\/\/www.fraterinternacional.org\/es\/wp-json\/wp\/v2\/media?parent=123733"}],"wp:term":[{"taxonomy":"category","embeddable":true,"href":"https:\/\/www.fraterinternacional.org\/es\/wp-json\/wp\/v2\/categories?post=123733"},{"taxonomy":"post_tag","embeddable":true,"href":"https:\/\/www.fraterinternacional.org\/es\/wp-json\/wp\/v2\/tags?post=123733"}],"curies":[{"name":"wp","href":"https:\/\/api.w.org\/{rel}","templated":true}]}}